{"id":77811,"date":"2026-04-30T15:44:04","date_gmt":"2026-04-30T13:44:04","guid":{"rendered":"https:\/\/www.szenik.eu\/?p=77811\/"},"modified":"2026-04-30T15:44:08","modified_gmt":"2026-04-30T13:44:08","slug":"ende-der-after-hours-abende-im-berribau","status":"publish","type":"post","link":"https:\/\/www.szenik.eu\/de\/ende-der-after-hours-abende-im-berribau-77811","title":{"rendered":"Ende der After Hours-Abende im Berribau"},"content":{"rendered":"\n<p>Naturhistorisches Museum Basel l\u00e4dt zur Abschluss-Sause<\/p>\n\n\n\n<p><strong>Nach 15 Jahren ist vorl\u00e4ufig Schluss. Am Donnerstag, 7. Mai l\u00e4dt das Naturhistorische Museum Basel zum Saisonende der After Hours-Abende und gleichzeitig zum fulminanten Abschluss der Abende im Museum an der Augustinergasse ein. Ob das Format im neuen Museum weitergef\u00fchrt wird, ist noch offen. Zum Ende der beliebten Feierabend-Reihe stehen verschiedene DJs der letzten Saisons noch einmal gemeinsam hinter dem DJ-Pult. Zudem ist die Sonderausstellung Wildlife Photographer of the Year bis um 23 Uhr ge\u00f6ffnet. Der Eintritt ist frei.\u00a0<br><br>Am Anfang war eine Idee<br><\/strong>Initiiert wurden die After Hours-Abende vor 15 Jahren mit der Absicht, eine neue Publikumsgruppe ins Museum und insbesondere in die Sonderausstellung zu locken. Man wollte einen Museumsbesuch abends erm\u00f6glichen, gepaart mit aussergew\u00f6hnlicher Atmosph\u00e4re und ausgelassener Stimmung. Ein j\u00fcngeres Publikum sollte damit angesprochen werden, was durchaus gelang. Die After Hours entpuppten sich nach kurzer Zeit als Erfolgskonzept. Den Status \u00abGeheimtipp\u00bb liessen sie bald schon hinter sich. Insgesamt konnte das Museum in den letzten 15 Jahren rund 40&#8217;000 G\u00e4ste an den After Hours willkommen heissen.<\/p>\n\n\n\n<figure class=\"wp-block-image size-large\"><img decoding=\"async\" loading=\"lazy\" width=\"1024\" height=\"683\" src=\"https:\/\/www.szenik.eu\/wp-content\/uploads\/2026\/04\/eurovision-15-1024x683.jpg\" alt=\"\" class=\"wp-image-77814\" srcset=\"https:\/\/www.szenik.eu\/wp-content\/uploads\/2026\/04\/eurovision-15-1024x683.jpg 1024w, https:\/\/www.szenik.eu\/wp-content\/uploads\/2026\/04\/eurovision-15-300x200.jpg 300w, https:\/\/www.szenik.eu\/wp-content\/uploads\/2026\/04\/eurovision-15-768x512.jpg 768w, https:\/\/www.szenik.eu\/wp-content\/uploads\/2026\/04\/eurovision-15-1536x1024.jpg 1536w, https:\/\/www.szenik.eu\/wp-content\/uploads\/2026\/04\/eurovision-15-2048x1365.jpg 2048w, https:\/\/www.szenik.eu\/wp-content\/uploads\/2026\/04\/eurovision-15-750x500.jpg 750w, https:\/\/www.szenik.eu\/wp-content\/uploads\/2026\/04\/eurovision-15-1140x760.jpg 1140w\" sizes=\"(max-width: 1024px) 100vw, 1024px\" \/><figcaption class=\"wp-element-caption\">\u00a9 Jeton Shali<\/figcaption><\/figure>\n\n\n\n<p><strong>Raum f\u00fcr Neues\u00a0<br><\/strong>Mitte 2029 wird das Naturhistorische Museum Basel seine Tore im neuen Museum im Basler Quartier St. Johann er\u00f6ffnen. Dies erfordert ein hohes Mass an Planungs- und Vorbereitungsarbeiten, die das Museumsteam rundum besch\u00e4ftigen. Daher werden die After Hours-Abende ab Herbst 2026 am alten Museumsstandort sistiert und nicht mehr weitergef\u00fchrt. Ob und in welcher Form \u00e4hnliche Formate im neuen Museum angeboten werden, kann zum jetzigen Zeitpunkt noch nicht gesagt werden.<\/p>\n\n\n\n<figure class=\"wp-block-image aligncenter size-full is-resized\"><img decoding=\"async\" loading=\"lazy\" src=\"https:\/\/www.szenik.eu\/wp-content\/uploads\/2026\/04\/D.-Haze-The-Blaze-c-Philipp-Jeker-Photography-Linda-Briem.jpg\" alt=\"\" class=\"wp-image-77816\" width=\"529\" height=\"794\" srcset=\"https:\/\/www.szenik.eu\/wp-content\/uploads\/2026\/04\/D.-Haze-The-Blaze-c-Philipp-Jeker-Photography-Linda-Briem.jpg 683w, https:\/\/www.szenik.eu\/wp-content\/uploads\/2026\/04\/D.-Haze-The-Blaze-c-Philipp-Jeker-Photography-Linda-Briem-200x300.jpg 200w\" sizes=\"(max-width: 529px) 100vw, 529px\" \/><figcaption class=\"wp-element-caption\">Er verantwortet das Line-up der AFTER HOURS: The Haze (aka Nic Plesel, flamingofarm)\n\n\u00a9 Philipp Jeker Photography &#038; Linda Briem<\/figcaption><\/figure>\n\n\n\n<p><strong>Das Ende einer \u00c4ra\u00a0<br><\/strong>Am 7. Mai wird noch einmal ausgiebig gefeiert. Zum Abschluss der After Hours stehen die DJs Andon &amp; VAA, Flavah Nice, KDFA, Ribose, Shaka und The Haze gemeinsam hinter den Plattentellern. Die DJ-Programmation liegt seit drei Jahren in der Hand von Nic Plesel, aka The Haze (flamingofarm). Mit seinem Gesp\u00fcr f\u00fcr Musiker:innen und Sounds, die zum besonderen Setting des Museums passen, pr\u00e4gte er die musikalische Ausrichtung der After Hours entscheidend mit. Seine Kuration verlieh dem Format eine eigenst\u00e4ndige Handschrift, die wesentlich zur besonderen Atmosph\u00e4re der Abende beitrug. Zudem kann am Abschlussabend die Sonderausstellung kostenlos bis um 23 Uhr besucht werden. Ausgelassene Feierabendstimmung auf dem M\u00fcnsterh\u00fcgel ist dabei garantiert.<br><br><strong>AFTER HOURS \u2013 Chillen im Museum\u00a0<br>Last Chance to Dance!\u00a0<br><\/strong>Donnerstag, 7. Mai 2026\u00a018:00 \u2013 23:00 Uhr, Eintritt frei, Drinks extra<\/p>\n\n\n\n<p><strong><a href=\"http:\/\/www.nmbs.ch\/\">www.nmbs.ch<\/a><\/strong><\/p>\n","protected":false},"excerpt":{"rendered":"<p>Naturhistorisches Museum Basel l\u00e4dt zur Abschluss-Sause Nach 15 Jahren ist vorl\u00e4ufig Schluss. Am Donnerstag, 7. Mai l\u00e4dt das Naturhistorische Museum Basel zum Saisonende der After Hours-Abende und gleichzeitig zum fulminanten Abschluss der Abende im Museum an der Augustinergasse ein. Ob das Format im neuen Museum weitergef\u00fchrt wird, ist noch offen. Zum Ende der beliebten Feierabend-Reihe [&hellip;]<\/p>\n","protected":false},"author":1680,"featured_media":77812,"comment_status":"open","ping_status":"open","sticky":false,"template":"","format":"standard","meta":{"_monsterinsights_skip_tracking":false,"_monsterinsights_sitenote_active":false,"_monsterinsights_sitenote_note":"","_monsterinsights_sitenote_category":0},"categories":[2815],"tags":[],"yoast_head":"<!-- This site is optimized with the Yoast SEO plugin v20.5 - https:\/\/yoast.com\/wordpress\/plugins\/seo\/ -->\n<title>Ende der After Hours-Abende im Berribau | szenik<\/title>\n<meta name=\"description\" content=\"Nach 15 Jahren ist vorl\u00e4ufig Schluss. Am Donnerstag, 7. Mai l\u00e4dt das Naturhistorische Museum Basel zum Saisonende der After Hours-Abende und gleichzeitig zum fulminanten Abschluss der Abende im Museum an der Augustinergasse ein.\" \/>\n<meta name=\"robots\" content=\"index, follow, max-snippet:-1, max-image-preview:large, max-video-preview:-1\" \/>\n<link rel=\"canonical\" href=\"https:\/\/www.szenik.eu\/de\/ende-der-after-hours-abende-im-berribau-77811\" \/>\n<meta property=\"og:locale\" content=\"de_DE\" \/>\n<meta property=\"og:type\" content=\"article\" \/>\n<meta property=\"og:title\" content=\"Ende der After Hours-Abende im Berribau | szenik\" \/>\n<meta property=\"og:description\" content=\"Nach 15 Jahren ist vorl\u00e4ufig Schluss. Am Donnerstag, 7. Mai l\u00e4dt das Naturhistorische Museum Basel zum Saisonende der After Hours-Abende und gleichzeitig zum fulminanten Abschluss der Abende im Museum an der Augustinergasse ein.\" \/>\n<meta property=\"og:url\" content=\"https:\/\/www.szenik.eu\/de\/ende-der-after-hours-abende-im-berribau-77811\" \/>\n<meta property=\"og:site_name\" content=\"szenik\" \/>\n<meta property=\"article:publisher\" content=\"https:\/\/www.facebook.com\/szenik.eu\/\" \/>\n<meta property=\"article:published_time\" content=\"2026-04-30T13:44:04+00:00\" \/>\n<meta property=\"article:modified_time\" content=\"2026-04-30T13:44:08+00:00\" \/>\n<meta property=\"og:image\" content=\"https:\/\/www.szenik.eu\/wp-content\/uploads\/2026\/04\/Museumsnacht_4K268cJetonShali-scaled.jpg\" \/>\n\t<meta property=\"og:image:width\" content=\"2560\" \/>\n\t<meta property=\"og:image:height\" content=\"1707\" \/>\n\t<meta property=\"og:image:type\" content=\"image\/jpeg\" \/>\n<meta name=\"author\" content=\"sarahk\" \/>\n<meta name=\"twitter:card\" content=\"summary_large_image\" \/>\n<meta name=\"twitter:creator\" content=\"@Szenik\" \/>\n<meta name=\"twitter:site\" content=\"@Szenik\" \/>\n<meta name=\"twitter:label1\" content=\"Verfasst von\" \/>\n\t<meta name=\"twitter:data1\" content=\"sarahk\" \/>\n\t<meta name=\"twitter:label2\" content=\"Gesch\u00e4tzte Lesezeit\" \/>\n\t<meta name=\"twitter:data2\" content=\"3\u00a0Minuten\" \/>\n<script type=\"application\/ld+json\" class=\"yoast-schema-graph\">{\"@context\":\"https:\/\/schema.org\",\"@graph\":[{\"@type\":\"Article\",\"@id\":\"https:\/\/www.szenik.eu\/de\/ende-der-after-hours-abende-im-berribau-77811#article\",\"isPartOf\":{\"@id\":\"https:\/\/www.szenik.eu\/de\/ende-der-after-hours-abende-im-berribau-77811\"},\"author\":{\"name\":\"sarahk\",\"@id\":\"https:\/\/www.szenik.eu\/de\/#\/schema\/person\/81e9d00e9b1306e18e10ca1e4bed6465\"},\"headline\":\"Ende der After Hours-Abende im Berribau\",\"datePublished\":\"2026-04-30T13:44:04+00:00\",\"dateModified\":\"2026-04-30T13:44:08+00:00\",\"mainEntityOfPage\":{\"@id\":\"https:\/\/www.szenik.eu\/de\/ende-der-after-hours-abende-im-berribau-77811\"},\"wordCount\":414,\"commentCount\":0,\"publisher\":{\"@id\":\"https:\/\/www.szenik.eu\/de\/#organization\"},\"articleSection\":[\"Kurz &amp; knackig\"],\"inLanguage\":\"de\",\"potentialAction\":[{\"@type\":\"CommentAction\",\"name\":\"Comment\",\"target\":[\"https:\/\/www.szenik.eu\/de\/ende-der-after-hours-abende-im-berribau-77811#respond\"]}]},{\"@type\":\"WebPage\",\"@id\":\"https:\/\/www.szenik.eu\/de\/ende-der-after-hours-abende-im-berribau-77811\",\"url\":\"https:\/\/www.szenik.eu\/de\/ende-der-after-hours-abende-im-berribau-77811\",\"name\":\"Ende der After Hours-Abende im Berribau | szenik\",\"isPartOf\":{\"@id\":\"https:\/\/www.szenik.eu\/de\/#website\"},\"datePublished\":\"2026-04-30T13:44:04+00:00\",\"dateModified\":\"2026-04-30T13:44:08+00:00\",\"description\":\"Nach 15 Jahren ist vorl\u00e4ufig Schluss. Am Donnerstag, 7. Mai l\u00e4dt das Naturhistorische Museum Basel zum Saisonende der After Hours-Abende und gleichzeitig zum fulminanten Abschluss der Abende im Museum an der Augustinergasse ein.\",\"breadcrumb\":{\"@id\":\"https:\/\/www.szenik.eu\/de\/ende-der-after-hours-abende-im-berribau-77811#breadcrumb\"},\"inLanguage\":\"de\",\"potentialAction\":[{\"@type\":\"ReadAction\",\"target\":[\"https:\/\/www.szenik.eu\/de\/ende-der-after-hours-abende-im-berribau-77811\"]}]},{\"@type\":\"BreadcrumbList\",\"@id\":\"https:\/\/www.szenik.eu\/de\/ende-der-after-hours-abende-im-berribau-77811#breadcrumb\",\"itemListElement\":[{\"@type\":\"ListItem\",\"position\":1,\"name\":\"Home\",\"item\":\"https:\/\/www.szenik.eu\/de\"},{\"@type\":\"ListItem\",\"position\":2,\"name\":\"Ende der After Hours-Abende im Berribau\"}]},{\"@type\":\"WebSite\",\"@id\":\"https:\/\/www.szenik.eu\/de\/#website\",\"url\":\"https:\/\/www.szenik.eu\/de\/\",\"name\":\"szenik\",\"description\":\"Le Meilleur des sc\u00e8nes au coeur de l&#039;Europe\",\"publisher\":{\"@id\":\"https:\/\/www.szenik.eu\/de\/#organization\"},\"potentialAction\":[{\"@type\":\"SearchAction\",\"target\":{\"@type\":\"EntryPoint\",\"urlTemplate\":\"https:\/\/www.szenik.eu\/de\/?s={search_term_string}\"},\"query-input\":\"required name=search_term_string\"}],\"inLanguage\":\"de\"},{\"@type\":\"Organization\",\"@id\":\"https:\/\/www.szenik.eu\/de\/#organization\",\"name\":\"Szenik\",\"url\":\"https:\/\/www.szenik.eu\/de\/\",\"logo\":{\"@type\":\"ImageObject\",\"inLanguage\":\"de\",\"@id\":\"https:\/\/www.szenik.eu\/de\/#\/schema\/logo\/image\/\",\"url\":\"https:\/\/www.szenik.eu\/wp-content\/uploads\/2019\/07\/logo-square.png\",\"contentUrl\":\"https:\/\/www.szenik.eu\/wp-content\/uploads\/2019\/07\/logo-square.png\",\"width\":512,\"height\":512,\"caption\":\"Szenik\"},\"image\":{\"@id\":\"https:\/\/www.szenik.eu\/de\/#\/schema\/logo\/image\/\"},\"sameAs\":[\"https:\/\/www.facebook.com\/szenik.eu\/\",\"https:\/\/twitter.com\/Szenik\",\"https:\/\/www.instagram.com\/szenik_magazine\/\",\"https:\/\/www.youtube.com\/user\/SzenikEU\/\"]},{\"@type\":\"Person\",\"@id\":\"https:\/\/www.szenik.eu\/de\/#\/schema\/person\/81e9d00e9b1306e18e10ca1e4bed6465\",\"name\":\"sarahk\",\"image\":{\"@type\":\"ImageObject\",\"inLanguage\":\"de\",\"@id\":\"https:\/\/www.szenik.eu\/de\/#\/schema\/person\/image\/\",\"url\":\"https:\/\/secure.gravatar.com\/avatar\/1e5f6f691c4a068f4814bda15b8400ca?s=96&d=mm&r=g\",\"contentUrl\":\"https:\/\/secure.gravatar.com\/avatar\/1e5f6f691c4a068f4814bda15b8400ca?s=96&d=mm&r=g\",\"caption\":\"sarahk\"}}]}<\/script>\n<!-- \/ Yoast SEO plugin. -->","yoast_head_json":{"title":"Ende der After Hours-Abende im Berribau | szenik","description":"Nach 15 Jahren ist vorl\u00e4ufig Schluss. Am Donnerstag, 7. Mai l\u00e4dt das Naturhistorische Museum Basel zum Saisonende der After Hours-Abende und gleichzeitig zum fulminanten Abschluss der Abende im Museum an der Augustinergasse ein.","robots":{"index":"index","follow":"follow","max-snippet":"max-snippet:-1","max-image-preview":"max-image-preview:large","max-video-preview":"max-video-preview:-1"},"canonical":"https:\/\/www.szenik.eu\/de\/ende-der-after-hours-abende-im-berribau-77811","og_locale":"de_DE","og_type":"article","og_title":"Ende der After Hours-Abende im Berribau | szenik","og_description":"Nach 15 Jahren ist vorl\u00e4ufig Schluss. Am Donnerstag, 7. Mai l\u00e4dt das Naturhistorische Museum Basel zum Saisonende der After Hours-Abende und gleichzeitig zum fulminanten Abschluss der Abende im Museum an der Augustinergasse ein.","og_url":"https:\/\/www.szenik.eu\/de\/ende-der-after-hours-abende-im-berribau-77811","og_site_name":"szenik","article_publisher":"https:\/\/www.facebook.com\/szenik.eu\/","article_published_time":"2026-04-30T13:44:04+00:00","article_modified_time":"2026-04-30T13:44:08+00:00","og_image":[{"width":2560,"height":1707,"url":"https:\/\/www.szenik.eu\/wp-content\/uploads\/2026\/04\/Museumsnacht_4K268cJetonShali-scaled.jpg","type":"image\/jpeg"}],"author":"sarahk","twitter_card":"summary_large_image","twitter_creator":"@Szenik","twitter_site":"@Szenik","twitter_misc":{"Verfasst von":"sarahk","Gesch\u00e4tzte Lesezeit":"3\u00a0Minuten"},"schema":{"@context":"https:\/\/schema.org","@graph":[{"@type":"Article","@id":"https:\/\/www.szenik.eu\/de\/ende-der-after-hours-abende-im-berribau-77811#article","isPartOf":{"@id":"https:\/\/www.szenik.eu\/de\/ende-der-after-hours-abende-im-berribau-77811"},"author":{"name":"sarahk","@id":"https:\/\/www.szenik.eu\/de\/#\/schema\/person\/81e9d00e9b1306e18e10ca1e4bed6465"},"headline":"Ende der After Hours-Abende im Berribau","datePublished":"2026-04-30T13:44:04+00:00","dateModified":"2026-04-30T13:44:08+00:00","mainEntityOfPage":{"@id":"https:\/\/www.szenik.eu\/de\/ende-der-after-hours-abende-im-berribau-77811"},"wordCount":414,"commentCount":0,"publisher":{"@id":"https:\/\/www.szenik.eu\/de\/#organization"},"articleSection":["Kurz &amp; knackig"],"inLanguage":"de","potentialAction":[{"@type":"CommentAction","name":"Comment","target":["https:\/\/www.szenik.eu\/de\/ende-der-after-hours-abende-im-berribau-77811#respond"]}]},{"@type":"WebPage","@id":"https:\/\/www.szenik.eu\/de\/ende-der-after-hours-abende-im-berribau-77811","url":"https:\/\/www.szenik.eu\/de\/ende-der-after-hours-abende-im-berribau-77811","name":"Ende der After Hours-Abende im Berribau | szenik","isPartOf":{"@id":"https:\/\/www.szenik.eu\/de\/#website"},"datePublished":"2026-04-30T13:44:04+00:00","dateModified":"2026-04-30T13:44:08+00:00","description":"Nach 15 Jahren ist vorl\u00e4ufig Schluss. Am Donnerstag, 7. Mai l\u00e4dt das Naturhistorische Museum Basel zum Saisonende der After Hours-Abende und gleichzeitig zum fulminanten Abschluss der Abende im Museum an der Augustinergasse ein.","breadcrumb":{"@id":"https:\/\/www.szenik.eu\/de\/ende-der-after-hours-abende-im-berribau-77811#breadcrumb"},"inLanguage":"de","potentialAction":[{"@type":"ReadAction","target":["https:\/\/www.szenik.eu\/de\/ende-der-after-hours-abende-im-berribau-77811"]}]},{"@type":"BreadcrumbList","@id":"https:\/\/www.szenik.eu\/de\/ende-der-after-hours-abende-im-berribau-77811#breadcrumb","itemListElement":[{"@type":"ListItem","position":1,"name":"Home","item":"https:\/\/www.szenik.eu\/de"},{"@type":"ListItem","position":2,"name":"Ende der After Hours-Abende im Berribau"}]},{"@type":"WebSite","@id":"https:\/\/www.szenik.eu\/de\/#website","url":"https:\/\/www.szenik.eu\/de\/","name":"szenik","description":"Le Meilleur des sc\u00e8nes au coeur de l&#039;Europe","publisher":{"@id":"https:\/\/www.szenik.eu\/de\/#organization"},"potentialAction":[{"@type":"SearchAction","target":{"@type":"EntryPoint","urlTemplate":"https:\/\/www.szenik.eu\/de\/?s={search_term_string}"},"query-input":"required name=search_term_string"}],"inLanguage":"de"},{"@type":"Organization","@id":"https:\/\/www.szenik.eu\/de\/#organization","name":"Szenik","url":"https:\/\/www.szenik.eu\/de\/","logo":{"@type":"ImageObject","inLanguage":"de","@id":"https:\/\/www.szenik.eu\/de\/#\/schema\/logo\/image\/","url":"https:\/\/www.szenik.eu\/wp-content\/uploads\/2019\/07\/logo-square.png","contentUrl":"https:\/\/www.szenik.eu\/wp-content\/uploads\/2019\/07\/logo-square.png","width":512,"height":512,"caption":"Szenik"},"image":{"@id":"https:\/\/www.szenik.eu\/de\/#\/schema\/logo\/image\/"},"sameAs":["https:\/\/www.facebook.com\/szenik.eu\/","https:\/\/twitter.com\/Szenik","https:\/\/www.instagram.com\/szenik_magazine\/","https:\/\/www.youtube.com\/user\/SzenikEU\/"]},{"@type":"Person","@id":"https:\/\/www.szenik.eu\/de\/#\/schema\/person\/81e9d00e9b1306e18e10ca1e4bed6465","name":"sarahk","image":{"@type":"ImageObject","inLanguage":"de","@id":"https:\/\/www.szenik.eu\/de\/#\/schema\/person\/image\/","url":"https:\/\/secure.gravatar.com\/avatar\/1e5f6f691c4a068f4814bda15b8400ca?s=96&d=mm&r=g","contentUrl":"https:\/\/secure.gravatar.com\/avatar\/1e5f6f691c4a068f4814bda15b8400ca?s=96&d=mm&r=g","caption":"sarahk"}}]}},"jetpack_featured_media_url":"https:\/\/www.szenik.eu\/wp-content\/uploads\/2026\/04\/Museumsnacht_4K268cJetonShali-scaled.jpg","amp_enabled":true,"_links":{"self":[{"href":"https:\/\/www.szenik.eu\/de\/wp-json\/\/wp\/v2\/posts\/77811"}],"collection":[{"href":"https:\/\/www.szenik.eu\/de\/wp-json\/\/wp\/v2\/posts"}],"about":[{"href":"https:\/\/www.szenik.eu\/de\/wp-json\/\/wp\/v2\/types\/post"}],"author":[{"embeddable":true,"href":"https:\/\/www.szenik.eu\/de\/wp-json\/\/wp\/v2\/users\/1680"}],"replies":[{"embeddable":true,"href":"https:\/\/www.szenik.eu\/de\/wp-json\/\/wp\/v2\/comments?post=77811"}],"version-history":[{"count":1,"href":"https:\/\/www.szenik.eu\/de\/wp-json\/\/wp\/v2\/posts\/77811\/revisions"}],"predecessor-version":[{"id":77818,"href":"https:\/\/www.szenik.eu\/de\/wp-json\/\/wp\/v2\/posts\/77811\/revisions\/77818"}],"wp:featuredmedia":[{"embeddable":true,"href":"https:\/\/www.szenik.eu\/de\/wp-json\/\/wp\/v2\/media\/77812"}],"wp:attachment":[{"href":"https:\/\/www.szenik.eu\/de\/wp-json\/\/wp\/v2\/media?parent=77811"}],"wp:term":[{"taxonomy":"category","embeddable":true,"href":"https:\/\/www.szenik.eu\/de\/wp-json\/\/wp\/v2\/categories?post=77811"},{"taxonomy":"post_tag","embeddable":true,"href":"https:\/\/www.szenik.eu\/de\/wp-json\/\/wp\/v2\/tags?post=77811"}],"curies":[{"name":"wp","href":"https:\/\/api.w.org\/{rel}","templated":true}]}}