{"id":77409,"date":"2026-03-13T11:32:10","date_gmt":"2026-03-13T10:32:10","guid":{"rendered":"https:\/\/www.szenik.eu\/?p=77409\/"},"modified":"2026-03-13T11:36:19","modified_gmt":"2026-03-13T10:36:19","slug":"internationale-barockstars-grosse-programmvielfalt-und-ein-moderner-opernzugriff-bei-den-48-internationalen-haendel-festspielen-2026","status":"publish","type":"post","link":"https:\/\/www.szenik.eu\/de\/internationale-barockstars-grosse-programmvielfalt-und-ein-moderner-opernzugriff-bei-den-48-internationalen-haendel-festspielen-2026-77409","title":{"rendered":"Bilanz der 48. Internationalen H\u00e4ndelfestspiele 2026"},"content":{"rendered":"\n<p>Nach einem mit Programm prall gef\u00fcllten Wochenende fanden die\u00a0<a href=\"https:\/\/www.szenik.eu\/de\/haendel-festspiele-karlsruhe-farinelli-gala-in-einer-nacht-der-countertenoere-anstelle-des-2-farinelli-wettbewerbs-am-2-maerz-765568\"><strong>48. Internationalen H\u00e4ndel-Festspiele 2026<\/strong>\u00a0<\/a>am 8. M\u00e4rz mit der zweiten Auff\u00fchrung von H\u00e4ndels Pastoraloper\u00a0<em>Atalanta<\/em>\u00a0ein glanzvolles Ende.\u00a0\u00a0<\/p>\n\n\n\n<p>Im Festspielzeitraum vom 20. Februar bis zum 8. M\u00e4rz 2026 konnte ein internationales Publikum die Musik H\u00e4ndels und nicht nur seiner Zeitgenossen in der Interpretation von renommierten Barockspezialist:innen, Stars und aufstrebenden jungen K\u00fcnstler:innen genie\u00dfen.&nbsp;Insgesamt wurden 28 Veranstaltungen von \u00fcber 15.000 Menschen&nbsp;besucht. Dabei konnten allein die 14 Opernauff\u00fchrungen und Konzerte im Gro\u00dfen Haus des Staatstheaters eine Auslastung von \u00fcber 90% verbuchen.&nbsp;<\/p>\n\n\n\n<p>Die&nbsp;<strong>Festspielleitung,<\/strong>&nbsp;bestehend aus Operndirektor&nbsp;<strong>Christoph von Bernuth&nbsp;<\/strong>als K\u00fcnstlerischem Leiter, der Leitenden Opern- und Konzert\u00addramaturgin&nbsp;<strong>Stephanie Twiehaus<\/strong>&nbsp;als Kuratorin f\u00fcr das Konzert- und Rahmenprogramm sowie Orchesterdirektor&nbsp;<strong>Oliver Kersken<\/strong>, zieht eine \u00e4u\u00dferst positive Bilanz:&nbsp;<a>\u201e<\/a>Wir sind sehr gl\u00fccklich, dass in unserem zweiten Jahr als Festspielleitung wieder viele gro\u00dfartige K\u00fcnstler:innen unserer Einladung nach Karlsruhe gefolgt sind und dabei auch wagten, mit uns teils neue Wege einzuschlagen. Und wir freuen uns sehr dar\u00fcber, dass vor allem unser Kernangebot in Oper und Konzert zu einer so hohen Auslastung f\u00fchrte. Seitens des Publikums erfuhren wir nicht nur in k\u00fcnstlerischer Hinsicht begeistertes Feedback, sondern die Festspiele sorgten auch f\u00fcr anregenden Gespr\u00e4chsstoff, insbesondere dadurch, dass wir im Bereich der Oper zeitgem\u00e4\u00dfe Regiem\u00f6glichkeiten ausloteten. Neue Perspektiven zu er\u00f6ffnen sehen wir als wichtige Aufgabe eines Festivals.\u201c<\/p>\n\n\n\n<p>Er\u00f6ffnet wurden die H\u00e4ndel-Festspiele 2026 durch H\u00e4ndels 1724 uraufgef\u00fchrte Oper&nbsp;<strong><em>Tamerlano<\/em><\/strong>&nbsp;mit dem renommierten Freiburger Barockorchester unter Leitung von Ren\u00e9 Jacobs. In f\u00fcnf Vorstellungen und einer \u00f6ffentlichen Probe verfolgten 4.456 Zuschauer:innen &nbsp;die von Kobie van Rensburg durch Chroma Keying vorgenommene Verschmelzung der B\u00fchnenaktion mit einer digital generierten Filmwelt.<\/p>\n\n\n\n<p>Die Wiederaufnahme des fantasievollen Barockspektakels&nbsp;<strong><em>Rinaldo<\/em><\/strong>&nbsp;fand auch im zweiten Jahr enormen Zuspruch und konnte insgesamt 2.545 Besucher:innen in den drei Vorstellungen verbuchen.<\/p>\n\n\n\n<p>In der Christuskirche bejubelten insgesamt 883 Menschen die beiden konzertanten Auff\u00fchrungen der erstmals in Karlsruhe und mit einer jungen Starbesetzung gespielten Pastoraloper&nbsp;<strong><em>Atalanta<\/em><\/strong>&nbsp;unter der ausdrucksstarken musikalischen Leitung von Lars Ulrik Mortensen.<\/p>\n\n\n\n<p>Nicht nur in&nbsp;<em>Rinaldo, Atalanta<\/em>&nbsp;und kammermusikalisch wurden die Deutschen H\u00e4ndel-Solisten als festspieleigenes Spezialensemble gefeiert: Im&nbsp;<strong><em>Festkonzert&nbsp;<\/em><\/strong>unter Andrea Marcon z\u00fcndeten sie ein orchestrales Barockfeuerwerk. Und im&nbsp;<strong><em>Galakonzert<\/em><\/strong>&nbsp;unter Attilio Cremonesi zeigten sie zudem, wie sehr auch Werke des 20. Jahrhunderts zu ihrer Expertise geh\u00f6ren. Darin war mit Sopranist Maayan Licht ein Star zu Gast, der das Publikum in einem bis auf den letzten Platz gef\u00fcllten Saal zu Begeisterungsst\u00fcrmen hinriss.&nbsp;<\/p>\n\n\n\n<p>Nach dem 40-j\u00e4hrigen Jubil\u00e4um der Deutschen H\u00e4ndel-Solisten im vergangenen Jahr konnte in diesem Jahr die&nbsp;<strong>Internationale H\u00e4ndel-Akademie<\/strong>&nbsp;ihr 40-j\u00e4hriges Bestehen feiern. Aus diesem Grund kam ein ganz beson\u00adderes Projekt zur Auff\u00fchrung: das von den Beteiligten neu entwickelte Opern-Pasticcio&nbsp;<strong><em>Bajazet e Tamerlano<\/em><\/strong>, mit sechs Nachwuchss\u00e4nger:innen und einem jungen Projektorchester unter der Leitung von J\u00f6rg Halubek.<\/p>\n\n\n\n<p>Die H\u00e4ndel-Festspiele 2026 standen unter einem Motto aus der zentralen Festspiel-Oper&nbsp;<strong><em>Tamerlano<\/em><\/strong>, das um Wege der Befreiung aus Diktatur und&nbsp;Unterdr\u00fcckung kreist:&nbsp;<em>\u201eStandhaftigkeit und Verachtung sind Waffen gegen die Tyrannei\u201c<\/em>.<em>&nbsp;<\/em>Auf unterschiedliche Weise inspirierte es viele Konzerte und weitere Programmpunkte und zog sich als roter Faden durch die knapp zweieinhalb Festspielwochen: Sei es in verschiedenen Konzertprogrammierungen, in einer thematischen Lesung mit Musik, einem Orgelkonzert mit Werken ukrainischer Komponisten oder auch durch die Beteiligung an&nbsp;<em>The Cage<\/em>&nbsp;\u2013 einer Initiative mehrerer Karlsruher Institutionen rund um das in der Stadtkirche errichtete Kunstwerk von Fahar al-Salih, mit deren Benefizerl\u00f6s u. a. die Karlsruher Wochen gegen Rassismus erm\u00f6glicht werden.<\/p>\n\n\n\n<p>\u201eWir erhielten viel positive Resonanz daf\u00fcr, dass es gelang, die Festspiele so organisch von unserem Motto durchdringen zu lassen,&nbsp;wodurch indirekt auch H\u00e4ndel selbst einen&nbsp;wichtigen Beitrag zu einer sehr aktuellen Thematik leisten konnte\u201c, freut sich das Festspielteam.<\/p>\n\n\n\n<p>Dar\u00fcber hinaus entwickelten sich die Festspiele zu einem wahren Fest der Countertenorstimmen \u2013 und das, obwohl der urspr\u00fcnglich geplante zweite&nbsp;<em>Farinelli-Wettbewerb f\u00fcr Counterten\u00f6re<\/em>&nbsp;aus Mangel an qualifizierten Bewerbungen leider abgesagt werden musste. Die anstelle des Finales neu programmierte&nbsp;<strong><em>Farinelli-Gala<\/em><\/strong>&nbsp;bot jedoch vor nahezu ausverkauftem Haus mehr als nur einen Ersatz: Sie versammelte erstmals f\u00fcnf Counterten\u00f6re \u2013 darunter nicht nur die Gewinner des letztj\u00e4hrigen Wettbewerbs wie etwa Dennis Orellana aus Honduras (der auch in&nbsp;<em>Atalanta<\/em>&nbsp;zu h\u00f6ren war), sondern in seinem Karlsruhe-Deb\u00fct auch den weltweit gefeierten brasilianischen Sopranisten Bruno de S\u00e0.<\/p>\n\n\n\n<p>F\u00fcr&nbsp;Mitglieder der drei deutschen H\u00e4ndel-Gesellschaften und H\u00e4ndel-Fans aus aller Welt wurde der Stand der&nbsp;<strong>H\u00e4ndel-Gesellschaft Karlsruhe<\/strong>&nbsp;erneut zum beliebten Treffpunkt. Es konnten 25 neue Mitglieder gewonnen werden.Beim&nbsp;<strong><em>Preistr\u00e4gerkonzert<\/em><\/strong>&nbsp;der H\u00e4ndel-Gesellschaft begeisterten erneut junge K\u00fcnstler:innen zwischen 13 und 20 Jahren. Erstmals ging ein 1. Preis an eine franz\u00f6sische Teilnehmerin, zudem wurde in diesem Rahmen erstmals der Klaus-Froboese-Jugendpreis der Internationalen H\u00e4ndel-Gesellschaft Halle (Saale) verliehen. In bew\u00e4hrter Manier fand&nbsp;daneben der&nbsp;<strong><em>\u00d6kumenische Festgottesdienst<\/em><\/strong>&nbsp;in Kooperation mit H\u00e4ndel-Gesellschaft und Evangelischer Stadtkirche gro\u00dfen Zuspruch. Am Herzen liegt der&nbsp;H\u00e4ndel-Gesellschaft und ihrem Kuratorium von jeher die Nachwuchsf\u00f6rderung.&nbsp;Deshalb \u00fcbernahmen die H\u00e4ndel-Gesellschaft und ihr Kuratorium nicht nur die Preisgelder des<strong>Internationalen Jugendwettbewerbs<\/strong>, sondern unterst\u00fctzten beispielsweise das Opernpasticcio-Projekt der&nbsp;<strong>Internationalen H\u00e4ndel-Akademie&nbsp;<em>Bajazet e Tamerlano<\/em><\/strong>; au\u00dferdem wurden die Patenschaften&nbsp;f\u00fcr weitere Veranstaltungen \u00fcbernommen.<\/p>\n\n\n\n<p>Die&nbsp;<strong>49. Internationalen H\u00e4ndel-Festspiele Karlsruhe<\/strong>&nbsp;finden vom&nbsp;<strong>18. Februar bis 7. M\u00e4rz 2027&nbsp;<\/strong>statt. Auf dem Opernprogramm stehen zwei Karlsruher Erstauff\u00fchrungen: Er\u00f6ffnet wird mit&nbsp;<strong><em>Faramondo<\/em><\/strong>&nbsp;unter der Musikalischen Leitung von Attilio Cremonesi, in der Regie von Katharina Kastening und der Ausstattung von Tilo Steffens. Die zweite Oper&nbsp;<strong><em>Floridante<\/em><\/strong>&nbsp;ist eine Koproduktion mit dem Bayreuth Baroque Opera Festival, wo sie bereits im September 2026 zur Premiere kommen wird: inszeniert von Max Emanuel Cencic, der auch in der Titelrolle auf der B\u00fchne steht, an seiner Seite Starsopranist Bruno de S\u00e1. Die diesj\u00e4hrige Festspieloper&nbsp;<em>Tamerlano<strong>&nbsp;<\/strong><\/em>wird nicht wieder aufgenommen.<br><br><strong>Der&nbsp;Vorverkauf&nbsp;f\u00fcr ausgew\u00e4hlte Vorstellungen der H\u00e4ndel-Festspiele 2027 ist bereits gestartet.<\/strong><\/p>\n\n\n\n<p><strong><a href=\"https:\/\/www.staatstheater.karlsruhe.de\/programm\/haendel-festspiele\/\">staatstheater.karlsruhe.de<\/a><\/strong><\/p>\n","protected":false},"excerpt":{"rendered":"<p>Nach einem mit Programm prall gef\u00fcllten Wochenende fanden die\u00a048. Internationalen H\u00e4ndel-Festspiele 2026\u00a0am 8. M\u00e4rz mit der zweiten Auff\u00fchrung von H\u00e4ndels Pastoraloper\u00a0Atalanta\u00a0ein glanzvolles Ende.\u00a0\u00a0 Im Festspielzeitraum vom 20. Februar bis zum 8. M\u00e4rz 2026 konnte ein internationales Publikum die Musik H\u00e4ndels und nicht nur seiner Zeitgenossen in der Interpretation von renommierten Barockspezialist:innen, Stars und aufstrebenden jungen [&hellip;]<\/p>\n","protected":false},"author":1680,"featured_media":77411,"comment_status":"open","ping_status":"open","sticky":false,"template":"","format":"standard","meta":{"_monsterinsights_skip_tracking":false,"_monsterinsights_sitenote_active":false,"_monsterinsights_sitenote_note":"","_monsterinsights_sitenote_category":0},"categories":[2814],"tags":[],"yoast_head":"<!-- This site is optimized with the Yoast SEO plugin v20.5 - https:\/\/yoast.com\/wordpress\/plugins\/seo\/ -->\n<title>Bilanz der 48. Internationalen H\u00e4ndelfestspiele 2026 | szenik<\/title>\n<meta name=\"robots\" content=\"index, follow, max-snippet:-1, max-image-preview:large, max-video-preview:-1\" \/>\n<link rel=\"canonical\" href=\"https:\/\/www.szenik.eu\/de\/internationale-barockstars-grosse-programmvielfalt-und-ein-moderner-opernzugriff-bei-den-48-internationalen-haendel-festspielen-2026-77409\" \/>\n<meta property=\"og:locale\" content=\"de_DE\" \/>\n<meta property=\"og:type\" content=\"article\" \/>\n<meta property=\"og:title\" content=\"Bilanz der 48. Internationalen H\u00e4ndelfestspiele 2026 | szenik\" \/>\n<meta property=\"og:description\" content=\"Nach einem mit Programm prall gef\u00fcllten Wochenende fanden die\u00a048. Internationalen H\u00e4ndel-Festspiele 2026\u00a0am 8. M\u00e4rz mit der zweiten Auff\u00fchrung von H\u00e4ndels Pastoraloper\u00a0Atalanta\u00a0ein glanzvolles Ende.\u00a0\u00a0 Im Festspielzeitraum vom 20. Februar bis zum 8. M\u00e4rz 2026 konnte ein internationales Publikum die Musik H\u00e4ndels und nicht nur seiner Zeitgenossen in der Interpretation von renommierten Barockspezialist:innen, Stars und aufstrebenden jungen [&hellip;]\" \/>\n<meta property=\"og:url\" content=\"https:\/\/www.szenik.eu\/de\/internationale-barockstars-grosse-programmvielfalt-und-ein-moderner-opernzugriff-bei-den-48-internationalen-haendel-festspielen-2026-77409\" \/>\n<meta property=\"og:site_name\" content=\"szenik\" \/>\n<meta property=\"article:publisher\" content=\"https:\/\/www.facebook.com\/szenik.eu\/\" \/>\n<meta property=\"article:published_time\" content=\"2026-03-13T10:32:10+00:00\" \/>\n<meta property=\"article:modified_time\" content=\"2026-03-13T10:36:19+00:00\" \/>\n<meta property=\"og:image\" content=\"https:\/\/www.szenik.eu\/wp-content\/uploads\/2026\/03\/tamerlano_hp2_0024_69983e6370be27.06435822-scaled.jpg\" \/>\n\t<meta property=\"og:image:width\" content=\"2560\" \/>\n\t<meta property=\"og:image:height\" content=\"1707\" \/>\n\t<meta property=\"og:image:type\" content=\"image\/jpeg\" \/>\n<meta name=\"author\" content=\"sarahk\" \/>\n<meta name=\"twitter:card\" content=\"summary_large_image\" \/>\n<meta name=\"twitter:creator\" content=\"@Szenik\" \/>\n<meta name=\"twitter:site\" content=\"@Szenik\" \/>\n<meta name=\"twitter:label1\" content=\"Verfasst von\" \/>\n\t<meta name=\"twitter:data1\" content=\"sarahk\" \/>\n\t<meta name=\"twitter:label2\" content=\"Gesch\u00e4tzte Lesezeit\" \/>\n\t<meta name=\"twitter:data2\" content=\"5\u00a0Minuten\" \/>\n<script type=\"application\/ld+json\" class=\"yoast-schema-graph\">{\"@context\":\"https:\/\/schema.org\",\"@graph\":[{\"@type\":\"Article\",\"@id\":\"https:\/\/www.szenik.eu\/de\/internationale-barockstars-grosse-programmvielfalt-und-ein-moderner-opernzugriff-bei-den-48-internationalen-haendel-festspielen-2026-77409#article\",\"isPartOf\":{\"@id\":\"https:\/\/www.szenik.eu\/de\/internationale-barockstars-grosse-programmvielfalt-und-ein-moderner-opernzugriff-bei-den-48-internationalen-haendel-festspielen-2026-77409\"},\"author\":{\"name\":\"sarahk\",\"@id\":\"https:\/\/www.szenik.eu\/de\/#\/schema\/person\/81e9d00e9b1306e18e10ca1e4bed6465\"},\"headline\":\"Bilanz der 48. Internationalen H\u00e4ndelfestspiele 2026\",\"datePublished\":\"2026-03-13T10:32:10+00:00\",\"dateModified\":\"2026-03-13T10:36:19+00:00\",\"mainEntityOfPage\":{\"@id\":\"https:\/\/www.szenik.eu\/de\/internationale-barockstars-grosse-programmvielfalt-und-ein-moderner-opernzugriff-bei-den-48-internationalen-haendel-festspielen-2026-77409\"},\"wordCount\":1051,\"commentCount\":0,\"publisher\":{\"@id\":\"https:\/\/www.szenik.eu\/de\/#organization\"},\"articleSection\":[\"Fokus I Blick zur\u00fcck\"],\"inLanguage\":\"de\",\"potentialAction\":[{\"@type\":\"CommentAction\",\"name\":\"Comment\",\"target\":[\"https:\/\/www.szenik.eu\/de\/internationale-barockstars-grosse-programmvielfalt-und-ein-moderner-opernzugriff-bei-den-48-internationalen-haendel-festspielen-2026-77409#respond\"]}]},{\"@type\":\"WebPage\",\"@id\":\"https:\/\/www.szenik.eu\/de\/internationale-barockstars-grosse-programmvielfalt-und-ein-moderner-opernzugriff-bei-den-48-internationalen-haendel-festspielen-2026-77409\",\"url\":\"https:\/\/www.szenik.eu\/de\/internationale-barockstars-grosse-programmvielfalt-und-ein-moderner-opernzugriff-bei-den-48-internationalen-haendel-festspielen-2026-77409\",\"name\":\"Bilanz der 48. Internationalen H\u00e4ndelfestspiele 2026 | szenik\",\"isPartOf\":{\"@id\":\"https:\/\/www.szenik.eu\/de\/#website\"},\"datePublished\":\"2026-03-13T10:32:10+00:00\",\"dateModified\":\"2026-03-13T10:36:19+00:00\",\"breadcrumb\":{\"@id\":\"https:\/\/www.szenik.eu\/de\/internationale-barockstars-grosse-programmvielfalt-und-ein-moderner-opernzugriff-bei-den-48-internationalen-haendel-festspielen-2026-77409#breadcrumb\"},\"inLanguage\":\"de\",\"potentialAction\":[{\"@type\":\"ReadAction\",\"target\":[\"https:\/\/www.szenik.eu\/de\/internationale-barockstars-grosse-programmvielfalt-und-ein-moderner-opernzugriff-bei-den-48-internationalen-haendel-festspielen-2026-77409\"]}]},{\"@type\":\"BreadcrumbList\",\"@id\":\"https:\/\/www.szenik.eu\/de\/internationale-barockstars-grosse-programmvielfalt-und-ein-moderner-opernzugriff-bei-den-48-internationalen-haendel-festspielen-2026-77409#breadcrumb\",\"itemListElement\":[{\"@type\":\"ListItem\",\"position\":1,\"name\":\"Home\",\"item\":\"https:\/\/www.szenik.eu\/de\"},{\"@type\":\"ListItem\",\"position\":2,\"name\":\"Bilanz der 48. Internationalen H\u00e4ndelfestspiele 2026\"}]},{\"@type\":\"WebSite\",\"@id\":\"https:\/\/www.szenik.eu\/de\/#website\",\"url\":\"https:\/\/www.szenik.eu\/de\/\",\"name\":\"szenik\",\"description\":\"Le Meilleur des sc\u00e8nes au coeur de l&#039;Europe\",\"publisher\":{\"@id\":\"https:\/\/www.szenik.eu\/de\/#organization\"},\"potentialAction\":[{\"@type\":\"SearchAction\",\"target\":{\"@type\":\"EntryPoint\",\"urlTemplate\":\"https:\/\/www.szenik.eu\/de\/?s={search_term_string}\"},\"query-input\":\"required name=search_term_string\"}],\"inLanguage\":\"de\"},{\"@type\":\"Organization\",\"@id\":\"https:\/\/www.szenik.eu\/de\/#organization\",\"name\":\"Szenik\",\"url\":\"https:\/\/www.szenik.eu\/de\/\",\"logo\":{\"@type\":\"ImageObject\",\"inLanguage\":\"de\",\"@id\":\"https:\/\/www.szenik.eu\/de\/#\/schema\/logo\/image\/\",\"url\":\"https:\/\/www.szenik.eu\/wp-content\/uploads\/2019\/07\/logo-square.png\",\"contentUrl\":\"https:\/\/www.szenik.eu\/wp-content\/uploads\/2019\/07\/logo-square.png\",\"width\":512,\"height\":512,\"caption\":\"Szenik\"},\"image\":{\"@id\":\"https:\/\/www.szenik.eu\/de\/#\/schema\/logo\/image\/\"},\"sameAs\":[\"https:\/\/www.facebook.com\/szenik.eu\/\",\"https:\/\/twitter.com\/Szenik\",\"https:\/\/www.instagram.com\/szenik_magazine\/\",\"https:\/\/www.youtube.com\/user\/SzenikEU\/\"]},{\"@type\":\"Person\",\"@id\":\"https:\/\/www.szenik.eu\/de\/#\/schema\/person\/81e9d00e9b1306e18e10ca1e4bed6465\",\"name\":\"sarahk\",\"image\":{\"@type\":\"ImageObject\",\"inLanguage\":\"de\",\"@id\":\"https:\/\/www.szenik.eu\/de\/#\/schema\/person\/image\/\",\"url\":\"https:\/\/secure.gravatar.com\/avatar\/1e5f6f691c4a068f4814bda15b8400ca?s=96&d=mm&r=g\",\"contentUrl\":\"https:\/\/secure.gravatar.com\/avatar\/1e5f6f691c4a068f4814bda15b8400ca?s=96&d=mm&r=g\",\"caption\":\"sarahk\"}}]}<\/script>\n<!-- \/ Yoast SEO plugin. -->","yoast_head_json":{"title":"Bilanz der 48. Internationalen H\u00e4ndelfestspiele 2026 | szenik","robots":{"index":"index","follow":"follow","max-snippet":"max-snippet:-1","max-image-preview":"max-image-preview:large","max-video-preview":"max-video-preview:-1"},"canonical":"https:\/\/www.szenik.eu\/de\/internationale-barockstars-grosse-programmvielfalt-und-ein-moderner-opernzugriff-bei-den-48-internationalen-haendel-festspielen-2026-77409","og_locale":"de_DE","og_type":"article","og_title":"Bilanz der 48. Internationalen H\u00e4ndelfestspiele 2026 | szenik","og_description":"Nach einem mit Programm prall gef\u00fcllten Wochenende fanden die\u00a048. Internationalen H\u00e4ndel-Festspiele 2026\u00a0am 8. M\u00e4rz mit der zweiten Auff\u00fchrung von H\u00e4ndels Pastoraloper\u00a0Atalanta\u00a0ein glanzvolles Ende.\u00a0\u00a0 Im Festspielzeitraum vom 20. Februar bis zum 8. M\u00e4rz 2026 konnte ein internationales Publikum die Musik H\u00e4ndels und nicht nur seiner Zeitgenossen in der Interpretation von renommierten Barockspezialist:innen, Stars und aufstrebenden jungen [&hellip;]","og_url":"https:\/\/www.szenik.eu\/de\/internationale-barockstars-grosse-programmvielfalt-und-ein-moderner-opernzugriff-bei-den-48-internationalen-haendel-festspielen-2026-77409","og_site_name":"szenik","article_publisher":"https:\/\/www.facebook.com\/szenik.eu\/","article_published_time":"2026-03-13T10:32:10+00:00","article_modified_time":"2026-03-13T10:36:19+00:00","og_image":[{"width":2560,"height":1707,"url":"https:\/\/www.szenik.eu\/wp-content\/uploads\/2026\/03\/tamerlano_hp2_0024_69983e6370be27.06435822-scaled.jpg","type":"image\/jpeg"}],"author":"sarahk","twitter_card":"summary_large_image","twitter_creator":"@Szenik","twitter_site":"@Szenik","twitter_misc":{"Verfasst von":"sarahk","Gesch\u00e4tzte Lesezeit":"5\u00a0Minuten"},"schema":{"@context":"https:\/\/schema.org","@graph":[{"@type":"Article","@id":"https:\/\/www.szenik.eu\/de\/internationale-barockstars-grosse-programmvielfalt-und-ein-moderner-opernzugriff-bei-den-48-internationalen-haendel-festspielen-2026-77409#article","isPartOf":{"@id":"https:\/\/www.szenik.eu\/de\/internationale-barockstars-grosse-programmvielfalt-und-ein-moderner-opernzugriff-bei-den-48-internationalen-haendel-festspielen-2026-77409"},"author":{"name":"sarahk","@id":"https:\/\/www.szenik.eu\/de\/#\/schema\/person\/81e9d00e9b1306e18e10ca1e4bed6465"},"headline":"Bilanz der 48. Internationalen H\u00e4ndelfestspiele 2026","datePublished":"2026-03-13T10:32:10+00:00","dateModified":"2026-03-13T10:36:19+00:00","mainEntityOfPage":{"@id":"https:\/\/www.szenik.eu\/de\/internationale-barockstars-grosse-programmvielfalt-und-ein-moderner-opernzugriff-bei-den-48-internationalen-haendel-festspielen-2026-77409"},"wordCount":1051,"commentCount":0,"publisher":{"@id":"https:\/\/www.szenik.eu\/de\/#organization"},"articleSection":["Fokus I Blick zur\u00fcck"],"inLanguage":"de","potentialAction":[{"@type":"CommentAction","name":"Comment","target":["https:\/\/www.szenik.eu\/de\/internationale-barockstars-grosse-programmvielfalt-und-ein-moderner-opernzugriff-bei-den-48-internationalen-haendel-festspielen-2026-77409#respond"]}]},{"@type":"WebPage","@id":"https:\/\/www.szenik.eu\/de\/internationale-barockstars-grosse-programmvielfalt-und-ein-moderner-opernzugriff-bei-den-48-internationalen-haendel-festspielen-2026-77409","url":"https:\/\/www.szenik.eu\/de\/internationale-barockstars-grosse-programmvielfalt-und-ein-moderner-opernzugriff-bei-den-48-internationalen-haendel-festspielen-2026-77409","name":"Bilanz der 48. Internationalen H\u00e4ndelfestspiele 2026 | szenik","isPartOf":{"@id":"https:\/\/www.szenik.eu\/de\/#website"},"datePublished":"2026-03-13T10:32:10+00:00","dateModified":"2026-03-13T10:36:19+00:00","breadcrumb":{"@id":"https:\/\/www.szenik.eu\/de\/internationale-barockstars-grosse-programmvielfalt-und-ein-moderner-opernzugriff-bei-den-48-internationalen-haendel-festspielen-2026-77409#breadcrumb"},"inLanguage":"de","potentialAction":[{"@type":"ReadAction","target":["https:\/\/www.szenik.eu\/de\/internationale-barockstars-grosse-programmvielfalt-und-ein-moderner-opernzugriff-bei-den-48-internationalen-haendel-festspielen-2026-77409"]}]},{"@type":"BreadcrumbList","@id":"https:\/\/www.szenik.eu\/de\/internationale-barockstars-grosse-programmvielfalt-und-ein-moderner-opernzugriff-bei-den-48-internationalen-haendel-festspielen-2026-77409#breadcrumb","itemListElement":[{"@type":"ListItem","position":1,"name":"Home","item":"https:\/\/www.szenik.eu\/de"},{"@type":"ListItem","position":2,"name":"Bilanz der 48. Internationalen H\u00e4ndelfestspiele 2026"}]},{"@type":"WebSite","@id":"https:\/\/www.szenik.eu\/de\/#website","url":"https:\/\/www.szenik.eu\/de\/","name":"szenik","description":"Le Meilleur des sc\u00e8nes au coeur de l&#039;Europe","publisher":{"@id":"https:\/\/www.szenik.eu\/de\/#organization"},"potentialAction":[{"@type":"SearchAction","target":{"@type":"EntryPoint","urlTemplate":"https:\/\/www.szenik.eu\/de\/?s={search_term_string}"},"query-input":"required name=search_term_string"}],"inLanguage":"de"},{"@type":"Organization","@id":"https:\/\/www.szenik.eu\/de\/#organization","name":"Szenik","url":"https:\/\/www.szenik.eu\/de\/","logo":{"@type":"ImageObject","inLanguage":"de","@id":"https:\/\/www.szenik.eu\/de\/#\/schema\/logo\/image\/","url":"https:\/\/www.szenik.eu\/wp-content\/uploads\/2019\/07\/logo-square.png","contentUrl":"https:\/\/www.szenik.eu\/wp-content\/uploads\/2019\/07\/logo-square.png","width":512,"height":512,"caption":"Szenik"},"image":{"@id":"https:\/\/www.szenik.eu\/de\/#\/schema\/logo\/image\/"},"sameAs":["https:\/\/www.facebook.com\/szenik.eu\/","https:\/\/twitter.com\/Szenik","https:\/\/www.instagram.com\/szenik_magazine\/","https:\/\/www.youtube.com\/user\/SzenikEU\/"]},{"@type":"Person","@id":"https:\/\/www.szenik.eu\/de\/#\/schema\/person\/81e9d00e9b1306e18e10ca1e4bed6465","name":"sarahk","image":{"@type":"ImageObject","inLanguage":"de","@id":"https:\/\/www.szenik.eu\/de\/#\/schema\/person\/image\/","url":"https:\/\/secure.gravatar.com\/avatar\/1e5f6f691c4a068f4814bda15b8400ca?s=96&d=mm&r=g","contentUrl":"https:\/\/secure.gravatar.com\/avatar\/1e5f6f691c4a068f4814bda15b8400ca?s=96&d=mm&r=g","caption":"sarahk"}}]}},"jetpack_featured_media_url":"https:\/\/www.szenik.eu\/wp-content\/uploads\/2026\/03\/tamerlano_hp2_0024_69983e6370be27.06435822-scaled.jpg","amp_enabled":true,"_links":{"self":[{"href":"https:\/\/www.szenik.eu\/de\/wp-json\/\/wp\/v2\/posts\/77409"}],"collection":[{"href":"https:\/\/www.szenik.eu\/de\/wp-json\/\/wp\/v2\/posts"}],"about":[{"href":"https:\/\/www.szenik.eu\/de\/wp-json\/\/wp\/v2\/types\/post"}],"author":[{"embeddable":true,"href":"https:\/\/www.szenik.eu\/de\/wp-json\/\/wp\/v2\/users\/1680"}],"replies":[{"embeddable":true,"href":"https:\/\/www.szenik.eu\/de\/wp-json\/\/wp\/v2\/comments?post=77409"}],"version-history":[{"count":4,"href":"https:\/\/www.szenik.eu\/de\/wp-json\/\/wp\/v2\/posts\/77409\/revisions"}],"predecessor-version":[{"id":77417,"href":"https:\/\/www.szenik.eu\/de\/wp-json\/\/wp\/v2\/posts\/77409\/revisions\/77417"}],"wp:featuredmedia":[{"embeddable":true,"href":"https:\/\/www.szenik.eu\/de\/wp-json\/\/wp\/v2\/media\/77411"}],"wp:attachment":[{"href":"https:\/\/www.szenik.eu\/de\/wp-json\/\/wp\/v2\/media?parent=77409"}],"wp:term":[{"taxonomy":"category","embeddable":true,"href":"https:\/\/www.szenik.eu\/de\/wp-json\/\/wp\/v2\/categories?post=77409"},{"taxonomy":"post_tag","embeddable":true,"href":"https:\/\/www.szenik.eu\/de\/wp-json\/\/wp\/v2\/tags?post=77409"}],"curies":[{"name":"wp","href":"https:\/\/api.w.org\/{rel}","templated":true}]}}