{"id":77312,"date":"2026-03-11T10:12:45","date_gmt":"2026-03-11T09:12:45","guid":{"rendered":"https:\/\/www.szenik.eu\/?p=77312\/"},"modified":"2026-03-11T10:12:48","modified_gmt":"2026-03-11T09:12:48","slug":"das-saarlaendische-staatstheater-kuendigt-mietvertrag-fuer-sparte4-groessere-buehne-fuer-junge-experimentelle-produktionen","status":"publish","type":"post","link":"https:\/\/www.szenik.eu\/de\/das-saarlaendische-staatstheater-kuendigt-mietvertrag-fuer-sparte4-groessere-buehne-fuer-junge-experimentelle-produktionen-77312","title":{"rendered":"<strong>Das Saarl\u00e4ndische Staatstheater k\u00fcndigt\u00a0Mietvertrag f\u00fcr sparte4 \u2013 Gr\u00f6\u00dfere B\u00fchne f\u00fcr junge experimentelle Produktionen<\/strong>"},"content":{"rendered":"\n<p>Das Saarl\u00e4ndische Staatstheater wird im Sp\u00e4tsommer ab der n\u00e4chsten Spielzeit 2026\/2027 den Standort der sparte4 in der Eisenbahnstra\u00dfe 22 in Saarbr\u00fccken aufgeben. H\u00f6here Kosten f\u00fcr Renovierungsarbeiten im Backstage- und Zuschauerbereich waren letztlich ausschlaggebend daf\u00fcr, die kleinste B\u00fchne des <a href=\"https:\/\/www.szenik.eu\/de\/saarlaendisches-staatsballett-ein-sommernachtstraum-wird-verschoben-stattdessen-gibt-es-cinderella-76326\" target=\"_blank\" rel=\"noreferrer noopener\">Saarl\u00e4ndischen Staatstheaters<\/a> nach fast 20 Jahren zu schlie\u00dfen, so die Theaterleitung. \u201eDie Marke sparte4 m\u00f6chten wir aber gerne erhalten, den jungen experimentellen und auch queeren Produktionen sogar eine gr\u00f6\u00dfere B\u00fchne bieten\u201c, erkl\u00e4rt Generalintendant Michael Schulz. Es werde weiterhin unter dem Namen sparte4\u00a0ein Programm geben, in dem zeitgen\u00f6ssische Autoren auf Klassiker, Schlagerabende auf\u00a0Lesungen und auf\u00a0junge experimentelle Inszenierungen treffen.\u00a0Aber auch Angebote, die verst\u00e4rkt auf die Beteiligung von B\u00fcrgerinnen und B\u00fcrgern und auf Kooperationen mit der Freien Szene setzen.\u00a0<\/p>\n\n\n\n<p>\u201eWie wir die Marke sparte4 und an welchen Orten weiterf\u00fchren und weiterentwickeln k\u00f6nnen, dar\u00fcber laufen zurzeit Planungen und Gespr\u00e4che, die noch nicht abgeschlossen sind\u201c, sagt Michael Schulz und f\u00fcgt hinzu: ,,Nat\u00fcrlich ist uns bewusst, dass bei eingefleischten sparte4-Fans nun&nbsp;Wehmut aufkommt und sie um den Charme der alten sparte4 trauern. Aber wir sind zuversichtlich, dass uns etwas neues Spannendes gelingt, ohne programmatisch auf Bew\u00e4hrtes zu verzichten.\u201c<\/p>\n\n\n\n<p>Der Mietvertrag f\u00fcr das Geb\u00e4ude, in dem die sparte4 seit ihrer Gr\u00fcndung im November 2006 untergebracht ist, musste Anfang des Jahres gek\u00fcndigt werden, um in der neuen Spielzeit 2026\/2027 an neuen Orten Programm machen zu k\u00f6nnen. Die sparte4 ist die kleinste B\u00fchne des Saarl\u00e4ndischen Staatstheaters und umfasst bis zu 90 Pl\u00e4tze.<\/p>\n\n\n\n<p><a href=\"http:\/\/www.staatstheater.saarland\/\">www.staatstheater.saarland<\/a><\/p>\n","protected":false},"excerpt":{"rendered":"<p>Das Saarl\u00e4ndische Staatstheater wird im Sp\u00e4tsommer ab der n\u00e4chsten Spielzeit 2026\/2027 den Standort der sparte4 in der Eisenbahnstra\u00dfe 22 in Saarbr\u00fccken aufgeben. H\u00f6here Kosten f\u00fcr Renovierungsarbeiten im Backstage- und Zuschauerbereich waren letztlich ausschlaggebend daf\u00fcr, die kleinste B\u00fchne des Saarl\u00e4ndischen Staatstheaters nach fast 20 Jahren zu schlie\u00dfen, so die Theaterleitung. \u201eDie Marke sparte4 m\u00f6chten wir aber [&hellip;]<\/p>\n","protected":false},"author":1680,"featured_media":77315,"comment_status":"open","ping_status":"open","sticky":false,"template":"","format":"standard","meta":{"_monsterinsights_skip_tracking":false,"_monsterinsights_sitenote_active":false,"_monsterinsights_sitenote_note":"","_monsterinsights_sitenote_category":0},"categories":[2815],"tags":[],"yoast_head":"<!-- This site is optimized with the Yoast SEO plugin v20.5 - https:\/\/yoast.com\/wordpress\/plugins\/seo\/ -->\n<title>Das Saarl\u00e4ndische Staatstheater k\u00fcndigt\u00a0Mietvertrag f\u00fcr sparte4 \u2013 Gr\u00f6\u00dfere B\u00fchne f\u00fcr junge experimentelle Produktionen | szenik<\/title>\n<meta name=\"description\" content=\"Das Saarl\u00e4ndische Staatstheater wird im Sp\u00e4tsommer ab der n\u00e4chsten Spielzeit 2026\/2027 den Standort der sparte4 in der Eisenbahnstra\u00dfe 22 in Saarbr\u00fccken aufgeben.\" \/>\n<meta name=\"robots\" content=\"index, follow, max-snippet:-1, max-image-preview:large, max-video-preview:-1\" \/>\n<link rel=\"canonical\" href=\"https:\/\/www.szenik.eu\/de\/das-saarlaendische-staatstheater-kuendigt-mietvertrag-fuer-sparte4-groessere-buehne-fuer-junge-experimentelle-produktionen-77312\" \/>\n<meta property=\"og:locale\" content=\"de_DE\" \/>\n<meta property=\"og:type\" content=\"article\" \/>\n<meta property=\"og:title\" content=\"Das Saarl\u00e4ndische Staatstheater k\u00fcndigt\u00a0Mietvertrag f\u00fcr sparte4 \u2013 Gr\u00f6\u00dfere B\u00fchne f\u00fcr junge experimentelle Produktionen | szenik\" \/>\n<meta property=\"og:description\" content=\"Das Saarl\u00e4ndische Staatstheater wird im Sp\u00e4tsommer ab der n\u00e4chsten Spielzeit 2026\/2027 den Standort der sparte4 in der Eisenbahnstra\u00dfe 22 in Saarbr\u00fccken aufgeben.\" \/>\n<meta property=\"og:url\" content=\"https:\/\/www.szenik.eu\/de\/das-saarlaendische-staatstheater-kuendigt-mietvertrag-fuer-sparte4-groessere-buehne-fuer-junge-experimentelle-produktionen-77312\" \/>\n<meta property=\"og:site_name\" content=\"szenik\" \/>\n<meta property=\"article:publisher\" content=\"https:\/\/www.facebook.com\/szenik.eu\/\" \/>\n<meta property=\"article:published_time\" content=\"2026-03-11T09:12:45+00:00\" \/>\n<meta property=\"article:modified_time\" content=\"2026-03-11T09:12:48+00:00\" \/>\n<meta property=\"og:image\" content=\"https:\/\/www.szenik.eu\/wp-content\/uploads\/2026\/03\/Sparte4-5_cHonkphoto-scaled-e1773220339271.jpg\" \/>\n\t<meta property=\"og:image:width\" content=\"1706\" \/>\n\t<meta property=\"og:image:height\" content=\"1209\" \/>\n\t<meta property=\"og:image:type\" content=\"image\/jpeg\" \/>\n<meta name=\"author\" content=\"sarahk\" \/>\n<meta name=\"twitter:card\" content=\"summary_large_image\" \/>\n<meta name=\"twitter:creator\" content=\"@Szenik\" \/>\n<meta name=\"twitter:site\" content=\"@Szenik\" \/>\n<meta name=\"twitter:label1\" content=\"Verfasst von\" \/>\n\t<meta name=\"twitter:data1\" content=\"sarahk\" \/>\n\t<meta name=\"twitter:label2\" content=\"Gesch\u00e4tzte Lesezeit\" \/>\n\t<meta name=\"twitter:data2\" content=\"2\u00a0Minuten\" \/>\n<script type=\"application\/ld+json\" class=\"yoast-schema-graph\">{\"@context\":\"https:\/\/schema.org\",\"@graph\":[{\"@type\":\"Article\",\"@id\":\"https:\/\/www.szenik.eu\/de\/das-saarlaendische-staatstheater-kuendigt-mietvertrag-fuer-sparte4-groessere-buehne-fuer-junge-experimentelle-produktionen-77312#article\",\"isPartOf\":{\"@id\":\"https:\/\/www.szenik.eu\/de\/das-saarlaendische-staatstheater-kuendigt-mietvertrag-fuer-sparte4-groessere-buehne-fuer-junge-experimentelle-produktionen-77312\"},\"author\":{\"name\":\"sarahk\",\"@id\":\"https:\/\/www.szenik.eu\/de\/#\/schema\/person\/81e9d00e9b1306e18e10ca1e4bed6465\"},\"headline\":\"Das Saarl\u00e4ndische Staatstheater k\u00fcndigt\u00a0Mietvertrag f\u00fcr sparte4 \u2013 Gr\u00f6\u00dfere B\u00fchne f\u00fcr junge experimentelle Produktionen\",\"datePublished\":\"2026-03-11T09:12:45+00:00\",\"dateModified\":\"2026-03-11T09:12:48+00:00\",\"mainEntityOfPage\":{\"@id\":\"https:\/\/www.szenik.eu\/de\/das-saarlaendische-staatstheater-kuendigt-mietvertrag-fuer-sparte4-groessere-buehne-fuer-junge-experimentelle-produktionen-77312\"},\"wordCount\":287,\"commentCount\":0,\"publisher\":{\"@id\":\"https:\/\/www.szenik.eu\/de\/#organization\"},\"articleSection\":[\"Kurz &amp; knackig\"],\"inLanguage\":\"de\",\"potentialAction\":[{\"@type\":\"CommentAction\",\"name\":\"Comment\",\"target\":[\"https:\/\/www.szenik.eu\/de\/das-saarlaendische-staatstheater-kuendigt-mietvertrag-fuer-sparte4-groessere-buehne-fuer-junge-experimentelle-produktionen-77312#respond\"]}]},{\"@type\":\"WebPage\",\"@id\":\"https:\/\/www.szenik.eu\/de\/das-saarlaendische-staatstheater-kuendigt-mietvertrag-fuer-sparte4-groessere-buehne-fuer-junge-experimentelle-produktionen-77312\",\"url\":\"https:\/\/www.szenik.eu\/de\/das-saarlaendische-staatstheater-kuendigt-mietvertrag-fuer-sparte4-groessere-buehne-fuer-junge-experimentelle-produktionen-77312\",\"name\":\"Das Saarl\u00e4ndische Staatstheater k\u00fcndigt\u00a0Mietvertrag f\u00fcr sparte4 \u2013 Gr\u00f6\u00dfere B\u00fchne f\u00fcr junge experimentelle Produktionen | szenik\",\"isPartOf\":{\"@id\":\"https:\/\/www.szenik.eu\/de\/#website\"},\"datePublished\":\"2026-03-11T09:12:45+00:00\",\"dateModified\":\"2026-03-11T09:12:48+00:00\",\"description\":\"Das Saarl\u00e4ndische Staatstheater wird im Sp\u00e4tsommer ab der n\u00e4chsten Spielzeit 2026\/2027 den Standort der sparte4 in der Eisenbahnstra\u00dfe 22 in Saarbr\u00fccken aufgeben.\",\"breadcrumb\":{\"@id\":\"https:\/\/www.szenik.eu\/de\/das-saarlaendische-staatstheater-kuendigt-mietvertrag-fuer-sparte4-groessere-buehne-fuer-junge-experimentelle-produktionen-77312#breadcrumb\"},\"inLanguage\":\"de\",\"potentialAction\":[{\"@type\":\"ReadAction\",\"target\":[\"https:\/\/www.szenik.eu\/de\/das-saarlaendische-staatstheater-kuendigt-mietvertrag-fuer-sparte4-groessere-buehne-fuer-junge-experimentelle-produktionen-77312\"]}]},{\"@type\":\"BreadcrumbList\",\"@id\":\"https:\/\/www.szenik.eu\/de\/das-saarlaendische-staatstheater-kuendigt-mietvertrag-fuer-sparte4-groessere-buehne-fuer-junge-experimentelle-produktionen-77312#breadcrumb\",\"itemListElement\":[{\"@type\":\"ListItem\",\"position\":1,\"name\":\"Home\",\"item\":\"https:\/\/www.szenik.eu\/de\"},{\"@type\":\"ListItem\",\"position\":2,\"name\":\"Das Saarl\u00e4ndische Staatstheater k\u00fcndigt\u00a0Mietvertrag f\u00fcr sparte4 \u2013 Gr\u00f6\u00dfere B\u00fchne f\u00fcr junge experimentelle Produktionen\"}]},{\"@type\":\"WebSite\",\"@id\":\"https:\/\/www.szenik.eu\/de\/#website\",\"url\":\"https:\/\/www.szenik.eu\/de\/\",\"name\":\"szenik\",\"description\":\"Le Meilleur des sc\u00e8nes au coeur de l&#039;Europe\",\"publisher\":{\"@id\":\"https:\/\/www.szenik.eu\/de\/#organization\"},\"potentialAction\":[{\"@type\":\"SearchAction\",\"target\":{\"@type\":\"EntryPoint\",\"urlTemplate\":\"https:\/\/www.szenik.eu\/de\/?s={search_term_string}\"},\"query-input\":\"required name=search_term_string\"}],\"inLanguage\":\"de\"},{\"@type\":\"Organization\",\"@id\":\"https:\/\/www.szenik.eu\/de\/#organization\",\"name\":\"Szenik\",\"url\":\"https:\/\/www.szenik.eu\/de\/\",\"logo\":{\"@type\":\"ImageObject\",\"inLanguage\":\"de\",\"@id\":\"https:\/\/www.szenik.eu\/de\/#\/schema\/logo\/image\/\",\"url\":\"https:\/\/www.szenik.eu\/wp-content\/uploads\/2019\/07\/logo-square.png\",\"contentUrl\":\"https:\/\/www.szenik.eu\/wp-content\/uploads\/2019\/07\/logo-square.png\",\"width\":512,\"height\":512,\"caption\":\"Szenik\"},\"image\":{\"@id\":\"https:\/\/www.szenik.eu\/de\/#\/schema\/logo\/image\/\"},\"sameAs\":[\"https:\/\/www.facebook.com\/szenik.eu\/\",\"https:\/\/twitter.com\/Szenik\",\"https:\/\/www.instagram.com\/szenik_magazine\/\",\"https:\/\/www.youtube.com\/user\/SzenikEU\/\"]},{\"@type\":\"Person\",\"@id\":\"https:\/\/www.szenik.eu\/de\/#\/schema\/person\/81e9d00e9b1306e18e10ca1e4bed6465\",\"name\":\"sarahk\",\"image\":{\"@type\":\"ImageObject\",\"inLanguage\":\"de\",\"@id\":\"https:\/\/www.szenik.eu\/de\/#\/schema\/person\/image\/\",\"url\":\"https:\/\/secure.gravatar.com\/avatar\/1e5f6f691c4a068f4814bda15b8400ca?s=96&d=mm&r=g\",\"contentUrl\":\"https:\/\/secure.gravatar.com\/avatar\/1e5f6f691c4a068f4814bda15b8400ca?s=96&d=mm&r=g\",\"caption\":\"sarahk\"}}]}<\/script>\n<!-- \/ Yoast SEO plugin. -->","yoast_head_json":{"title":"Das Saarl\u00e4ndische Staatstheater k\u00fcndigt\u00a0Mietvertrag f\u00fcr sparte4 \u2013 Gr\u00f6\u00dfere B\u00fchne f\u00fcr junge experimentelle Produktionen | szenik","description":"Das Saarl\u00e4ndische Staatstheater wird im Sp\u00e4tsommer ab der n\u00e4chsten Spielzeit 2026\/2027 den Standort der sparte4 in der Eisenbahnstra\u00dfe 22 in Saarbr\u00fccken aufgeben.","robots":{"index":"index","follow":"follow","max-snippet":"max-snippet:-1","max-image-preview":"max-image-preview:large","max-video-preview":"max-video-preview:-1"},"canonical":"https:\/\/www.szenik.eu\/de\/das-saarlaendische-staatstheater-kuendigt-mietvertrag-fuer-sparte4-groessere-buehne-fuer-junge-experimentelle-produktionen-77312","og_locale":"de_DE","og_type":"article","og_title":"Das Saarl\u00e4ndische Staatstheater k\u00fcndigt\u00a0Mietvertrag f\u00fcr sparte4 \u2013 Gr\u00f6\u00dfere B\u00fchne f\u00fcr junge experimentelle Produktionen | szenik","og_description":"Das Saarl\u00e4ndische Staatstheater wird im Sp\u00e4tsommer ab der n\u00e4chsten Spielzeit 2026\/2027 den Standort der sparte4 in der Eisenbahnstra\u00dfe 22 in Saarbr\u00fccken aufgeben.","og_url":"https:\/\/www.szenik.eu\/de\/das-saarlaendische-staatstheater-kuendigt-mietvertrag-fuer-sparte4-groessere-buehne-fuer-junge-experimentelle-produktionen-77312","og_site_name":"szenik","article_publisher":"https:\/\/www.facebook.com\/szenik.eu\/","article_published_time":"2026-03-11T09:12:45+00:00","article_modified_time":"2026-03-11T09:12:48+00:00","og_image":[{"width":1706,"height":1209,"url":"https:\/\/www.szenik.eu\/wp-content\/uploads\/2026\/03\/Sparte4-5_cHonkphoto-scaled-e1773220339271.jpg","type":"image\/jpeg"}],"author":"sarahk","twitter_card":"summary_large_image","twitter_creator":"@Szenik","twitter_site":"@Szenik","twitter_misc":{"Verfasst von":"sarahk","Gesch\u00e4tzte Lesezeit":"2\u00a0Minuten"},"schema":{"@context":"https:\/\/schema.org","@graph":[{"@type":"Article","@id":"https:\/\/www.szenik.eu\/de\/das-saarlaendische-staatstheater-kuendigt-mietvertrag-fuer-sparte4-groessere-buehne-fuer-junge-experimentelle-produktionen-77312#article","isPartOf":{"@id":"https:\/\/www.szenik.eu\/de\/das-saarlaendische-staatstheater-kuendigt-mietvertrag-fuer-sparte4-groessere-buehne-fuer-junge-experimentelle-produktionen-77312"},"author":{"name":"sarahk","@id":"https:\/\/www.szenik.eu\/de\/#\/schema\/person\/81e9d00e9b1306e18e10ca1e4bed6465"},"headline":"Das Saarl\u00e4ndische Staatstheater k\u00fcndigt\u00a0Mietvertrag f\u00fcr sparte4 \u2013 Gr\u00f6\u00dfere B\u00fchne f\u00fcr junge experimentelle Produktionen","datePublished":"2026-03-11T09:12:45+00:00","dateModified":"2026-03-11T09:12:48+00:00","mainEntityOfPage":{"@id":"https:\/\/www.szenik.eu\/de\/das-saarlaendische-staatstheater-kuendigt-mietvertrag-fuer-sparte4-groessere-buehne-fuer-junge-experimentelle-produktionen-77312"},"wordCount":287,"commentCount":0,"publisher":{"@id":"https:\/\/www.szenik.eu\/de\/#organization"},"articleSection":["Kurz &amp; knackig"],"inLanguage":"de","potentialAction":[{"@type":"CommentAction","name":"Comment","target":["https:\/\/www.szenik.eu\/de\/das-saarlaendische-staatstheater-kuendigt-mietvertrag-fuer-sparte4-groessere-buehne-fuer-junge-experimentelle-produktionen-77312#respond"]}]},{"@type":"WebPage","@id":"https:\/\/www.szenik.eu\/de\/das-saarlaendische-staatstheater-kuendigt-mietvertrag-fuer-sparte4-groessere-buehne-fuer-junge-experimentelle-produktionen-77312","url":"https:\/\/www.szenik.eu\/de\/das-saarlaendische-staatstheater-kuendigt-mietvertrag-fuer-sparte4-groessere-buehne-fuer-junge-experimentelle-produktionen-77312","name":"Das Saarl\u00e4ndische Staatstheater k\u00fcndigt\u00a0Mietvertrag f\u00fcr sparte4 \u2013 Gr\u00f6\u00dfere B\u00fchne f\u00fcr junge experimentelle Produktionen | szenik","isPartOf":{"@id":"https:\/\/www.szenik.eu\/de\/#website"},"datePublished":"2026-03-11T09:12:45+00:00","dateModified":"2026-03-11T09:12:48+00:00","description":"Das Saarl\u00e4ndische Staatstheater wird im Sp\u00e4tsommer ab der n\u00e4chsten Spielzeit 2026\/2027 den Standort der sparte4 in der Eisenbahnstra\u00dfe 22 in Saarbr\u00fccken aufgeben.","breadcrumb":{"@id":"https:\/\/www.szenik.eu\/de\/das-saarlaendische-staatstheater-kuendigt-mietvertrag-fuer-sparte4-groessere-buehne-fuer-junge-experimentelle-produktionen-77312#breadcrumb"},"inLanguage":"de","potentialAction":[{"@type":"ReadAction","target":["https:\/\/www.szenik.eu\/de\/das-saarlaendische-staatstheater-kuendigt-mietvertrag-fuer-sparte4-groessere-buehne-fuer-junge-experimentelle-produktionen-77312"]}]},{"@type":"BreadcrumbList","@id":"https:\/\/www.szenik.eu\/de\/das-saarlaendische-staatstheater-kuendigt-mietvertrag-fuer-sparte4-groessere-buehne-fuer-junge-experimentelle-produktionen-77312#breadcrumb","itemListElement":[{"@type":"ListItem","position":1,"name":"Home","item":"https:\/\/www.szenik.eu\/de"},{"@type":"ListItem","position":2,"name":"Das Saarl\u00e4ndische Staatstheater k\u00fcndigt\u00a0Mietvertrag f\u00fcr sparte4 \u2013 Gr\u00f6\u00dfere B\u00fchne f\u00fcr junge experimentelle Produktionen"}]},{"@type":"WebSite","@id":"https:\/\/www.szenik.eu\/de\/#website","url":"https:\/\/www.szenik.eu\/de\/","name":"szenik","description":"Le Meilleur des sc\u00e8nes au coeur de l&#039;Europe","publisher":{"@id":"https:\/\/www.szenik.eu\/de\/#organization"},"potentialAction":[{"@type":"SearchAction","target":{"@type":"EntryPoint","urlTemplate":"https:\/\/www.szenik.eu\/de\/?s={search_term_string}"},"query-input":"required name=search_term_string"}],"inLanguage":"de"},{"@type":"Organization","@id":"https:\/\/www.szenik.eu\/de\/#organization","name":"Szenik","url":"https:\/\/www.szenik.eu\/de\/","logo":{"@type":"ImageObject","inLanguage":"de","@id":"https:\/\/www.szenik.eu\/de\/#\/schema\/logo\/image\/","url":"https:\/\/www.szenik.eu\/wp-content\/uploads\/2019\/07\/logo-square.png","contentUrl":"https:\/\/www.szenik.eu\/wp-content\/uploads\/2019\/07\/logo-square.png","width":512,"height":512,"caption":"Szenik"},"image":{"@id":"https:\/\/www.szenik.eu\/de\/#\/schema\/logo\/image\/"},"sameAs":["https:\/\/www.facebook.com\/szenik.eu\/","https:\/\/twitter.com\/Szenik","https:\/\/www.instagram.com\/szenik_magazine\/","https:\/\/www.youtube.com\/user\/SzenikEU\/"]},{"@type":"Person","@id":"https:\/\/www.szenik.eu\/de\/#\/schema\/person\/81e9d00e9b1306e18e10ca1e4bed6465","name":"sarahk","image":{"@type":"ImageObject","inLanguage":"de","@id":"https:\/\/www.szenik.eu\/de\/#\/schema\/person\/image\/","url":"https:\/\/secure.gravatar.com\/avatar\/1e5f6f691c4a068f4814bda15b8400ca?s=96&d=mm&r=g","contentUrl":"https:\/\/secure.gravatar.com\/avatar\/1e5f6f691c4a068f4814bda15b8400ca?s=96&d=mm&r=g","caption":"sarahk"}}]}},"jetpack_featured_media_url":"https:\/\/www.szenik.eu\/wp-content\/uploads\/2026\/03\/Sparte4-5_cHonkphoto-scaled-e1773220339271.jpg","amp_enabled":true,"_links":{"self":[{"href":"https:\/\/www.szenik.eu\/de\/wp-json\/\/wp\/v2\/posts\/77312"}],"collection":[{"href":"https:\/\/www.szenik.eu\/de\/wp-json\/\/wp\/v2\/posts"}],"about":[{"href":"https:\/\/www.szenik.eu\/de\/wp-json\/\/wp\/v2\/types\/post"}],"author":[{"embeddable":true,"href":"https:\/\/www.szenik.eu\/de\/wp-json\/\/wp\/v2\/users\/1680"}],"replies":[{"embeddable":true,"href":"https:\/\/www.szenik.eu\/de\/wp-json\/\/wp\/v2\/comments?post=77312"}],"version-history":[{"count":1,"href":"https:\/\/www.szenik.eu\/de\/wp-json\/\/wp\/v2\/posts\/77312\/revisions"}],"predecessor-version":[{"id":77317,"href":"https:\/\/www.szenik.eu\/de\/wp-json\/\/wp\/v2\/posts\/77312\/revisions\/77317"}],"wp:featuredmedia":[{"embeddable":true,"href":"https:\/\/www.szenik.eu\/de\/wp-json\/\/wp\/v2\/media\/77315"}],"wp:attachment":[{"href":"https:\/\/www.szenik.eu\/de\/wp-json\/\/wp\/v2\/media?parent=77312"}],"wp:term":[{"taxonomy":"category","embeddable":true,"href":"https:\/\/www.szenik.eu\/de\/wp-json\/\/wp\/v2\/categories?post=77312"},{"taxonomy":"post_tag","embeddable":true,"href":"https:\/\/www.szenik.eu\/de\/wp-json\/\/wp\/v2\/tags?post=77312"}],"curies":[{"name":"wp","href":"https:\/\/api.w.org\/{rel}","templated":true}]}}