{"id":77304,"date":"2026-03-10T16:40:54","date_gmt":"2026-03-10T15:40:54","guid":{"rendered":"https:\/\/www.szenik.eu\/?p=77304\/"},"modified":"2026-03-10T16:40:57","modified_gmt":"2026-03-10T15:40:57","slug":"poesie-punkrock-attituede-beim-zmf-2026","status":"publish","type":"post","link":"https:\/\/www.szenik.eu\/de\/poesie-punkrock-attituede-beim-zmf-2026-77304","title":{"rendered":"<strong>Poesie &amp; Punkrock-Attit\u00fcde beim ZMF 2026<\/strong>"},"content":{"rendered":"\n<p><strong>Das Programm des 42. Zelt-Musik-Festivals (ZMF) ist fast vollst\u00e4ndig. Mit DOTA, Lara Hulo, ITCHY, Tristan Brusch und Kapelle Petra best\u00e4tigt das ZMF f\u00fcnf weitere Acts, die das diesj\u00e4hrige Line-Up um einige Genres vervielf\u00e4ltigen.<\/strong><\/p>\n\n\n\n<p>Am&nbsp;<strong>16. Juli<\/strong>&nbsp;kehrt die Band um Frontfrau Dota Kehr endlich zur\u00fcck auf die ZMF-B\u00fchne.<strong>DOTA<\/strong>&nbsp;besticht durch eine seltene Mischung aus musikalischer Pr\u00e4zision und textlichem Tiefgang. Mal mit&nbsp;bissiger Ironie, mal mit entwaffnender Ehrlichkeit begegnet die Band dem Allt\u00e4glichen und h\u00fcllt es in ein Gewand aus modernen Liedermacher-Melodien. Ein Abend f\u00fcr alle, die Musik mit Haltung und Poesie suchen.<\/p>\n\n\n\n<p>Mit einer Stimme, die Vergleiche mit Legenden wie Nina Hagen nicht scheuen muss, erobert&nbsp;<strong>Lara Hulo<\/strong>&nbsp;am&nbsp;<strong>23. Juli<\/strong>&nbsp;erstmals das Freiburger Festival. Die junge K\u00fcnstlerin thematisiert in ihren Songs das Suchen und Finden der queeren Liebe \u2013 mal als zerbrechliche Ballade, mal als kraftvolles Statement. Live \u00fcberzeugt sie durch eine Authentizit\u00e4t, die zwischen rauer Energie und intimen Momenten schwankt und das Publikum unmittelbar in ihren Bann zieht.<\/p>\n\n\n\n<p>Ein weiteres ZMF-Deb\u00fct kann das Publikum am&nbsp;<strong>24. Juli<\/strong>&nbsp;mit der Punkrock-Band<strong>ITCHY<\/strong>&nbsp;erleben. Seit 25 Jahren beweist das Trio, dass man auch als etablierte Band die Spielfreude eines Newcomers behalten kann. Mit einer explosiven Mischung aus eing\u00e4ngigen Melodien, klarer gesellschaftspolitischer Haltung und einer ordentlichen Portion Selbstironie bringt die Band jede B\u00fchne zum Beben. Ein Pflichttermin f\u00fcr alle, die Lust auf ehrlichen Punkrock und eine mitrei\u00dfende Show haben.<\/p>\n\n\n\n<figure class=\"wp-block-image size-full\"><img decoding=\"async\" loading=\"lazy\" width=\"660\" height=\"1000\" src=\"https:\/\/www.szenik.eu\/wp-content\/uploads\/2026\/03\/Lara-Hulo_c_Jeanette-Friedrich.png\" alt=\"\" class=\"wp-image-77305\" srcset=\"https:\/\/www.szenik.eu\/wp-content\/uploads\/2026\/03\/Lara-Hulo_c_Jeanette-Friedrich.png 660w, https:\/\/www.szenik.eu\/wp-content\/uploads\/2026\/03\/Lara-Hulo_c_Jeanette-Friedrich-198x300.png 198w\" sizes=\"(max-width: 660px) 100vw, 660px\" \/><figcaption class=\"wp-element-caption\">Lara Hulo, Photo: Jeanette Friedrich<\/figcaption><\/figure>\n\n\n\n<p>Acht Jahre nach seinem ersten Auftritt als Support kehrt&nbsp;<strong>Tristan Brusch<\/strong>&nbsp;am&nbsp;<strong>29. Juli<\/strong>&nbsp;als Hauptact zum ZMF zur\u00fcck. Im Gep\u00e4ck hat der Ausnahmek\u00fcnstler den Abschluss seiner gefeierten Album-Trilogie. Brusch gilt als einer der talentiertesten Songschreiber der Gegenwart und versteht es wie kaum ein Zweiter, Wahn, Liebe und Melancholie in opulente Pop-Arrangements zu gie\u00dfen. Ein Konzert-Highlight f\u00fcr Liebhaber:innen anspruchsvoller Texte und musikalischem Feingef\u00fchl.<\/p>\n\n\n\n<p>Ihr 30-j\u00e4hriges Bandbestehen feiert am&nbsp;<strong>02. August<\/strong>&nbsp;die aus Hamm stammende Band<strong>&nbsp;Kapelle Petra<\/strong>. Bekannt f\u00fcr ihren humorvollen Indie-Rock, eine treue Fangemeinde und ihren legend\u00e4ren B\u00fchnengast \u201eGazelle\u201c, verspricht das Trio eine Show, die zwischen absurder Komik und mitrei\u00dfenden Hymnen pendelt \u2013 ein w\u00fcrdiges Finale f\u00fcr den Festivalsommer.<\/p>\n\n\n\n<p><strong>Tickets sind ab sofort erh\u00e4ltlich auf<\/strong><strong>&nbsp;<u><a href=\"http:\/\/www.zmf.reservix.de\/\">www.zmf.de<\/a><\/u><\/strong><strong>&nbsp;und an allen bekannten VVK-Stellen.<\/strong><\/p>\n","protected":false},"excerpt":{"rendered":"<p>Das Programm des 42. Zelt-Musik-Festivals (ZMF) ist fast vollst\u00e4ndig. Mit DOTA, Lara Hulo, ITCHY, Tristan Brusch und Kapelle Petra best\u00e4tigt das ZMF f\u00fcnf weitere Acts, die das diesj\u00e4hrige Line-Up um einige Genres vervielf\u00e4ltigen. Am&nbsp;16. Juli&nbsp;kehrt die Band um Frontfrau Dota Kehr endlich zur\u00fcck auf die ZMF-B\u00fchne.DOTA&nbsp;besticht durch eine seltene Mischung aus musikalischer Pr\u00e4zision und textlichem [&hellip;]<\/p>\n","protected":false},"author":1680,"featured_media":77307,"comment_status":"open","ping_status":"open","sticky":false,"template":"","format":"standard","meta":{"_monsterinsights_skip_tracking":false,"_monsterinsights_sitenote_active":false,"_monsterinsights_sitenote_note":"","_monsterinsights_sitenote_category":0},"categories":[2815],"tags":[],"yoast_head":"<!-- This site is optimized with the Yoast SEO plugin v20.5 - https:\/\/yoast.com\/wordpress\/plugins\/seo\/ -->\n<title>Poesie &amp; Punkrock-Attit\u00fcde beim ZMF 2026 | szenik<\/title>\n<meta name=\"description\" content=\"Das Programm des 42. Zelt-Musik-Festivals (ZMF) ist fast vollst\u00e4ndig. Mit DOTA, Lara Hulo, ITCHY, Tristan Brusch und Kapelle Petra best\u00e4tigt das ZMF f\u00fcnf weitere Acts, die das diesj\u00e4hrige Line-Up um einige Genres vervielf\u00e4ltigen.\" \/>\n<meta name=\"robots\" content=\"index, follow, max-snippet:-1, max-image-preview:large, max-video-preview:-1\" \/>\n<link rel=\"canonical\" href=\"https:\/\/www.szenik.eu\/de\/poesie-punkrock-attituede-beim-zmf-2026-77304\" \/>\n<meta property=\"og:locale\" content=\"de_DE\" \/>\n<meta property=\"og:type\" content=\"article\" \/>\n<meta property=\"og:title\" content=\"Poesie &amp; Punkrock-Attit\u00fcde beim ZMF 2026 | szenik\" \/>\n<meta property=\"og:description\" content=\"Das Programm des 42. Zelt-Musik-Festivals (ZMF) ist fast vollst\u00e4ndig. Mit DOTA, Lara Hulo, ITCHY, Tristan Brusch und Kapelle Petra best\u00e4tigt das ZMF f\u00fcnf weitere Acts, die das diesj\u00e4hrige Line-Up um einige Genres vervielf\u00e4ltigen.\" \/>\n<meta property=\"og:url\" content=\"https:\/\/www.szenik.eu\/de\/poesie-punkrock-attituede-beim-zmf-2026-77304\" \/>\n<meta property=\"og:site_name\" content=\"szenik\" \/>\n<meta property=\"article:publisher\" content=\"https:\/\/www.facebook.com\/szenik.eu\/\" \/>\n<meta property=\"article:published_time\" content=\"2026-03-10T15:40:54+00:00\" \/>\n<meta property=\"article:modified_time\" content=\"2026-03-10T15:40:57+00:00\" \/>\n<meta property=\"og:image\" content=\"https:\/\/www.szenik.eu\/wp-content\/uploads\/2026\/03\/ITCHY_c_Dominik-Drossart.png\" \/>\n\t<meta property=\"og:image:width\" content=\"1000\" \/>\n\t<meta property=\"og:image:height\" content=\"660\" \/>\n\t<meta property=\"og:image:type\" content=\"image\/png\" \/>\n<meta name=\"author\" content=\"sarahk\" \/>\n<meta name=\"twitter:card\" content=\"summary_large_image\" \/>\n<meta name=\"twitter:creator\" content=\"@Szenik\" \/>\n<meta name=\"twitter:site\" content=\"@Szenik\" \/>\n<meta name=\"twitter:label1\" content=\"Verfasst von\" \/>\n\t<meta name=\"twitter:data1\" content=\"sarahk\" \/>\n\t<meta name=\"twitter:label2\" content=\"Gesch\u00e4tzte Lesezeit\" \/>\n\t<meta name=\"twitter:data2\" content=\"3\u00a0Minuten\" \/>\n<script type=\"application\/ld+json\" class=\"yoast-schema-graph\">{\"@context\":\"https:\/\/schema.org\",\"@graph\":[{\"@type\":\"Article\",\"@id\":\"https:\/\/www.szenik.eu\/de\/poesie-punkrock-attituede-beim-zmf-2026-77304#article\",\"isPartOf\":{\"@id\":\"https:\/\/www.szenik.eu\/de\/poesie-punkrock-attituede-beim-zmf-2026-77304\"},\"author\":{\"name\":\"sarahk\",\"@id\":\"https:\/\/www.szenik.eu\/de\/#\/schema\/person\/81e9d00e9b1306e18e10ca1e4bed6465\"},\"headline\":\"Poesie &amp; Punkrock-Attit\u00fcde beim ZMF 2026\",\"datePublished\":\"2026-03-10T15:40:54+00:00\",\"dateModified\":\"2026-03-10T15:40:57+00:00\",\"mainEntityOfPage\":{\"@id\":\"https:\/\/www.szenik.eu\/de\/poesie-punkrock-attituede-beim-zmf-2026-77304\"},\"wordCount\":407,\"commentCount\":0,\"publisher\":{\"@id\":\"https:\/\/www.szenik.eu\/de\/#organization\"},\"articleSection\":[\"Kurz &amp; knackig\"],\"inLanguage\":\"de\",\"potentialAction\":[{\"@type\":\"CommentAction\",\"name\":\"Comment\",\"target\":[\"https:\/\/www.szenik.eu\/de\/poesie-punkrock-attituede-beim-zmf-2026-77304#respond\"]}]},{\"@type\":\"WebPage\",\"@id\":\"https:\/\/www.szenik.eu\/de\/poesie-punkrock-attituede-beim-zmf-2026-77304\",\"url\":\"https:\/\/www.szenik.eu\/de\/poesie-punkrock-attituede-beim-zmf-2026-77304\",\"name\":\"Poesie &amp; Punkrock-Attit\u00fcde beim ZMF 2026 | szenik\",\"isPartOf\":{\"@id\":\"https:\/\/www.szenik.eu\/de\/#website\"},\"datePublished\":\"2026-03-10T15:40:54+00:00\",\"dateModified\":\"2026-03-10T15:40:57+00:00\",\"description\":\"Das Programm des 42. Zelt-Musik-Festivals (ZMF) ist fast vollst\u00e4ndig. Mit DOTA, Lara Hulo, ITCHY, Tristan Brusch und Kapelle Petra best\u00e4tigt das ZMF f\u00fcnf weitere Acts, die das diesj\u00e4hrige Line-Up um einige Genres vervielf\u00e4ltigen.\",\"breadcrumb\":{\"@id\":\"https:\/\/www.szenik.eu\/de\/poesie-punkrock-attituede-beim-zmf-2026-77304#breadcrumb\"},\"inLanguage\":\"de\",\"potentialAction\":[{\"@type\":\"ReadAction\",\"target\":[\"https:\/\/www.szenik.eu\/de\/poesie-punkrock-attituede-beim-zmf-2026-77304\"]}]},{\"@type\":\"BreadcrumbList\",\"@id\":\"https:\/\/www.szenik.eu\/de\/poesie-punkrock-attituede-beim-zmf-2026-77304#breadcrumb\",\"itemListElement\":[{\"@type\":\"ListItem\",\"position\":1,\"name\":\"Home\",\"item\":\"https:\/\/www.szenik.eu\/de\"},{\"@type\":\"ListItem\",\"position\":2,\"name\":\"Poesie &amp; Punkrock-Attit\u00fcde beim ZMF 2026\"}]},{\"@type\":\"WebSite\",\"@id\":\"https:\/\/www.szenik.eu\/de\/#website\",\"url\":\"https:\/\/www.szenik.eu\/de\/\",\"name\":\"szenik\",\"description\":\"Le Meilleur des sc\u00e8nes au coeur de l&#039;Europe\",\"publisher\":{\"@id\":\"https:\/\/www.szenik.eu\/de\/#organization\"},\"potentialAction\":[{\"@type\":\"SearchAction\",\"target\":{\"@type\":\"EntryPoint\",\"urlTemplate\":\"https:\/\/www.szenik.eu\/de\/?s={search_term_string}\"},\"query-input\":\"required name=search_term_string\"}],\"inLanguage\":\"de\"},{\"@type\":\"Organization\",\"@id\":\"https:\/\/www.szenik.eu\/de\/#organization\",\"name\":\"Szenik\",\"url\":\"https:\/\/www.szenik.eu\/de\/\",\"logo\":{\"@type\":\"ImageObject\",\"inLanguage\":\"de\",\"@id\":\"https:\/\/www.szenik.eu\/de\/#\/schema\/logo\/image\/\",\"url\":\"https:\/\/www.szenik.eu\/wp-content\/uploads\/2019\/07\/logo-square.png\",\"contentUrl\":\"https:\/\/www.szenik.eu\/wp-content\/uploads\/2019\/07\/logo-square.png\",\"width\":512,\"height\":512,\"caption\":\"Szenik\"},\"image\":{\"@id\":\"https:\/\/www.szenik.eu\/de\/#\/schema\/logo\/image\/\"},\"sameAs\":[\"https:\/\/www.facebook.com\/szenik.eu\/\",\"https:\/\/twitter.com\/Szenik\",\"https:\/\/www.instagram.com\/szenik_magazine\/\",\"https:\/\/www.youtube.com\/user\/SzenikEU\/\"]},{\"@type\":\"Person\",\"@id\":\"https:\/\/www.szenik.eu\/de\/#\/schema\/person\/81e9d00e9b1306e18e10ca1e4bed6465\",\"name\":\"sarahk\",\"image\":{\"@type\":\"ImageObject\",\"inLanguage\":\"de\",\"@id\":\"https:\/\/www.szenik.eu\/de\/#\/schema\/person\/image\/\",\"url\":\"https:\/\/secure.gravatar.com\/avatar\/1e5f6f691c4a068f4814bda15b8400ca?s=96&d=mm&r=g\",\"contentUrl\":\"https:\/\/secure.gravatar.com\/avatar\/1e5f6f691c4a068f4814bda15b8400ca?s=96&d=mm&r=g\",\"caption\":\"sarahk\"}}]}<\/script>\n<!-- \/ Yoast SEO plugin. -->","yoast_head_json":{"title":"Poesie &amp; Punkrock-Attit\u00fcde beim ZMF 2026 | szenik","description":"Das Programm des 42. Zelt-Musik-Festivals (ZMF) ist fast vollst\u00e4ndig. Mit DOTA, Lara Hulo, ITCHY, Tristan Brusch und Kapelle Petra best\u00e4tigt das ZMF f\u00fcnf weitere Acts, die das diesj\u00e4hrige Line-Up um einige Genres vervielf\u00e4ltigen.","robots":{"index":"index","follow":"follow","max-snippet":"max-snippet:-1","max-image-preview":"max-image-preview:large","max-video-preview":"max-video-preview:-1"},"canonical":"https:\/\/www.szenik.eu\/de\/poesie-punkrock-attituede-beim-zmf-2026-77304","og_locale":"de_DE","og_type":"article","og_title":"Poesie &amp; Punkrock-Attit\u00fcde beim ZMF 2026 | szenik","og_description":"Das Programm des 42. Zelt-Musik-Festivals (ZMF) ist fast vollst\u00e4ndig. Mit DOTA, Lara Hulo, ITCHY, Tristan Brusch und Kapelle Petra best\u00e4tigt das ZMF f\u00fcnf weitere Acts, die das diesj\u00e4hrige Line-Up um einige Genres vervielf\u00e4ltigen.","og_url":"https:\/\/www.szenik.eu\/de\/poesie-punkrock-attituede-beim-zmf-2026-77304","og_site_name":"szenik","article_publisher":"https:\/\/www.facebook.com\/szenik.eu\/","article_published_time":"2026-03-10T15:40:54+00:00","article_modified_time":"2026-03-10T15:40:57+00:00","og_image":[{"width":1000,"height":660,"url":"https:\/\/www.szenik.eu\/wp-content\/uploads\/2026\/03\/ITCHY_c_Dominik-Drossart.png","type":"image\/png"}],"author":"sarahk","twitter_card":"summary_large_image","twitter_creator":"@Szenik","twitter_site":"@Szenik","twitter_misc":{"Verfasst von":"sarahk","Gesch\u00e4tzte Lesezeit":"3\u00a0Minuten"},"schema":{"@context":"https:\/\/schema.org","@graph":[{"@type":"Article","@id":"https:\/\/www.szenik.eu\/de\/poesie-punkrock-attituede-beim-zmf-2026-77304#article","isPartOf":{"@id":"https:\/\/www.szenik.eu\/de\/poesie-punkrock-attituede-beim-zmf-2026-77304"},"author":{"name":"sarahk","@id":"https:\/\/www.szenik.eu\/de\/#\/schema\/person\/81e9d00e9b1306e18e10ca1e4bed6465"},"headline":"Poesie &amp; Punkrock-Attit\u00fcde beim ZMF 2026","datePublished":"2026-03-10T15:40:54+00:00","dateModified":"2026-03-10T15:40:57+00:00","mainEntityOfPage":{"@id":"https:\/\/www.szenik.eu\/de\/poesie-punkrock-attituede-beim-zmf-2026-77304"},"wordCount":407,"commentCount":0,"publisher":{"@id":"https:\/\/www.szenik.eu\/de\/#organization"},"articleSection":["Kurz &amp; knackig"],"inLanguage":"de","potentialAction":[{"@type":"CommentAction","name":"Comment","target":["https:\/\/www.szenik.eu\/de\/poesie-punkrock-attituede-beim-zmf-2026-77304#respond"]}]},{"@type":"WebPage","@id":"https:\/\/www.szenik.eu\/de\/poesie-punkrock-attituede-beim-zmf-2026-77304","url":"https:\/\/www.szenik.eu\/de\/poesie-punkrock-attituede-beim-zmf-2026-77304","name":"Poesie &amp; Punkrock-Attit\u00fcde beim ZMF 2026 | szenik","isPartOf":{"@id":"https:\/\/www.szenik.eu\/de\/#website"},"datePublished":"2026-03-10T15:40:54+00:00","dateModified":"2026-03-10T15:40:57+00:00","description":"Das Programm des 42. Zelt-Musik-Festivals (ZMF) ist fast vollst\u00e4ndig. Mit DOTA, Lara Hulo, ITCHY, Tristan Brusch und Kapelle Petra best\u00e4tigt das ZMF f\u00fcnf weitere Acts, die das diesj\u00e4hrige Line-Up um einige Genres vervielf\u00e4ltigen.","breadcrumb":{"@id":"https:\/\/www.szenik.eu\/de\/poesie-punkrock-attituede-beim-zmf-2026-77304#breadcrumb"},"inLanguage":"de","potentialAction":[{"@type":"ReadAction","target":["https:\/\/www.szenik.eu\/de\/poesie-punkrock-attituede-beim-zmf-2026-77304"]}]},{"@type":"BreadcrumbList","@id":"https:\/\/www.szenik.eu\/de\/poesie-punkrock-attituede-beim-zmf-2026-77304#breadcrumb","itemListElement":[{"@type":"ListItem","position":1,"name":"Home","item":"https:\/\/www.szenik.eu\/de"},{"@type":"ListItem","position":2,"name":"Poesie &amp; Punkrock-Attit\u00fcde beim ZMF 2026"}]},{"@type":"WebSite","@id":"https:\/\/www.szenik.eu\/de\/#website","url":"https:\/\/www.szenik.eu\/de\/","name":"szenik","description":"Le Meilleur des sc\u00e8nes au coeur de l&#039;Europe","publisher":{"@id":"https:\/\/www.szenik.eu\/de\/#organization"},"potentialAction":[{"@type":"SearchAction","target":{"@type":"EntryPoint","urlTemplate":"https:\/\/www.szenik.eu\/de\/?s={search_term_string}"},"query-input":"required name=search_term_string"}],"inLanguage":"de"},{"@type":"Organization","@id":"https:\/\/www.szenik.eu\/de\/#organization","name":"Szenik","url":"https:\/\/www.szenik.eu\/de\/","logo":{"@type":"ImageObject","inLanguage":"de","@id":"https:\/\/www.szenik.eu\/de\/#\/schema\/logo\/image\/","url":"https:\/\/www.szenik.eu\/wp-content\/uploads\/2019\/07\/logo-square.png","contentUrl":"https:\/\/www.szenik.eu\/wp-content\/uploads\/2019\/07\/logo-square.png","width":512,"height":512,"caption":"Szenik"},"image":{"@id":"https:\/\/www.szenik.eu\/de\/#\/schema\/logo\/image\/"},"sameAs":["https:\/\/www.facebook.com\/szenik.eu\/","https:\/\/twitter.com\/Szenik","https:\/\/www.instagram.com\/szenik_magazine\/","https:\/\/www.youtube.com\/user\/SzenikEU\/"]},{"@type":"Person","@id":"https:\/\/www.szenik.eu\/de\/#\/schema\/person\/81e9d00e9b1306e18e10ca1e4bed6465","name":"sarahk","image":{"@type":"ImageObject","inLanguage":"de","@id":"https:\/\/www.szenik.eu\/de\/#\/schema\/person\/image\/","url":"https:\/\/secure.gravatar.com\/avatar\/1e5f6f691c4a068f4814bda15b8400ca?s=96&d=mm&r=g","contentUrl":"https:\/\/secure.gravatar.com\/avatar\/1e5f6f691c4a068f4814bda15b8400ca?s=96&d=mm&r=g","caption":"sarahk"}}]}},"jetpack_featured_media_url":"https:\/\/www.szenik.eu\/wp-content\/uploads\/2026\/03\/ITCHY_c_Dominik-Drossart.png","amp_enabled":true,"_links":{"self":[{"href":"https:\/\/www.szenik.eu\/de\/wp-json\/\/wp\/v2\/posts\/77304"}],"collection":[{"href":"https:\/\/www.szenik.eu\/de\/wp-json\/\/wp\/v2\/posts"}],"about":[{"href":"https:\/\/www.szenik.eu\/de\/wp-json\/\/wp\/v2\/types\/post"}],"author":[{"embeddable":true,"href":"https:\/\/www.szenik.eu\/de\/wp-json\/\/wp\/v2\/users\/1680"}],"replies":[{"embeddable":true,"href":"https:\/\/www.szenik.eu\/de\/wp-json\/\/wp\/v2\/comments?post=77304"}],"version-history":[{"count":1,"href":"https:\/\/www.szenik.eu\/de\/wp-json\/\/wp\/v2\/posts\/77304\/revisions"}],"predecessor-version":[{"id":77309,"href":"https:\/\/www.szenik.eu\/de\/wp-json\/\/wp\/v2\/posts\/77304\/revisions\/77309"}],"wp:featuredmedia":[{"embeddable":true,"href":"https:\/\/www.szenik.eu\/de\/wp-json\/\/wp\/v2\/media\/77307"}],"wp:attachment":[{"href":"https:\/\/www.szenik.eu\/de\/wp-json\/\/wp\/v2\/media?parent=77304"}],"wp:term":[{"taxonomy":"category","embeddable":true,"href":"https:\/\/www.szenik.eu\/de\/wp-json\/\/wp\/v2\/categories?post=77304"},{"taxonomy":"post_tag","embeddable":true,"href":"https:\/\/www.szenik.eu\/de\/wp-json\/\/wp\/v2\/tags?post=77304"}],"curies":[{"name":"wp","href":"https:\/\/api.w.org\/{rel}","templated":true}]}}