{"id":76556,"date":"2026-01-16T13:41:42","date_gmt":"2026-01-16T12:41:42","guid":{"rendered":"https:\/\/www.szenik.eu\/?p=76556\/"},"modified":"2026-01-16T13:41:45","modified_gmt":"2026-01-16T12:41:45","slug":"haendel-festspiele-karlsruhe-farinelli-gala-in-einer-nacht-der-countertenoere-anstelle-des-2-farinelli-wettbewerbs-am-2-maerz","status":"publish","type":"post","link":"https:\/\/www.szenik.eu\/de\/haendel-festspiele-karlsruhe-farinelli-gala-in-einer-nacht-der-countertenoere-anstelle-des-2-farinelli-wettbewerbs-am-2-maerz-76556","title":{"rendered":"<strong>H\u00e4ndel-Festspiele Karlsruhe:\u00a0<em>Farinelli-Gala<\/em>\u00a0in einer Nacht der Counterten\u00f6re anstelle des\u00a0<em>2. Farinelli-Wettbewerbs<\/em>\u00a0am 2. M\u00e4rz<\/strong>"},"content":{"rendered":"\n<p>Mit gro\u00dfem Bedauern m\u00fcssen wir mitteilen, dass der 2. Internationale&nbsp;<em>Farinelli-Wettbewerb<\/em>&nbsp;in diesem Jahr nicht stattfindet: \u201eDie geringe Zahl an qualifizierten Bewerbungen l\u00e4sst das Niveau vermissen, das notwendig w\u00e4re, um den gro\u00dfen Erfolg des 1. Wettbewerbs auch nur ann\u00e4hernd fortsetzen zu k\u00f6nnen. Wir planen deshalb die zweite Ausgabe f\u00fcr die Jubil\u00e4umsfestspiele 2028 und hoffen bis dahin auf weiteren Nachwuchs in diesem Stimmfach\u201c, so Christoph von Bernuth, der K\u00fcnstlerische Leiter der H\u00e4ndel-Festspiele und Begr\u00fcnder des Wettbewerbs.&nbsp;<\/p>\n\n\n\n<p>Da das Publikum bereits im Vorfeld gro\u00dfes Interesse an einem besonderen Event rund um den Countergesang zeigte, pr\u00e4sentieren wir am 2. M\u00e4rz statt des&nbsp;<em>Gro\u00dfen Finales<\/em>&nbsp;nun ein ganz besonderes Konzert im Festspielprogramm: eine hochkar\u00e4tig besetzte&nbsp;<strong><em>Farinelli-Gala \u2013 Die Nacht der Counterten\u00f6re<\/em><\/strong>, die Farinellis Welt auf besondere Weise huldigt und von Preistr\u00e4gern des 1. Farinelli-Wettbewerbs sowie Protagonisten der diesj\u00e4hrigen H\u00e4ndel-Opern gemeinsam bestritten wird: Dennis Orellana (Gewinner des 1. Farinelli-Wettbewerbs, Meleagro in&nbsp;<em>Atalanta<\/em>), R\u00e9my Br\u00e8s-Feuillet (Gewinner des 2. Preises und des Sonderpreises f\u00fcr Neue Musik), Lidor Ram Mesika (Gewinner des Nachwuchspreises und Oberon in&nbsp;<em>A Midsummer Night\u2018s Dream<\/em>), Christophe Dumaux (Tamerlano), Lawrence Zazzo (Rinaldo).<\/p>\n\n\n\n<p>Solistisch, im Duett oder alle zusammen, in h\u00f6chsten Koloraturen oder anr\u00fchrendem Lamento pr\u00e4sentieren sie darin die Highlights ihres barocken Repertoires. Und es ist nicht auszuschlie\u00dfen, dass es dabei wie zu H\u00e4ndels Zeiten auch zu manch einer Gesangs-Battle kommt \u2026&nbsp;<\/p>\n\n\n\n<p>Es begleitet das Karlsruher Barockorchester unter der Leitung von Luca Quintavalle.<\/p>\n\n\n\n<p>Bereits erworbene Tickets f\u00fcr den 2. M\u00e4rz im Gro\u00dfen Haus behalten ihre G\u00fcltigkeit.<\/p>\n\n\n\n<p>Das f\u00fcr Samstag, den 28. Februar 2026 im Kleinen Haus vorgesehene Wettbewerbskonzert f\u00fcr den&nbsp;<em>Sonderpreis Neue Musik<\/em>&nbsp;muss leider ersatzlos entfallen. Bereits erworbene Tickets f\u00fcr die Veranstaltung werden automatisch storniert und in einen virtuellen Gutschein umgewandelt.<\/p>\n\n\n\n<p>Der\u00a0<em>H\u00e4ndel-Brunch<\/em>\u00a0am 28. Februar 2026 mit Festspielteam und G\u00e4sten findet wie geplant statt.<\/p>\n\n\n\n<p><strong><a href=\"https:\/\/www.staatstheater-karlsruhe.de\/\">staatstheater-karlsruhe.de<\/a><\/strong><\/p>\n","protected":false},"excerpt":{"rendered":"<p>Mit gro\u00dfem Bedauern m\u00fcssen wir mitteilen, dass der 2. Internationale&nbsp;Farinelli-Wettbewerb&nbsp;in diesem Jahr nicht stattfindet: \u201eDie geringe Zahl an qualifizierten Bewerbungen l\u00e4sst das Niveau vermissen, das notwendig w\u00e4re, um den gro\u00dfen Erfolg des 1. Wettbewerbs auch nur ann\u00e4hernd fortsetzen zu k\u00f6nnen. Wir planen deshalb die zweite Ausgabe f\u00fcr die Jubil\u00e4umsfestspiele 2028 und hoffen bis dahin auf [&hellip;]<\/p>\n","protected":false},"author":1680,"featured_media":76557,"comment_status":"open","ping_status":"open","sticky":false,"template":"","format":"standard","meta":{"_monsterinsights_skip_tracking":false,"_monsterinsights_sitenote_active":false,"_monsterinsights_sitenote_note":"","_monsterinsights_sitenote_category":0},"categories":[2815],"tags":[],"yoast_head":"<!-- This site is optimized with the Yoast SEO plugin v20.5 - https:\/\/yoast.com\/wordpress\/plugins\/seo\/ -->\n<title>H\u00e4ndel-Festspiele Karlsruhe:\u00a0Farinelli-Gala\u00a0in einer Nacht der Counterten\u00f6re anstelle des\u00a02. Farinelli-Wettbewerbs\u00a0am 2. M\u00e4rz | szenik<\/title>\n<meta name=\"description\" content=\"Mit gro\u00dfem Bedauern m\u00fcssen wir mitteilen, dass der 2. Internationale\u00a0Farinelli-Wettbewerb\u00a0in diesem Jahr nicht stattfindet: \u201eDie geringe Zahl an qualifizierten Bewerbungen l\u00e4sst das Niveau vermissen, das notwendig w\u00e4re, um den gro\u00dfen Erfolg des 1. Wettbewerbs auch nur ann\u00e4hernd fortsetzen zu k\u00f6nnen.\" \/>\n<meta name=\"robots\" content=\"index, follow, max-snippet:-1, max-image-preview:large, max-video-preview:-1\" \/>\n<link rel=\"canonical\" href=\"https:\/\/www.szenik.eu\/de\/haendel-festspiele-karlsruhe-farinelli-gala-in-einer-nacht-der-countertenoere-anstelle-des-2-farinelli-wettbewerbs-am-2-maerz-76556\" \/>\n<meta property=\"og:locale\" content=\"de_DE\" \/>\n<meta property=\"og:type\" content=\"article\" \/>\n<meta property=\"og:title\" content=\"H\u00e4ndel-Festspiele Karlsruhe:\u00a0Farinelli-Gala\u00a0in einer Nacht der Counterten\u00f6re anstelle des\u00a02. Farinelli-Wettbewerbs\u00a0am 2. M\u00e4rz | szenik\" \/>\n<meta property=\"og:description\" content=\"Mit gro\u00dfem Bedauern m\u00fcssen wir mitteilen, dass der 2. Internationale\u00a0Farinelli-Wettbewerb\u00a0in diesem Jahr nicht stattfindet: \u201eDie geringe Zahl an qualifizierten Bewerbungen l\u00e4sst das Niveau vermissen, das notwendig w\u00e4re, um den gro\u00dfen Erfolg des 1. Wettbewerbs auch nur ann\u00e4hernd fortsetzen zu k\u00f6nnen.\" \/>\n<meta property=\"og:url\" content=\"https:\/\/www.szenik.eu\/de\/haendel-festspiele-karlsruhe-farinelli-gala-in-einer-nacht-der-countertenoere-anstelle-des-2-farinelli-wettbewerbs-am-2-maerz-76556\" \/>\n<meta property=\"og:site_name\" content=\"szenik\" \/>\n<meta property=\"article:publisher\" content=\"https:\/\/www.facebook.com\/szenik.eu\/\" \/>\n<meta property=\"article:published_time\" content=\"2026-01-16T12:41:42+00:00\" \/>\n<meta property=\"article:modified_time\" content=\"2026-01-16T12:41:45+00:00\" \/>\n<meta property=\"og:image\" content=\"https:\/\/www.szenik.eu\/wp-content\/uploads\/2026\/01\/bsk_2025_26_stueckinfo_haendel_696a26923bab90.02107598.jpg\" \/>\n\t<meta property=\"og:image:width\" content=\"810\" \/>\n\t<meta property=\"og:image:height\" content=\"540\" \/>\n\t<meta property=\"og:image:type\" content=\"image\/jpeg\" \/>\n<meta name=\"author\" content=\"sarahk\" \/>\n<meta name=\"twitter:card\" content=\"summary_large_image\" \/>\n<meta name=\"twitter:creator\" content=\"@Szenik\" \/>\n<meta name=\"twitter:site\" content=\"@Szenik\" \/>\n<meta name=\"twitter:label1\" content=\"Verfasst von\" \/>\n\t<meta name=\"twitter:data1\" content=\"sarahk\" \/>\n\t<meta name=\"twitter:label2\" content=\"Gesch\u00e4tzte Lesezeit\" \/>\n\t<meta name=\"twitter:data2\" content=\"2\u00a0Minuten\" \/>\n<script type=\"application\/ld+json\" class=\"yoast-schema-graph\">{\"@context\":\"https:\/\/schema.org\",\"@graph\":[{\"@type\":\"Article\",\"@id\":\"https:\/\/www.szenik.eu\/de\/haendel-festspiele-karlsruhe-farinelli-gala-in-einer-nacht-der-countertenoere-anstelle-des-2-farinelli-wettbewerbs-am-2-maerz-76556#article\",\"isPartOf\":{\"@id\":\"https:\/\/www.szenik.eu\/de\/haendel-festspiele-karlsruhe-farinelli-gala-in-einer-nacht-der-countertenoere-anstelle-des-2-farinelli-wettbewerbs-am-2-maerz-76556\"},\"author\":{\"name\":\"sarahk\",\"@id\":\"https:\/\/www.szenik.eu\/de\/#\/schema\/person\/81e9d00e9b1306e18e10ca1e4bed6465\"},\"headline\":\"H\u00e4ndel-Festspiele Karlsruhe:\u00a0Farinelli-Gala\u00a0in einer Nacht der Counterten\u00f6re anstelle des\u00a02. Farinelli-Wettbewerbs\u00a0am 2. M\u00e4rz\",\"datePublished\":\"2026-01-16T12:41:42+00:00\",\"dateModified\":\"2026-01-16T12:41:45+00:00\",\"mainEntityOfPage\":{\"@id\":\"https:\/\/www.szenik.eu\/de\/haendel-festspiele-karlsruhe-farinelli-gala-in-einer-nacht-der-countertenoere-anstelle-des-2-farinelli-wettbewerbs-am-2-maerz-76556\"},\"wordCount\":345,\"commentCount\":0,\"publisher\":{\"@id\":\"https:\/\/www.szenik.eu\/de\/#organization\"},\"articleSection\":[\"Kurz &amp; knackig\"],\"inLanguage\":\"de\",\"potentialAction\":[{\"@type\":\"CommentAction\",\"name\":\"Comment\",\"target\":[\"https:\/\/www.szenik.eu\/de\/haendel-festspiele-karlsruhe-farinelli-gala-in-einer-nacht-der-countertenoere-anstelle-des-2-farinelli-wettbewerbs-am-2-maerz-76556#respond\"]}]},{\"@type\":\"WebPage\",\"@id\":\"https:\/\/www.szenik.eu\/de\/haendel-festspiele-karlsruhe-farinelli-gala-in-einer-nacht-der-countertenoere-anstelle-des-2-farinelli-wettbewerbs-am-2-maerz-76556\",\"url\":\"https:\/\/www.szenik.eu\/de\/haendel-festspiele-karlsruhe-farinelli-gala-in-einer-nacht-der-countertenoere-anstelle-des-2-farinelli-wettbewerbs-am-2-maerz-76556\",\"name\":\"H\u00e4ndel-Festspiele Karlsruhe:\u00a0Farinelli-Gala\u00a0in einer Nacht der Counterten\u00f6re anstelle des\u00a02. Farinelli-Wettbewerbs\u00a0am 2. M\u00e4rz | szenik\",\"isPartOf\":{\"@id\":\"https:\/\/www.szenik.eu\/de\/#website\"},\"datePublished\":\"2026-01-16T12:41:42+00:00\",\"dateModified\":\"2026-01-16T12:41:45+00:00\",\"description\":\"Mit gro\u00dfem Bedauern m\u00fcssen wir mitteilen, dass der 2. Internationale\u00a0Farinelli-Wettbewerb\u00a0in diesem Jahr nicht stattfindet: \u201eDie geringe Zahl an qualifizierten Bewerbungen l\u00e4sst das Niveau vermissen, das notwendig w\u00e4re, um den gro\u00dfen Erfolg des 1. Wettbewerbs auch nur ann\u00e4hernd fortsetzen zu k\u00f6nnen.\",\"breadcrumb\":{\"@id\":\"https:\/\/www.szenik.eu\/de\/haendel-festspiele-karlsruhe-farinelli-gala-in-einer-nacht-der-countertenoere-anstelle-des-2-farinelli-wettbewerbs-am-2-maerz-76556#breadcrumb\"},\"inLanguage\":\"de\",\"potentialAction\":[{\"@type\":\"ReadAction\",\"target\":[\"https:\/\/www.szenik.eu\/de\/haendel-festspiele-karlsruhe-farinelli-gala-in-einer-nacht-der-countertenoere-anstelle-des-2-farinelli-wettbewerbs-am-2-maerz-76556\"]}]},{\"@type\":\"BreadcrumbList\",\"@id\":\"https:\/\/www.szenik.eu\/de\/haendel-festspiele-karlsruhe-farinelli-gala-in-einer-nacht-der-countertenoere-anstelle-des-2-farinelli-wettbewerbs-am-2-maerz-76556#breadcrumb\",\"itemListElement\":[{\"@type\":\"ListItem\",\"position\":1,\"name\":\"Home\",\"item\":\"https:\/\/www.szenik.eu\/de\"},{\"@type\":\"ListItem\",\"position\":2,\"name\":\"H\u00e4ndel-Festspiele Karlsruhe:\u00a0Farinelli-Gala\u00a0in einer Nacht der Counterten\u00f6re anstelle des\u00a02. Farinelli-Wettbewerbs\u00a0am 2. M\u00e4rz\"}]},{\"@type\":\"WebSite\",\"@id\":\"https:\/\/www.szenik.eu\/de\/#website\",\"url\":\"https:\/\/www.szenik.eu\/de\/\",\"name\":\"szenik\",\"description\":\"Le Meilleur des sc\u00e8nes au coeur de l&#039;Europe\",\"publisher\":{\"@id\":\"https:\/\/www.szenik.eu\/de\/#organization\"},\"potentialAction\":[{\"@type\":\"SearchAction\",\"target\":{\"@type\":\"EntryPoint\",\"urlTemplate\":\"https:\/\/www.szenik.eu\/de\/?s={search_term_string}\"},\"query-input\":\"required name=search_term_string\"}],\"inLanguage\":\"de\"},{\"@type\":\"Organization\",\"@id\":\"https:\/\/www.szenik.eu\/de\/#organization\",\"name\":\"Szenik\",\"url\":\"https:\/\/www.szenik.eu\/de\/\",\"logo\":{\"@type\":\"ImageObject\",\"inLanguage\":\"de\",\"@id\":\"https:\/\/www.szenik.eu\/de\/#\/schema\/logo\/image\/\",\"url\":\"https:\/\/www.szenik.eu\/wp-content\/uploads\/2019\/07\/logo-square.png\",\"contentUrl\":\"https:\/\/www.szenik.eu\/wp-content\/uploads\/2019\/07\/logo-square.png\",\"width\":512,\"height\":512,\"caption\":\"Szenik\"},\"image\":{\"@id\":\"https:\/\/www.szenik.eu\/de\/#\/schema\/logo\/image\/\"},\"sameAs\":[\"https:\/\/www.facebook.com\/szenik.eu\/\",\"https:\/\/twitter.com\/Szenik\",\"https:\/\/www.instagram.com\/szenik_magazine\/\",\"https:\/\/www.youtube.com\/user\/SzenikEU\/\"]},{\"@type\":\"Person\",\"@id\":\"https:\/\/www.szenik.eu\/de\/#\/schema\/person\/81e9d00e9b1306e18e10ca1e4bed6465\",\"name\":\"sarahk\",\"image\":{\"@type\":\"ImageObject\",\"inLanguage\":\"de\",\"@id\":\"https:\/\/www.szenik.eu\/de\/#\/schema\/person\/image\/\",\"url\":\"https:\/\/secure.gravatar.com\/avatar\/1e5f6f691c4a068f4814bda15b8400ca?s=96&d=mm&r=g\",\"contentUrl\":\"https:\/\/secure.gravatar.com\/avatar\/1e5f6f691c4a068f4814bda15b8400ca?s=96&d=mm&r=g\",\"caption\":\"sarahk\"}}]}<\/script>\n<!-- \/ Yoast SEO plugin. -->","yoast_head_json":{"title":"H\u00e4ndel-Festspiele Karlsruhe:\u00a0Farinelli-Gala\u00a0in einer Nacht der Counterten\u00f6re anstelle des\u00a02. Farinelli-Wettbewerbs\u00a0am 2. M\u00e4rz | szenik","description":"Mit gro\u00dfem Bedauern m\u00fcssen wir mitteilen, dass der 2. Internationale\u00a0Farinelli-Wettbewerb\u00a0in diesem Jahr nicht stattfindet: \u201eDie geringe Zahl an qualifizierten Bewerbungen l\u00e4sst das Niveau vermissen, das notwendig w\u00e4re, um den gro\u00dfen Erfolg des 1. Wettbewerbs auch nur ann\u00e4hernd fortsetzen zu k\u00f6nnen.","robots":{"index":"index","follow":"follow","max-snippet":"max-snippet:-1","max-image-preview":"max-image-preview:large","max-video-preview":"max-video-preview:-1"},"canonical":"https:\/\/www.szenik.eu\/de\/haendel-festspiele-karlsruhe-farinelli-gala-in-einer-nacht-der-countertenoere-anstelle-des-2-farinelli-wettbewerbs-am-2-maerz-76556","og_locale":"de_DE","og_type":"article","og_title":"H\u00e4ndel-Festspiele Karlsruhe:\u00a0Farinelli-Gala\u00a0in einer Nacht der Counterten\u00f6re anstelle des\u00a02. Farinelli-Wettbewerbs\u00a0am 2. M\u00e4rz | szenik","og_description":"Mit gro\u00dfem Bedauern m\u00fcssen wir mitteilen, dass der 2. Internationale\u00a0Farinelli-Wettbewerb\u00a0in diesem Jahr nicht stattfindet: \u201eDie geringe Zahl an qualifizierten Bewerbungen l\u00e4sst das Niveau vermissen, das notwendig w\u00e4re, um den gro\u00dfen Erfolg des 1. Wettbewerbs auch nur ann\u00e4hernd fortsetzen zu k\u00f6nnen.","og_url":"https:\/\/www.szenik.eu\/de\/haendel-festspiele-karlsruhe-farinelli-gala-in-einer-nacht-der-countertenoere-anstelle-des-2-farinelli-wettbewerbs-am-2-maerz-76556","og_site_name":"szenik","article_publisher":"https:\/\/www.facebook.com\/szenik.eu\/","article_published_time":"2026-01-16T12:41:42+00:00","article_modified_time":"2026-01-16T12:41:45+00:00","og_image":[{"width":810,"height":540,"url":"https:\/\/www.szenik.eu\/wp-content\/uploads\/2026\/01\/bsk_2025_26_stueckinfo_haendel_696a26923bab90.02107598.jpg","type":"image\/jpeg"}],"author":"sarahk","twitter_card":"summary_large_image","twitter_creator":"@Szenik","twitter_site":"@Szenik","twitter_misc":{"Verfasst von":"sarahk","Gesch\u00e4tzte Lesezeit":"2\u00a0Minuten"},"schema":{"@context":"https:\/\/schema.org","@graph":[{"@type":"Article","@id":"https:\/\/www.szenik.eu\/de\/haendel-festspiele-karlsruhe-farinelli-gala-in-einer-nacht-der-countertenoere-anstelle-des-2-farinelli-wettbewerbs-am-2-maerz-76556#article","isPartOf":{"@id":"https:\/\/www.szenik.eu\/de\/haendel-festspiele-karlsruhe-farinelli-gala-in-einer-nacht-der-countertenoere-anstelle-des-2-farinelli-wettbewerbs-am-2-maerz-76556"},"author":{"name":"sarahk","@id":"https:\/\/www.szenik.eu\/de\/#\/schema\/person\/81e9d00e9b1306e18e10ca1e4bed6465"},"headline":"H\u00e4ndel-Festspiele Karlsruhe:\u00a0Farinelli-Gala\u00a0in einer Nacht der Counterten\u00f6re anstelle des\u00a02. Farinelli-Wettbewerbs\u00a0am 2. M\u00e4rz","datePublished":"2026-01-16T12:41:42+00:00","dateModified":"2026-01-16T12:41:45+00:00","mainEntityOfPage":{"@id":"https:\/\/www.szenik.eu\/de\/haendel-festspiele-karlsruhe-farinelli-gala-in-einer-nacht-der-countertenoere-anstelle-des-2-farinelli-wettbewerbs-am-2-maerz-76556"},"wordCount":345,"commentCount":0,"publisher":{"@id":"https:\/\/www.szenik.eu\/de\/#organization"},"articleSection":["Kurz &amp; knackig"],"inLanguage":"de","potentialAction":[{"@type":"CommentAction","name":"Comment","target":["https:\/\/www.szenik.eu\/de\/haendel-festspiele-karlsruhe-farinelli-gala-in-einer-nacht-der-countertenoere-anstelle-des-2-farinelli-wettbewerbs-am-2-maerz-76556#respond"]}]},{"@type":"WebPage","@id":"https:\/\/www.szenik.eu\/de\/haendel-festspiele-karlsruhe-farinelli-gala-in-einer-nacht-der-countertenoere-anstelle-des-2-farinelli-wettbewerbs-am-2-maerz-76556","url":"https:\/\/www.szenik.eu\/de\/haendel-festspiele-karlsruhe-farinelli-gala-in-einer-nacht-der-countertenoere-anstelle-des-2-farinelli-wettbewerbs-am-2-maerz-76556","name":"H\u00e4ndel-Festspiele Karlsruhe:\u00a0Farinelli-Gala\u00a0in einer Nacht der Counterten\u00f6re anstelle des\u00a02. Farinelli-Wettbewerbs\u00a0am 2. M\u00e4rz | szenik","isPartOf":{"@id":"https:\/\/www.szenik.eu\/de\/#website"},"datePublished":"2026-01-16T12:41:42+00:00","dateModified":"2026-01-16T12:41:45+00:00","description":"Mit gro\u00dfem Bedauern m\u00fcssen wir mitteilen, dass der 2. Internationale\u00a0Farinelli-Wettbewerb\u00a0in diesem Jahr nicht stattfindet: \u201eDie geringe Zahl an qualifizierten Bewerbungen l\u00e4sst das Niveau vermissen, das notwendig w\u00e4re, um den gro\u00dfen Erfolg des 1. Wettbewerbs auch nur ann\u00e4hernd fortsetzen zu k\u00f6nnen.","breadcrumb":{"@id":"https:\/\/www.szenik.eu\/de\/haendel-festspiele-karlsruhe-farinelli-gala-in-einer-nacht-der-countertenoere-anstelle-des-2-farinelli-wettbewerbs-am-2-maerz-76556#breadcrumb"},"inLanguage":"de","potentialAction":[{"@type":"ReadAction","target":["https:\/\/www.szenik.eu\/de\/haendel-festspiele-karlsruhe-farinelli-gala-in-einer-nacht-der-countertenoere-anstelle-des-2-farinelli-wettbewerbs-am-2-maerz-76556"]}]},{"@type":"BreadcrumbList","@id":"https:\/\/www.szenik.eu\/de\/haendel-festspiele-karlsruhe-farinelli-gala-in-einer-nacht-der-countertenoere-anstelle-des-2-farinelli-wettbewerbs-am-2-maerz-76556#breadcrumb","itemListElement":[{"@type":"ListItem","position":1,"name":"Home","item":"https:\/\/www.szenik.eu\/de"},{"@type":"ListItem","position":2,"name":"H\u00e4ndel-Festspiele Karlsruhe:\u00a0Farinelli-Gala\u00a0in einer Nacht der Counterten\u00f6re anstelle des\u00a02. Farinelli-Wettbewerbs\u00a0am 2. M\u00e4rz"}]},{"@type":"WebSite","@id":"https:\/\/www.szenik.eu\/de\/#website","url":"https:\/\/www.szenik.eu\/de\/","name":"szenik","description":"Le Meilleur des sc\u00e8nes au coeur de l&#039;Europe","publisher":{"@id":"https:\/\/www.szenik.eu\/de\/#organization"},"potentialAction":[{"@type":"SearchAction","target":{"@type":"EntryPoint","urlTemplate":"https:\/\/www.szenik.eu\/de\/?s={search_term_string}"},"query-input":"required name=search_term_string"}],"inLanguage":"de"},{"@type":"Organization","@id":"https:\/\/www.szenik.eu\/de\/#organization","name":"Szenik","url":"https:\/\/www.szenik.eu\/de\/","logo":{"@type":"ImageObject","inLanguage":"de","@id":"https:\/\/www.szenik.eu\/de\/#\/schema\/logo\/image\/","url":"https:\/\/www.szenik.eu\/wp-content\/uploads\/2019\/07\/logo-square.png","contentUrl":"https:\/\/www.szenik.eu\/wp-content\/uploads\/2019\/07\/logo-square.png","width":512,"height":512,"caption":"Szenik"},"image":{"@id":"https:\/\/www.szenik.eu\/de\/#\/schema\/logo\/image\/"},"sameAs":["https:\/\/www.facebook.com\/szenik.eu\/","https:\/\/twitter.com\/Szenik","https:\/\/www.instagram.com\/szenik_magazine\/","https:\/\/www.youtube.com\/user\/SzenikEU\/"]},{"@type":"Person","@id":"https:\/\/www.szenik.eu\/de\/#\/schema\/person\/81e9d00e9b1306e18e10ca1e4bed6465","name":"sarahk","image":{"@type":"ImageObject","inLanguage":"de","@id":"https:\/\/www.szenik.eu\/de\/#\/schema\/person\/image\/","url":"https:\/\/secure.gravatar.com\/avatar\/1e5f6f691c4a068f4814bda15b8400ca?s=96&d=mm&r=g","contentUrl":"https:\/\/secure.gravatar.com\/avatar\/1e5f6f691c4a068f4814bda15b8400ca?s=96&d=mm&r=g","caption":"sarahk"}}]}},"jetpack_featured_media_url":"https:\/\/www.szenik.eu\/wp-content\/uploads\/2026\/01\/bsk_2025_26_stueckinfo_haendel_696a26923bab90.02107598.jpg","amp_enabled":true,"_links":{"self":[{"href":"https:\/\/www.szenik.eu\/de\/wp-json\/\/wp\/v2\/posts\/76556"}],"collection":[{"href":"https:\/\/www.szenik.eu\/de\/wp-json\/\/wp\/v2\/posts"}],"about":[{"href":"https:\/\/www.szenik.eu\/de\/wp-json\/\/wp\/v2\/types\/post"}],"author":[{"embeddable":true,"href":"https:\/\/www.szenik.eu\/de\/wp-json\/\/wp\/v2\/users\/1680"}],"replies":[{"embeddable":true,"href":"https:\/\/www.szenik.eu\/de\/wp-json\/\/wp\/v2\/comments?post=76556"}],"version-history":[{"count":1,"href":"https:\/\/www.szenik.eu\/de\/wp-json\/\/wp\/v2\/posts\/76556\/revisions"}],"predecessor-version":[{"id":76559,"href":"https:\/\/www.szenik.eu\/de\/wp-json\/\/wp\/v2\/posts\/76556\/revisions\/76559"}],"wp:featuredmedia":[{"embeddable":true,"href":"https:\/\/www.szenik.eu\/de\/wp-json\/\/wp\/v2\/media\/76557"}],"wp:attachment":[{"href":"https:\/\/www.szenik.eu\/de\/wp-json\/\/wp\/v2\/media?parent=76556"}],"wp:term":[{"taxonomy":"category","embeddable":true,"href":"https:\/\/www.szenik.eu\/de\/wp-json\/\/wp\/v2\/categories?post=76556"},{"taxonomy":"post_tag","embeddable":true,"href":"https:\/\/www.szenik.eu\/de\/wp-json\/\/wp\/v2\/tags?post=76556"}],"curies":[{"name":"wp","href":"https:\/\/api.w.org\/{rel}","templated":true}]}}