{"id":76326,"date":"2025-12-12T14:46:17","date_gmt":"2025-12-12T13:46:17","guid":{"rendered":"https:\/\/www.szenik.eu\/?p=76326\/"},"modified":"2025-12-12T15:01:08","modified_gmt":"2025-12-12T14:01:08","slug":"saarlaendisches-staatsballett-ein-sommernachtstraum-wird-verschoben-stattdessen-gibt-es-cinderella","status":"publish","type":"post","link":"https:\/\/www.szenik.eu\/de\/saarlaendisches-staatsballett-ein-sommernachtstraum-wird-verschoben-stattdessen-gibt-es-cinderella-76326","title":{"rendered":"<strong>Saarl\u00e4ndisches Staatsballett:\u00a0<em>Ein Sommernachtstraum\u00a0<\/em>wird verschoben \u2013 Stattdessen gibt es\u00a0<em>Cinderella<\/em><\/strong>"},"content":{"rendered":"\n<p>Mit dem&nbsp;<em>Sommernachtstraum<\/em>&nbsp;in der Choreographie von Ballettdirektor Stijn Celis sollte am 6. M\u00e4rz 2026 das sechste&nbsp;<em>Tanzfestival Saar<\/em>&nbsp;er\u00f6ffnet werden. Aufgrund einer langwierigen Erkrankung im Kreativteam wird die Produktion in die n\u00e4chste Saison in das Fr\u00fchjahr 2027 verschoben. Stijn Celis<strong>&nbsp;<\/strong>bietet mit einer Neueinstudierung seiner international gefeierten Erfolgsproduktion&nbsp;<em>Cinderella&nbsp;<\/em>einen zauberhaften Ersatz. Schon 2012 konnten sich Publikum und Presse von der Qualit\u00e4t der m\u00e4rchenhaften Produktion am Saarl\u00e4ndischen Staatstheater \u00fcberzeugen, die eine \u00fcberw\u00e4ltigende Resonanz erfuhr.<\/p>\n\n\n\n<p>\u201eDass wir mit\u00a0<em>Cinderella<\/em>\u00a0so schnell eine attraktive Alternative finden konnten, zeigt die gro\u00dfe Flexibilit\u00e4t und Qualit\u00e4t aller Mitwirkenden\u00a0von der Company bis zum Saarl\u00e4ndischen Staatsorchester und Generalmusikdirektor S\u00e9bastien Rouland. Jetzt haben die Tanzfans zwei St\u00fccke, auf die sie sich freuen k\u00f6nnen\u201c, sagt Ballettdirektor Stijn Celis.<\/p>\n\n\n\n<p>Dieses Handlungsballett war 2003 f\u00fcr Les Grands Ballets Canadiens in Montreal entstanden und wurde bislang von mehreren mitteleurop\u00e4ischen Kompanien \u00fcbernommen. Stijn Celis benutzt daf\u00fcr die wunderbare<em> Cinderella<\/em>-Ballettmusik von Sergei Prokofjew, die erstmals 1945 im Bolshoi-Theater in Moskau erklang.<\/p>\n\n\n\n<p>Der Ballettdirektor des Saarl\u00e4ndischen Staatsballettes erz\u00e4hlt dabei die ber\u00fchmte Geschichte des Aschenputtels als modernes M\u00e4rchen, ohne dabei auf den Zauber zu verzichten. So bildet die verstorbene Mutter eine zentrale Rolle in der Choreographie, die im Verlauf des St\u00fcckes immer wieder als gute Fee in Traumsequenzen auftaucht.&nbsp; \u201eIch freue mich auf die Einstudierung von&nbsp;<em>Cinderella<\/em>, auch wenn ich bedauere, dass wir den&nbsp;<em>Sommernachtstraum<\/em>&nbsp;in die n\u00e4chste Spielzeit verschieben m\u00fcssen\u201c, sagt Ballettdirektor Stijn Celis. \u201eDie Einstudierung der Choreographie stellt f\u00fcr mich und das Staatsballett quasi eine Neuproduktion dar, denn alle Mitwirkenden haben&nbsp;<em>Cinderella&nbsp;<\/em>noch nicht getanzt und begegnen so dieser lebendigen Neuinterpretation das erste Mal\u201c, so Stijn Celis.<\/p>\n\n\n\n<p><strong>Was passiert mit den Tickets?<\/strong><\/p>\n\n\n\n<p>Bereits erworbene Tickets f\u00fcr den&nbsp;<em>Sommernachtstraum&nbsp;<\/em>behalten ihre G\u00fcltigkeit f\u00fcr das St\u00fcck&nbsp;<em>Cinderella.<\/em><\/p>\n\n\n\n<p>Die zehn Auff\u00fchrungstermine f\u00fcr den&nbsp;<em>Sommernachtstraum&nbsp;<\/em>bleiben f\u00fcr den Besuch von&nbsp;<em>Cinderella<\/em>&nbsp;gleich, sodass terminlich keinerlei Probleme wegen der Verschiebung entstehen.<\/p>\n\n\n\n<p>M\u00f6chten die Kundinnen und Kunden<em>\u00a0Cinderella<\/em>\u00a0jedoch nicht besuchen, hilft ihnen das Kassenteam zu den \u00fcblichen \u00d6ffnungszeiten: Dienstag bis Freitag 10\u201318 Uhr, Samstag 10\u201314 Uhr unter der Telefonnummer\u00a0<br>0681\/3092-486 oder der Mailadresse\u00a0<a href=\"mailto:kasse@staatstheater.saarland\">kasse@staatstheater.saarland<\/a>.<\/p>\n\n\n\n<p><strong><a href=\"http:\/\/www.staatstheater.saarland\/\">www.staatstheater.saarland<\/a><\/strong><\/p>\n","protected":false},"excerpt":{"rendered":"<p>Mit dem&nbsp;Sommernachtstraum&nbsp;in der Choreographie von Ballettdirektor Stijn Celis sollte am 6. M\u00e4rz 2026 das sechste&nbsp;Tanzfestival Saar&nbsp;er\u00f6ffnet werden. Aufgrund einer langwierigen Erkrankung im Kreativteam wird die Produktion in die n\u00e4chste Saison in das Fr\u00fchjahr 2027 verschoben. Stijn Celis&nbsp;bietet mit einer Neueinstudierung seiner international gefeierten Erfolgsproduktion&nbsp;Cinderella&nbsp;einen zauberhaften Ersatz. Schon 2012 konnten sich Publikum und Presse von der [&hellip;]<\/p>\n","protected":false},"author":1680,"featured_media":76329,"comment_status":"open","ping_status":"open","sticky":false,"template":"","format":"standard","meta":{"_monsterinsights_skip_tracking":false,"_monsterinsights_sitenote_active":false,"_monsterinsights_sitenote_note":"","_monsterinsights_sitenote_category":0},"categories":[2815,2464],"tags":[],"yoast_head":"<!-- This site is optimized with the Yoast SEO plugin v20.5 - https:\/\/yoast.com\/wordpress\/plugins\/seo\/ -->\n<title>Saarl\u00e4ndisches Staatsballett:\u00a0Ein Sommernachtstraum\u00a0wird verschoben \u2013 Stattdessen gibt es\u00a0Cinderella | szenik<\/title>\n<meta name=\"description\" content=\"Mit dem\u00a0Sommernachtstraum\u00a0in der Choreographie von Ballettdirektor Stijn Celis sollte am 6. M\u00e4rz 2026 das sechste\u00a0Tanzfestival Saar\u00a0er\u00f6ffnet werden. Aufgrund einer langwierigen Erkrankung im Kreativteam wird die Produktion in die n\u00e4chste Saison in das Fr\u00fchjahr 2027 verschoben.\" \/>\n<meta name=\"robots\" content=\"index, follow, max-snippet:-1, max-image-preview:large, max-video-preview:-1\" \/>\n<link rel=\"canonical\" href=\"https:\/\/www.szenik.eu\/de\/saarlaendisches-staatsballett-ein-sommernachtstraum-wird-verschoben-stattdessen-gibt-es-cinderella-76326\" \/>\n<meta property=\"og:locale\" content=\"de_DE\" \/>\n<meta property=\"og:type\" content=\"article\" \/>\n<meta property=\"og:title\" content=\"Saarl\u00e4ndisches Staatsballett:\u00a0Ein Sommernachtstraum\u00a0wird verschoben \u2013 Stattdessen gibt es\u00a0Cinderella | szenik\" \/>\n<meta property=\"og:description\" content=\"Mit dem\u00a0Sommernachtstraum\u00a0in der Choreographie von Ballettdirektor Stijn Celis sollte am 6. M\u00e4rz 2026 das sechste\u00a0Tanzfestival Saar\u00a0er\u00f6ffnet werden. Aufgrund einer langwierigen Erkrankung im Kreativteam wird die Produktion in die n\u00e4chste Saison in das Fr\u00fchjahr 2027 verschoben.\" \/>\n<meta property=\"og:url\" content=\"https:\/\/www.szenik.eu\/de\/saarlaendisches-staatsballett-ein-sommernachtstraum-wird-verschoben-stattdessen-gibt-es-cinderella-76326\" \/>\n<meta property=\"og:site_name\" content=\"szenik\" \/>\n<meta property=\"article:publisher\" content=\"https:\/\/www.facebook.com\/szenik.eu\/\" \/>\n<meta property=\"article:published_time\" content=\"2025-12-12T13:46:17+00:00\" \/>\n<meta property=\"article:modified_time\" content=\"2025-12-12T14:01:08+00:00\" \/>\n<meta property=\"og:image\" content=\"https:\/\/www.szenik.eu\/wp-content\/uploads\/2025\/12\/Grosses_Haus-3-1024x683.jpg\" \/>\n\t<meta property=\"og:image:width\" content=\"1024\" \/>\n\t<meta property=\"og:image:height\" content=\"683\" \/>\n\t<meta property=\"og:image:type\" content=\"image\/jpeg\" \/>\n<meta name=\"author\" content=\"sarahk\" \/>\n<meta name=\"twitter:card\" content=\"summary_large_image\" \/>\n<meta name=\"twitter:creator\" content=\"@Szenik\" \/>\n<meta name=\"twitter:site\" content=\"@Szenik\" \/>\n<meta name=\"twitter:label1\" content=\"Verfasst von\" \/>\n\t<meta name=\"twitter:data1\" content=\"sarahk\" \/>\n\t<meta name=\"twitter:label2\" content=\"Gesch\u00e4tzte Lesezeit\" \/>\n\t<meta name=\"twitter:data2\" content=\"2\u00a0Minuten\" \/>\n<script type=\"application\/ld+json\" class=\"yoast-schema-graph\">{\"@context\":\"https:\/\/schema.org\",\"@graph\":[{\"@type\":\"Article\",\"@id\":\"https:\/\/www.szenik.eu\/de\/saarlaendisches-staatsballett-ein-sommernachtstraum-wird-verschoben-stattdessen-gibt-es-cinderella-76326#article\",\"isPartOf\":{\"@id\":\"https:\/\/www.szenik.eu\/de\/saarlaendisches-staatsballett-ein-sommernachtstraum-wird-verschoben-stattdessen-gibt-es-cinderella-76326\"},\"author\":{\"name\":\"sarahk\",\"@id\":\"https:\/\/www.szenik.eu\/de\/#\/schema\/person\/81e9d00e9b1306e18e10ca1e4bed6465\"},\"headline\":\"Saarl\u00e4ndisches Staatsballett:\u00a0Ein Sommernachtstraum\u00a0wird verschoben \u2013 Stattdessen gibt es\u00a0Cinderella\",\"datePublished\":\"2025-12-12T13:46:17+00:00\",\"dateModified\":\"2025-12-12T14:01:08+00:00\",\"mainEntityOfPage\":{\"@id\":\"https:\/\/www.szenik.eu\/de\/saarlaendisches-staatsballett-ein-sommernachtstraum-wird-verschoben-stattdessen-gibt-es-cinderella-76326\"},\"wordCount\":399,\"commentCount\":0,\"publisher\":{\"@id\":\"https:\/\/www.szenik.eu\/de\/#organization\"},\"articleSection\":[\"Kurz &amp; knackig\",\"Tanz\"],\"inLanguage\":\"de\",\"potentialAction\":[{\"@type\":\"CommentAction\",\"name\":\"Comment\",\"target\":[\"https:\/\/www.szenik.eu\/de\/saarlaendisches-staatsballett-ein-sommernachtstraum-wird-verschoben-stattdessen-gibt-es-cinderella-76326#respond\"]}]},{\"@type\":\"WebPage\",\"@id\":\"https:\/\/www.szenik.eu\/de\/saarlaendisches-staatsballett-ein-sommernachtstraum-wird-verschoben-stattdessen-gibt-es-cinderella-76326\",\"url\":\"https:\/\/www.szenik.eu\/de\/saarlaendisches-staatsballett-ein-sommernachtstraum-wird-verschoben-stattdessen-gibt-es-cinderella-76326\",\"name\":\"Saarl\u00e4ndisches Staatsballett:\u00a0Ein Sommernachtstraum\u00a0wird verschoben \u2013 Stattdessen gibt es\u00a0Cinderella | szenik\",\"isPartOf\":{\"@id\":\"https:\/\/www.szenik.eu\/de\/#website\"},\"datePublished\":\"2025-12-12T13:46:17+00:00\",\"dateModified\":\"2025-12-12T14:01:08+00:00\",\"description\":\"Mit dem\u00a0Sommernachtstraum\u00a0in der Choreographie von Ballettdirektor Stijn Celis sollte am 6. M\u00e4rz 2026 das sechste\u00a0Tanzfestival Saar\u00a0er\u00f6ffnet werden. Aufgrund einer langwierigen Erkrankung im Kreativteam wird die Produktion in die n\u00e4chste Saison in das Fr\u00fchjahr 2027 verschoben.\",\"breadcrumb\":{\"@id\":\"https:\/\/www.szenik.eu\/de\/saarlaendisches-staatsballett-ein-sommernachtstraum-wird-verschoben-stattdessen-gibt-es-cinderella-76326#breadcrumb\"},\"inLanguage\":\"de\",\"potentialAction\":[{\"@type\":\"ReadAction\",\"target\":[\"https:\/\/www.szenik.eu\/de\/saarlaendisches-staatsballett-ein-sommernachtstraum-wird-verschoben-stattdessen-gibt-es-cinderella-76326\"]}]},{\"@type\":\"BreadcrumbList\",\"@id\":\"https:\/\/www.szenik.eu\/de\/saarlaendisches-staatsballett-ein-sommernachtstraum-wird-verschoben-stattdessen-gibt-es-cinderella-76326#breadcrumb\",\"itemListElement\":[{\"@type\":\"ListItem\",\"position\":1,\"name\":\"Home\",\"item\":\"https:\/\/www.szenik.eu\/de\"},{\"@type\":\"ListItem\",\"position\":2,\"name\":\"Saarl\u00e4ndisches Staatsballett:\u00a0Ein Sommernachtstraum\u00a0wird verschoben \u2013 Stattdessen gibt es\u00a0Cinderella\"}]},{\"@type\":\"WebSite\",\"@id\":\"https:\/\/www.szenik.eu\/de\/#website\",\"url\":\"https:\/\/www.szenik.eu\/de\/\",\"name\":\"szenik\",\"description\":\"Le Meilleur des sc\u00e8nes au coeur de l&#039;Europe\",\"publisher\":{\"@id\":\"https:\/\/www.szenik.eu\/de\/#organization\"},\"potentialAction\":[{\"@type\":\"SearchAction\",\"target\":{\"@type\":\"EntryPoint\",\"urlTemplate\":\"https:\/\/www.szenik.eu\/de\/?s={search_term_string}\"},\"query-input\":\"required name=search_term_string\"}],\"inLanguage\":\"de\"},{\"@type\":\"Organization\",\"@id\":\"https:\/\/www.szenik.eu\/de\/#organization\",\"name\":\"Szenik\",\"url\":\"https:\/\/www.szenik.eu\/de\/\",\"logo\":{\"@type\":\"ImageObject\",\"inLanguage\":\"de\",\"@id\":\"https:\/\/www.szenik.eu\/de\/#\/schema\/logo\/image\/\",\"url\":\"https:\/\/www.szenik.eu\/wp-content\/uploads\/2019\/07\/logo-square.png\",\"contentUrl\":\"https:\/\/www.szenik.eu\/wp-content\/uploads\/2019\/07\/logo-square.png\",\"width\":512,\"height\":512,\"caption\":\"Szenik\"},\"image\":{\"@id\":\"https:\/\/www.szenik.eu\/de\/#\/schema\/logo\/image\/\"},\"sameAs\":[\"https:\/\/www.facebook.com\/szenik.eu\/\",\"https:\/\/twitter.com\/Szenik\",\"https:\/\/www.instagram.com\/szenik_magazine\/\",\"https:\/\/www.youtube.com\/user\/SzenikEU\/\"]},{\"@type\":\"Person\",\"@id\":\"https:\/\/www.szenik.eu\/de\/#\/schema\/person\/81e9d00e9b1306e18e10ca1e4bed6465\",\"name\":\"sarahk\",\"image\":{\"@type\":\"ImageObject\",\"inLanguage\":\"de\",\"@id\":\"https:\/\/www.szenik.eu\/de\/#\/schema\/person\/image\/\",\"url\":\"https:\/\/secure.gravatar.com\/avatar\/1e5f6f691c4a068f4814bda15b8400ca?s=96&d=mm&r=g\",\"contentUrl\":\"https:\/\/secure.gravatar.com\/avatar\/1e5f6f691c4a068f4814bda15b8400ca?s=96&d=mm&r=g\",\"caption\":\"sarahk\"}}]}<\/script>\n<!-- \/ Yoast SEO plugin. -->","yoast_head_json":{"title":"Saarl\u00e4ndisches Staatsballett:\u00a0Ein Sommernachtstraum\u00a0wird verschoben \u2013 Stattdessen gibt es\u00a0Cinderella | szenik","description":"Mit dem\u00a0Sommernachtstraum\u00a0in der Choreographie von Ballettdirektor Stijn Celis sollte am 6. M\u00e4rz 2026 das sechste\u00a0Tanzfestival Saar\u00a0er\u00f6ffnet werden. Aufgrund einer langwierigen Erkrankung im Kreativteam wird die Produktion in die n\u00e4chste Saison in das Fr\u00fchjahr 2027 verschoben.","robots":{"index":"index","follow":"follow","max-snippet":"max-snippet:-1","max-image-preview":"max-image-preview:large","max-video-preview":"max-video-preview:-1"},"canonical":"https:\/\/www.szenik.eu\/de\/saarlaendisches-staatsballett-ein-sommernachtstraum-wird-verschoben-stattdessen-gibt-es-cinderella-76326","og_locale":"de_DE","og_type":"article","og_title":"Saarl\u00e4ndisches Staatsballett:\u00a0Ein Sommernachtstraum\u00a0wird verschoben \u2013 Stattdessen gibt es\u00a0Cinderella | szenik","og_description":"Mit dem\u00a0Sommernachtstraum\u00a0in der Choreographie von Ballettdirektor Stijn Celis sollte am 6. M\u00e4rz 2026 das sechste\u00a0Tanzfestival Saar\u00a0er\u00f6ffnet werden. Aufgrund einer langwierigen Erkrankung im Kreativteam wird die Produktion in die n\u00e4chste Saison in das Fr\u00fchjahr 2027 verschoben.","og_url":"https:\/\/www.szenik.eu\/de\/saarlaendisches-staatsballett-ein-sommernachtstraum-wird-verschoben-stattdessen-gibt-es-cinderella-76326","og_site_name":"szenik","article_publisher":"https:\/\/www.facebook.com\/szenik.eu\/","article_published_time":"2025-12-12T13:46:17+00:00","article_modified_time":"2025-12-12T14:01:08+00:00","og_image":[{"width":1024,"height":683,"url":"https:\/\/www.szenik.eu\/wp-content\/uploads\/2025\/12\/Grosses_Haus-3-1024x683.jpg","type":"image\/jpeg"}],"author":"sarahk","twitter_card":"summary_large_image","twitter_creator":"@Szenik","twitter_site":"@Szenik","twitter_misc":{"Verfasst von":"sarahk","Gesch\u00e4tzte Lesezeit":"2\u00a0Minuten"},"schema":{"@context":"https:\/\/schema.org","@graph":[{"@type":"Article","@id":"https:\/\/www.szenik.eu\/de\/saarlaendisches-staatsballett-ein-sommernachtstraum-wird-verschoben-stattdessen-gibt-es-cinderella-76326#article","isPartOf":{"@id":"https:\/\/www.szenik.eu\/de\/saarlaendisches-staatsballett-ein-sommernachtstraum-wird-verschoben-stattdessen-gibt-es-cinderella-76326"},"author":{"name":"sarahk","@id":"https:\/\/www.szenik.eu\/de\/#\/schema\/person\/81e9d00e9b1306e18e10ca1e4bed6465"},"headline":"Saarl\u00e4ndisches Staatsballett:\u00a0Ein Sommernachtstraum\u00a0wird verschoben \u2013 Stattdessen gibt es\u00a0Cinderella","datePublished":"2025-12-12T13:46:17+00:00","dateModified":"2025-12-12T14:01:08+00:00","mainEntityOfPage":{"@id":"https:\/\/www.szenik.eu\/de\/saarlaendisches-staatsballett-ein-sommernachtstraum-wird-verschoben-stattdessen-gibt-es-cinderella-76326"},"wordCount":399,"commentCount":0,"publisher":{"@id":"https:\/\/www.szenik.eu\/de\/#organization"},"articleSection":["Kurz &amp; knackig","Tanz"],"inLanguage":"de","potentialAction":[{"@type":"CommentAction","name":"Comment","target":["https:\/\/www.szenik.eu\/de\/saarlaendisches-staatsballett-ein-sommernachtstraum-wird-verschoben-stattdessen-gibt-es-cinderella-76326#respond"]}]},{"@type":"WebPage","@id":"https:\/\/www.szenik.eu\/de\/saarlaendisches-staatsballett-ein-sommernachtstraum-wird-verschoben-stattdessen-gibt-es-cinderella-76326","url":"https:\/\/www.szenik.eu\/de\/saarlaendisches-staatsballett-ein-sommernachtstraum-wird-verschoben-stattdessen-gibt-es-cinderella-76326","name":"Saarl\u00e4ndisches Staatsballett:\u00a0Ein Sommernachtstraum\u00a0wird verschoben \u2013 Stattdessen gibt es\u00a0Cinderella | szenik","isPartOf":{"@id":"https:\/\/www.szenik.eu\/de\/#website"},"datePublished":"2025-12-12T13:46:17+00:00","dateModified":"2025-12-12T14:01:08+00:00","description":"Mit dem\u00a0Sommernachtstraum\u00a0in der Choreographie von Ballettdirektor Stijn Celis sollte am 6. M\u00e4rz 2026 das sechste\u00a0Tanzfestival Saar\u00a0er\u00f6ffnet werden. Aufgrund einer langwierigen Erkrankung im Kreativteam wird die Produktion in die n\u00e4chste Saison in das Fr\u00fchjahr 2027 verschoben.","breadcrumb":{"@id":"https:\/\/www.szenik.eu\/de\/saarlaendisches-staatsballett-ein-sommernachtstraum-wird-verschoben-stattdessen-gibt-es-cinderella-76326#breadcrumb"},"inLanguage":"de","potentialAction":[{"@type":"ReadAction","target":["https:\/\/www.szenik.eu\/de\/saarlaendisches-staatsballett-ein-sommernachtstraum-wird-verschoben-stattdessen-gibt-es-cinderella-76326"]}]},{"@type":"BreadcrumbList","@id":"https:\/\/www.szenik.eu\/de\/saarlaendisches-staatsballett-ein-sommernachtstraum-wird-verschoben-stattdessen-gibt-es-cinderella-76326#breadcrumb","itemListElement":[{"@type":"ListItem","position":1,"name":"Home","item":"https:\/\/www.szenik.eu\/de"},{"@type":"ListItem","position":2,"name":"Saarl\u00e4ndisches Staatsballett:\u00a0Ein Sommernachtstraum\u00a0wird verschoben \u2013 Stattdessen gibt es\u00a0Cinderella"}]},{"@type":"WebSite","@id":"https:\/\/www.szenik.eu\/de\/#website","url":"https:\/\/www.szenik.eu\/de\/","name":"szenik","description":"Le Meilleur des sc\u00e8nes au coeur de l&#039;Europe","publisher":{"@id":"https:\/\/www.szenik.eu\/de\/#organization"},"potentialAction":[{"@type":"SearchAction","target":{"@type":"EntryPoint","urlTemplate":"https:\/\/www.szenik.eu\/de\/?s={search_term_string}"},"query-input":"required name=search_term_string"}],"inLanguage":"de"},{"@type":"Organization","@id":"https:\/\/www.szenik.eu\/de\/#organization","name":"Szenik","url":"https:\/\/www.szenik.eu\/de\/","logo":{"@type":"ImageObject","inLanguage":"de","@id":"https:\/\/www.szenik.eu\/de\/#\/schema\/logo\/image\/","url":"https:\/\/www.szenik.eu\/wp-content\/uploads\/2019\/07\/logo-square.png","contentUrl":"https:\/\/www.szenik.eu\/wp-content\/uploads\/2019\/07\/logo-square.png","width":512,"height":512,"caption":"Szenik"},"image":{"@id":"https:\/\/www.szenik.eu\/de\/#\/schema\/logo\/image\/"},"sameAs":["https:\/\/www.facebook.com\/szenik.eu\/","https:\/\/twitter.com\/Szenik","https:\/\/www.instagram.com\/szenik_magazine\/","https:\/\/www.youtube.com\/user\/SzenikEU\/"]},{"@type":"Person","@id":"https:\/\/www.szenik.eu\/de\/#\/schema\/person\/81e9d00e9b1306e18e10ca1e4bed6465","name":"sarahk","image":{"@type":"ImageObject","inLanguage":"de","@id":"https:\/\/www.szenik.eu\/de\/#\/schema\/person\/image\/","url":"https:\/\/secure.gravatar.com\/avatar\/1e5f6f691c4a068f4814bda15b8400ca?s=96&d=mm&r=g","contentUrl":"https:\/\/secure.gravatar.com\/avatar\/1e5f6f691c4a068f4814bda15b8400ca?s=96&d=mm&r=g","caption":"sarahk"}}]}},"jetpack_featured_media_url":"https:\/\/www.szenik.eu\/wp-content\/uploads\/2025\/12\/Grosses_Haus-3.jpg","amp_enabled":true,"_links":{"self":[{"href":"https:\/\/www.szenik.eu\/de\/wp-json\/\/wp\/v2\/posts\/76326"}],"collection":[{"href":"https:\/\/www.szenik.eu\/de\/wp-json\/\/wp\/v2\/posts"}],"about":[{"href":"https:\/\/www.szenik.eu\/de\/wp-json\/\/wp\/v2\/types\/post"}],"author":[{"embeddable":true,"href":"https:\/\/www.szenik.eu\/de\/wp-json\/\/wp\/v2\/users\/1680"}],"replies":[{"embeddable":true,"href":"https:\/\/www.szenik.eu\/de\/wp-json\/\/wp\/v2\/comments?post=76326"}],"version-history":[{"count":2,"href":"https:\/\/www.szenik.eu\/de\/wp-json\/\/wp\/v2\/posts\/76326\/revisions"}],"predecessor-version":[{"id":76332,"href":"https:\/\/www.szenik.eu\/de\/wp-json\/\/wp\/v2\/posts\/76326\/revisions\/76332"}],"wp:featuredmedia":[{"embeddable":true,"href":"https:\/\/www.szenik.eu\/de\/wp-json\/\/wp\/v2\/media\/76329"}],"wp:attachment":[{"href":"https:\/\/www.szenik.eu\/de\/wp-json\/\/wp\/v2\/media?parent=76326"}],"wp:term":[{"taxonomy":"category","embeddable":true,"href":"https:\/\/www.szenik.eu\/de\/wp-json\/\/wp\/v2\/categories?post=76326"},{"taxonomy":"post_tag","embeddable":true,"href":"https:\/\/www.szenik.eu\/de\/wp-json\/\/wp\/v2\/tags?post=76326"}],"curies":[{"name":"wp","href":"https:\/\/api.w.org\/{rel}","templated":true}]}}