{"id":74962,"date":"2025-10-07T10:32:57","date_gmt":"2025-10-07T08:32:57","guid":{"rendered":"https:\/\/www.szenik.eu\/?p=74962\/"},"modified":"2025-10-07T10:33:00","modified_gmt":"2025-10-07T08:33:00","slug":"studio-pro-arte-freiburger-und-strassburger-jugendliche-auf-tanzreise-in-marokko","status":"publish","type":"post","link":"https:\/\/www.szenik.eu\/de\/studio-pro-arte-freiburger-und-strassburger-jugendliche-auf-tanzreise-in-marokko-74962","title":{"rendered":"Studio Pro Arte: Freiburger und Stra\u00dfburger Jugendliche auf Tanzreise in Marokko"},"content":{"rendered":"\n<p>\u00dcber zwanzig Jugendliche aus Deutschland reisten mit dem Studio Pro Arte nach Casablanca, um dort an einem Tanzprojekt teilzunehmen, das sie gemeinsam mit Jugendlichen aus Marokko und Frankreich gestalteten. Insgesamt 42 junge Menschen begegneten sich in dieser internationalen Gruppe, tanzten zusammen und entdeckten \u00fcber die gemeinsame k\u00fcnstlerische Arbeit neue Wege des Verstehens und die aufregende Kultur Nordafrikas.<br><br>Der internationale Jugendaustausch wurde durch das Studio Pro Arte und den Verein Jugend Pro Arte e.V. organisiert, um junge Menschen aus verschiedenen L\u00e4ndern und Kulturen \u00fcber Tanz miteinander in Kontakt zu bringen. Neben der Jugendarbeit und der Akademie f\u00fcr alle Altersklassen und Stile verbindet das Studio Pro Arte professionellen Tanz und junge Menschen und schafft Begegnungsr\u00e4ume durch Kunst und Kultur.<br><br>In gemeinsamen Workshops lernten die Jugendlichen aus Casablanca, Stra\u00dfburg und Freiburg voneinander, teilten ihre unterschiedlichen Tanzstile und inspirierten sich gegenseitig. Aus Ideen und Bewegungen aus allen drei L\u00e4ndern entstand eine gemeinsame Abschlussperformance, die anl\u00e4sslich des Partnerfestivals Rencontres Chor\u00e9graphiques de Casablanca pr\u00e4sentiert wurde. Die jungen T\u00e4nzerinnen und T\u00e4nzer besuchten Auff\u00fchrungen internationaler Ensembles, erkundeten die Altstadt von Casablanca, das Goethe-Institut und die K\u00f6nigsstadt Rabat \u2013 Erlebnisse, die ihnen einen lebendigen Einblick in die marokkanische Kultur gaben.<br><br>Ein besonderer H\u00f6hepunkt war die Auff\u00fchrung von \u201eConnecting the Dots\u201c, choreografiert von Chantal Kohlmeyer in Zusammenarbeit mit dem Freiburger Akkordeonorchester. Professionelle T\u00e4nzerinnen und T\u00e4nzer traten gemeinsam mit Mitgliedern der Company Pro Arte auf. Zwischen den H\u00e4userschluchten Casablancas begeisterte das zwanzigk\u00f6pfige Ensemble das internationale Publikum.<br>Mit dem St\u00fcck Bridges brachten die Jugendlichen aus dem Studio Pro Arte zusammen mit franz\u00f6sischen T\u00e4nzerinnen und T\u00e4nzern w\u00e4hrend des Breakdance-Battles in Casablanca die B\u00fchne zum Beben.<br>Durch den intensiven Kontakt mit den Jugendlichen aus Frankreich und Marokko wuchsen Beziehungen, Freundschaften und ein tiefes Verst\u00e4ndnis f\u00fcreinander. Viele berichteten, dass sie \u00fcber den Tanz in die arabische Welt \u2013 in die Welt des Orients \u2013 eintauchten und dabei neue Perspektiven auf Kunst und Gemeinschaft gewannen. Enge Freundschaften und tiefe Verbindungen waren nach nur einer Woche das Ergebnis des Projekts.<br>Gef\u00f6rdert wurde das Projekt durch das Deutsch-Franz\u00f6sische Jugendwerk (DFJW), das seit Jahrzehnten den Austausch zwischen jungen Menschen aus beiden L\u00e4ndern unterst\u00fctzt und Begegnungen erm\u00f6glicht, die kulturelle Offenheit und gegenseitiges Verst\u00e4ndnis f\u00f6rdern.<\/p>\n\n\n\n<p>Das Studio Pro Arte f\u00f6rdert mit seiner Akademie und als Kulturzentrum Tanz und Bewegungskunst. Kurse, Projekte, Gastspiele<br>Alle Infos unter <a href=\"https:\/\/www.studioproarte.de\/\" target=\"_blank\" rel=\"noreferrer noopener\">www.studioproarte.de<\/a><\/p>\n","protected":false},"excerpt":{"rendered":"<p>\u00dcber zwanzig Jugendliche aus Deutschland reisten mit dem Studio Pro Arte nach Casablanca, um dort an einem Tanzprojekt teilzunehmen, das sie gemeinsam mit Jugendlichen aus Marokko und Frankreich gestalteten. Insgesamt 42 junge Menschen begegneten sich in dieser internationalen Gruppe, tanzten zusammen und entdeckten \u00fcber die gemeinsame k\u00fcnstlerische Arbeit neue Wege des Verstehens und die aufregende [&hellip;]<\/p>\n","protected":false},"author":1680,"featured_media":74963,"comment_status":"open","ping_status":"open","sticky":false,"template":"","format":"standard","meta":{"_monsterinsights_skip_tracking":false,"_monsterinsights_sitenote_active":false,"_monsterinsights_sitenote_note":"","_monsterinsights_sitenote_category":0},"categories":[2815],"tags":[],"yoast_head":"<!-- This site is optimized with the Yoast SEO plugin v20.5 - https:\/\/yoast.com\/wordpress\/plugins\/seo\/ -->\n<title>Studio Pro Arte: Freiburger und Stra\u00dfburger Jugendliche auf Tanzreise in Marokko | szenik<\/title>\n<meta name=\"description\" content=\"\u00dcber zwanzig Jugendliche aus Deutschland reisten mit dem Studio Pro Arte nach Casablanca, um dort an einem Tanzprojekt teilzunehmen, das sie gemeinsam mit Jugendlichen aus Marokko und Frankreich gestalteten.\" \/>\n<meta name=\"robots\" content=\"index, follow, max-snippet:-1, max-image-preview:large, max-video-preview:-1\" \/>\n<link rel=\"canonical\" href=\"https:\/\/www.szenik.eu\/de\/studio-pro-arte-freiburger-und-strassburger-jugendliche-auf-tanzreise-in-marokko-74962\" \/>\n<meta property=\"og:locale\" content=\"de_DE\" \/>\n<meta property=\"og:type\" content=\"article\" \/>\n<meta property=\"og:title\" content=\"Studio Pro Arte: Freiburger und Stra\u00dfburger Jugendliche auf Tanzreise in Marokko | szenik\" \/>\n<meta property=\"og:description\" content=\"\u00dcber zwanzig Jugendliche aus Deutschland reisten mit dem Studio Pro Arte nach Casablanca, um dort an einem Tanzprojekt teilzunehmen, das sie gemeinsam mit Jugendlichen aus Marokko und Frankreich gestalteten.\" \/>\n<meta property=\"og:url\" content=\"https:\/\/www.szenik.eu\/de\/studio-pro-arte-freiburger-und-strassburger-jugendliche-auf-tanzreise-in-marokko-74962\" \/>\n<meta property=\"og:site_name\" content=\"szenik\" \/>\n<meta property=\"article:publisher\" content=\"https:\/\/www.facebook.com\/szenik.eu\/\" \/>\n<meta property=\"article:published_time\" content=\"2025-10-07T08:32:57+00:00\" \/>\n<meta property=\"article:modified_time\" content=\"2025-10-07T08:33:00+00:00\" \/>\n<meta property=\"og:image\" content=\"https:\/\/www.szenik.eu\/wp-content\/uploads\/2025\/10\/SPA_Casablanca-Credit_Fabien-Levebre-scaled.jpg\" \/>\n\t<meta property=\"og:image:width\" content=\"2560\" \/>\n\t<meta property=\"og:image:height\" content=\"1440\" \/>\n\t<meta property=\"og:image:type\" content=\"image\/jpeg\" \/>\n<meta name=\"author\" content=\"sarahk\" \/>\n<meta name=\"twitter:card\" content=\"summary_large_image\" \/>\n<meta name=\"twitter:creator\" content=\"@Szenik\" \/>\n<meta name=\"twitter:site\" content=\"@Szenik\" \/>\n<meta name=\"twitter:label1\" content=\"Verfasst von\" \/>\n\t<meta name=\"twitter:data1\" content=\"sarahk\" \/>\n\t<meta name=\"twitter:label2\" content=\"Gesch\u00e4tzte Lesezeit\" \/>\n\t<meta name=\"twitter:data2\" content=\"2\u00a0Minuten\" \/>\n<script type=\"application\/ld+json\" class=\"yoast-schema-graph\">{\"@context\":\"https:\/\/schema.org\",\"@graph\":[{\"@type\":\"Article\",\"@id\":\"https:\/\/www.szenik.eu\/de\/studio-pro-arte-freiburger-und-strassburger-jugendliche-auf-tanzreise-in-marokko-74962#article\",\"isPartOf\":{\"@id\":\"https:\/\/www.szenik.eu\/de\/studio-pro-arte-freiburger-und-strassburger-jugendliche-auf-tanzreise-in-marokko-74962\"},\"author\":{\"name\":\"sarahk\",\"@id\":\"https:\/\/www.szenik.eu\/de\/#\/schema\/person\/81e9d00e9b1306e18e10ca1e4bed6465\"},\"headline\":\"Studio Pro Arte: Freiburger und Stra\u00dfburger Jugendliche auf Tanzreise in Marokko\",\"datePublished\":\"2025-10-07T08:32:57+00:00\",\"dateModified\":\"2025-10-07T08:33:00+00:00\",\"mainEntityOfPage\":{\"@id\":\"https:\/\/www.szenik.eu\/de\/studio-pro-arte-freiburger-und-strassburger-jugendliche-auf-tanzreise-in-marokko-74962\"},\"wordCount\":420,\"commentCount\":0,\"publisher\":{\"@id\":\"https:\/\/www.szenik.eu\/de\/#organization\"},\"articleSection\":[\"Kurz &amp; knackig\"],\"inLanguage\":\"de\",\"potentialAction\":[{\"@type\":\"CommentAction\",\"name\":\"Comment\",\"target\":[\"https:\/\/www.szenik.eu\/de\/studio-pro-arte-freiburger-und-strassburger-jugendliche-auf-tanzreise-in-marokko-74962#respond\"]}]},{\"@type\":\"WebPage\",\"@id\":\"https:\/\/www.szenik.eu\/de\/studio-pro-arte-freiburger-und-strassburger-jugendliche-auf-tanzreise-in-marokko-74962\",\"url\":\"https:\/\/www.szenik.eu\/de\/studio-pro-arte-freiburger-und-strassburger-jugendliche-auf-tanzreise-in-marokko-74962\",\"name\":\"Studio Pro Arte: Freiburger und Stra\u00dfburger Jugendliche auf Tanzreise in Marokko | szenik\",\"isPartOf\":{\"@id\":\"https:\/\/www.szenik.eu\/de\/#website\"},\"datePublished\":\"2025-10-07T08:32:57+00:00\",\"dateModified\":\"2025-10-07T08:33:00+00:00\",\"description\":\"\u00dcber zwanzig Jugendliche aus Deutschland reisten mit dem Studio Pro Arte nach Casablanca, um dort an einem Tanzprojekt teilzunehmen, das sie gemeinsam mit Jugendlichen aus Marokko und Frankreich gestalteten.\",\"breadcrumb\":{\"@id\":\"https:\/\/www.szenik.eu\/de\/studio-pro-arte-freiburger-und-strassburger-jugendliche-auf-tanzreise-in-marokko-74962#breadcrumb\"},\"inLanguage\":\"de\",\"potentialAction\":[{\"@type\":\"ReadAction\",\"target\":[\"https:\/\/www.szenik.eu\/de\/studio-pro-arte-freiburger-und-strassburger-jugendliche-auf-tanzreise-in-marokko-74962\"]}]},{\"@type\":\"BreadcrumbList\",\"@id\":\"https:\/\/www.szenik.eu\/de\/studio-pro-arte-freiburger-und-strassburger-jugendliche-auf-tanzreise-in-marokko-74962#breadcrumb\",\"itemListElement\":[{\"@type\":\"ListItem\",\"position\":1,\"name\":\"Home\",\"item\":\"https:\/\/www.szenik.eu\/de\"},{\"@type\":\"ListItem\",\"position\":2,\"name\":\"Studio Pro Arte: Freiburger und Stra\u00dfburger Jugendliche auf Tanzreise in Marokko\"}]},{\"@type\":\"WebSite\",\"@id\":\"https:\/\/www.szenik.eu\/de\/#website\",\"url\":\"https:\/\/www.szenik.eu\/de\/\",\"name\":\"szenik\",\"description\":\"Le Meilleur des sc\u00e8nes au coeur de l&#039;Europe\",\"publisher\":{\"@id\":\"https:\/\/www.szenik.eu\/de\/#organization\"},\"potentialAction\":[{\"@type\":\"SearchAction\",\"target\":{\"@type\":\"EntryPoint\",\"urlTemplate\":\"https:\/\/www.szenik.eu\/de\/?s={search_term_string}\"},\"query-input\":\"required name=search_term_string\"}],\"inLanguage\":\"de\"},{\"@type\":\"Organization\",\"@id\":\"https:\/\/www.szenik.eu\/de\/#organization\",\"name\":\"Szenik\",\"url\":\"https:\/\/www.szenik.eu\/de\/\",\"logo\":{\"@type\":\"ImageObject\",\"inLanguage\":\"de\",\"@id\":\"https:\/\/www.szenik.eu\/de\/#\/schema\/logo\/image\/\",\"url\":\"https:\/\/www.szenik.eu\/wp-content\/uploads\/2019\/07\/logo-square.png\",\"contentUrl\":\"https:\/\/www.szenik.eu\/wp-content\/uploads\/2019\/07\/logo-square.png\",\"width\":512,\"height\":512,\"caption\":\"Szenik\"},\"image\":{\"@id\":\"https:\/\/www.szenik.eu\/de\/#\/schema\/logo\/image\/\"},\"sameAs\":[\"https:\/\/www.facebook.com\/szenik.eu\/\",\"https:\/\/twitter.com\/Szenik\",\"https:\/\/www.instagram.com\/szenik_magazine\/\",\"https:\/\/www.youtube.com\/user\/SzenikEU\/\"]},{\"@type\":\"Person\",\"@id\":\"https:\/\/www.szenik.eu\/de\/#\/schema\/person\/81e9d00e9b1306e18e10ca1e4bed6465\",\"name\":\"sarahk\",\"image\":{\"@type\":\"ImageObject\",\"inLanguage\":\"de\",\"@id\":\"https:\/\/www.szenik.eu\/de\/#\/schema\/person\/image\/\",\"url\":\"https:\/\/secure.gravatar.com\/avatar\/1e5f6f691c4a068f4814bda15b8400ca?s=96&d=mm&r=g\",\"contentUrl\":\"https:\/\/secure.gravatar.com\/avatar\/1e5f6f691c4a068f4814bda15b8400ca?s=96&d=mm&r=g\",\"caption\":\"sarahk\"}}]}<\/script>\n<!-- \/ Yoast SEO plugin. -->","yoast_head_json":{"title":"Studio Pro Arte: Freiburger und Stra\u00dfburger Jugendliche auf Tanzreise in Marokko | szenik","description":"\u00dcber zwanzig Jugendliche aus Deutschland reisten mit dem Studio Pro Arte nach Casablanca, um dort an einem Tanzprojekt teilzunehmen, das sie gemeinsam mit Jugendlichen aus Marokko und Frankreich gestalteten.","robots":{"index":"index","follow":"follow","max-snippet":"max-snippet:-1","max-image-preview":"max-image-preview:large","max-video-preview":"max-video-preview:-1"},"canonical":"https:\/\/www.szenik.eu\/de\/studio-pro-arte-freiburger-und-strassburger-jugendliche-auf-tanzreise-in-marokko-74962","og_locale":"de_DE","og_type":"article","og_title":"Studio Pro Arte: Freiburger und Stra\u00dfburger Jugendliche auf Tanzreise in Marokko | szenik","og_description":"\u00dcber zwanzig Jugendliche aus Deutschland reisten mit dem Studio Pro Arte nach Casablanca, um dort an einem Tanzprojekt teilzunehmen, das sie gemeinsam mit Jugendlichen aus Marokko und Frankreich gestalteten.","og_url":"https:\/\/www.szenik.eu\/de\/studio-pro-arte-freiburger-und-strassburger-jugendliche-auf-tanzreise-in-marokko-74962","og_site_name":"szenik","article_publisher":"https:\/\/www.facebook.com\/szenik.eu\/","article_published_time":"2025-10-07T08:32:57+00:00","article_modified_time":"2025-10-07T08:33:00+00:00","og_image":[{"width":2560,"height":1440,"url":"https:\/\/www.szenik.eu\/wp-content\/uploads\/2025\/10\/SPA_Casablanca-Credit_Fabien-Levebre-scaled.jpg","type":"image\/jpeg"}],"author":"sarahk","twitter_card":"summary_large_image","twitter_creator":"@Szenik","twitter_site":"@Szenik","twitter_misc":{"Verfasst von":"sarahk","Gesch\u00e4tzte Lesezeit":"2\u00a0Minuten"},"schema":{"@context":"https:\/\/schema.org","@graph":[{"@type":"Article","@id":"https:\/\/www.szenik.eu\/de\/studio-pro-arte-freiburger-und-strassburger-jugendliche-auf-tanzreise-in-marokko-74962#article","isPartOf":{"@id":"https:\/\/www.szenik.eu\/de\/studio-pro-arte-freiburger-und-strassburger-jugendliche-auf-tanzreise-in-marokko-74962"},"author":{"name":"sarahk","@id":"https:\/\/www.szenik.eu\/de\/#\/schema\/person\/81e9d00e9b1306e18e10ca1e4bed6465"},"headline":"Studio Pro Arte: Freiburger und Stra\u00dfburger Jugendliche auf Tanzreise in Marokko","datePublished":"2025-10-07T08:32:57+00:00","dateModified":"2025-10-07T08:33:00+00:00","mainEntityOfPage":{"@id":"https:\/\/www.szenik.eu\/de\/studio-pro-arte-freiburger-und-strassburger-jugendliche-auf-tanzreise-in-marokko-74962"},"wordCount":420,"commentCount":0,"publisher":{"@id":"https:\/\/www.szenik.eu\/de\/#organization"},"articleSection":["Kurz &amp; knackig"],"inLanguage":"de","potentialAction":[{"@type":"CommentAction","name":"Comment","target":["https:\/\/www.szenik.eu\/de\/studio-pro-arte-freiburger-und-strassburger-jugendliche-auf-tanzreise-in-marokko-74962#respond"]}]},{"@type":"WebPage","@id":"https:\/\/www.szenik.eu\/de\/studio-pro-arte-freiburger-und-strassburger-jugendliche-auf-tanzreise-in-marokko-74962","url":"https:\/\/www.szenik.eu\/de\/studio-pro-arte-freiburger-und-strassburger-jugendliche-auf-tanzreise-in-marokko-74962","name":"Studio Pro Arte: Freiburger und Stra\u00dfburger Jugendliche auf Tanzreise in Marokko | szenik","isPartOf":{"@id":"https:\/\/www.szenik.eu\/de\/#website"},"datePublished":"2025-10-07T08:32:57+00:00","dateModified":"2025-10-07T08:33:00+00:00","description":"\u00dcber zwanzig Jugendliche aus Deutschland reisten mit dem Studio Pro Arte nach Casablanca, um dort an einem Tanzprojekt teilzunehmen, das sie gemeinsam mit Jugendlichen aus Marokko und Frankreich gestalteten.","breadcrumb":{"@id":"https:\/\/www.szenik.eu\/de\/studio-pro-arte-freiburger-und-strassburger-jugendliche-auf-tanzreise-in-marokko-74962#breadcrumb"},"inLanguage":"de","potentialAction":[{"@type":"ReadAction","target":["https:\/\/www.szenik.eu\/de\/studio-pro-arte-freiburger-und-strassburger-jugendliche-auf-tanzreise-in-marokko-74962"]}]},{"@type":"BreadcrumbList","@id":"https:\/\/www.szenik.eu\/de\/studio-pro-arte-freiburger-und-strassburger-jugendliche-auf-tanzreise-in-marokko-74962#breadcrumb","itemListElement":[{"@type":"ListItem","position":1,"name":"Home","item":"https:\/\/www.szenik.eu\/de"},{"@type":"ListItem","position":2,"name":"Studio Pro Arte: Freiburger und Stra\u00dfburger Jugendliche auf Tanzreise in Marokko"}]},{"@type":"WebSite","@id":"https:\/\/www.szenik.eu\/de\/#website","url":"https:\/\/www.szenik.eu\/de\/","name":"szenik","description":"Le Meilleur des sc\u00e8nes au coeur de l&#039;Europe","publisher":{"@id":"https:\/\/www.szenik.eu\/de\/#organization"},"potentialAction":[{"@type":"SearchAction","target":{"@type":"EntryPoint","urlTemplate":"https:\/\/www.szenik.eu\/de\/?s={search_term_string}"},"query-input":"required name=search_term_string"}],"inLanguage":"de"},{"@type":"Organization","@id":"https:\/\/www.szenik.eu\/de\/#organization","name":"Szenik","url":"https:\/\/www.szenik.eu\/de\/","logo":{"@type":"ImageObject","inLanguage":"de","@id":"https:\/\/www.szenik.eu\/de\/#\/schema\/logo\/image\/","url":"https:\/\/www.szenik.eu\/wp-content\/uploads\/2019\/07\/logo-square.png","contentUrl":"https:\/\/www.szenik.eu\/wp-content\/uploads\/2019\/07\/logo-square.png","width":512,"height":512,"caption":"Szenik"},"image":{"@id":"https:\/\/www.szenik.eu\/de\/#\/schema\/logo\/image\/"},"sameAs":["https:\/\/www.facebook.com\/szenik.eu\/","https:\/\/twitter.com\/Szenik","https:\/\/www.instagram.com\/szenik_magazine\/","https:\/\/www.youtube.com\/user\/SzenikEU\/"]},{"@type":"Person","@id":"https:\/\/www.szenik.eu\/de\/#\/schema\/person\/81e9d00e9b1306e18e10ca1e4bed6465","name":"sarahk","image":{"@type":"ImageObject","inLanguage":"de","@id":"https:\/\/www.szenik.eu\/de\/#\/schema\/person\/image\/","url":"https:\/\/secure.gravatar.com\/avatar\/1e5f6f691c4a068f4814bda15b8400ca?s=96&d=mm&r=g","contentUrl":"https:\/\/secure.gravatar.com\/avatar\/1e5f6f691c4a068f4814bda15b8400ca?s=96&d=mm&r=g","caption":"sarahk"}}]}},"jetpack_featured_media_url":"https:\/\/www.szenik.eu\/wp-content\/uploads\/2025\/10\/SPA_Casablanca-Credit_Fabien-Levebre-scaled.jpg","amp_enabled":true,"_links":{"self":[{"href":"https:\/\/www.szenik.eu\/de\/wp-json\/\/wp\/v2\/posts\/74962"}],"collection":[{"href":"https:\/\/www.szenik.eu\/de\/wp-json\/\/wp\/v2\/posts"}],"about":[{"href":"https:\/\/www.szenik.eu\/de\/wp-json\/\/wp\/v2\/types\/post"}],"author":[{"embeddable":true,"href":"https:\/\/www.szenik.eu\/de\/wp-json\/\/wp\/v2\/users\/1680"}],"replies":[{"embeddable":true,"href":"https:\/\/www.szenik.eu\/de\/wp-json\/\/wp\/v2\/comments?post=74962"}],"version-history":[{"count":1,"href":"https:\/\/www.szenik.eu\/de\/wp-json\/\/wp\/v2\/posts\/74962\/revisions"}],"predecessor-version":[{"id":74965,"href":"https:\/\/www.szenik.eu\/de\/wp-json\/\/wp\/v2\/posts\/74962\/revisions\/74965"}],"wp:featuredmedia":[{"embeddable":true,"href":"https:\/\/www.szenik.eu\/de\/wp-json\/\/wp\/v2\/media\/74963"}],"wp:attachment":[{"href":"https:\/\/www.szenik.eu\/de\/wp-json\/\/wp\/v2\/media?parent=74962"}],"wp:term":[{"taxonomy":"category","embeddable":true,"href":"https:\/\/www.szenik.eu\/de\/wp-json\/\/wp\/v2\/categories?post=74962"},{"taxonomy":"post_tag","embeddable":true,"href":"https:\/\/www.szenik.eu\/de\/wp-json\/\/wp\/v2\/tags?post=74962"}],"curies":[{"name":"wp","href":"https:\/\/api.w.org\/{rel}","templated":true}]}}