{"id":74662,"date":"2025-09-11T12:24:22","date_gmt":"2025-09-11T10:24:22","guid":{"rendered":"https:\/\/www.szenik.eu\/?p=74662\/"},"modified":"2025-09-11T12:24:26","modified_gmt":"2025-09-11T10:24:26","slug":"burghof-loerrach-nachbuchungen-fuer-die-saison-2025-26","status":"publish","type":"post","link":"https:\/\/www.szenik.eu\/de\/burghof-loerrach-nachbuchungen-fuer-die-saison-2025-26-74662","title":{"rendered":"Burghof L\u00f6rrach: Nachbuchungen f\u00fcr die Saison 2025\/26"},"content":{"rendered":"\n<p>Das Programm der Saison 2025\/26 im Burghof L\u00f6rrach wird um drei ebenso unterschiedliche wie spannende Veranstaltungen erg\u00e4nzt.\u00a0<\/p>\n\n\n\n<p>Clubsounds vom Feinsten im Burghof L\u00f6rrach mit zwei Formationen am Donnerstag, 29. Januar 2026:&nbsp;<strong>Dub Spencer &amp; Trance Hill&nbsp;&#8211; Live in Surround &#8211; Mixed by Umberto Echo<\/strong>&nbsp;katapultieren handgespielten Dub in galaktische Sph\u00e4ren. Die vier Musiker jagen B\u00e4sse durch Delay-Universen, z\u00fcnden Orgel- und Gitarrenblitze und entfesseln auf der B\u00fchne eine Klangwelt, die hypnotisiert und mitrei\u00dft.<strong>NORLYZ<\/strong>&nbsp;vereinen die W\u00e4rme und Fragilit\u00e4t akustischer Instrumente mit der Pr\u00e4zision und Energie elektronischer Musik. Gemeinsam mit S\u00e4ngerin&nbsp;<strong>Malika Alaoui<\/strong>&nbsp;erschaffen die Musiker einen organischen Sound zwischen Clubkultur, Improvisation und Live-Performance.<\/p>\n\n\n\n<figure class=\"wp-block-image size-large\"><img decoding=\"async\" loading=\"lazy\" width=\"683\" height=\"1024\" src=\"https:\/\/www.szenik.eu\/wp-content\/uploads\/2025\/09\/Pippo-Pollina-Quartet_c_Filip@derkonzertfotograf-683x1024.jpg\" alt=\"\" class=\"wp-image-74667\" srcset=\"https:\/\/www.szenik.eu\/wp-content\/uploads\/2025\/09\/Pippo-Pollina-Quartet_c_Filip@derkonzertfotograf-683x1024.jpg 683w, https:\/\/www.szenik.eu\/wp-content\/uploads\/2025\/09\/Pippo-Pollina-Quartet_c_Filip@derkonzertfotograf-200x300.jpg 200w, https:\/\/www.szenik.eu\/wp-content\/uploads\/2025\/09\/Pippo-Pollina-Quartet_c_Filip@derkonzertfotograf-768x1151.jpg 768w, https:\/\/www.szenik.eu\/wp-content\/uploads\/2025\/09\/Pippo-Pollina-Quartet_c_Filip@derkonzertfotograf-1025x1536.jpg 1025w, https:\/\/www.szenik.eu\/wp-content\/uploads\/2025\/09\/Pippo-Pollina-Quartet_c_Filip@derkonzertfotograf-1367x2048.jpg 1367w, https:\/\/www.szenik.eu\/wp-content\/uploads\/2025\/09\/Pippo-Pollina-Quartet_c_Filip@derkonzertfotograf-750x1124.jpg 750w, https:\/\/www.szenik.eu\/wp-content\/uploads\/2025\/09\/Pippo-Pollina-Quartet_c_Filip@derkonzertfotograf-1140x1708.jpg 1140w, https:\/\/www.szenik.eu\/wp-content\/uploads\/2025\/09\/Pippo-Pollina-Quartet_c_Filip@derkonzertfotograf-scaled.jpg 1708w\" sizes=\"(max-width: 683px) 100vw, 683px\" \/><figcaption class=\"wp-element-caption\">Pippo Pollina Quartet, Photo: Filip@derkonzertfotograf<\/figcaption><\/figure>\n\n\n\n<p>Musikalisch ganz anders, aber nicht weniger mitrei\u00dfend wird es am Sonntag, 17. Mai 2026. \u201eLa vita&nbsp;\u00e8 bella cos\u00ec com\u2019\u00e8&nbsp;&#8211; das Leben ist sch\u00f6n so wie es ist\u201c. Mit diesem optimistischen Credo gibt uns&nbsp;<strong>Pippo Pollina<\/strong>&nbsp;in dieser Saison im Burghof die Ehre. L\u00e4ngst gilt er als einer der kreativsten K\u00fcnstler der europ\u00e4ischen Singer-Songwriter-Szene. Nun stellt er mit der Cellistin Cecile Gr\u00fcebler, der Pianistin Elisa Sandrini&nbsp;und dem Klarinettisten Roberto Petroli&nbsp;sein neues Projekt mit kammermusikalischem Charakter vor.&nbsp;<\/p>\n\n\n\n<figure class=\"wp-block-image size-large\"><img decoding=\"async\" loading=\"lazy\" width=\"682\" height=\"1024\" src=\"https:\/\/www.szenik.eu\/wp-content\/uploads\/2025\/09\/Thomas-Kundt_c_Pascal-Buenning-682x1024.jpg\" alt=\"\" class=\"wp-image-74665\" srcset=\"https:\/\/www.szenik.eu\/wp-content\/uploads\/2025\/09\/Thomas-Kundt_c_Pascal-Buenning-682x1024.jpg 682w, https:\/\/www.szenik.eu\/wp-content\/uploads\/2025\/09\/Thomas-Kundt_c_Pascal-Buenning-200x300.jpg 200w, https:\/\/www.szenik.eu\/wp-content\/uploads\/2025\/09\/Thomas-Kundt_c_Pascal-Buenning-768x1152.jpg 768w, https:\/\/www.szenik.eu\/wp-content\/uploads\/2025\/09\/Thomas-Kundt_c_Pascal-Buenning-1024x1536.jpg 1024w, https:\/\/www.szenik.eu\/wp-content\/uploads\/2025\/09\/Thomas-Kundt_c_Pascal-Buenning-750x1125.jpg 750w, https:\/\/www.szenik.eu\/wp-content\/uploads\/2025\/09\/Thomas-Kundt_c_Pascal-Buenning-1140x1710.jpg 1140w, https:\/\/www.szenik.eu\/wp-content\/uploads\/2025\/09\/Thomas-Kundt_c_Pascal-Buenning.jpg 1181w\" sizes=\"(max-width: 682px) 100vw, 682px\" \/><figcaption class=\"wp-element-caption\">Thomas Kundt, Photo Pascal Buenning<\/figcaption><\/figure>\n\n\n\n<p>Und einen Abend voller Spannung erwartet uns zudem bereits am Sonntag, 10. Mai 2026.&nbsp;<strong>Thomas Kundt<\/strong>&nbsp;ist Deutschlands bekanntester Tatortreiniger \u2013 und nimmt sein Publikum in \u201eMord, Maden, Trag\u00f6dien\u201c mit in eine Welt, die sonst verborgen bleibt. Blut, Kriminalf\u00e4lle, Schicksale von Einsamkeit und Abgr\u00fcnden: Kundt erz\u00e4hlt auf eindringliche und piet\u00e4tvolle Weise von dem, was er erlebt hat. Ein Abend f\u00fcr True-Crime-Fans, spannend, schockierend und mit klarer Botschaft: Achtet im eigenen Umfeld aufeinander. (Zutritt ab 18 Jahren!)<\/p>\n\n\n\n<p>Tickets f\u00fcr alle Veranstaltungen gibt es ab sofort im Vorverkauf.<\/p>\n\n\n\n<p><strong><a href=\"https:\/\/www.burghof.com\/de\/\">burghof.com<\/a><\/strong><\/p>\n","protected":false},"excerpt":{"rendered":"<p>Das Programm der Saison 2025\/26 im Burghof L\u00f6rrach wird um drei ebenso unterschiedliche wie spannende Veranstaltungen erg\u00e4nzt.\u00a0 Clubsounds vom Feinsten im Burghof L\u00f6rrach mit zwei Formationen am Donnerstag, 29. Januar 2026:&nbsp;Dub Spencer &amp; Trance Hill&nbsp;&#8211; Live in Surround &#8211; Mixed by Umberto Echo&nbsp;katapultieren handgespielten Dub in galaktische Sph\u00e4ren. Die vier Musiker jagen B\u00e4sse durch Delay-Universen, [&hellip;]<\/p>\n","protected":false},"author":1680,"featured_media":74663,"comment_status":"open","ping_status":"open","sticky":false,"template":"","format":"standard","meta":{"_monsterinsights_skip_tracking":false,"_monsterinsights_sitenote_active":false,"_monsterinsights_sitenote_note":"","_monsterinsights_sitenote_category":0},"categories":[2815],"tags":[],"yoast_head":"<!-- This site is optimized with the Yoast SEO plugin v20.5 - https:\/\/yoast.com\/wordpress\/plugins\/seo\/ -->\n<title>Burghof L\u00f6rrach: Nachbuchungen f\u00fcr die Saison 2025\/26 | szenik<\/title>\n<meta name=\"description\" content=\"Das Programm der Saison 2025\/26 im Burghof L\u00f6rrach wird um drei ebenso unterschiedliche wie spannende Veranstaltungen erg\u00e4nzt.\u00a0\" \/>\n<meta name=\"robots\" content=\"index, follow, max-snippet:-1, max-image-preview:large, max-video-preview:-1\" \/>\n<link rel=\"canonical\" href=\"https:\/\/www.szenik.eu\/de\/burghof-loerrach-nachbuchungen-fuer-die-saison-2025-26-74662\" \/>\n<meta property=\"og:locale\" content=\"de_DE\" \/>\n<meta property=\"og:type\" content=\"article\" \/>\n<meta property=\"og:title\" content=\"Burghof L\u00f6rrach: Nachbuchungen f\u00fcr die Saison 2025\/26 | szenik\" \/>\n<meta property=\"og:description\" content=\"Das Programm der Saison 2025\/26 im Burghof L\u00f6rrach wird um drei ebenso unterschiedliche wie spannende Veranstaltungen erg\u00e4nzt.\u00a0\" \/>\n<meta property=\"og:url\" content=\"https:\/\/www.szenik.eu\/de\/burghof-loerrach-nachbuchungen-fuer-die-saison-2025-26-74662\" \/>\n<meta property=\"og:site_name\" content=\"szenik\" \/>\n<meta property=\"article:publisher\" content=\"https:\/\/www.facebook.com\/szenik.eu\/\" \/>\n<meta property=\"article:published_time\" content=\"2025-09-11T10:24:22+00:00\" \/>\n<meta property=\"article:modified_time\" content=\"2025-09-11T10:24:26+00:00\" \/>\n<meta property=\"og:image\" content=\"https:\/\/www.szenik.eu\/wp-content\/uploads\/2025\/09\/DubSpencerTranceHill_c_zVg-scaled.jpg\" \/>\n\t<meta property=\"og:image:width\" content=\"2560\" \/>\n\t<meta property=\"og:image:height\" content=\"1707\" \/>\n\t<meta property=\"og:image:type\" content=\"image\/jpeg\" \/>\n<meta name=\"author\" content=\"sarahk\" \/>\n<meta name=\"twitter:card\" content=\"summary_large_image\" \/>\n<meta name=\"twitter:creator\" content=\"@Szenik\" \/>\n<meta name=\"twitter:site\" content=\"@Szenik\" \/>\n<meta name=\"twitter:label1\" content=\"Verfasst von\" \/>\n\t<meta name=\"twitter:data1\" content=\"sarahk\" \/>\n\t<meta name=\"twitter:label2\" content=\"Gesch\u00e4tzte Lesezeit\" \/>\n\t<meta name=\"twitter:data2\" content=\"2\u00a0Minuten\" \/>\n<script type=\"application\/ld+json\" class=\"yoast-schema-graph\">{\"@context\":\"https:\/\/schema.org\",\"@graph\":[{\"@type\":\"Article\",\"@id\":\"https:\/\/www.szenik.eu\/de\/burghof-loerrach-nachbuchungen-fuer-die-saison-2025-26-74662#article\",\"isPartOf\":{\"@id\":\"https:\/\/www.szenik.eu\/de\/burghof-loerrach-nachbuchungen-fuer-die-saison-2025-26-74662\"},\"author\":{\"name\":\"sarahk\",\"@id\":\"https:\/\/www.szenik.eu\/de\/#\/schema\/person\/81e9d00e9b1306e18e10ca1e4bed6465\"},\"headline\":\"Burghof L\u00f6rrach: Nachbuchungen f\u00fcr die Saison 2025\/26\",\"datePublished\":\"2025-09-11T10:24:22+00:00\",\"dateModified\":\"2025-09-11T10:24:26+00:00\",\"mainEntityOfPage\":{\"@id\":\"https:\/\/www.szenik.eu\/de\/burghof-loerrach-nachbuchungen-fuer-die-saison-2025-26-74662\"},\"wordCount\":320,\"commentCount\":0,\"publisher\":{\"@id\":\"https:\/\/www.szenik.eu\/de\/#organization\"},\"articleSection\":[\"Kurz &amp; knackig\"],\"inLanguage\":\"de\",\"potentialAction\":[{\"@type\":\"CommentAction\",\"name\":\"Comment\",\"target\":[\"https:\/\/www.szenik.eu\/de\/burghof-loerrach-nachbuchungen-fuer-die-saison-2025-26-74662#respond\"]}]},{\"@type\":\"WebPage\",\"@id\":\"https:\/\/www.szenik.eu\/de\/burghof-loerrach-nachbuchungen-fuer-die-saison-2025-26-74662\",\"url\":\"https:\/\/www.szenik.eu\/de\/burghof-loerrach-nachbuchungen-fuer-die-saison-2025-26-74662\",\"name\":\"Burghof L\u00f6rrach: Nachbuchungen f\u00fcr die Saison 2025\/26 | szenik\",\"isPartOf\":{\"@id\":\"https:\/\/www.szenik.eu\/de\/#website\"},\"datePublished\":\"2025-09-11T10:24:22+00:00\",\"dateModified\":\"2025-09-11T10:24:26+00:00\",\"description\":\"Das Programm der Saison 2025\/26 im Burghof L\u00f6rrach wird um drei ebenso unterschiedliche wie spannende Veranstaltungen erg\u00e4nzt.\u00a0\",\"breadcrumb\":{\"@id\":\"https:\/\/www.szenik.eu\/de\/burghof-loerrach-nachbuchungen-fuer-die-saison-2025-26-74662#breadcrumb\"},\"inLanguage\":\"de\",\"potentialAction\":[{\"@type\":\"ReadAction\",\"target\":[\"https:\/\/www.szenik.eu\/de\/burghof-loerrach-nachbuchungen-fuer-die-saison-2025-26-74662\"]}]},{\"@type\":\"BreadcrumbList\",\"@id\":\"https:\/\/www.szenik.eu\/de\/burghof-loerrach-nachbuchungen-fuer-die-saison-2025-26-74662#breadcrumb\",\"itemListElement\":[{\"@type\":\"ListItem\",\"position\":1,\"name\":\"Home\",\"item\":\"https:\/\/www.szenik.eu\/de\"},{\"@type\":\"ListItem\",\"position\":2,\"name\":\"Burghof L\u00f6rrach: Nachbuchungen f\u00fcr die Saison 2025\/26\"}]},{\"@type\":\"WebSite\",\"@id\":\"https:\/\/www.szenik.eu\/de\/#website\",\"url\":\"https:\/\/www.szenik.eu\/de\/\",\"name\":\"szenik\",\"description\":\"Le Meilleur des sc\u00e8nes au coeur de l&#039;Europe\",\"publisher\":{\"@id\":\"https:\/\/www.szenik.eu\/de\/#organization\"},\"potentialAction\":[{\"@type\":\"SearchAction\",\"target\":{\"@type\":\"EntryPoint\",\"urlTemplate\":\"https:\/\/www.szenik.eu\/de\/?s={search_term_string}\"},\"query-input\":\"required name=search_term_string\"}],\"inLanguage\":\"de\"},{\"@type\":\"Organization\",\"@id\":\"https:\/\/www.szenik.eu\/de\/#organization\",\"name\":\"Szenik\",\"url\":\"https:\/\/www.szenik.eu\/de\/\",\"logo\":{\"@type\":\"ImageObject\",\"inLanguage\":\"de\",\"@id\":\"https:\/\/www.szenik.eu\/de\/#\/schema\/logo\/image\/\",\"url\":\"https:\/\/www.szenik.eu\/wp-content\/uploads\/2019\/07\/logo-square.png\",\"contentUrl\":\"https:\/\/www.szenik.eu\/wp-content\/uploads\/2019\/07\/logo-square.png\",\"width\":512,\"height\":512,\"caption\":\"Szenik\"},\"image\":{\"@id\":\"https:\/\/www.szenik.eu\/de\/#\/schema\/logo\/image\/\"},\"sameAs\":[\"https:\/\/www.facebook.com\/szenik.eu\/\",\"https:\/\/twitter.com\/Szenik\",\"https:\/\/www.instagram.com\/szenik_magazine\/\",\"https:\/\/www.youtube.com\/user\/SzenikEU\/\"]},{\"@type\":\"Person\",\"@id\":\"https:\/\/www.szenik.eu\/de\/#\/schema\/person\/81e9d00e9b1306e18e10ca1e4bed6465\",\"name\":\"sarahk\",\"image\":{\"@type\":\"ImageObject\",\"inLanguage\":\"de\",\"@id\":\"https:\/\/www.szenik.eu\/de\/#\/schema\/person\/image\/\",\"url\":\"https:\/\/secure.gravatar.com\/avatar\/1e5f6f691c4a068f4814bda15b8400ca?s=96&d=mm&r=g\",\"contentUrl\":\"https:\/\/secure.gravatar.com\/avatar\/1e5f6f691c4a068f4814bda15b8400ca?s=96&d=mm&r=g\",\"caption\":\"sarahk\"}}]}<\/script>\n<!-- \/ Yoast SEO plugin. -->","yoast_head_json":{"title":"Burghof L\u00f6rrach: Nachbuchungen f\u00fcr die Saison 2025\/26 | szenik","description":"Das Programm der Saison 2025\/26 im Burghof L\u00f6rrach wird um drei ebenso unterschiedliche wie spannende Veranstaltungen erg\u00e4nzt.\u00a0","robots":{"index":"index","follow":"follow","max-snippet":"max-snippet:-1","max-image-preview":"max-image-preview:large","max-video-preview":"max-video-preview:-1"},"canonical":"https:\/\/www.szenik.eu\/de\/burghof-loerrach-nachbuchungen-fuer-die-saison-2025-26-74662","og_locale":"de_DE","og_type":"article","og_title":"Burghof L\u00f6rrach: Nachbuchungen f\u00fcr die Saison 2025\/26 | szenik","og_description":"Das Programm der Saison 2025\/26 im Burghof L\u00f6rrach wird um drei ebenso unterschiedliche wie spannende Veranstaltungen erg\u00e4nzt.\u00a0","og_url":"https:\/\/www.szenik.eu\/de\/burghof-loerrach-nachbuchungen-fuer-die-saison-2025-26-74662","og_site_name":"szenik","article_publisher":"https:\/\/www.facebook.com\/szenik.eu\/","article_published_time":"2025-09-11T10:24:22+00:00","article_modified_time":"2025-09-11T10:24:26+00:00","og_image":[{"width":2560,"height":1707,"url":"https:\/\/www.szenik.eu\/wp-content\/uploads\/2025\/09\/DubSpencerTranceHill_c_zVg-scaled.jpg","type":"image\/jpeg"}],"author":"sarahk","twitter_card":"summary_large_image","twitter_creator":"@Szenik","twitter_site":"@Szenik","twitter_misc":{"Verfasst von":"sarahk","Gesch\u00e4tzte Lesezeit":"2\u00a0Minuten"},"schema":{"@context":"https:\/\/schema.org","@graph":[{"@type":"Article","@id":"https:\/\/www.szenik.eu\/de\/burghof-loerrach-nachbuchungen-fuer-die-saison-2025-26-74662#article","isPartOf":{"@id":"https:\/\/www.szenik.eu\/de\/burghof-loerrach-nachbuchungen-fuer-die-saison-2025-26-74662"},"author":{"name":"sarahk","@id":"https:\/\/www.szenik.eu\/de\/#\/schema\/person\/81e9d00e9b1306e18e10ca1e4bed6465"},"headline":"Burghof L\u00f6rrach: Nachbuchungen f\u00fcr die Saison 2025\/26","datePublished":"2025-09-11T10:24:22+00:00","dateModified":"2025-09-11T10:24:26+00:00","mainEntityOfPage":{"@id":"https:\/\/www.szenik.eu\/de\/burghof-loerrach-nachbuchungen-fuer-die-saison-2025-26-74662"},"wordCount":320,"commentCount":0,"publisher":{"@id":"https:\/\/www.szenik.eu\/de\/#organization"},"articleSection":["Kurz &amp; knackig"],"inLanguage":"de","potentialAction":[{"@type":"CommentAction","name":"Comment","target":["https:\/\/www.szenik.eu\/de\/burghof-loerrach-nachbuchungen-fuer-die-saison-2025-26-74662#respond"]}]},{"@type":"WebPage","@id":"https:\/\/www.szenik.eu\/de\/burghof-loerrach-nachbuchungen-fuer-die-saison-2025-26-74662","url":"https:\/\/www.szenik.eu\/de\/burghof-loerrach-nachbuchungen-fuer-die-saison-2025-26-74662","name":"Burghof L\u00f6rrach: Nachbuchungen f\u00fcr die Saison 2025\/26 | szenik","isPartOf":{"@id":"https:\/\/www.szenik.eu\/de\/#website"},"datePublished":"2025-09-11T10:24:22+00:00","dateModified":"2025-09-11T10:24:26+00:00","description":"Das Programm der Saison 2025\/26 im Burghof L\u00f6rrach wird um drei ebenso unterschiedliche wie spannende Veranstaltungen erg\u00e4nzt.\u00a0","breadcrumb":{"@id":"https:\/\/www.szenik.eu\/de\/burghof-loerrach-nachbuchungen-fuer-die-saison-2025-26-74662#breadcrumb"},"inLanguage":"de","potentialAction":[{"@type":"ReadAction","target":["https:\/\/www.szenik.eu\/de\/burghof-loerrach-nachbuchungen-fuer-die-saison-2025-26-74662"]}]},{"@type":"BreadcrumbList","@id":"https:\/\/www.szenik.eu\/de\/burghof-loerrach-nachbuchungen-fuer-die-saison-2025-26-74662#breadcrumb","itemListElement":[{"@type":"ListItem","position":1,"name":"Home","item":"https:\/\/www.szenik.eu\/de"},{"@type":"ListItem","position":2,"name":"Burghof L\u00f6rrach: Nachbuchungen f\u00fcr die Saison 2025\/26"}]},{"@type":"WebSite","@id":"https:\/\/www.szenik.eu\/de\/#website","url":"https:\/\/www.szenik.eu\/de\/","name":"szenik","description":"Le Meilleur des sc\u00e8nes au coeur de l&#039;Europe","publisher":{"@id":"https:\/\/www.szenik.eu\/de\/#organization"},"potentialAction":[{"@type":"SearchAction","target":{"@type":"EntryPoint","urlTemplate":"https:\/\/www.szenik.eu\/de\/?s={search_term_string}"},"query-input":"required name=search_term_string"}],"inLanguage":"de"},{"@type":"Organization","@id":"https:\/\/www.szenik.eu\/de\/#organization","name":"Szenik","url":"https:\/\/www.szenik.eu\/de\/","logo":{"@type":"ImageObject","inLanguage":"de","@id":"https:\/\/www.szenik.eu\/de\/#\/schema\/logo\/image\/","url":"https:\/\/www.szenik.eu\/wp-content\/uploads\/2019\/07\/logo-square.png","contentUrl":"https:\/\/www.szenik.eu\/wp-content\/uploads\/2019\/07\/logo-square.png","width":512,"height":512,"caption":"Szenik"},"image":{"@id":"https:\/\/www.szenik.eu\/de\/#\/schema\/logo\/image\/"},"sameAs":["https:\/\/www.facebook.com\/szenik.eu\/","https:\/\/twitter.com\/Szenik","https:\/\/www.instagram.com\/szenik_magazine\/","https:\/\/www.youtube.com\/user\/SzenikEU\/"]},{"@type":"Person","@id":"https:\/\/www.szenik.eu\/de\/#\/schema\/person\/81e9d00e9b1306e18e10ca1e4bed6465","name":"sarahk","image":{"@type":"ImageObject","inLanguage":"de","@id":"https:\/\/www.szenik.eu\/de\/#\/schema\/person\/image\/","url":"https:\/\/secure.gravatar.com\/avatar\/1e5f6f691c4a068f4814bda15b8400ca?s=96&d=mm&r=g","contentUrl":"https:\/\/secure.gravatar.com\/avatar\/1e5f6f691c4a068f4814bda15b8400ca?s=96&d=mm&r=g","caption":"sarahk"}}]}},"jetpack_featured_media_url":"https:\/\/www.szenik.eu\/wp-content\/uploads\/2025\/09\/DubSpencerTranceHill_c_zVg-scaled.jpg","amp_enabled":true,"_links":{"self":[{"href":"https:\/\/www.szenik.eu\/de\/wp-json\/\/wp\/v2\/posts\/74662"}],"collection":[{"href":"https:\/\/www.szenik.eu\/de\/wp-json\/\/wp\/v2\/posts"}],"about":[{"href":"https:\/\/www.szenik.eu\/de\/wp-json\/\/wp\/v2\/types\/post"}],"author":[{"embeddable":true,"href":"https:\/\/www.szenik.eu\/de\/wp-json\/\/wp\/v2\/users\/1680"}],"replies":[{"embeddable":true,"href":"https:\/\/www.szenik.eu\/de\/wp-json\/\/wp\/v2\/comments?post=74662"}],"version-history":[{"count":1,"href":"https:\/\/www.szenik.eu\/de\/wp-json\/\/wp\/v2\/posts\/74662\/revisions"}],"predecessor-version":[{"id":74669,"href":"https:\/\/www.szenik.eu\/de\/wp-json\/\/wp\/v2\/posts\/74662\/revisions\/74669"}],"wp:featuredmedia":[{"embeddable":true,"href":"https:\/\/www.szenik.eu\/de\/wp-json\/\/wp\/v2\/media\/74663"}],"wp:attachment":[{"href":"https:\/\/www.szenik.eu\/de\/wp-json\/\/wp\/v2\/media?parent=74662"}],"wp:term":[{"taxonomy":"category","embeddable":true,"href":"https:\/\/www.szenik.eu\/de\/wp-json\/\/wp\/v2\/categories?post=74662"},{"taxonomy":"post_tag","embeddable":true,"href":"https:\/\/www.szenik.eu\/de\/wp-json\/\/wp\/v2\/tags?post=74662"}],"curies":[{"name":"wp","href":"https:\/\/api.w.org\/{rel}","templated":true}]}}