{"id":74437,"date":"2025-08-19T15:35:16","date_gmt":"2025-08-19T13:35:16","guid":{"rendered":"https:\/\/www.szenik.eu\/?p=74437\/"},"modified":"2025-08-19T15:35:18","modified_gmt":"2025-08-19T13:35:18","slug":"kammermusiksaison-endspurt-fuer-abonnements","status":"publish","type":"post","link":"https:\/\/www.szenik.eu\/de\/kammermusiksaison-endspurt-fuer-abonnements-74437","title":{"rendered":"Kammermusiksaison: Endspurt f\u00fcr Abonnements"},"content":{"rendered":"\n<p>Kehl \u2013&nbsp;Wer ein Abonnement f\u00fcr die bevorstehende Kammermusiksaison abschlie\u00dfen m\u00f6chte, sollte sich sputen, das empfiehlt das st\u00e4dtische Kulturb\u00fcro. Bereits ab 1. September beginnt der Einzelkartenverkauf. Erfahrungsgem\u00e4\u00df sinkt dann die Zahl der Abonnement-Pl\u00e4tze. \u201eDaher lohnt es sich, schnell zu sein\u201c, empfiehlt Armelle Aubier aus dem Kulturb\u00fcro. Die Kammermusikreihe bietet dem geneigten Kehler Publikum ab Herbst Klavier-Rezitale, Streichquartette, ein Panfl\u00f6tenduo und ein Klarinettentrio.<\/p>\n\n\n\n<p>Den Anfang macht die taiwanesisch-deutsche Pianistin Julia Hermanski am Donnerstag, 9. Oktober, um 20 Uhr im Zedernsaal in der Stadthalle. Die 2017 als \u201eVirtuosin des Jahres\u201c ausgezeichnete Musikerin interpretiert Werke ber\u00fchmter Komponisten wie Frank Schubert und Frank Liszt, Joseph Haydn, Ludwig van Beethoven und Wolfgang Amadeus Mozart.<\/p>\n\n\n\n<p>Musikalischer Besuch aus D\u00e4nemark steht der Stadthalle am Montag, 8. Dezember, ab 20 Uhr ins Haus: Das NOVO Quartett aus Kopenhagen pr\u00e4sentiert Kompositionen von Joseph Haydn, Dmitri Schostakowitsch und Felix Mendelssohn.&nbsp;<\/p>\n\n\n\n<p>Hannah Schlubeck gilt als eine der besten Panfl\u00f6tistinnen weltweit. Davon kann sich das Kehler Publikum am Freitag, 6. Februar 2026, ab 20 Uhr im Zedernsaal selbst \u00fcberzeugen. Dort bringt sie gemeinsam mit dem Pianisten Thorsten Sch\u00e4ffer Werke von Johann Sebastian Bach, Georg Philipp Telemann, Gaetano Donizetti, Robert Schumann und B\u00e9la Bart\u00f3k zu Geh\u00f6r.<\/p>\n\n\n\n<p>Den Schlusspunkt setzt am Donnerstag, 26. M\u00e4rz 2026, das Quantum Clarinet Trio im Kleinen Saal der Stadthalle. Die drei Klarinettisten spielen Werke von Carl Fr\u00fchling, Felix Mendelssohn, Robert Kahn, Max Bruch und Johannes Brahms. Die Deb\u00fct-CD in Zusammenarbeit mit Deutschlandfunk Kultur des Quantum Clarinet Trios wurde bei den Opus Klassik 2024 als \u201eBeste Kammermusikeinspielung\u201c nominiert.<\/p>\n\n\n\n<p>Das Kulturb\u00fcro empfiehlt Neuabonnentinnen und Neuabonnenten, sich bis Ende des Monats August telefonisch unter 07851 88-2603 zu melden und sich so gute Sitzpl\u00e4tze zu sichern. \u201eWer ein Abonnement abschlie\u00dft, spart etwa 20 Prozent im Vergleich zu den Einzelkarten\u201c, sagt Armelle Aubier.<\/p>\n","protected":false},"excerpt":{"rendered":"<p>Kehl \u2013&nbsp;Wer ein Abonnement f\u00fcr die bevorstehende Kammermusiksaison abschlie\u00dfen m\u00f6chte, sollte sich sputen, das empfiehlt das st\u00e4dtische Kulturb\u00fcro. Bereits ab 1. September beginnt der Einzelkartenverkauf. Erfahrungsgem\u00e4\u00df sinkt dann die Zahl der Abonnement-Pl\u00e4tze. \u201eDaher lohnt es sich, schnell zu sein\u201c, empfiehlt Armelle Aubier aus dem Kulturb\u00fcro. Die Kammermusikreihe bietet dem geneigten Kehler Publikum ab Herbst Klavier-Rezitale, [&hellip;]<\/p>\n","protected":false},"author":1693,"featured_media":74438,"comment_status":"open","ping_status":"open","sticky":false,"template":"","format":"standard","meta":{"_monsterinsights_skip_tracking":false,"_monsterinsights_sitenote_active":false,"_monsterinsights_sitenote_note":"","_monsterinsights_sitenote_category":0},"categories":[22434],"tags":[23923,23900,23901],"yoast_head":"<!-- This site is optimized with the Yoast SEO plugin v20.5 - https:\/\/yoast.com\/wordpress\/plugins\/seo\/ -->\n<title>Kammermusiksaison: Endspurt f\u00fcr Abonnements | Szenik.eu<\/title>\n<meta name=\"description\" content=\"Kehl \u2013\u00a0Wer ein Abonnement f\u00fcr die bevorstehende Kammermusiksaison abschlie\u00dfen m\u00f6chte, sollte sich sputen, das empfiehlt das st\u00e4dtische Kulturb\u00fcro.\" \/>\n<meta name=\"robots\" content=\"index, follow, max-snippet:-1, max-image-preview:large, max-video-preview:-1\" \/>\n<link rel=\"canonical\" href=\"https:\/\/www.szenik.eu\/de\/kammermusiksaison-endspurt-fuer-abonnements-74437\" \/>\n<meta property=\"og:locale\" content=\"de_DE\" \/>\n<meta property=\"og:type\" content=\"article\" \/>\n<meta property=\"og:title\" content=\"Kammermusiksaison: Endspurt f\u00fcr Abonnements | Szenik.eu\" \/>\n<meta property=\"og:description\" content=\"Kehl \u2013\u00a0Wer ein Abonnement f\u00fcr die bevorstehende Kammermusiksaison abschlie\u00dfen m\u00f6chte, sollte sich sputen, das empfiehlt das st\u00e4dtische Kulturb\u00fcro.\" \/>\n<meta property=\"og:url\" content=\"https:\/\/www.szenik.eu\/de\/kammermusiksaison-endspurt-fuer-abonnements-74437\" \/>\n<meta property=\"og:site_name\" content=\"szenik\" \/>\n<meta property=\"article:publisher\" content=\"https:\/\/www.facebook.com\/szenik.eu\/\" \/>\n<meta property=\"article:published_time\" content=\"2025-08-19T13:35:16+00:00\" \/>\n<meta property=\"article:modified_time\" content=\"2025-08-19T13:35:18+00:00\" \/>\n<meta property=\"og:image\" content=\"https:\/\/www.szenik.eu\/wp-content\/uploads\/2025\/08\/NOVO-Quartet-c-Maya-Matsuura-scaled.jpg\" \/>\n\t<meta property=\"og:image:width\" content=\"1707\" \/>\n\t<meta property=\"og:image:height\" content=\"2560\" \/>\n\t<meta property=\"og:image:type\" content=\"image\/jpeg\" \/>\n<meta name=\"author\" content=\"Emma Hodapp\" \/>\n<meta name=\"twitter:card\" content=\"summary_large_image\" \/>\n<meta name=\"twitter:creator\" content=\"@Szenik\" \/>\n<meta name=\"twitter:site\" content=\"@Szenik\" \/>\n<meta name=\"twitter:label1\" content=\"Verfasst von\" \/>\n\t<meta name=\"twitter:data1\" content=\"Emma Hodapp\" \/>\n\t<meta name=\"twitter:label2\" content=\"Gesch\u00e4tzte Lesezeit\" \/>\n\t<meta name=\"twitter:data2\" content=\"2\u00a0Minuten\" \/>\n<script type=\"application\/ld+json\" class=\"yoast-schema-graph\">{\"@context\":\"https:\/\/schema.org\",\"@graph\":[{\"@type\":\"Article\",\"@id\":\"https:\/\/www.szenik.eu\/de\/kammermusiksaison-endspurt-fuer-abonnements-74437#article\",\"isPartOf\":{\"@id\":\"https:\/\/www.szenik.eu\/de\/kammermusiksaison-endspurt-fuer-abonnements-74437\"},\"author\":{\"name\":\"Emma Hodapp\",\"@id\":\"https:\/\/www.szenik.eu\/de\/#\/schema\/person\/b9ca4379b400eddaebaa678b55ed3d64\"},\"headline\":\"Kammermusiksaison: Endspurt f\u00fcr Abonnements\",\"datePublished\":\"2025-08-19T13:35:16+00:00\",\"dateModified\":\"2025-08-19T13:35:18+00:00\",\"mainEntityOfPage\":{\"@id\":\"https:\/\/www.szenik.eu\/de\/kammermusiksaison-endspurt-fuer-abonnements-74437\"},\"wordCount\":303,\"commentCount\":0,\"publisher\":{\"@id\":\"https:\/\/www.szenik.eu\/de\/#organization\"},\"keywords\":[\"Kammermusiksaison\",\"Kehl\",\"Kulturb\u00fcro\"],\"articleSection\":[\"En bref\"],\"inLanguage\":\"de\",\"potentialAction\":[{\"@type\":\"CommentAction\",\"name\":\"Comment\",\"target\":[\"https:\/\/www.szenik.eu\/de\/kammermusiksaison-endspurt-fuer-abonnements-74437#respond\"]}]},{\"@type\":\"WebPage\",\"@id\":\"https:\/\/www.szenik.eu\/de\/kammermusiksaison-endspurt-fuer-abonnements-74437\",\"url\":\"https:\/\/www.szenik.eu\/de\/kammermusiksaison-endspurt-fuer-abonnements-74437\",\"name\":\"Kammermusiksaison: Endspurt f\u00fcr Abonnements | Szenik.eu\",\"isPartOf\":{\"@id\":\"https:\/\/www.szenik.eu\/de\/#website\"},\"datePublished\":\"2025-08-19T13:35:16+00:00\",\"dateModified\":\"2025-08-19T13:35:18+00:00\",\"description\":\"Kehl \u2013\u00a0Wer ein Abonnement f\u00fcr die bevorstehende Kammermusiksaison abschlie\u00dfen m\u00f6chte, sollte sich sputen, das empfiehlt das st\u00e4dtische Kulturb\u00fcro.\",\"breadcrumb\":{\"@id\":\"https:\/\/www.szenik.eu\/de\/kammermusiksaison-endspurt-fuer-abonnements-74437#breadcrumb\"},\"inLanguage\":\"de\",\"potentialAction\":[{\"@type\":\"ReadAction\",\"target\":[\"https:\/\/www.szenik.eu\/de\/kammermusiksaison-endspurt-fuer-abonnements-74437\"]}]},{\"@type\":\"BreadcrumbList\",\"@id\":\"https:\/\/www.szenik.eu\/de\/kammermusiksaison-endspurt-fuer-abonnements-74437#breadcrumb\",\"itemListElement\":[{\"@type\":\"ListItem\",\"position\":1,\"name\":\"Home\",\"item\":\"https:\/\/www.szenik.eu\/de\"},{\"@type\":\"ListItem\",\"position\":2,\"name\":\"Kammermusiksaison: Endspurt f\u00fcr Abonnements\"}]},{\"@type\":\"WebSite\",\"@id\":\"https:\/\/www.szenik.eu\/de\/#website\",\"url\":\"https:\/\/www.szenik.eu\/de\/\",\"name\":\"szenik\",\"description\":\"Le Meilleur des sc\u00e8nes au coeur de l&#039;Europe\",\"publisher\":{\"@id\":\"https:\/\/www.szenik.eu\/de\/#organization\"},\"potentialAction\":[{\"@type\":\"SearchAction\",\"target\":{\"@type\":\"EntryPoint\",\"urlTemplate\":\"https:\/\/www.szenik.eu\/de\/?s={search_term_string}\"},\"query-input\":\"required name=search_term_string\"}],\"inLanguage\":\"de\"},{\"@type\":\"Organization\",\"@id\":\"https:\/\/www.szenik.eu\/de\/#organization\",\"name\":\"Szenik\",\"url\":\"https:\/\/www.szenik.eu\/de\/\",\"logo\":{\"@type\":\"ImageObject\",\"inLanguage\":\"de\",\"@id\":\"https:\/\/www.szenik.eu\/de\/#\/schema\/logo\/image\/\",\"url\":\"https:\/\/www.szenik.eu\/wp-content\/uploads\/2019\/07\/logo-square.png\",\"contentUrl\":\"https:\/\/www.szenik.eu\/wp-content\/uploads\/2019\/07\/logo-square.png\",\"width\":512,\"height\":512,\"caption\":\"Szenik\"},\"image\":{\"@id\":\"https:\/\/www.szenik.eu\/de\/#\/schema\/logo\/image\/\"},\"sameAs\":[\"https:\/\/www.facebook.com\/szenik.eu\/\",\"https:\/\/twitter.com\/Szenik\",\"https:\/\/www.instagram.com\/szenik_magazine\/\",\"https:\/\/www.youtube.com\/user\/SzenikEU\/\"]},{\"@type\":\"Person\",\"@id\":\"https:\/\/www.szenik.eu\/de\/#\/schema\/person\/b9ca4379b400eddaebaa678b55ed3d64\",\"name\":\"Emma Hodapp\",\"image\":{\"@type\":\"ImageObject\",\"inLanguage\":\"de\",\"@id\":\"https:\/\/www.szenik.eu\/de\/#\/schema\/person\/image\/\",\"url\":\"https:\/\/secure.gravatar.com\/avatar\/9844fd807284ed8e20b58b5bf77e5220?s=96&d=mm&r=g\",\"contentUrl\":\"https:\/\/secure.gravatar.com\/avatar\/9844fd807284ed8e20b58b5bf77e5220?s=96&d=mm&r=g\",\"caption\":\"Emma Hodapp\"}}]}<\/script>\n<!-- \/ Yoast SEO plugin. -->","yoast_head_json":{"title":"Kammermusiksaison: Endspurt f\u00fcr Abonnements | Szenik.eu","description":"Kehl \u2013\u00a0Wer ein Abonnement f\u00fcr die bevorstehende Kammermusiksaison abschlie\u00dfen m\u00f6chte, sollte sich sputen, das empfiehlt das st\u00e4dtische Kulturb\u00fcro.","robots":{"index":"index","follow":"follow","max-snippet":"max-snippet:-1","max-image-preview":"max-image-preview:large","max-video-preview":"max-video-preview:-1"},"canonical":"https:\/\/www.szenik.eu\/de\/kammermusiksaison-endspurt-fuer-abonnements-74437","og_locale":"de_DE","og_type":"article","og_title":"Kammermusiksaison: Endspurt f\u00fcr Abonnements | Szenik.eu","og_description":"Kehl \u2013\u00a0Wer ein Abonnement f\u00fcr die bevorstehende Kammermusiksaison abschlie\u00dfen m\u00f6chte, sollte sich sputen, das empfiehlt das st\u00e4dtische Kulturb\u00fcro.","og_url":"https:\/\/www.szenik.eu\/de\/kammermusiksaison-endspurt-fuer-abonnements-74437","og_site_name":"szenik","article_publisher":"https:\/\/www.facebook.com\/szenik.eu\/","article_published_time":"2025-08-19T13:35:16+00:00","article_modified_time":"2025-08-19T13:35:18+00:00","og_image":[{"width":1707,"height":2560,"url":"https:\/\/www.szenik.eu\/wp-content\/uploads\/2025\/08\/NOVO-Quartet-c-Maya-Matsuura-scaled.jpg","type":"image\/jpeg"}],"author":"Emma Hodapp","twitter_card":"summary_large_image","twitter_creator":"@Szenik","twitter_site":"@Szenik","twitter_misc":{"Verfasst von":"Emma Hodapp","Gesch\u00e4tzte Lesezeit":"2\u00a0Minuten"},"schema":{"@context":"https:\/\/schema.org","@graph":[{"@type":"Article","@id":"https:\/\/www.szenik.eu\/de\/kammermusiksaison-endspurt-fuer-abonnements-74437#article","isPartOf":{"@id":"https:\/\/www.szenik.eu\/de\/kammermusiksaison-endspurt-fuer-abonnements-74437"},"author":{"name":"Emma Hodapp","@id":"https:\/\/www.szenik.eu\/de\/#\/schema\/person\/b9ca4379b400eddaebaa678b55ed3d64"},"headline":"Kammermusiksaison: Endspurt f\u00fcr Abonnements","datePublished":"2025-08-19T13:35:16+00:00","dateModified":"2025-08-19T13:35:18+00:00","mainEntityOfPage":{"@id":"https:\/\/www.szenik.eu\/de\/kammermusiksaison-endspurt-fuer-abonnements-74437"},"wordCount":303,"commentCount":0,"publisher":{"@id":"https:\/\/www.szenik.eu\/de\/#organization"},"keywords":["Kammermusiksaison","Kehl","Kulturb\u00fcro"],"articleSection":["En bref"],"inLanguage":"de","potentialAction":[{"@type":"CommentAction","name":"Comment","target":["https:\/\/www.szenik.eu\/de\/kammermusiksaison-endspurt-fuer-abonnements-74437#respond"]}]},{"@type":"WebPage","@id":"https:\/\/www.szenik.eu\/de\/kammermusiksaison-endspurt-fuer-abonnements-74437","url":"https:\/\/www.szenik.eu\/de\/kammermusiksaison-endspurt-fuer-abonnements-74437","name":"Kammermusiksaison: Endspurt f\u00fcr Abonnements | Szenik.eu","isPartOf":{"@id":"https:\/\/www.szenik.eu\/de\/#website"},"datePublished":"2025-08-19T13:35:16+00:00","dateModified":"2025-08-19T13:35:18+00:00","description":"Kehl \u2013\u00a0Wer ein Abonnement f\u00fcr die bevorstehende Kammermusiksaison abschlie\u00dfen m\u00f6chte, sollte sich sputen, das empfiehlt das st\u00e4dtische Kulturb\u00fcro.","breadcrumb":{"@id":"https:\/\/www.szenik.eu\/de\/kammermusiksaison-endspurt-fuer-abonnements-74437#breadcrumb"},"inLanguage":"de","potentialAction":[{"@type":"ReadAction","target":["https:\/\/www.szenik.eu\/de\/kammermusiksaison-endspurt-fuer-abonnements-74437"]}]},{"@type":"BreadcrumbList","@id":"https:\/\/www.szenik.eu\/de\/kammermusiksaison-endspurt-fuer-abonnements-74437#breadcrumb","itemListElement":[{"@type":"ListItem","position":1,"name":"Home","item":"https:\/\/www.szenik.eu\/de"},{"@type":"ListItem","position":2,"name":"Kammermusiksaison: Endspurt f\u00fcr Abonnements"}]},{"@type":"WebSite","@id":"https:\/\/www.szenik.eu\/de\/#website","url":"https:\/\/www.szenik.eu\/de\/","name":"szenik","description":"Le Meilleur des sc\u00e8nes au coeur de l&#039;Europe","publisher":{"@id":"https:\/\/www.szenik.eu\/de\/#organization"},"potentialAction":[{"@type":"SearchAction","target":{"@type":"EntryPoint","urlTemplate":"https:\/\/www.szenik.eu\/de\/?s={search_term_string}"},"query-input":"required name=search_term_string"}],"inLanguage":"de"},{"@type":"Organization","@id":"https:\/\/www.szenik.eu\/de\/#organization","name":"Szenik","url":"https:\/\/www.szenik.eu\/de\/","logo":{"@type":"ImageObject","inLanguage":"de","@id":"https:\/\/www.szenik.eu\/de\/#\/schema\/logo\/image\/","url":"https:\/\/www.szenik.eu\/wp-content\/uploads\/2019\/07\/logo-square.png","contentUrl":"https:\/\/www.szenik.eu\/wp-content\/uploads\/2019\/07\/logo-square.png","width":512,"height":512,"caption":"Szenik"},"image":{"@id":"https:\/\/www.szenik.eu\/de\/#\/schema\/logo\/image\/"},"sameAs":["https:\/\/www.facebook.com\/szenik.eu\/","https:\/\/twitter.com\/Szenik","https:\/\/www.instagram.com\/szenik_magazine\/","https:\/\/www.youtube.com\/user\/SzenikEU\/"]},{"@type":"Person","@id":"https:\/\/www.szenik.eu\/de\/#\/schema\/person\/b9ca4379b400eddaebaa678b55ed3d64","name":"Emma Hodapp","image":{"@type":"ImageObject","inLanguage":"de","@id":"https:\/\/www.szenik.eu\/de\/#\/schema\/person\/image\/","url":"https:\/\/secure.gravatar.com\/avatar\/9844fd807284ed8e20b58b5bf77e5220?s=96&d=mm&r=g","contentUrl":"https:\/\/secure.gravatar.com\/avatar\/9844fd807284ed8e20b58b5bf77e5220?s=96&d=mm&r=g","caption":"Emma Hodapp"}}]}},"jetpack_featured_media_url":"https:\/\/www.szenik.eu\/wp-content\/uploads\/2025\/08\/NOVO-Quartet-c-Maya-Matsuura-scaled.jpg","amp_enabled":true,"_links":{"self":[{"href":"https:\/\/www.szenik.eu\/de\/wp-json\/\/wp\/v2\/posts\/74437"}],"collection":[{"href":"https:\/\/www.szenik.eu\/de\/wp-json\/\/wp\/v2\/posts"}],"about":[{"href":"https:\/\/www.szenik.eu\/de\/wp-json\/\/wp\/v2\/types\/post"}],"author":[{"embeddable":true,"href":"https:\/\/www.szenik.eu\/de\/wp-json\/\/wp\/v2\/users\/1693"}],"replies":[{"embeddable":true,"href":"https:\/\/www.szenik.eu\/de\/wp-json\/\/wp\/v2\/comments?post=74437"}],"version-history":[{"count":1,"href":"https:\/\/www.szenik.eu\/de\/wp-json\/\/wp\/v2\/posts\/74437\/revisions"}],"predecessor-version":[{"id":74440,"href":"https:\/\/www.szenik.eu\/de\/wp-json\/\/wp\/v2\/posts\/74437\/revisions\/74440"}],"wp:featuredmedia":[{"embeddable":true,"href":"https:\/\/www.szenik.eu\/de\/wp-json\/\/wp\/v2\/media\/74438"}],"wp:attachment":[{"href":"https:\/\/www.szenik.eu\/de\/wp-json\/\/wp\/v2\/media?parent=74437"}],"wp:term":[{"taxonomy":"category","embeddable":true,"href":"https:\/\/www.szenik.eu\/de\/wp-json\/\/wp\/v2\/categories?post=74437"},{"taxonomy":"post_tag","embeddable":true,"href":"https:\/\/www.szenik.eu\/de\/wp-json\/\/wp\/v2\/tags?post=74437"}],"curies":[{"name":"wp","href":"https:\/\/api.w.org\/{rel}","templated":true}]}}