{"id":74224,"date":"2025-07-21T09:27:02","date_gmt":"2025-07-21T07:27:02","guid":{"rendered":"https:\/\/www.szenik.eu\/?p=74224\/"},"modified":"2025-07-21T09:27:05","modified_gmt":"2025-07-21T07:27:05","slug":"badische-staatstheater-lasse-caballero-gewinnt-neu-geschaffenen-karlsruher-tanzpreis","status":"publish","type":"post","link":"https:\/\/www.szenik.eu\/de\/badische-staatstheater-lasse-caballero-gewinnt-neu-geschaffenen-karlsruher-tanzpreis-74224","title":{"rendered":"Badische Staatstheater: Lasse Caballero gewinnt neu geschaffenen Karlsruher Tanzpreis"},"content":{"rendered":"\n<p>Mit der gro\u00dfen\u00a0<em>Ballettgala<\/em>\u00a0als kr\u00f6nendem Abschluss am Samstag, 19.7. ging die\u00a0<strong><em>Tanz-Fest-Woche<\/em><\/strong>\u00a0des Badischen Staatsballett zu Ende und Lasse Caballero wurde ausgezeichnet.<\/p>\n\n\n\n<p>Im Rahmen der Gala mit dem Staatsballett Karlsruhe und hochkar\u00e4tigen T\u00e4nzer:innen aus aller Welt wurde auf Initiative von Ballettdirektor Raimondo Rebeck erstmals der neu geschaffene&nbsp;<strong>Karlsruher Tanzpreis<\/strong>&nbsp;verliehen.<\/p>\n\n\n\n<p>Ballettdirektor Raimondo Rebeck ist es gelungen, die beiden Stifter des fr\u00fcheren Young Star Ballet Award, das \u00c4rzteehepaar Dr. med. Sabine Raulin und Prof. Dr. med. Christian Raulin, als Stifter f\u00fcr den neuen Tanzpreis wieder zu gewinnen. Auf Vorschlag des Ballettdirektors wurde ein Mitglied des Staatsballett Karlsruhe ausgezeichnet, das in dieser Spielzeit herausragende k\u00fcnstlerische Leistungen erbracht hat.<\/p>\n\n\n\n<p>Den mit 5.000 Euro dotierten Preis durfte Ensemblemitglied&nbsp;<strong><a href=\"https:\/\/www.staatstheater.karlsruhe.de\/ensemble\/id\/4709\/\">Lasse Caballero<\/a><\/strong>&nbsp;entgegen nehmen \u2013&nbsp;der T\u00e4nzer&nbsp;war mit Beginn der Spielzeit vom Hamburg Ballett ans Badische Staatsballett gewechselt. Darstellerische Brillanz, Kreativit\u00e4t, Kollegialit\u00e4t, au\u00dfergew\u00f6hnliche Partnerqualit\u00e4ten und eine eindrucksvolle B\u00fchnenpr\u00e4senz zeichnen ihn als T\u00e4nzer aus. Der Preis soll eine Anerkennung f\u00fcr bisher Geleistetes sein, sowie Ansporn f\u00fcr den weiteren k\u00fcnstlerischen Lebensweg.<\/p>\n\n\n\n<p>In seiner ersten Spielzeit am Badischen Staatstheater brillierte Lasse Caballero insbesondere in der Titelrolle des Romeo in Christophe Maillots Erfolgschoreografie von&nbsp;<em>Romeo und Julia<\/em>. Ein Ausschnitt daraus war auch in der Ballettgala zu sehen \u2013 direkt im Anschluss an den Auftritt \u00fcberreichte das Stifterehepaar dem Ballettt\u00e4nzer die Preistr\u00e4ger-Urkunde zusammen mit der Preis-Statue.<\/p>\n\n\n\n<p>Die Gestaltung der Preis-Statue ist aus einer Kooperation mit der Staatliche Akademie der Bildenden K\u00fcnste Karlsruhe hervorgegangen. Kunst-Studierende waren im Mai mit ihrer Lehrbeauftragten Eva Gentner und der Referentin des Rektors und Kommunikation Dr. Susanne Schiller-Winkel zu Gast bei morgendlichem Training und Probe des Staatsballett und haben diese zeichnerisch begleitet. Eine Arbeit des Studierenden Arash Abramians wurde als gestalterisches Element f\u00fcr die Preis-Statue ausgew\u00e4hlt.&nbsp;<\/p>\n\n\n\n<p><strong>Zum neu geschaffenen Karlsruher Tanzpreis<\/strong><\/p>\n\n\n\n<p>Ballettdirektor Raimondo Rebeck zum Karlsruher Tanzpreis: \u201eEs ist mir generell ein zentrales Anliegen, unsere T\u00e4nzer:innen so umfassend wie m\u00f6glich zu f\u00f6rdern und ihnen immer wieder neue M\u00f6glichkeiten f\u00fcr ihre Kreativit\u00e4t zu bieten. Mit dem neu ins Leben gerufenen&nbsp;<strong>Karlsruher Tanzpreis<\/strong>&nbsp;setze ich in Wirklichkeit eine Tradition des Staatsballett fort: Es freut mich sehr, dass ich die beiden Stifter des fr\u00fcheren Young Star Ballet Award, das \u00c4rzteehepaar Dr. med. Sabine Raulin und Prof. Dr. med. Christian Raulin, als Stifter f\u00fcr den neuen Karlsruher Tanzpreis wieder gewinnen konnte. Ausgezeichnet wird ein Mitglied des Staatsballett Karlsruhe, das in der betreffenden Spielzeit herausragende k\u00fcnstlerische Leistungen erbracht hat. In Zukunft soll der Karlsruher Tanzpreis als W\u00fcrdigung herausragender k\u00fcnstlerischer Leistungen j\u00e4hrlich vergeben und zu einem Bestandteil unserer Ballettgala am Ende jeder Spielzeit werden.\u201c<\/p>\n\n\n\n<p>Dr. med. Sabine Raulin und Prof. Dr. med. Christian Raulin setzen ihr Engagement gerne fort: \u201eMit gro\u00dfem Interesse und Neugier haben wir den Neustart des Staatsballett Karlsruhe unter Ballettdirektor Raimondo Rebeck und seinem neuen Team am Badischen Staatstheater verfolgt. Die programmatische Ausrichtung mit Fokus auf ein erz\u00e4hlerisches Ballett-Theater begeistert uns. Deswegen haben wir uns sehr gefreut, als die Anfrage von Raimondo Rebeck kam, die Tradition des Young Star Ballet Award wieder zu beleben und im neuen \u201eKarlsruher Tanzpreis\u201c fortzuf\u00fchren. Mit dem von uns gestifteten Preisgeld in H\u00f6he von 5.000 Euro m\u00f6chten wir ein Mitglied des Staatsballett auszeichnen, das durch herausragende k\u00fcnstlerische Leistungen in der laufenden Spielzeit \u00fcberzeugt hat. Der Preis ist einerseits Anerkennung, andererseits Ansporn f\u00fcr die zuk\u00fcnftige k\u00fcnstlerische Entwicklung. Mit unserem Engagement machen wir uns auch stark f\u00fcr das Staatsballett Karlsruhe und das Badische Staatstheater als wichtigen kulturellen Protagonisten in der F\u00e4cherstadt.\u201c<\/p>\n\n\n\n<p><strong>Lasse Caballero \u2013 Biografie<\/strong><\/p>\n\n\n\n<p>Lasse Caballero wurde 2000 in Hamburg geboren. Mit 14 Jahren begann er mit dem Tanzen und studierte an der bekannten Ballettschule des Hamburg Ballett unter der Leitung von John Neumeier. 2019 trat er dem Hamburg Ballett John Neumeier bei, wo er f\u00fcnf Spielzeiten tanzte. W\u00e4hrend dieser Zeit war er in St\u00fccken von Christopher Wheeldon, Cathy Marston, Marc Jubete, Aleix Martinez, Edvin Revazov und anderen international renommierten Choreograf:innen zu erleben. Zu seinen Solopartien z\u00e4hlten Auftritte in John Neumeiers&nbsp;<em>Die Glasmenagerie<\/em>,&nbsp;<em>Die Kameliendame<\/em>,&nbsp;<em>Illusionen wie Schwanensee<\/em>,&nbsp;<em>Matth\u00e4us-Passion<\/em>&nbsp;und&nbsp;<em>The Sleeping Beauty<\/em>.<\/p>\n\n\n\n<p>Mit der Spielzeit 2024\/25 schloss er sich dem Staatsballett Karlsruhe an, und brillierte in Rollen wie Romeo in&nbsp;<em>Romeo und Julia<\/em>&nbsp;von Jean-Christophe Maillot, als Gemeindevorsteher, Klamm in Kristina Paulins Urauff\u00fchrungs-Choreografie&nbsp;<em>Das Schloss<\/em>&nbsp;und als 1. Mann in der Deutschen Erstauff\u00fchrung&nbsp;<em>A Journey of a Memory<\/em>&nbsp;von Raimondo Rebeck (beide im Rahmen des Ballettabends&nbsp;<em>Leuchtfeuer<\/em>). Daneben war er in&nbsp;<em>Tanzkraftwerk<\/em>&nbsp;und in den Wiederaufnahmen&nbsp;<em>Das M\u00e4dchen &amp; Der Nussknacker<\/em>&nbsp;(als Mr. Frederick Stahlbaum) und&nbsp;<em>Saiten\/Spr\u00fcnge<\/em>&nbsp;zu sehen.<\/p>\n\n\n\n<p>Dar\u00fcber hinaus bewies er auch sein Talent als Choreograf\u00a0im Rahmen von\u00a0<em>Made in KA \u2013 Junge Choreografien aus Karlsruhe<\/em>.<\/p>\n\n\n\n<p><strong><a href=\"https:\/\/www.staatstheater.karlsruhe.de\/\">staatstheater.karlsruhe.de <\/a><\/strong><\/p>\n","protected":false},"excerpt":{"rendered":"<p>Mit der gro\u00dfen\u00a0Ballettgala\u00a0als kr\u00f6nendem Abschluss am Samstag, 19.7. ging die\u00a0Tanz-Fest-Woche\u00a0des Badischen Staatsballett zu Ende und Lasse Caballero wurde ausgezeichnet. Im Rahmen der Gala mit dem Staatsballett Karlsruhe und hochkar\u00e4tigen T\u00e4nzer:innen aus aller Welt wurde auf Initiative von Ballettdirektor Raimondo Rebeck erstmals der neu geschaffene&nbsp;Karlsruher Tanzpreis&nbsp;verliehen. Ballettdirektor Raimondo Rebeck ist es gelungen, die beiden Stifter des [&hellip;]<\/p>\n","protected":false},"author":1680,"featured_media":74225,"comment_status":"open","ping_status":"open","sticky":false,"template":"","format":"standard","meta":{"_monsterinsights_skip_tracking":false,"_monsterinsights_sitenote_active":false,"_monsterinsights_sitenote_note":"","_monsterinsights_sitenote_category":0},"categories":[2815],"tags":[],"yoast_head":"<!-- This site is optimized with the Yoast SEO plugin v20.5 - https:\/\/yoast.com\/wordpress\/plugins\/seo\/ -->\n<title>Badische Staatstheater: Lasse Caballero gewinnt neu geschaffenen Karlsruher Tanzpreis | szenik<\/title>\n<meta name=\"description\" content=\"Mit der gro\u00dfen\u00a0Ballettgala\u00a0als kr\u00f6nendem Abschluss am Samstag, 19.7. ging die\u00a0Tanz-Fest-Woche\u00a0des Badischen Staatsballett zu Ende und Lasse Caballero wurde ausgezeichnet.\" \/>\n<meta name=\"robots\" content=\"index, follow, max-snippet:-1, max-image-preview:large, max-video-preview:-1\" \/>\n<link rel=\"canonical\" href=\"https:\/\/www.szenik.eu\/de\/badische-staatstheater-lasse-caballero-gewinnt-neu-geschaffenen-karlsruher-tanzpreis-74224\" \/>\n<meta property=\"og:locale\" content=\"de_DE\" \/>\n<meta property=\"og:type\" content=\"article\" \/>\n<meta property=\"og:title\" content=\"Badische Staatstheater: Lasse Caballero gewinnt neu geschaffenen Karlsruher Tanzpreis | szenik\" \/>\n<meta property=\"og:description\" content=\"Mit der gro\u00dfen\u00a0Ballettgala\u00a0als kr\u00f6nendem Abschluss am Samstag, 19.7. ging die\u00a0Tanz-Fest-Woche\u00a0des Badischen Staatsballett zu Ende und Lasse Caballero wurde ausgezeichnet.\" \/>\n<meta property=\"og:url\" content=\"https:\/\/www.szenik.eu\/de\/badische-staatstheater-lasse-caballero-gewinnt-neu-geschaffenen-karlsruher-tanzpreis-74224\" \/>\n<meta property=\"og:site_name\" content=\"szenik\" \/>\n<meta property=\"article:publisher\" content=\"https:\/\/www.facebook.com\/szenik.eu\/\" \/>\n<meta property=\"article:published_time\" content=\"2025-07-21T07:27:02+00:00\" \/>\n<meta property=\"article:modified_time\" content=\"2025-07-21T07:27:05+00:00\" \/>\n<meta property=\"og:image\" content=\"https:\/\/www.szenik.eu\/wp-content\/uploads\/2025\/07\/karlsruher-tanzpreis_ballettgala_19-07-25_ako_011_687cbf80bf7314.66929772-scaled.jpg\" \/>\n\t<meta property=\"og:image:width\" content=\"2560\" \/>\n\t<meta property=\"og:image:height\" content=\"1703\" \/>\n\t<meta property=\"og:image:type\" content=\"image\/jpeg\" \/>\n<meta name=\"author\" content=\"sarahk\" \/>\n<meta name=\"twitter:card\" content=\"summary_large_image\" \/>\n<meta name=\"twitter:creator\" content=\"@Szenik\" \/>\n<meta name=\"twitter:site\" content=\"@Szenik\" \/>\n<meta name=\"twitter:label1\" content=\"Verfasst von\" \/>\n\t<meta name=\"twitter:data1\" content=\"sarahk\" \/>\n\t<meta name=\"twitter:label2\" content=\"Gesch\u00e4tzte Lesezeit\" \/>\n\t<meta name=\"twitter:data2\" content=\"4\u00a0Minuten\" \/>\n<script type=\"application\/ld+json\" class=\"yoast-schema-graph\">{\"@context\":\"https:\/\/schema.org\",\"@graph\":[{\"@type\":\"Article\",\"@id\":\"https:\/\/www.szenik.eu\/de\/badische-staatstheater-lasse-caballero-gewinnt-neu-geschaffenen-karlsruher-tanzpreis-74224#article\",\"isPartOf\":{\"@id\":\"https:\/\/www.szenik.eu\/de\/badische-staatstheater-lasse-caballero-gewinnt-neu-geschaffenen-karlsruher-tanzpreis-74224\"},\"author\":{\"name\":\"sarahk\",\"@id\":\"https:\/\/www.szenik.eu\/de\/#\/schema\/person\/81e9d00e9b1306e18e10ca1e4bed6465\"},\"headline\":\"Badische Staatstheater: Lasse Caballero gewinnt neu geschaffenen Karlsruher Tanzpreis\",\"datePublished\":\"2025-07-21T07:27:02+00:00\",\"dateModified\":\"2025-07-21T07:27:05+00:00\",\"mainEntityOfPage\":{\"@id\":\"https:\/\/www.szenik.eu\/de\/badische-staatstheater-lasse-caballero-gewinnt-neu-geschaffenen-karlsruher-tanzpreis-74224\"},\"wordCount\":836,\"commentCount\":0,\"publisher\":{\"@id\":\"https:\/\/www.szenik.eu\/de\/#organization\"},\"articleSection\":[\"Kurz &amp; knackig\"],\"inLanguage\":\"de\",\"potentialAction\":[{\"@type\":\"CommentAction\",\"name\":\"Comment\",\"target\":[\"https:\/\/www.szenik.eu\/de\/badische-staatstheater-lasse-caballero-gewinnt-neu-geschaffenen-karlsruher-tanzpreis-74224#respond\"]}]},{\"@type\":\"WebPage\",\"@id\":\"https:\/\/www.szenik.eu\/de\/badische-staatstheater-lasse-caballero-gewinnt-neu-geschaffenen-karlsruher-tanzpreis-74224\",\"url\":\"https:\/\/www.szenik.eu\/de\/badische-staatstheater-lasse-caballero-gewinnt-neu-geschaffenen-karlsruher-tanzpreis-74224\",\"name\":\"Badische Staatstheater: Lasse Caballero gewinnt neu geschaffenen Karlsruher Tanzpreis | szenik\",\"isPartOf\":{\"@id\":\"https:\/\/www.szenik.eu\/de\/#website\"},\"datePublished\":\"2025-07-21T07:27:02+00:00\",\"dateModified\":\"2025-07-21T07:27:05+00:00\",\"description\":\"Mit der gro\u00dfen\u00a0Ballettgala\u00a0als kr\u00f6nendem Abschluss am Samstag, 19.7. ging die\u00a0Tanz-Fest-Woche\u00a0des Badischen Staatsballett zu Ende und Lasse Caballero wurde ausgezeichnet.\",\"breadcrumb\":{\"@id\":\"https:\/\/www.szenik.eu\/de\/badische-staatstheater-lasse-caballero-gewinnt-neu-geschaffenen-karlsruher-tanzpreis-74224#breadcrumb\"},\"inLanguage\":\"de\",\"potentialAction\":[{\"@type\":\"ReadAction\",\"target\":[\"https:\/\/www.szenik.eu\/de\/badische-staatstheater-lasse-caballero-gewinnt-neu-geschaffenen-karlsruher-tanzpreis-74224\"]}]},{\"@type\":\"BreadcrumbList\",\"@id\":\"https:\/\/www.szenik.eu\/de\/badische-staatstheater-lasse-caballero-gewinnt-neu-geschaffenen-karlsruher-tanzpreis-74224#breadcrumb\",\"itemListElement\":[{\"@type\":\"ListItem\",\"position\":1,\"name\":\"Home\",\"item\":\"https:\/\/www.szenik.eu\/de\"},{\"@type\":\"ListItem\",\"position\":2,\"name\":\"Badische Staatstheater: Lasse Caballero gewinnt neu geschaffenen Karlsruher Tanzpreis\"}]},{\"@type\":\"WebSite\",\"@id\":\"https:\/\/www.szenik.eu\/de\/#website\",\"url\":\"https:\/\/www.szenik.eu\/de\/\",\"name\":\"szenik\",\"description\":\"Le Meilleur des sc\u00e8nes au coeur de l&#039;Europe\",\"publisher\":{\"@id\":\"https:\/\/www.szenik.eu\/de\/#organization\"},\"potentialAction\":[{\"@type\":\"SearchAction\",\"target\":{\"@type\":\"EntryPoint\",\"urlTemplate\":\"https:\/\/www.szenik.eu\/de\/?s={search_term_string}\"},\"query-input\":\"required name=search_term_string\"}],\"inLanguage\":\"de\"},{\"@type\":\"Organization\",\"@id\":\"https:\/\/www.szenik.eu\/de\/#organization\",\"name\":\"Szenik\",\"url\":\"https:\/\/www.szenik.eu\/de\/\",\"logo\":{\"@type\":\"ImageObject\",\"inLanguage\":\"de\",\"@id\":\"https:\/\/www.szenik.eu\/de\/#\/schema\/logo\/image\/\",\"url\":\"https:\/\/www.szenik.eu\/wp-content\/uploads\/2019\/07\/logo-square.png\",\"contentUrl\":\"https:\/\/www.szenik.eu\/wp-content\/uploads\/2019\/07\/logo-square.png\",\"width\":512,\"height\":512,\"caption\":\"Szenik\"},\"image\":{\"@id\":\"https:\/\/www.szenik.eu\/de\/#\/schema\/logo\/image\/\"},\"sameAs\":[\"https:\/\/www.facebook.com\/szenik.eu\/\",\"https:\/\/twitter.com\/Szenik\",\"https:\/\/www.instagram.com\/szenik_magazine\/\",\"https:\/\/www.youtube.com\/user\/SzenikEU\/\"]},{\"@type\":\"Person\",\"@id\":\"https:\/\/www.szenik.eu\/de\/#\/schema\/person\/81e9d00e9b1306e18e10ca1e4bed6465\",\"name\":\"sarahk\",\"image\":{\"@type\":\"ImageObject\",\"inLanguage\":\"de\",\"@id\":\"https:\/\/www.szenik.eu\/de\/#\/schema\/person\/image\/\",\"url\":\"https:\/\/secure.gravatar.com\/avatar\/1e5f6f691c4a068f4814bda15b8400ca?s=96&d=mm&r=g\",\"contentUrl\":\"https:\/\/secure.gravatar.com\/avatar\/1e5f6f691c4a068f4814bda15b8400ca?s=96&d=mm&r=g\",\"caption\":\"sarahk\"}}]}<\/script>\n<!-- \/ Yoast SEO plugin. -->","yoast_head_json":{"title":"Badische Staatstheater: Lasse Caballero gewinnt neu geschaffenen Karlsruher Tanzpreis | szenik","description":"Mit der gro\u00dfen\u00a0Ballettgala\u00a0als kr\u00f6nendem Abschluss am Samstag, 19.7. ging die\u00a0Tanz-Fest-Woche\u00a0des Badischen Staatsballett zu Ende und Lasse Caballero wurde ausgezeichnet.","robots":{"index":"index","follow":"follow","max-snippet":"max-snippet:-1","max-image-preview":"max-image-preview:large","max-video-preview":"max-video-preview:-1"},"canonical":"https:\/\/www.szenik.eu\/de\/badische-staatstheater-lasse-caballero-gewinnt-neu-geschaffenen-karlsruher-tanzpreis-74224","og_locale":"de_DE","og_type":"article","og_title":"Badische Staatstheater: Lasse Caballero gewinnt neu geschaffenen Karlsruher Tanzpreis | szenik","og_description":"Mit der gro\u00dfen\u00a0Ballettgala\u00a0als kr\u00f6nendem Abschluss am Samstag, 19.7. ging die\u00a0Tanz-Fest-Woche\u00a0des Badischen Staatsballett zu Ende und Lasse Caballero wurde ausgezeichnet.","og_url":"https:\/\/www.szenik.eu\/de\/badische-staatstheater-lasse-caballero-gewinnt-neu-geschaffenen-karlsruher-tanzpreis-74224","og_site_name":"szenik","article_publisher":"https:\/\/www.facebook.com\/szenik.eu\/","article_published_time":"2025-07-21T07:27:02+00:00","article_modified_time":"2025-07-21T07:27:05+00:00","og_image":[{"width":2560,"height":1703,"url":"https:\/\/www.szenik.eu\/wp-content\/uploads\/2025\/07\/karlsruher-tanzpreis_ballettgala_19-07-25_ako_011_687cbf80bf7314.66929772-scaled.jpg","type":"image\/jpeg"}],"author":"sarahk","twitter_card":"summary_large_image","twitter_creator":"@Szenik","twitter_site":"@Szenik","twitter_misc":{"Verfasst von":"sarahk","Gesch\u00e4tzte Lesezeit":"4\u00a0Minuten"},"schema":{"@context":"https:\/\/schema.org","@graph":[{"@type":"Article","@id":"https:\/\/www.szenik.eu\/de\/badische-staatstheater-lasse-caballero-gewinnt-neu-geschaffenen-karlsruher-tanzpreis-74224#article","isPartOf":{"@id":"https:\/\/www.szenik.eu\/de\/badische-staatstheater-lasse-caballero-gewinnt-neu-geschaffenen-karlsruher-tanzpreis-74224"},"author":{"name":"sarahk","@id":"https:\/\/www.szenik.eu\/de\/#\/schema\/person\/81e9d00e9b1306e18e10ca1e4bed6465"},"headline":"Badische Staatstheater: Lasse Caballero gewinnt neu geschaffenen Karlsruher Tanzpreis","datePublished":"2025-07-21T07:27:02+00:00","dateModified":"2025-07-21T07:27:05+00:00","mainEntityOfPage":{"@id":"https:\/\/www.szenik.eu\/de\/badische-staatstheater-lasse-caballero-gewinnt-neu-geschaffenen-karlsruher-tanzpreis-74224"},"wordCount":836,"commentCount":0,"publisher":{"@id":"https:\/\/www.szenik.eu\/de\/#organization"},"articleSection":["Kurz &amp; knackig"],"inLanguage":"de","potentialAction":[{"@type":"CommentAction","name":"Comment","target":["https:\/\/www.szenik.eu\/de\/badische-staatstheater-lasse-caballero-gewinnt-neu-geschaffenen-karlsruher-tanzpreis-74224#respond"]}]},{"@type":"WebPage","@id":"https:\/\/www.szenik.eu\/de\/badische-staatstheater-lasse-caballero-gewinnt-neu-geschaffenen-karlsruher-tanzpreis-74224","url":"https:\/\/www.szenik.eu\/de\/badische-staatstheater-lasse-caballero-gewinnt-neu-geschaffenen-karlsruher-tanzpreis-74224","name":"Badische Staatstheater: Lasse Caballero gewinnt neu geschaffenen Karlsruher Tanzpreis | szenik","isPartOf":{"@id":"https:\/\/www.szenik.eu\/de\/#website"},"datePublished":"2025-07-21T07:27:02+00:00","dateModified":"2025-07-21T07:27:05+00:00","description":"Mit der gro\u00dfen\u00a0Ballettgala\u00a0als kr\u00f6nendem Abschluss am Samstag, 19.7. ging die\u00a0Tanz-Fest-Woche\u00a0des Badischen Staatsballett zu Ende und Lasse Caballero wurde ausgezeichnet.","breadcrumb":{"@id":"https:\/\/www.szenik.eu\/de\/badische-staatstheater-lasse-caballero-gewinnt-neu-geschaffenen-karlsruher-tanzpreis-74224#breadcrumb"},"inLanguage":"de","potentialAction":[{"@type":"ReadAction","target":["https:\/\/www.szenik.eu\/de\/badische-staatstheater-lasse-caballero-gewinnt-neu-geschaffenen-karlsruher-tanzpreis-74224"]}]},{"@type":"BreadcrumbList","@id":"https:\/\/www.szenik.eu\/de\/badische-staatstheater-lasse-caballero-gewinnt-neu-geschaffenen-karlsruher-tanzpreis-74224#breadcrumb","itemListElement":[{"@type":"ListItem","position":1,"name":"Home","item":"https:\/\/www.szenik.eu\/de"},{"@type":"ListItem","position":2,"name":"Badische Staatstheater: Lasse Caballero gewinnt neu geschaffenen Karlsruher Tanzpreis"}]},{"@type":"WebSite","@id":"https:\/\/www.szenik.eu\/de\/#website","url":"https:\/\/www.szenik.eu\/de\/","name":"szenik","description":"Le Meilleur des sc\u00e8nes au coeur de l&#039;Europe","publisher":{"@id":"https:\/\/www.szenik.eu\/de\/#organization"},"potentialAction":[{"@type":"SearchAction","target":{"@type":"EntryPoint","urlTemplate":"https:\/\/www.szenik.eu\/de\/?s={search_term_string}"},"query-input":"required name=search_term_string"}],"inLanguage":"de"},{"@type":"Organization","@id":"https:\/\/www.szenik.eu\/de\/#organization","name":"Szenik","url":"https:\/\/www.szenik.eu\/de\/","logo":{"@type":"ImageObject","inLanguage":"de","@id":"https:\/\/www.szenik.eu\/de\/#\/schema\/logo\/image\/","url":"https:\/\/www.szenik.eu\/wp-content\/uploads\/2019\/07\/logo-square.png","contentUrl":"https:\/\/www.szenik.eu\/wp-content\/uploads\/2019\/07\/logo-square.png","width":512,"height":512,"caption":"Szenik"},"image":{"@id":"https:\/\/www.szenik.eu\/de\/#\/schema\/logo\/image\/"},"sameAs":["https:\/\/www.facebook.com\/szenik.eu\/","https:\/\/twitter.com\/Szenik","https:\/\/www.instagram.com\/szenik_magazine\/","https:\/\/www.youtube.com\/user\/SzenikEU\/"]},{"@type":"Person","@id":"https:\/\/www.szenik.eu\/de\/#\/schema\/person\/81e9d00e9b1306e18e10ca1e4bed6465","name":"sarahk","image":{"@type":"ImageObject","inLanguage":"de","@id":"https:\/\/www.szenik.eu\/de\/#\/schema\/person\/image\/","url":"https:\/\/secure.gravatar.com\/avatar\/1e5f6f691c4a068f4814bda15b8400ca?s=96&d=mm&r=g","contentUrl":"https:\/\/secure.gravatar.com\/avatar\/1e5f6f691c4a068f4814bda15b8400ca?s=96&d=mm&r=g","caption":"sarahk"}}]}},"jetpack_featured_media_url":"https:\/\/www.szenik.eu\/wp-content\/uploads\/2025\/07\/karlsruher-tanzpreis_ballettgala_19-07-25_ako_011_687cbf80bf7314.66929772-scaled.jpg","amp_enabled":true,"_links":{"self":[{"href":"https:\/\/www.szenik.eu\/de\/wp-json\/\/wp\/v2\/posts\/74224"}],"collection":[{"href":"https:\/\/www.szenik.eu\/de\/wp-json\/\/wp\/v2\/posts"}],"about":[{"href":"https:\/\/www.szenik.eu\/de\/wp-json\/\/wp\/v2\/types\/post"}],"author":[{"embeddable":true,"href":"https:\/\/www.szenik.eu\/de\/wp-json\/\/wp\/v2\/users\/1680"}],"replies":[{"embeddable":true,"href":"https:\/\/www.szenik.eu\/de\/wp-json\/\/wp\/v2\/comments?post=74224"}],"version-history":[{"count":1,"href":"https:\/\/www.szenik.eu\/de\/wp-json\/\/wp\/v2\/posts\/74224\/revisions"}],"predecessor-version":[{"id":74227,"href":"https:\/\/www.szenik.eu\/de\/wp-json\/\/wp\/v2\/posts\/74224\/revisions\/74227"}],"wp:featuredmedia":[{"embeddable":true,"href":"https:\/\/www.szenik.eu\/de\/wp-json\/\/wp\/v2\/media\/74225"}],"wp:attachment":[{"href":"https:\/\/www.szenik.eu\/de\/wp-json\/\/wp\/v2\/media?parent=74224"}],"wp:term":[{"taxonomy":"category","embeddable":true,"href":"https:\/\/www.szenik.eu\/de\/wp-json\/\/wp\/v2\/categories?post=74224"},{"taxonomy":"post_tag","embeddable":true,"href":"https:\/\/www.szenik.eu\/de\/wp-json\/\/wp\/v2\/tags?post=74224"}],"curies":[{"name":"wp","href":"https:\/\/api.w.org\/{rel}","templated":true}]}}