{"id":74189,"date":"2025-07-16T10:09:55","date_gmt":"2025-07-16T08:09:55","guid":{"rendered":"https:\/\/www.szenik.eu\/?p=74189\/"},"modified":"2025-07-16T10:09:57","modified_gmt":"2025-07-16T08:09:57","slug":"wenn-der-see-zur-buehne-wird-kehler-kultursommer-startet-am-26-juli","status":"publish","type":"post","link":"https:\/\/www.szenik.eu\/de\/wenn-der-see-zur-buehne-wird-kehler-kultursommer-startet-am-26-juli-74189","title":{"rendered":"Wenn der See zur B\u00fchne wird: Kehler Kultursommer startet am 26. Juli"},"content":{"rendered":"\n<p>Kehl \u2013\u00a0Sommerzeit ist Seeb\u00fchnenzeit:<strong>\u00a0<\/strong>Bereits seit 36 Jahren l\u00e4dt das Kehler Kulturb\u00fcro Musikliebhaberinnen und -liebhaber zur Kultursommer-Reihe an den Altrhein ein. Ab dem 26. Juli pr\u00e4sentiert sich wieder jeden Samstag ab 19.30 Uhr eine andere Formation. Die Bandbreite reicht vom Familienmusical \u00fcber Musikkabarett bis hin zu tanzbarer Weltmusik des italienischen Cantautori Luca Bassanese. Der Eintritt ist wie immer frei; bei schlechter Witterung werden die Auftritte in die Stadthalle verlegt. Das vollst\u00e4ndige Programm liegt in der Innenstadt sowie in den Ortschaften aus und ist online unter <a class=\"\" href=\"file:\/\/\/C:\/Users\/g.dasch\/Desktop\/%C3%A0%20garder\/www.kehl.de\/kultur\"><strong>www.kehl.de\/kultur<\/strong><\/a>\u00a0einsehbar.<\/p>\n\n\n\n<h2>Die Programm\u00fcbersicht:<\/h2>\n\n\n\n<ul>\n<li>Manege frei hei\u00dft es am\u00a0<strong>26. Juli<\/strong>\u00a0f\u00fcr den<strong>\u00a0Kinderchor der Musikschule Kehl\u00a0<\/strong>mit seiner sechsk\u00f6pfigen Zirkusband: Das Musical \u201eIm Zirkus\u201c erz\u00e4hlt vom Musikclown Fridolin, der mit seiner Geige zum Zirkus m\u00f6chte, vom Direktor aber nicht engagiert wird. Was dann geschieht, wird noch nicht verraten\u2026 Vor der Corona-Pandemie wurde der Kultursommer mit einem Kindermusical der Musikschule Kehl er\u00f6ffnet; diese sch\u00f6ne Tradition wird nun wieder aufgenommen.<\/li>\n<\/ul>\n\n\n\n<ul>\n<li>Ein weiterer lokaler Akteur erh\u00e4lt am\u00a0<strong>2. August<\/strong>\u00a0eine B\u00fchne: Das\u00a0<strong>Harmonika-Orchester Jockers Kork e.V.<\/strong>\u00a0bietet unter der Leitung von Patric Jockers ein abwechslungsreiches Programm von Klassik \u00fcber Pop bis hin zu Musical. 2019 belegte das 26-k\u00f6pfige Orchester den zweiten Platz beim Internationalen Akkordeon-Wettbewerb in Innsbruck.<\/li>\n<\/ul>\n\n\n\n<ul>\n<li>Mit\u00a0<strong>Luca Bassanese<\/strong>\u00a0kommt am\u00a0<strong>9. August<\/strong>\u00a0ein mehrfach ausgezeichneter italienischer Troubadour und Singer-Songwriter an den Altrhein. Begleitet von seinem Orchestra Piccola Populare l\u00e4dt er das Publikum mit einem Mix aus italienischer Folklore, Tarantellas, Opera Buffa und Balkan Brass zum Tanzen ein und sorgt mit einem energiegeladenen, wirbelnden Auftritt f\u00fcr gute Laune.<\/li>\n<\/ul>\n\n\n\n<ul>\n<li>Die Singer-Songwriterin\u00a0<strong>Cynthia Nickschas<\/strong>\u00a0zog turbulente Lehrjahre als Stra\u00dfenmusikerin einem geregelten Berufsleben vor. Mit Erfolg: Sie trat schon bei namhaften Festivals wie dem N\u00fcrnberger Bardentreffen und bei Tollwood sowie im \u00f6ffentlich-rechtlichen Fernsehen und Radio auf. 2023 wurde sie f\u00fcr den Preis der deutschen Schallplattenkritik nominiert. Mit ihrer Band bringt sie am\u00a0<strong>16. August<\/strong>\u00a0deutschsprachigen Rock, Pop und Blues auf die Seeb\u00fchne.<\/li>\n<\/ul>\n\n\n\n<ul>\n<li>Am\u00a0<strong>23. August<\/strong>\u00a0gibt es ein Wiedersehen mit\u00a0<strong>Broom Bezzums<\/strong>, einer der bekanntesten Folkbands der Republik. 2005 f\u00fchrte das Schicksal die beiden Vollblutmusiker Mark Bloomer und Andrew Cadie zusammen, die der Liebe wegen von England nach Deutschland gekommen waren. Im Mittelpunkt ihres Programms stehen auch eigene Songs: Mit \u201eCold Winds Blow\u201c hatten sie es in die deutschen Radiocharts geschafft, \u201eKeep Hauling\u201c untermalte die erste Szene des britischen Kinoerfolgs \u201eFishermans Friends\u201c.<\/li>\n<\/ul>\n\n\n\n<ul>\n<li>Das aus Funk und Fernsehen bekannte Quartett\u00a0<strong>Gankino Circus<\/strong>\u00a0pr\u00e4sentiert am\u00a0<strong>30. August<\/strong>\u00a0ein ebenso wildes wie virtuoses Rock\u2019n\u2019Roll-Spektakel inklusive entfesseltem Mundart-Pop und Feelgood-Songs im 80er-Jahre-Sound. Was passiert, wenn vier Weltm\u00e4nner aus Ostwestmittelfranken von den gro\u00dfen B\u00fchnen zur\u00fcck ins verschlafene Dorfidyll der eigenen Jugend katapultiert und mit dem Gegenteil von Rock\u2019n\u2019Roll konfrontiert werden? Davon berichten die meisterhaften Musiker, kauzigen Charakterk\u00f6pfe und begnadeten Geschichtenerz\u00e4hler in ihrem neuen Programm und gew\u00e4hren skurrile Einblicke ins gro\u00dfe Kleinkunst-Showbiz. Es wird schr\u00e4g, hintersinnig und sehr lustig.<\/li>\n<\/ul>\n\n\n\n<ul>\n<li>Den Abschluss des diesj\u00e4hrigen Kultursommers machen am&nbsp;<strong>6. September<\/strong>&nbsp;<strong>The Klezmer Tunes<\/strong>&nbsp;aus K\u00f6ln. Die vier Musiker aus Russland, der Ukraine und Israel verarbeiten die eing\u00e4ngigen Melodien aus der unendlichen Fundgrube der j\u00fcdischen Klezmermusik auf ihre ganz spezielle Weise. Neugierig loten sie die Grenzen des Genres aus: Ihr Klangbild ist durch so unterschiedliche Einfl\u00fcsse wie Jazz, Funk, Gypsy, Bossa Nova und Rock&#8217;n&#8217;Roll gepr\u00e4gt.<\/li>\n<\/ul>\n\n\n\n<p>Alle Konzerte beginnen um 19.30 Uhr und finden bei gutem Wetter auf der Seeb\u00fchne am Altrhein statt. Da die Sitzm\u00f6glichkeiten begrenzt sind, sollten Klappst\u00fchle, Sitzkissen oder Decken mitgebracht werden. Auch ein Picknickkorb und mitgebrachte Getr\u00e4nke sind erlaubt. Bei unsicherer Wetterlage werden die Veranstaltungen in die Stadthalle verlegt. Ob das der Fall ist, kann am Tag der Auff\u00fchrung ab 12 Uhr unter der Telefonnummer 07851 88-1888 abgefragt werden.<\/p>\n","protected":false},"excerpt":{"rendered":"<p>Kehl \u2013\u00a0Sommerzeit ist Seeb\u00fchnenzeit:\u00a0Bereits seit 36 Jahren l\u00e4dt das Kehler Kulturb\u00fcro Musikliebhaberinnen und -liebhaber zur Kultursommer-Reihe an den Altrhein ein. Ab dem 26. Juli pr\u00e4sentiert sich wieder jeden Samstag ab 19.30 Uhr eine andere Formation. Die Bandbreite reicht vom Familienmusical \u00fcber Musikkabarett bis hin zu tanzbarer Weltmusik des italienischen Cantautori Luca Bassanese. Der Eintritt ist [&hellip;]<\/p>\n","protected":false},"author":1693,"featured_media":74190,"comment_status":"open","ping_status":"open","sticky":false,"template":"","format":"standard","meta":{"_monsterinsights_skip_tracking":false,"_monsterinsights_sitenote_active":false,"_monsterinsights_sitenote_note":"","_monsterinsights_sitenote_category":0},"categories":[2814],"tags":[23900,23912,23901],"yoast_head":"<!-- This site is optimized with the Yoast SEO plugin v20.5 - https:\/\/yoast.com\/wordpress\/plugins\/seo\/ -->\n<title>Wenn der See zur B\u00fchne wird: Kehler Kultursommer startet am 26. Juli | Szenik.eu<\/title>\n<meta name=\"description\" content=\"Kehl \u2013\u00a0Sommerzeit ist Seeb\u00fchnenzeit:\u00a0Bereits seit 36 Jahren l\u00e4dt das Kehler Kulturb\u00fcro Musikliebhaberinnen und -liebhaber zur Kultursommer-Reihe an den Altrhein ein.\" \/>\n<meta name=\"robots\" content=\"index, follow, max-snippet:-1, max-image-preview:large, max-video-preview:-1\" \/>\n<link rel=\"canonical\" href=\"https:\/\/www.szenik.eu\/de\/wenn-der-see-zur-buehne-wird-kehler-kultursommer-startet-am-26-juli-74189\" \/>\n<meta property=\"og:locale\" content=\"de_DE\" \/>\n<meta property=\"og:type\" content=\"article\" \/>\n<meta property=\"og:title\" content=\"Wenn der See zur B\u00fchne wird: Kehler Kultursommer startet am 26. Juli | Szenik.eu\" \/>\n<meta property=\"og:description\" content=\"Kehl \u2013\u00a0Sommerzeit ist Seeb\u00fchnenzeit:\u00a0Bereits seit 36 Jahren l\u00e4dt das Kehler Kulturb\u00fcro Musikliebhaberinnen und -liebhaber zur Kultursommer-Reihe an den Altrhein ein.\" \/>\n<meta property=\"og:url\" content=\"https:\/\/www.szenik.eu\/de\/wenn-der-see-zur-buehne-wird-kehler-kultursommer-startet-am-26-juli-74189\" \/>\n<meta property=\"og:site_name\" content=\"szenik\" \/>\n<meta property=\"article:publisher\" content=\"https:\/\/www.facebook.com\/szenik.eu\/\" \/>\n<meta property=\"article:published_time\" content=\"2025-07-16T08:09:55+00:00\" \/>\n<meta property=\"article:modified_time\" content=\"2025-07-16T08:09:57+00:00\" \/>\n<meta property=\"og:image\" content=\"https:\/\/www.szenik.eu\/wp-content\/uploads\/2025\/07\/Gankino-Circus_c-Grebor_Wiebe.jpg\" \/>\n\t<meta property=\"og:image:width\" content=\"1850\" \/>\n\t<meta property=\"og:image:height\" content=\"1070\" \/>\n\t<meta property=\"og:image:type\" content=\"image\/jpeg\" \/>\n<meta name=\"author\" content=\"Emma Hodapp\" \/>\n<meta name=\"twitter:card\" content=\"summary_large_image\" \/>\n<meta name=\"twitter:creator\" content=\"@Szenik\" \/>\n<meta name=\"twitter:site\" content=\"@Szenik\" \/>\n<meta name=\"twitter:label1\" content=\"Verfasst von\" \/>\n\t<meta name=\"twitter:data1\" content=\"Emma Hodapp\" \/>\n\t<meta name=\"twitter:label2\" content=\"Gesch\u00e4tzte Lesezeit\" \/>\n\t<meta name=\"twitter:data2\" content=\"4\u00a0Minuten\" \/>\n<script type=\"application\/ld+json\" class=\"yoast-schema-graph\">{\"@context\":\"https:\/\/schema.org\",\"@graph\":[{\"@type\":\"Article\",\"@id\":\"https:\/\/www.szenik.eu\/de\/wenn-der-see-zur-buehne-wird-kehler-kultursommer-startet-am-26-juli-74189#article\",\"isPartOf\":{\"@id\":\"https:\/\/www.szenik.eu\/de\/wenn-der-see-zur-buehne-wird-kehler-kultursommer-startet-am-26-juli-74189\"},\"author\":{\"name\":\"Emma Hodapp\",\"@id\":\"https:\/\/www.szenik.eu\/de\/#\/schema\/person\/b9ca4379b400eddaebaa678b55ed3d64\"},\"headline\":\"Wenn der See zur B\u00fchne wird: Kehler Kultursommer startet am 26. Juli\",\"datePublished\":\"2025-07-16T08:09:55+00:00\",\"dateModified\":\"2025-07-16T08:09:57+00:00\",\"mainEntityOfPage\":{\"@id\":\"https:\/\/www.szenik.eu\/de\/wenn-der-see-zur-buehne-wird-kehler-kultursommer-startet-am-26-juli-74189\"},\"wordCount\":645,\"commentCount\":0,\"publisher\":{\"@id\":\"https:\/\/www.szenik.eu\/de\/#organization\"},\"keywords\":[\"Kehl\",\"Kultuersommer\",\"Kulturb\u00fcro\"],\"articleSection\":[\"Fokus I Blick zur\u00fcck\"],\"inLanguage\":\"de\",\"potentialAction\":[{\"@type\":\"CommentAction\",\"name\":\"Comment\",\"target\":[\"https:\/\/www.szenik.eu\/de\/wenn-der-see-zur-buehne-wird-kehler-kultursommer-startet-am-26-juli-74189#respond\"]}]},{\"@type\":\"WebPage\",\"@id\":\"https:\/\/www.szenik.eu\/de\/wenn-der-see-zur-buehne-wird-kehler-kultursommer-startet-am-26-juli-74189\",\"url\":\"https:\/\/www.szenik.eu\/de\/wenn-der-see-zur-buehne-wird-kehler-kultursommer-startet-am-26-juli-74189\",\"name\":\"Wenn der See zur B\u00fchne wird: Kehler Kultursommer startet am 26. Juli | Szenik.eu\",\"isPartOf\":{\"@id\":\"https:\/\/www.szenik.eu\/de\/#website\"},\"datePublished\":\"2025-07-16T08:09:55+00:00\",\"dateModified\":\"2025-07-16T08:09:57+00:00\",\"description\":\"Kehl \u2013\u00a0Sommerzeit ist Seeb\u00fchnenzeit:\u00a0Bereits seit 36 Jahren l\u00e4dt das Kehler Kulturb\u00fcro Musikliebhaberinnen und -liebhaber zur Kultursommer-Reihe an den Altrhein ein.\",\"breadcrumb\":{\"@id\":\"https:\/\/www.szenik.eu\/de\/wenn-der-see-zur-buehne-wird-kehler-kultursommer-startet-am-26-juli-74189#breadcrumb\"},\"inLanguage\":\"de\",\"potentialAction\":[{\"@type\":\"ReadAction\",\"target\":[\"https:\/\/www.szenik.eu\/de\/wenn-der-see-zur-buehne-wird-kehler-kultursommer-startet-am-26-juli-74189\"]}]},{\"@type\":\"BreadcrumbList\",\"@id\":\"https:\/\/www.szenik.eu\/de\/wenn-der-see-zur-buehne-wird-kehler-kultursommer-startet-am-26-juli-74189#breadcrumb\",\"itemListElement\":[{\"@type\":\"ListItem\",\"position\":1,\"name\":\"Home\",\"item\":\"https:\/\/www.szenik.eu\/de\"},{\"@type\":\"ListItem\",\"position\":2,\"name\":\"Wenn der See zur B\u00fchne wird: Kehler Kultursommer startet am 26. Juli\"}]},{\"@type\":\"WebSite\",\"@id\":\"https:\/\/www.szenik.eu\/de\/#website\",\"url\":\"https:\/\/www.szenik.eu\/de\/\",\"name\":\"szenik\",\"description\":\"Le Meilleur des sc\u00e8nes au coeur de l&#039;Europe\",\"publisher\":{\"@id\":\"https:\/\/www.szenik.eu\/de\/#organization\"},\"potentialAction\":[{\"@type\":\"SearchAction\",\"target\":{\"@type\":\"EntryPoint\",\"urlTemplate\":\"https:\/\/www.szenik.eu\/de\/?s={search_term_string}\"},\"query-input\":\"required name=search_term_string\"}],\"inLanguage\":\"de\"},{\"@type\":\"Organization\",\"@id\":\"https:\/\/www.szenik.eu\/de\/#organization\",\"name\":\"Szenik\",\"url\":\"https:\/\/www.szenik.eu\/de\/\",\"logo\":{\"@type\":\"ImageObject\",\"inLanguage\":\"de\",\"@id\":\"https:\/\/www.szenik.eu\/de\/#\/schema\/logo\/image\/\",\"url\":\"https:\/\/www.szenik.eu\/wp-content\/uploads\/2019\/07\/logo-square.png\",\"contentUrl\":\"https:\/\/www.szenik.eu\/wp-content\/uploads\/2019\/07\/logo-square.png\",\"width\":512,\"height\":512,\"caption\":\"Szenik\"},\"image\":{\"@id\":\"https:\/\/www.szenik.eu\/de\/#\/schema\/logo\/image\/\"},\"sameAs\":[\"https:\/\/www.facebook.com\/szenik.eu\/\",\"https:\/\/twitter.com\/Szenik\",\"https:\/\/www.instagram.com\/szenik_magazine\/\",\"https:\/\/www.youtube.com\/user\/SzenikEU\/\"]},{\"@type\":\"Person\",\"@id\":\"https:\/\/www.szenik.eu\/de\/#\/schema\/person\/b9ca4379b400eddaebaa678b55ed3d64\",\"name\":\"Emma Hodapp\",\"image\":{\"@type\":\"ImageObject\",\"inLanguage\":\"de\",\"@id\":\"https:\/\/www.szenik.eu\/de\/#\/schema\/person\/image\/\",\"url\":\"https:\/\/secure.gravatar.com\/avatar\/9844fd807284ed8e20b58b5bf77e5220?s=96&d=mm&r=g\",\"contentUrl\":\"https:\/\/secure.gravatar.com\/avatar\/9844fd807284ed8e20b58b5bf77e5220?s=96&d=mm&r=g\",\"caption\":\"Emma Hodapp\"}}]}<\/script>\n<!-- \/ Yoast SEO plugin. -->","yoast_head_json":{"title":"Wenn der See zur B\u00fchne wird: Kehler Kultursommer startet am 26. Juli | Szenik.eu","description":"Kehl \u2013\u00a0Sommerzeit ist Seeb\u00fchnenzeit:\u00a0Bereits seit 36 Jahren l\u00e4dt das Kehler Kulturb\u00fcro Musikliebhaberinnen und -liebhaber zur Kultursommer-Reihe an den Altrhein ein.","robots":{"index":"index","follow":"follow","max-snippet":"max-snippet:-1","max-image-preview":"max-image-preview:large","max-video-preview":"max-video-preview:-1"},"canonical":"https:\/\/www.szenik.eu\/de\/wenn-der-see-zur-buehne-wird-kehler-kultursommer-startet-am-26-juli-74189","og_locale":"de_DE","og_type":"article","og_title":"Wenn der See zur B\u00fchne wird: Kehler Kultursommer startet am 26. Juli | Szenik.eu","og_description":"Kehl \u2013\u00a0Sommerzeit ist Seeb\u00fchnenzeit:\u00a0Bereits seit 36 Jahren l\u00e4dt das Kehler Kulturb\u00fcro Musikliebhaberinnen und -liebhaber zur Kultursommer-Reihe an den Altrhein ein.","og_url":"https:\/\/www.szenik.eu\/de\/wenn-der-see-zur-buehne-wird-kehler-kultursommer-startet-am-26-juli-74189","og_site_name":"szenik","article_publisher":"https:\/\/www.facebook.com\/szenik.eu\/","article_published_time":"2025-07-16T08:09:55+00:00","article_modified_time":"2025-07-16T08:09:57+00:00","og_image":[{"width":1850,"height":1070,"url":"https:\/\/www.szenik.eu\/wp-content\/uploads\/2025\/07\/Gankino-Circus_c-Grebor_Wiebe.jpg","type":"image\/jpeg"}],"author":"Emma Hodapp","twitter_card":"summary_large_image","twitter_creator":"@Szenik","twitter_site":"@Szenik","twitter_misc":{"Verfasst von":"Emma Hodapp","Gesch\u00e4tzte Lesezeit":"4\u00a0Minuten"},"schema":{"@context":"https:\/\/schema.org","@graph":[{"@type":"Article","@id":"https:\/\/www.szenik.eu\/de\/wenn-der-see-zur-buehne-wird-kehler-kultursommer-startet-am-26-juli-74189#article","isPartOf":{"@id":"https:\/\/www.szenik.eu\/de\/wenn-der-see-zur-buehne-wird-kehler-kultursommer-startet-am-26-juli-74189"},"author":{"name":"Emma Hodapp","@id":"https:\/\/www.szenik.eu\/de\/#\/schema\/person\/b9ca4379b400eddaebaa678b55ed3d64"},"headline":"Wenn der See zur B\u00fchne wird: Kehler Kultursommer startet am 26. Juli","datePublished":"2025-07-16T08:09:55+00:00","dateModified":"2025-07-16T08:09:57+00:00","mainEntityOfPage":{"@id":"https:\/\/www.szenik.eu\/de\/wenn-der-see-zur-buehne-wird-kehler-kultursommer-startet-am-26-juli-74189"},"wordCount":645,"commentCount":0,"publisher":{"@id":"https:\/\/www.szenik.eu\/de\/#organization"},"keywords":["Kehl","Kultuersommer","Kulturb\u00fcro"],"articleSection":["Fokus I Blick zur\u00fcck"],"inLanguage":"de","potentialAction":[{"@type":"CommentAction","name":"Comment","target":["https:\/\/www.szenik.eu\/de\/wenn-der-see-zur-buehne-wird-kehler-kultursommer-startet-am-26-juli-74189#respond"]}]},{"@type":"WebPage","@id":"https:\/\/www.szenik.eu\/de\/wenn-der-see-zur-buehne-wird-kehler-kultursommer-startet-am-26-juli-74189","url":"https:\/\/www.szenik.eu\/de\/wenn-der-see-zur-buehne-wird-kehler-kultursommer-startet-am-26-juli-74189","name":"Wenn der See zur B\u00fchne wird: Kehler Kultursommer startet am 26. Juli | Szenik.eu","isPartOf":{"@id":"https:\/\/www.szenik.eu\/de\/#website"},"datePublished":"2025-07-16T08:09:55+00:00","dateModified":"2025-07-16T08:09:57+00:00","description":"Kehl \u2013\u00a0Sommerzeit ist Seeb\u00fchnenzeit:\u00a0Bereits seit 36 Jahren l\u00e4dt das Kehler Kulturb\u00fcro Musikliebhaberinnen und -liebhaber zur Kultursommer-Reihe an den Altrhein ein.","breadcrumb":{"@id":"https:\/\/www.szenik.eu\/de\/wenn-der-see-zur-buehne-wird-kehler-kultursommer-startet-am-26-juli-74189#breadcrumb"},"inLanguage":"de","potentialAction":[{"@type":"ReadAction","target":["https:\/\/www.szenik.eu\/de\/wenn-der-see-zur-buehne-wird-kehler-kultursommer-startet-am-26-juli-74189"]}]},{"@type":"BreadcrumbList","@id":"https:\/\/www.szenik.eu\/de\/wenn-der-see-zur-buehne-wird-kehler-kultursommer-startet-am-26-juli-74189#breadcrumb","itemListElement":[{"@type":"ListItem","position":1,"name":"Home","item":"https:\/\/www.szenik.eu\/de"},{"@type":"ListItem","position":2,"name":"Wenn der See zur B\u00fchne wird: Kehler Kultursommer startet am 26. Juli"}]},{"@type":"WebSite","@id":"https:\/\/www.szenik.eu\/de\/#website","url":"https:\/\/www.szenik.eu\/de\/","name":"szenik","description":"Le Meilleur des sc\u00e8nes au coeur de l&#039;Europe","publisher":{"@id":"https:\/\/www.szenik.eu\/de\/#organization"},"potentialAction":[{"@type":"SearchAction","target":{"@type":"EntryPoint","urlTemplate":"https:\/\/www.szenik.eu\/de\/?s={search_term_string}"},"query-input":"required name=search_term_string"}],"inLanguage":"de"},{"@type":"Organization","@id":"https:\/\/www.szenik.eu\/de\/#organization","name":"Szenik","url":"https:\/\/www.szenik.eu\/de\/","logo":{"@type":"ImageObject","inLanguage":"de","@id":"https:\/\/www.szenik.eu\/de\/#\/schema\/logo\/image\/","url":"https:\/\/www.szenik.eu\/wp-content\/uploads\/2019\/07\/logo-square.png","contentUrl":"https:\/\/www.szenik.eu\/wp-content\/uploads\/2019\/07\/logo-square.png","width":512,"height":512,"caption":"Szenik"},"image":{"@id":"https:\/\/www.szenik.eu\/de\/#\/schema\/logo\/image\/"},"sameAs":["https:\/\/www.facebook.com\/szenik.eu\/","https:\/\/twitter.com\/Szenik","https:\/\/www.instagram.com\/szenik_magazine\/","https:\/\/www.youtube.com\/user\/SzenikEU\/"]},{"@type":"Person","@id":"https:\/\/www.szenik.eu\/de\/#\/schema\/person\/b9ca4379b400eddaebaa678b55ed3d64","name":"Emma Hodapp","image":{"@type":"ImageObject","inLanguage":"de","@id":"https:\/\/www.szenik.eu\/de\/#\/schema\/person\/image\/","url":"https:\/\/secure.gravatar.com\/avatar\/9844fd807284ed8e20b58b5bf77e5220?s=96&d=mm&r=g","contentUrl":"https:\/\/secure.gravatar.com\/avatar\/9844fd807284ed8e20b58b5bf77e5220?s=96&d=mm&r=g","caption":"Emma Hodapp"}}]}},"jetpack_featured_media_url":"https:\/\/www.szenik.eu\/wp-content\/uploads\/2025\/07\/Gankino-Circus_c-Grebor_Wiebe.jpg","amp_enabled":true,"_links":{"self":[{"href":"https:\/\/www.szenik.eu\/de\/wp-json\/\/wp\/v2\/posts\/74189"}],"collection":[{"href":"https:\/\/www.szenik.eu\/de\/wp-json\/\/wp\/v2\/posts"}],"about":[{"href":"https:\/\/www.szenik.eu\/de\/wp-json\/\/wp\/v2\/types\/post"}],"author":[{"embeddable":true,"href":"https:\/\/www.szenik.eu\/de\/wp-json\/\/wp\/v2\/users\/1693"}],"replies":[{"embeddable":true,"href":"https:\/\/www.szenik.eu\/de\/wp-json\/\/wp\/v2\/comments?post=74189"}],"version-history":[{"count":1,"href":"https:\/\/www.szenik.eu\/de\/wp-json\/\/wp\/v2\/posts\/74189\/revisions"}],"predecessor-version":[{"id":74192,"href":"https:\/\/www.szenik.eu\/de\/wp-json\/\/wp\/v2\/posts\/74189\/revisions\/74192"}],"wp:featuredmedia":[{"embeddable":true,"href":"https:\/\/www.szenik.eu\/de\/wp-json\/\/wp\/v2\/media\/74190"}],"wp:attachment":[{"href":"https:\/\/www.szenik.eu\/de\/wp-json\/\/wp\/v2\/media?parent=74189"}],"wp:term":[{"taxonomy":"category","embeddable":true,"href":"https:\/\/www.szenik.eu\/de\/wp-json\/\/wp\/v2\/categories?post=74189"},{"taxonomy":"post_tag","embeddable":true,"href":"https:\/\/www.szenik.eu\/de\/wp-json\/\/wp\/v2\/tags?post=74189"}],"curies":[{"name":"wp","href":"https:\/\/api.w.org\/{rel}","templated":true}]}}