{"id":74152,"date":"2025-07-08T14:04:29","date_gmt":"2025-07-08T12:04:29","guid":{"rendered":"https:\/\/www.szenik.eu\/?p=74152\/"},"modified":"2025-07-08T14:04:32","modified_gmt":"2025-07-08T12:04:32","slug":"mit-standing-ovations-beendete-yannick-nezet-seguin-die-sommerfestspiele-2025-in-seiner-capitale-dete","status":"publish","type":"post","link":"https:\/\/www.szenik.eu\/de\/mit-standing-ovations-beendete-yannick-nezet-seguin-die-sommerfestspiele-2025-in-seiner-capitale-dete-74152","title":{"rendered":"Mit Standing Ovations beendete Yannick N\u00e9zet-S\u00e9guin die Sommerfestspiele 2025 in seiner \u201eCapitale d\u2019\u00c9t\u00e9\u201c"},"content":{"rendered":"\n<p>Knapp zwei Wochen erf\u00fcllten die Sommerfestspiele mit Musik und Rosenduft die Welterbe-Stadt Baden-Baden. Den Auftakt machte das Sommerfest des Freundeskreises in der G\u00f6nneranlage. Anl\u00e4sslich des 30j\u00e4hrigen Bestehens konnten zum ersten Mal auch Nichtmitglieder bei dem stimmungsvollen Abend mit musikalischen und kulinarischen Leckerbissen in der bezaubernden Gartenkultur dabei sein.<\/p>\n\n\n\n<p>Wie schon 2023, als er das Orchester der New Yorker Metropolitan Opera und 2022 das Philadelphia Orchestra pr\u00e4sentierte, stellte <a href=\"https:\/\/www.szenik.eu\/de\/stardirigent-yannick-nezet-seguin-und-festspielhausintendant-benedikt-stampa-laden-zu-den-sommerfestspielen-la-capitale-dete-73399\" target=\"_blank\" rel=\"noreferrer noopener\">Yannick N\u00e9zet-S\u00e9guin<\/a> auch in diesem Sommer eines \u201aseiner\u2018 Orchester in Baden-Baden vor \u2013 und andersherum: zum ersten Mal musizierte das kanadische Orchestre M\u00e9tropolitain, dem N\u00e9zet-S\u00e9guin als Ehrendirigent auf Lebenszeit vorsteht, im Festspielhaus.\u00a0 Einen Gl\u00fccksmoment erlebten die Besucher des Er\u00f6ffnungskonzerts mit dem franz\u00f6sischen Pianisten Alexandre Kantorow. Die Zugabe spielte nicht wie \u00fcblich, der Solist allein, sondern der Dirigent lies es sich nicht nehmen und setzte sich zu ihm an den Fl\u00fcgel und gemeinsam spielten sie vierh\u00e4ndig ein Faur\u00e9-St\u00fcck. Der Funke sprang auch am Sonntag \u00fcber: Met-Star Lisette Oropesa verzauberte in einer Operngala.<br><\/p>\n\n\n\n<figure class=\"wp-block-image size-large\"><img decoding=\"async\" loading=\"lazy\" width=\"1024\" height=\"682\" src=\"https:\/\/www.szenik.eu\/wp-content\/uploads\/2025\/07\/20250629_YannickNezet-Seguin_SFS_Festspielhaus-_cMichaelBode-1a-1024x682.jpg\" alt=\"\" class=\"wp-image-74153\" srcset=\"https:\/\/www.szenik.eu\/wp-content\/uploads\/2025\/07\/20250629_YannickNezet-Seguin_SFS_Festspielhaus-_cMichaelBode-1a-1024x682.jpg 1024w, https:\/\/www.szenik.eu\/wp-content\/uploads\/2025\/07\/20250629_YannickNezet-Seguin_SFS_Festspielhaus-_cMichaelBode-1a-300x200.jpg 300w, https:\/\/www.szenik.eu\/wp-content\/uploads\/2025\/07\/20250629_YannickNezet-Seguin_SFS_Festspielhaus-_cMichaelBode-1a-768x512.jpg 768w, https:\/\/www.szenik.eu\/wp-content\/uploads\/2025\/07\/20250629_YannickNezet-Seguin_SFS_Festspielhaus-_cMichaelBode-1a-1536x1024.jpg 1536w, https:\/\/www.szenik.eu\/wp-content\/uploads\/2025\/07\/20250629_YannickNezet-Seguin_SFS_Festspielhaus-_cMichaelBode-1a-2048x1365.jpg 2048w, https:\/\/www.szenik.eu\/wp-content\/uploads\/2025\/07\/20250629_YannickNezet-Seguin_SFS_Festspielhaus-_cMichaelBode-1a-750x500.jpg 750w, https:\/\/www.szenik.eu\/wp-content\/uploads\/2025\/07\/20250629_YannickNezet-Seguin_SFS_Festspielhaus-_cMichaelBode-1a-1140x760.jpg 1140w\" sizes=\"(max-width: 1024px) 100vw, 1024px\" \/><figcaption class=\"wp-element-caption\">Photo: Michael Bode<\/figcaption><\/figure>\n\n\n\n<p>F\u00fcnf Grammy-Awards darf er bereits sein eigen nennen, in Baden-Baden hat der kanadische Stardirigent Yannick N\u00e9zet-S\u00e9guin nun eine besondere Auszeichnung erfahren: am 29. Juni 2025 wurde er Pate und taufte mit Oos-Wasser eine neue Rosenz\u00fcchtung auf den Namen \u201eMaestro Yannick\u201c. \u201eDas ist das au\u00dfergew\u00f6hnlichste Geschenk, das man mir machen kann\u201c, sagte er. F\u00fcr N\u00e9zet-S\u00e9guin ist die Rose eine gro\u00dfe Ehre, die er aber nur stellvertretend in Anspruch nehmen m\u00f6chte: \u201eIn jeder Bl\u00fcte sehe ich ein Herz und jedes dieser Herzen ist f\u00fcr mich ein Musiker des Orchesters\u201c.<\/p>\n\n\n\n<p>Ganz nah und unmittelbar erlebt das Publikum den Stardirigenten und Musikdirektor der New Yorker Metropolitan Opera in seinem wie er selbst sagt \u201eadopted Summer Home\u201c auch bei in dem Kammermusikabend \u201eYannick and friends\u201c bei dem sich er sich selbst an den Fl\u00fcgel setzt. In diesem Jahr musizierte er mit Ying Fang, Stanislas de Barbeyrac und Michael Volle Lieder von Mozart und Schumann. Aufgrund der gro\u00dfen Nachfrage wurde dieses Konzert kurzfristig in den gro\u00dfen Festspielhaus-Saal verlegt.\u00a0<br>Das zweite Wochenende stand ganz im Zeichen Mozarts. Am Freitag erklangen unter der musikalischen Leitung von Yannick N\u00e9zet-S\u00e9guin und Solistinnen Ying Fang und Emily D\u2019Angelo von der Metropolitan Opera New York sowie Michael Volle und Stanislas de Barbeyrac, dem RIAS Kammerchor Berlin und dem Chamber Orchestra of Europe Mozarts Sinfonie Nr. 40 und das ergreifende Requiem.\u00a0Zum Festival-Finale\u00a0mit Mozarts funkelnder \u201eJupitersinfonie\u201c und der dramatischen Wucht seiner c-Moll-Messe bescherte der Festivalkurator dem Publikum noch einen Abend voller G\u00e4nsehautmomente.<\/p>\n\n\n\n<p>Auch im kommenden Jahr wird Yannick N\u00e9zet-S\u00e9guin sich wieder -wie nirgends sonst in Europa- zwei Wochen Zeit nehmen f\u00fcr das exklusive Festival in der \u201eCapitale d\u2019\u00c9t\u00e9\u201c, seiner \u201eliebsten Sommerstadt\u201c. Am genauen Programm t\u00fcfteln er und Festspielhaus-Intendant Benedikt Stampa derzeit noch. Das Programm der Sommerfestspiele 2026 sowie das&nbsp;gesamte Programm des Festspielhauses Baden-Baden f\u00fcr das kommende Jahr wird Mitte Oktober bekanntgegeben.<\/p>\n\n\n\n<p>Yannick-Fans, denen die Zeit bis im kommenden Sommer allzu lang scheint, sei das Wiener Neujahrskonzert empfohlen. J\u00e4hrlich verfolgen weltweit rund 60 Millionen Zuschauer das Konzert der Wiener Philharmoniker von den heimischen Wohnzimmern aus &#8211; 2026 mit Yannick N\u00e9zet-S\u00e9guin am Pult. Und m\u00f6glicherweise gibt es auch schon im Fr\u00fchjahr ein Wiedersehen mit Yannick N\u00e9zet-S\u00e9guin in Baden-Baden \u2013 Spruchreifes auch dazu im Oktober.<\/p>\n\n\n\n<p><strong>Weitere Informationen und Tickets:<\/strong>&nbsp;<a href=\"http:\/\/www.festspielhaus.de\/\">www.festspielhaus.de<\/a><br><strong>Pers\u00f6nliche Beratung und Reservierungen:&nbsp;<\/strong>T 07221 3013-101<\/p>\n","protected":false},"excerpt":{"rendered":"<p>Knapp zwei Wochen erf\u00fcllten die Sommerfestspiele mit Musik und Rosenduft die Welterbe-Stadt Baden-Baden. Den Auftakt machte das Sommerfest des Freundeskreises in der G\u00f6nneranlage. Anl\u00e4sslich des 30j\u00e4hrigen Bestehens konnten zum ersten Mal auch Nichtmitglieder bei dem stimmungsvollen Abend mit musikalischen und kulinarischen Leckerbissen in der bezaubernden Gartenkultur dabei sein. Wie schon 2023, als er das Orchester [&hellip;]<\/p>\n","protected":false},"author":1680,"featured_media":74155,"comment_status":"open","ping_status":"open","sticky":false,"template":"","format":"standard","meta":{"_monsterinsights_skip_tracking":false,"_monsterinsights_sitenote_active":false,"_monsterinsights_sitenote_note":"","_monsterinsights_sitenote_category":0},"categories":[2814],"tags":[],"yoast_head":"<!-- This site is optimized with the Yoast SEO plugin v20.5 - https:\/\/yoast.com\/wordpress\/plugins\/seo\/ -->\n<title>Mit Standing Ovations beendete Yannick N\u00e9zet-S\u00e9guin die Sommerfestspiele 2025 in seiner \u201eCapitale d\u2019\u00c9t\u00e9\u201c | szenik<\/title>\n<meta name=\"description\" content=\"Knapp zwei Wochen erf\u00fcllten die Sommerfestspiele mit Musik und Rosenduft die Welterbe-Stadt Baden-Baden. Den Auftakt machte das Sommerfest des Freundeskreises in der G\u00f6nneranlage.\" \/>\n<meta name=\"robots\" content=\"index, follow, max-snippet:-1, max-image-preview:large, max-video-preview:-1\" \/>\n<link rel=\"canonical\" href=\"https:\/\/www.szenik.eu\/de\/mit-standing-ovations-beendete-yannick-nezet-seguin-die-sommerfestspiele-2025-in-seiner-capitale-dete-74152\" \/>\n<meta property=\"og:locale\" content=\"de_DE\" \/>\n<meta property=\"og:type\" content=\"article\" \/>\n<meta property=\"og:title\" content=\"Mit Standing Ovations beendete Yannick N\u00e9zet-S\u00e9guin die Sommerfestspiele 2025 in seiner \u201eCapitale d\u2019\u00c9t\u00e9\u201c | szenik\" \/>\n<meta property=\"og:description\" content=\"Knapp zwei Wochen erf\u00fcllten die Sommerfestspiele mit Musik und Rosenduft die Welterbe-Stadt Baden-Baden. Den Auftakt machte das Sommerfest des Freundeskreises in der G\u00f6nneranlage.\" \/>\n<meta property=\"og:url\" content=\"https:\/\/www.szenik.eu\/de\/mit-standing-ovations-beendete-yannick-nezet-seguin-die-sommerfestspiele-2025-in-seiner-capitale-dete-74152\" \/>\n<meta property=\"og:site_name\" content=\"szenik\" \/>\n<meta property=\"article:publisher\" content=\"https:\/\/www.facebook.com\/szenik.eu\/\" \/>\n<meta property=\"article:published_time\" content=\"2025-07-08T12:04:29+00:00\" \/>\n<meta property=\"article:modified_time\" content=\"2025-07-08T12:04:32+00:00\" \/>\n<meta property=\"og:image\" content=\"https:\/\/www.szenik.eu\/wp-content\/uploads\/2025\/07\/20250629_YannickNezet-Seguin_SFS_Festspielhaus-_cMichaelBode-2a-scaled.jpg\" \/>\n\t<meta property=\"og:image:width\" content=\"2560\" \/>\n\t<meta property=\"og:image:height\" content=\"1707\" \/>\n\t<meta property=\"og:image:type\" content=\"image\/jpeg\" \/>\n<meta name=\"author\" content=\"sarahk\" \/>\n<meta name=\"twitter:card\" content=\"summary_large_image\" \/>\n<meta name=\"twitter:creator\" content=\"@Szenik\" \/>\n<meta name=\"twitter:site\" content=\"@Szenik\" \/>\n<meta name=\"twitter:label1\" content=\"Verfasst von\" \/>\n\t<meta name=\"twitter:data1\" content=\"sarahk\" \/>\n\t<meta name=\"twitter:label2\" content=\"Gesch\u00e4tzte Lesezeit\" \/>\n\t<meta name=\"twitter:data2\" content=\"3\u00a0Minuten\" \/>\n<script type=\"application\/ld+json\" class=\"yoast-schema-graph\">{\"@context\":\"https:\/\/schema.org\",\"@graph\":[{\"@type\":\"Article\",\"@id\":\"https:\/\/www.szenik.eu\/de\/mit-standing-ovations-beendete-yannick-nezet-seguin-die-sommerfestspiele-2025-in-seiner-capitale-dete-74152#article\",\"isPartOf\":{\"@id\":\"https:\/\/www.szenik.eu\/de\/mit-standing-ovations-beendete-yannick-nezet-seguin-die-sommerfestspiele-2025-in-seiner-capitale-dete-74152\"},\"author\":{\"name\":\"sarahk\",\"@id\":\"https:\/\/www.szenik.eu\/de\/#\/schema\/person\/81e9d00e9b1306e18e10ca1e4bed6465\"},\"headline\":\"Mit Standing Ovations beendete Yannick N\u00e9zet-S\u00e9guin die Sommerfestspiele 2025 in seiner \u201eCapitale d\u2019\u00c9t\u00e9\u201c\",\"datePublished\":\"2025-07-08T12:04:29+00:00\",\"dateModified\":\"2025-07-08T12:04:32+00:00\",\"mainEntityOfPage\":{\"@id\":\"https:\/\/www.szenik.eu\/de\/mit-standing-ovations-beendete-yannick-nezet-seguin-die-sommerfestspiele-2025-in-seiner-capitale-dete-74152\"},\"wordCount\":594,\"commentCount\":0,\"publisher\":{\"@id\":\"https:\/\/www.szenik.eu\/de\/#organization\"},\"articleSection\":[\"Fokus I Blick zur\u00fcck\"],\"inLanguage\":\"de\",\"potentialAction\":[{\"@type\":\"CommentAction\",\"name\":\"Comment\",\"target\":[\"https:\/\/www.szenik.eu\/de\/mit-standing-ovations-beendete-yannick-nezet-seguin-die-sommerfestspiele-2025-in-seiner-capitale-dete-74152#respond\"]}]},{\"@type\":\"WebPage\",\"@id\":\"https:\/\/www.szenik.eu\/de\/mit-standing-ovations-beendete-yannick-nezet-seguin-die-sommerfestspiele-2025-in-seiner-capitale-dete-74152\",\"url\":\"https:\/\/www.szenik.eu\/de\/mit-standing-ovations-beendete-yannick-nezet-seguin-die-sommerfestspiele-2025-in-seiner-capitale-dete-74152\",\"name\":\"Mit Standing Ovations beendete Yannick N\u00e9zet-S\u00e9guin die Sommerfestspiele 2025 in seiner \u201eCapitale d\u2019\u00c9t\u00e9\u201c | szenik\",\"isPartOf\":{\"@id\":\"https:\/\/www.szenik.eu\/de\/#website\"},\"datePublished\":\"2025-07-08T12:04:29+00:00\",\"dateModified\":\"2025-07-08T12:04:32+00:00\",\"description\":\"Knapp zwei Wochen erf\u00fcllten die Sommerfestspiele mit Musik und Rosenduft die Welterbe-Stadt Baden-Baden. Den Auftakt machte das Sommerfest des Freundeskreises in der G\u00f6nneranlage.\",\"breadcrumb\":{\"@id\":\"https:\/\/www.szenik.eu\/de\/mit-standing-ovations-beendete-yannick-nezet-seguin-die-sommerfestspiele-2025-in-seiner-capitale-dete-74152#breadcrumb\"},\"inLanguage\":\"de\",\"potentialAction\":[{\"@type\":\"ReadAction\",\"target\":[\"https:\/\/www.szenik.eu\/de\/mit-standing-ovations-beendete-yannick-nezet-seguin-die-sommerfestspiele-2025-in-seiner-capitale-dete-74152\"]}]},{\"@type\":\"BreadcrumbList\",\"@id\":\"https:\/\/www.szenik.eu\/de\/mit-standing-ovations-beendete-yannick-nezet-seguin-die-sommerfestspiele-2025-in-seiner-capitale-dete-74152#breadcrumb\",\"itemListElement\":[{\"@type\":\"ListItem\",\"position\":1,\"name\":\"Home\",\"item\":\"https:\/\/www.szenik.eu\/de\"},{\"@type\":\"ListItem\",\"position\":2,\"name\":\"Mit Standing Ovations beendete Yannick N\u00e9zet-S\u00e9guin die Sommerfestspiele 2025 in seiner \u201eCapitale d\u2019\u00c9t\u00e9\u201c\"}]},{\"@type\":\"WebSite\",\"@id\":\"https:\/\/www.szenik.eu\/de\/#website\",\"url\":\"https:\/\/www.szenik.eu\/de\/\",\"name\":\"szenik\",\"description\":\"Le Meilleur des sc\u00e8nes au coeur de l&#039;Europe\",\"publisher\":{\"@id\":\"https:\/\/www.szenik.eu\/de\/#organization\"},\"potentialAction\":[{\"@type\":\"SearchAction\",\"target\":{\"@type\":\"EntryPoint\",\"urlTemplate\":\"https:\/\/www.szenik.eu\/de\/?s={search_term_string}\"},\"query-input\":\"required name=search_term_string\"}],\"inLanguage\":\"de\"},{\"@type\":\"Organization\",\"@id\":\"https:\/\/www.szenik.eu\/de\/#organization\",\"name\":\"Szenik\",\"url\":\"https:\/\/www.szenik.eu\/de\/\",\"logo\":{\"@type\":\"ImageObject\",\"inLanguage\":\"de\",\"@id\":\"https:\/\/www.szenik.eu\/de\/#\/schema\/logo\/image\/\",\"url\":\"https:\/\/www.szenik.eu\/wp-content\/uploads\/2019\/07\/logo-square.png\",\"contentUrl\":\"https:\/\/www.szenik.eu\/wp-content\/uploads\/2019\/07\/logo-square.png\",\"width\":512,\"height\":512,\"caption\":\"Szenik\"},\"image\":{\"@id\":\"https:\/\/www.szenik.eu\/de\/#\/schema\/logo\/image\/\"},\"sameAs\":[\"https:\/\/www.facebook.com\/szenik.eu\/\",\"https:\/\/twitter.com\/Szenik\",\"https:\/\/www.instagram.com\/szenik_magazine\/\",\"https:\/\/www.youtube.com\/user\/SzenikEU\/\"]},{\"@type\":\"Person\",\"@id\":\"https:\/\/www.szenik.eu\/de\/#\/schema\/person\/81e9d00e9b1306e18e10ca1e4bed6465\",\"name\":\"sarahk\",\"image\":{\"@type\":\"ImageObject\",\"inLanguage\":\"de\",\"@id\":\"https:\/\/www.szenik.eu\/de\/#\/schema\/person\/image\/\",\"url\":\"https:\/\/secure.gravatar.com\/avatar\/1e5f6f691c4a068f4814bda15b8400ca?s=96&d=mm&r=g\",\"contentUrl\":\"https:\/\/secure.gravatar.com\/avatar\/1e5f6f691c4a068f4814bda15b8400ca?s=96&d=mm&r=g\",\"caption\":\"sarahk\"}}]}<\/script>\n<!-- \/ Yoast SEO plugin. -->","yoast_head_json":{"title":"Mit Standing Ovations beendete Yannick N\u00e9zet-S\u00e9guin die Sommerfestspiele 2025 in seiner \u201eCapitale d\u2019\u00c9t\u00e9\u201c | szenik","description":"Knapp zwei Wochen erf\u00fcllten die Sommerfestspiele mit Musik und Rosenduft die Welterbe-Stadt Baden-Baden. Den Auftakt machte das Sommerfest des Freundeskreises in der G\u00f6nneranlage.","robots":{"index":"index","follow":"follow","max-snippet":"max-snippet:-1","max-image-preview":"max-image-preview:large","max-video-preview":"max-video-preview:-1"},"canonical":"https:\/\/www.szenik.eu\/de\/mit-standing-ovations-beendete-yannick-nezet-seguin-die-sommerfestspiele-2025-in-seiner-capitale-dete-74152","og_locale":"de_DE","og_type":"article","og_title":"Mit Standing Ovations beendete Yannick N\u00e9zet-S\u00e9guin die Sommerfestspiele 2025 in seiner \u201eCapitale d\u2019\u00c9t\u00e9\u201c | szenik","og_description":"Knapp zwei Wochen erf\u00fcllten die Sommerfestspiele mit Musik und Rosenduft die Welterbe-Stadt Baden-Baden. Den Auftakt machte das Sommerfest des Freundeskreises in der G\u00f6nneranlage.","og_url":"https:\/\/www.szenik.eu\/de\/mit-standing-ovations-beendete-yannick-nezet-seguin-die-sommerfestspiele-2025-in-seiner-capitale-dete-74152","og_site_name":"szenik","article_publisher":"https:\/\/www.facebook.com\/szenik.eu\/","article_published_time":"2025-07-08T12:04:29+00:00","article_modified_time":"2025-07-08T12:04:32+00:00","og_image":[{"width":2560,"height":1707,"url":"https:\/\/www.szenik.eu\/wp-content\/uploads\/2025\/07\/20250629_YannickNezet-Seguin_SFS_Festspielhaus-_cMichaelBode-2a-scaled.jpg","type":"image\/jpeg"}],"author":"sarahk","twitter_card":"summary_large_image","twitter_creator":"@Szenik","twitter_site":"@Szenik","twitter_misc":{"Verfasst von":"sarahk","Gesch\u00e4tzte Lesezeit":"3\u00a0Minuten"},"schema":{"@context":"https:\/\/schema.org","@graph":[{"@type":"Article","@id":"https:\/\/www.szenik.eu\/de\/mit-standing-ovations-beendete-yannick-nezet-seguin-die-sommerfestspiele-2025-in-seiner-capitale-dete-74152#article","isPartOf":{"@id":"https:\/\/www.szenik.eu\/de\/mit-standing-ovations-beendete-yannick-nezet-seguin-die-sommerfestspiele-2025-in-seiner-capitale-dete-74152"},"author":{"name":"sarahk","@id":"https:\/\/www.szenik.eu\/de\/#\/schema\/person\/81e9d00e9b1306e18e10ca1e4bed6465"},"headline":"Mit Standing Ovations beendete Yannick N\u00e9zet-S\u00e9guin die Sommerfestspiele 2025 in seiner \u201eCapitale d\u2019\u00c9t\u00e9\u201c","datePublished":"2025-07-08T12:04:29+00:00","dateModified":"2025-07-08T12:04:32+00:00","mainEntityOfPage":{"@id":"https:\/\/www.szenik.eu\/de\/mit-standing-ovations-beendete-yannick-nezet-seguin-die-sommerfestspiele-2025-in-seiner-capitale-dete-74152"},"wordCount":594,"commentCount":0,"publisher":{"@id":"https:\/\/www.szenik.eu\/de\/#organization"},"articleSection":["Fokus I Blick zur\u00fcck"],"inLanguage":"de","potentialAction":[{"@type":"CommentAction","name":"Comment","target":["https:\/\/www.szenik.eu\/de\/mit-standing-ovations-beendete-yannick-nezet-seguin-die-sommerfestspiele-2025-in-seiner-capitale-dete-74152#respond"]}]},{"@type":"WebPage","@id":"https:\/\/www.szenik.eu\/de\/mit-standing-ovations-beendete-yannick-nezet-seguin-die-sommerfestspiele-2025-in-seiner-capitale-dete-74152","url":"https:\/\/www.szenik.eu\/de\/mit-standing-ovations-beendete-yannick-nezet-seguin-die-sommerfestspiele-2025-in-seiner-capitale-dete-74152","name":"Mit Standing Ovations beendete Yannick N\u00e9zet-S\u00e9guin die Sommerfestspiele 2025 in seiner \u201eCapitale d\u2019\u00c9t\u00e9\u201c | szenik","isPartOf":{"@id":"https:\/\/www.szenik.eu\/de\/#website"},"datePublished":"2025-07-08T12:04:29+00:00","dateModified":"2025-07-08T12:04:32+00:00","description":"Knapp zwei Wochen erf\u00fcllten die Sommerfestspiele mit Musik und Rosenduft die Welterbe-Stadt Baden-Baden. Den Auftakt machte das Sommerfest des Freundeskreises in der G\u00f6nneranlage.","breadcrumb":{"@id":"https:\/\/www.szenik.eu\/de\/mit-standing-ovations-beendete-yannick-nezet-seguin-die-sommerfestspiele-2025-in-seiner-capitale-dete-74152#breadcrumb"},"inLanguage":"de","potentialAction":[{"@type":"ReadAction","target":["https:\/\/www.szenik.eu\/de\/mit-standing-ovations-beendete-yannick-nezet-seguin-die-sommerfestspiele-2025-in-seiner-capitale-dete-74152"]}]},{"@type":"BreadcrumbList","@id":"https:\/\/www.szenik.eu\/de\/mit-standing-ovations-beendete-yannick-nezet-seguin-die-sommerfestspiele-2025-in-seiner-capitale-dete-74152#breadcrumb","itemListElement":[{"@type":"ListItem","position":1,"name":"Home","item":"https:\/\/www.szenik.eu\/de"},{"@type":"ListItem","position":2,"name":"Mit Standing Ovations beendete Yannick N\u00e9zet-S\u00e9guin die Sommerfestspiele 2025 in seiner \u201eCapitale d\u2019\u00c9t\u00e9\u201c"}]},{"@type":"WebSite","@id":"https:\/\/www.szenik.eu\/de\/#website","url":"https:\/\/www.szenik.eu\/de\/","name":"szenik","description":"Le Meilleur des sc\u00e8nes au coeur de l&#039;Europe","publisher":{"@id":"https:\/\/www.szenik.eu\/de\/#organization"},"potentialAction":[{"@type":"SearchAction","target":{"@type":"EntryPoint","urlTemplate":"https:\/\/www.szenik.eu\/de\/?s={search_term_string}"},"query-input":"required name=search_term_string"}],"inLanguage":"de"},{"@type":"Organization","@id":"https:\/\/www.szenik.eu\/de\/#organization","name":"Szenik","url":"https:\/\/www.szenik.eu\/de\/","logo":{"@type":"ImageObject","inLanguage":"de","@id":"https:\/\/www.szenik.eu\/de\/#\/schema\/logo\/image\/","url":"https:\/\/www.szenik.eu\/wp-content\/uploads\/2019\/07\/logo-square.png","contentUrl":"https:\/\/www.szenik.eu\/wp-content\/uploads\/2019\/07\/logo-square.png","width":512,"height":512,"caption":"Szenik"},"image":{"@id":"https:\/\/www.szenik.eu\/de\/#\/schema\/logo\/image\/"},"sameAs":["https:\/\/www.facebook.com\/szenik.eu\/","https:\/\/twitter.com\/Szenik","https:\/\/www.instagram.com\/szenik_magazine\/","https:\/\/www.youtube.com\/user\/SzenikEU\/"]},{"@type":"Person","@id":"https:\/\/www.szenik.eu\/de\/#\/schema\/person\/81e9d00e9b1306e18e10ca1e4bed6465","name":"sarahk","image":{"@type":"ImageObject","inLanguage":"de","@id":"https:\/\/www.szenik.eu\/de\/#\/schema\/person\/image\/","url":"https:\/\/secure.gravatar.com\/avatar\/1e5f6f691c4a068f4814bda15b8400ca?s=96&d=mm&r=g","contentUrl":"https:\/\/secure.gravatar.com\/avatar\/1e5f6f691c4a068f4814bda15b8400ca?s=96&d=mm&r=g","caption":"sarahk"}}]}},"jetpack_featured_media_url":"https:\/\/www.szenik.eu\/wp-content\/uploads\/2025\/07\/20250629_YannickNezet-Seguin_SFS_Festspielhaus-_cMichaelBode-2a-scaled.jpg","amp_enabled":true,"_links":{"self":[{"href":"https:\/\/www.szenik.eu\/de\/wp-json\/\/wp\/v2\/posts\/74152"}],"collection":[{"href":"https:\/\/www.szenik.eu\/de\/wp-json\/\/wp\/v2\/posts"}],"about":[{"href":"https:\/\/www.szenik.eu\/de\/wp-json\/\/wp\/v2\/types\/post"}],"author":[{"embeddable":true,"href":"https:\/\/www.szenik.eu\/de\/wp-json\/\/wp\/v2\/users\/1680"}],"replies":[{"embeddable":true,"href":"https:\/\/www.szenik.eu\/de\/wp-json\/\/wp\/v2\/comments?post=74152"}],"version-history":[{"count":1,"href":"https:\/\/www.szenik.eu\/de\/wp-json\/\/wp\/v2\/posts\/74152\/revisions"}],"predecessor-version":[{"id":74157,"href":"https:\/\/www.szenik.eu\/de\/wp-json\/\/wp\/v2\/posts\/74152\/revisions\/74157"}],"wp:featuredmedia":[{"embeddable":true,"href":"https:\/\/www.szenik.eu\/de\/wp-json\/\/wp\/v2\/media\/74155"}],"wp:attachment":[{"href":"https:\/\/www.szenik.eu\/de\/wp-json\/\/wp\/v2\/media?parent=74152"}],"wp:term":[{"taxonomy":"category","embeddable":true,"href":"https:\/\/www.szenik.eu\/de\/wp-json\/\/wp\/v2\/categories?post=74152"},{"taxonomy":"post_tag","embeddable":true,"href":"https:\/\/www.szenik.eu\/de\/wp-json\/\/wp\/v2\/tags?post=74152"}],"curies":[{"name":"wp","href":"https:\/\/api.w.org\/{rel}","templated":true}]}}