{"id":73947,"date":"2025-06-24T14:19:26","date_gmt":"2025-06-24T12:19:26","guid":{"rendered":"https:\/\/www.szenik.eu\/?p=73947\/"},"modified":"2025-06-24T14:19:28","modified_gmt":"2025-06-24T12:19:28","slug":"passerelle-reihe-vorverkauf-gestartet","status":"publish","type":"post","link":"https:\/\/www.szenik.eu\/de\/passerelle-reihe-vorverkauf-gestartet-73947","title":{"rendered":"Passerelle-Reihe: Vorverkauf gestartet"},"content":{"rendered":"\n<p>Kehl \u2013 Unterschiedliche Musikstile und -kulturen, mitrei\u00dfende musikalische Begegnungen: Bei den Konzerten der Passerelles-Reihe kann sich das Kehler Publikum auf f\u00fcnf Abende Weltmusik abseits des Mainstreams freuen. Der Vorverkauf f\u00fcr die im Herbst beginnende Konzertreihe des Kulturb\u00fcros hat bereits begonnen.<\/p>\n\n\n\n<p>Los geht es am&nbsp;<strong>Freitag, 17. Oktober<\/strong>, mit dem Trio&nbsp;<strong>JMO<\/strong>: Jan Galega Br\u00f6nnimann aus der Schweiz, Moussa Cissokho aus dem Senegal und der Iraner Omri Hason pr\u00e4sentieren sich bereits zum dritten Mal im Kulturhaus und \u00fcberzeugen mit einem Mix aus afrikanischen, europ\u00e4ischen und orientalischen Melodien.<\/p>\n\n\n\n<p>Die Musiker des&nbsp;<strong>AJAM Quartet<\/strong>&nbsp;\u2013 Wassim Mukdad, Alexey Kochetkov, Or Rozenfeld und Peter Kuhnsch &#8211; stehen am&nbsp;<strong>Donnerstag, 6. November<\/strong>, auf der Kulturhausb\u00fchne. Mit arabischer Oud, klassischer Violine, jazzigem Bass und funkiger Percussion vereint das Quartett Einfl\u00fcsse aus verschiedenen musikalischen Traditionen und befindet sich doch mit seiner energiegeladenen und modernen Musik am Puls der Zeit.<\/p>\n\n\n\n<p>Ein gro\u00dfer Name der sogenannten Weltmusik wird am&nbsp;<strong>Mittwoch, 21. Januar<\/strong>, sein Debut im Kehler Kulturhaus geben: Wenn die drei Musiker der&nbsp;<strong>Violons Barbares<\/strong>&nbsp;auf der B\u00fchne stehen, wirkt es, als w\u00fcrde ein ganzer Stamm wilder Reiter mit Geigen auf dem R\u00fccken und Trommeln in den Koffern die Zuh\u00f6renden durch die Steppe Asiens und \u00fcber den Balkan f\u00fchren. Beheimatet in Stra\u00dfburg, begeistern&nbsp;Dimitar Gougov, Enkhjargal Dandarvaanchig und Fabien Guyot auf namhaften Festivals in aller Welt \u2013 wie bereits beim legend\u00e4ren Wacken-Festival.<\/p>\n\n\n\n<p>Folk, Swing und Jazz bringt das Duo&nbsp;<strong>Klangzeit<\/strong>&nbsp;am&nbsp;<strong>Samstag, 21. Februar<\/strong>, auf die B\u00fchne. Das Akkordeonspiel von Johann Zeller wechselt rasant zwischen innigen Momenten und groovigen Trommeleinlagen. W\u00e4hrenddessen entlockt Marie-Josefin Melchior ihrer Geige verschiedenste Klangfarben von arabischer Langhalslaute bis hin zur E-Gitarre: virtuos und mit musikalischer Spritzigkeit.<\/p>\n\n\n\n<p>Den Abschluss macht am&nbsp;<strong>Dienstag, 28. April<\/strong>, das&nbsp;<strong>Duo<\/strong>&nbsp;<strong>Resonado<\/strong>. Der venezolanische Violinist und S\u00e4nger Alejandro Carrillo und der deutsch-portugiesische Gitarrist und Komponist Fabian Zeller pr\u00e4sentieren ein Repertoire, in dem musikalische Traditionen ihrer Herkunftsl\u00e4nder kunstvoll mit Elementen der modernen Weltmusik verbunden werden.<\/p>\n\n\n\n<p>Die Konzerte der Duos Klangzeit und Resonado finden im intimen Rahmen der Stadthallenb\u00fchne statt, bei dem das Publikum ebenfalls auf der B\u00fchne Platz nimmt.<\/p>\n\n\n\n<p>Alle Konzerte beginnen um 20 Uhr.<\/p>\n\n\n\n<p>Karten gibt es&nbsp;ab sofort&nbsp;bei der Tourist-Information, unter&nbsp;<a href=\"http:\/\/www.kultur.kehl.de\/\" class=\"\">www.kultur.kehl.de<\/a>&nbsp;sowie bei allen Reservix-Vorverkaufsstellen.&nbsp;Einzelkarten sind f\u00fcr 16 Euro erh\u00e4ltlich, Sch\u00fcler, Studierende und Auszubildende bezahlen 11 Euro. Mit dem Abonnement Dreierlei Plus bietet das Kulturb\u00fcro Erm\u00e4\u00dfigungen auf den Normalpreis an, sofern mindestens drei Konzerte besucht werden.&nbsp;<\/p>\n\n\n\n<p>Das Leporello \u201ePasserelles. Weltmusik, Jazz und mehr\u201c, das unter anderem in der Mediathek und der Tourist-Information ausliegt und&nbsp;<a href=\"https:\/\/www.kehl.de\/site\/Kehl\/get\/documents_E859416589\/kehl\/Dateien\/Dokumente\/Kultur\/Kulturb%C3%BCro\/Passerelles_2025_26_Web.pdf\" class=\"\">online<\/a>&nbsp;eingesehen werden kann, enth\u00e4lt weitere Informationen.<\/p>\n","protected":false},"excerpt":{"rendered":"<p>Kehl \u2013 Unterschiedliche Musikstile und -kulturen, mitrei\u00dfende musikalische Begegnungen: Bei den Konzerten der Passerelles-Reihe kann sich das Kehler Publikum auf f\u00fcnf Abende Weltmusik abseits des Mainstreams freuen. Der Vorverkauf f\u00fcr die im Herbst beginnende Konzertreihe des Kulturb\u00fcros hat bereits begonnen. Los geht es am&nbsp;Freitag, 17. Oktober, mit dem Trio&nbsp;JMO: Jan Galega Br\u00f6nnimann aus der Schweiz, [&hellip;]<\/p>\n","protected":false},"author":1693,"featured_media":73948,"comment_status":"open","ping_status":"open","sticky":false,"template":"","format":"standard","meta":{"_monsterinsights_skip_tracking":false,"_monsterinsights_sitenote_active":false,"_monsterinsights_sitenote_note":"","_monsterinsights_sitenote_category":0},"categories":[2814,53],"tags":[23900,3440,23901],"yoast_head":"<!-- This site is optimized with the Yoast SEO plugin v20.5 - https:\/\/yoast.com\/wordpress\/plugins\/seo\/ -->\n<title>Passerelle-Reihe: Vorverkauf gestartet | Szenik.eu<\/title>\n<meta name=\"description\" content=\"Kehl \u2013 Unterschiedliche Musikstile und -kulturen, mitrei\u00dfende musikalische Begegnungen: Bei den Konzerten der Passerelles-Reihe kann sich das Kehler Publikum\" \/>\n<meta name=\"robots\" content=\"index, follow, max-snippet:-1, max-image-preview:large, max-video-preview:-1\" \/>\n<link rel=\"canonical\" href=\"https:\/\/www.szenik.eu\/de\/passerelle-reihe-vorverkauf-gestartet-73947\" \/>\n<meta property=\"og:locale\" content=\"de_DE\" \/>\n<meta property=\"og:type\" content=\"article\" \/>\n<meta property=\"og:title\" content=\"Passerelle-Reihe: Vorverkauf gestartet | Szenik.eu\" \/>\n<meta property=\"og:description\" content=\"Kehl \u2013 Unterschiedliche Musikstile und -kulturen, mitrei\u00dfende musikalische Begegnungen: Bei den Konzerten der Passerelles-Reihe kann sich das Kehler Publikum\" \/>\n<meta property=\"og:url\" content=\"https:\/\/www.szenik.eu\/de\/passerelle-reihe-vorverkauf-gestartet-73947\" \/>\n<meta property=\"og:site_name\" content=\"szenik\" \/>\n<meta property=\"article:publisher\" content=\"https:\/\/www.facebook.com\/szenik.eu\/\" \/>\n<meta property=\"article:published_time\" content=\"2025-06-24T12:19:26+00:00\" \/>\n<meta property=\"article:modified_time\" content=\"2025-06-24T12:19:28+00:00\" \/>\n<meta property=\"og:image\" content=\"https:\/\/www.szenik.eu\/wp-content\/uploads\/2025\/06\/Ajam-Quartet-\u00a9-Anton-Tal-Print_Presse.jpg\" \/>\n\t<meta property=\"og:image:width\" content=\"1772\" \/>\n\t<meta property=\"og:image:height\" content=\"1181\" \/>\n\t<meta property=\"og:image:type\" content=\"image\/jpeg\" \/>\n<meta name=\"author\" content=\"Emma Hodapp\" \/>\n<meta name=\"twitter:card\" content=\"summary_large_image\" \/>\n<meta name=\"twitter:creator\" content=\"@Szenik\" \/>\n<meta name=\"twitter:site\" content=\"@Szenik\" \/>\n<meta name=\"twitter:label1\" content=\"Verfasst von\" \/>\n\t<meta name=\"twitter:data1\" content=\"Emma Hodapp\" \/>\n\t<meta name=\"twitter:label2\" content=\"Gesch\u00e4tzte Lesezeit\" \/>\n\t<meta name=\"twitter:data2\" content=\"3\u00a0Minuten\" \/>\n<script type=\"application\/ld+json\" class=\"yoast-schema-graph\">{\"@context\":\"https:\/\/schema.org\",\"@graph\":[{\"@type\":\"Article\",\"@id\":\"https:\/\/www.szenik.eu\/de\/passerelle-reihe-vorverkauf-gestartet-73947#article\",\"isPartOf\":{\"@id\":\"https:\/\/www.szenik.eu\/de\/passerelle-reihe-vorverkauf-gestartet-73947\"},\"author\":{\"name\":\"Emma Hodapp\",\"@id\":\"https:\/\/www.szenik.eu\/de\/#\/schema\/person\/b9ca4379b400eddaebaa678b55ed3d64\"},\"headline\":\"Passerelle-Reihe: Vorverkauf gestartet\",\"datePublished\":\"2025-06-24T12:19:26+00:00\",\"dateModified\":\"2025-06-24T12:19:28+00:00\",\"mainEntityOfPage\":{\"@id\":\"https:\/\/www.szenik.eu\/de\/passerelle-reihe-vorverkauf-gestartet-73947\"},\"wordCount\":462,\"commentCount\":0,\"publisher\":{\"@id\":\"https:\/\/www.szenik.eu\/de\/#organization\"},\"keywords\":[\"Kehl\",\"Konzert\",\"Kulturb\u00fcro\"],\"articleSection\":[\"Fokus I Blick zur\u00fcck\",\"Magazin\"],\"inLanguage\":\"de\",\"potentialAction\":[{\"@type\":\"CommentAction\",\"name\":\"Comment\",\"target\":[\"https:\/\/www.szenik.eu\/de\/passerelle-reihe-vorverkauf-gestartet-73947#respond\"]}]},{\"@type\":\"WebPage\",\"@id\":\"https:\/\/www.szenik.eu\/de\/passerelle-reihe-vorverkauf-gestartet-73947\",\"url\":\"https:\/\/www.szenik.eu\/de\/passerelle-reihe-vorverkauf-gestartet-73947\",\"name\":\"Passerelle-Reihe: Vorverkauf gestartet | Szenik.eu\",\"isPartOf\":{\"@id\":\"https:\/\/www.szenik.eu\/de\/#website\"},\"datePublished\":\"2025-06-24T12:19:26+00:00\",\"dateModified\":\"2025-06-24T12:19:28+00:00\",\"description\":\"Kehl \u2013 Unterschiedliche Musikstile und -kulturen, mitrei\u00dfende musikalische Begegnungen: Bei den Konzerten der Passerelles-Reihe kann sich das Kehler Publikum\",\"breadcrumb\":{\"@id\":\"https:\/\/www.szenik.eu\/de\/passerelle-reihe-vorverkauf-gestartet-73947#breadcrumb\"},\"inLanguage\":\"de\",\"potentialAction\":[{\"@type\":\"ReadAction\",\"target\":[\"https:\/\/www.szenik.eu\/de\/passerelle-reihe-vorverkauf-gestartet-73947\"]}]},{\"@type\":\"BreadcrumbList\",\"@id\":\"https:\/\/www.szenik.eu\/de\/passerelle-reihe-vorverkauf-gestartet-73947#breadcrumb\",\"itemListElement\":[{\"@type\":\"ListItem\",\"position\":1,\"name\":\"Home\",\"item\":\"https:\/\/www.szenik.eu\/de\"},{\"@type\":\"ListItem\",\"position\":2,\"name\":\"Passerelle-Reihe: Vorverkauf gestartet\"}]},{\"@type\":\"WebSite\",\"@id\":\"https:\/\/www.szenik.eu\/de\/#website\",\"url\":\"https:\/\/www.szenik.eu\/de\/\",\"name\":\"szenik\",\"description\":\"Le Meilleur des sc\u00e8nes au coeur de l&#039;Europe\",\"publisher\":{\"@id\":\"https:\/\/www.szenik.eu\/de\/#organization\"},\"potentialAction\":[{\"@type\":\"SearchAction\",\"target\":{\"@type\":\"EntryPoint\",\"urlTemplate\":\"https:\/\/www.szenik.eu\/de\/?s={search_term_string}\"},\"query-input\":\"required name=search_term_string\"}],\"inLanguage\":\"de\"},{\"@type\":\"Organization\",\"@id\":\"https:\/\/www.szenik.eu\/de\/#organization\",\"name\":\"Szenik\",\"url\":\"https:\/\/www.szenik.eu\/de\/\",\"logo\":{\"@type\":\"ImageObject\",\"inLanguage\":\"de\",\"@id\":\"https:\/\/www.szenik.eu\/de\/#\/schema\/logo\/image\/\",\"url\":\"https:\/\/www.szenik.eu\/wp-content\/uploads\/2019\/07\/logo-square.png\",\"contentUrl\":\"https:\/\/www.szenik.eu\/wp-content\/uploads\/2019\/07\/logo-square.png\",\"width\":512,\"height\":512,\"caption\":\"Szenik\"},\"image\":{\"@id\":\"https:\/\/www.szenik.eu\/de\/#\/schema\/logo\/image\/\"},\"sameAs\":[\"https:\/\/www.facebook.com\/szenik.eu\/\",\"https:\/\/twitter.com\/Szenik\",\"https:\/\/www.instagram.com\/szenik_magazine\/\",\"https:\/\/www.youtube.com\/user\/SzenikEU\/\"]},{\"@type\":\"Person\",\"@id\":\"https:\/\/www.szenik.eu\/de\/#\/schema\/person\/b9ca4379b400eddaebaa678b55ed3d64\",\"name\":\"Emma Hodapp\",\"image\":{\"@type\":\"ImageObject\",\"inLanguage\":\"de\",\"@id\":\"https:\/\/www.szenik.eu\/de\/#\/schema\/person\/image\/\",\"url\":\"https:\/\/secure.gravatar.com\/avatar\/9844fd807284ed8e20b58b5bf77e5220?s=96&d=mm&r=g\",\"contentUrl\":\"https:\/\/secure.gravatar.com\/avatar\/9844fd807284ed8e20b58b5bf77e5220?s=96&d=mm&r=g\",\"caption\":\"Emma Hodapp\"}}]}<\/script>\n<!-- \/ Yoast SEO plugin. -->","yoast_head_json":{"title":"Passerelle-Reihe: Vorverkauf gestartet | Szenik.eu","description":"Kehl \u2013 Unterschiedliche Musikstile und -kulturen, mitrei\u00dfende musikalische Begegnungen: Bei den Konzerten der Passerelles-Reihe kann sich das Kehler Publikum","robots":{"index":"index","follow":"follow","max-snippet":"max-snippet:-1","max-image-preview":"max-image-preview:large","max-video-preview":"max-video-preview:-1"},"canonical":"https:\/\/www.szenik.eu\/de\/passerelle-reihe-vorverkauf-gestartet-73947","og_locale":"de_DE","og_type":"article","og_title":"Passerelle-Reihe: Vorverkauf gestartet | Szenik.eu","og_description":"Kehl \u2013 Unterschiedliche Musikstile und -kulturen, mitrei\u00dfende musikalische Begegnungen: Bei den Konzerten der Passerelles-Reihe kann sich das Kehler Publikum","og_url":"https:\/\/www.szenik.eu\/de\/passerelle-reihe-vorverkauf-gestartet-73947","og_site_name":"szenik","article_publisher":"https:\/\/www.facebook.com\/szenik.eu\/","article_published_time":"2025-06-24T12:19:26+00:00","article_modified_time":"2025-06-24T12:19:28+00:00","og_image":[{"width":1772,"height":1181,"url":"https:\/\/www.szenik.eu\/wp-content\/uploads\/2025\/06\/Ajam-Quartet-\u00a9-Anton-Tal-Print_Presse.jpg","type":"image\/jpeg"}],"author":"Emma Hodapp","twitter_card":"summary_large_image","twitter_creator":"@Szenik","twitter_site":"@Szenik","twitter_misc":{"Verfasst von":"Emma Hodapp","Gesch\u00e4tzte Lesezeit":"3\u00a0Minuten"},"schema":{"@context":"https:\/\/schema.org","@graph":[{"@type":"Article","@id":"https:\/\/www.szenik.eu\/de\/passerelle-reihe-vorverkauf-gestartet-73947#article","isPartOf":{"@id":"https:\/\/www.szenik.eu\/de\/passerelle-reihe-vorverkauf-gestartet-73947"},"author":{"name":"Emma Hodapp","@id":"https:\/\/www.szenik.eu\/de\/#\/schema\/person\/b9ca4379b400eddaebaa678b55ed3d64"},"headline":"Passerelle-Reihe: Vorverkauf gestartet","datePublished":"2025-06-24T12:19:26+00:00","dateModified":"2025-06-24T12:19:28+00:00","mainEntityOfPage":{"@id":"https:\/\/www.szenik.eu\/de\/passerelle-reihe-vorverkauf-gestartet-73947"},"wordCount":462,"commentCount":0,"publisher":{"@id":"https:\/\/www.szenik.eu\/de\/#organization"},"keywords":["Kehl","Konzert","Kulturb\u00fcro"],"articleSection":["Fokus I Blick zur\u00fcck","Magazin"],"inLanguage":"de","potentialAction":[{"@type":"CommentAction","name":"Comment","target":["https:\/\/www.szenik.eu\/de\/passerelle-reihe-vorverkauf-gestartet-73947#respond"]}]},{"@type":"WebPage","@id":"https:\/\/www.szenik.eu\/de\/passerelle-reihe-vorverkauf-gestartet-73947","url":"https:\/\/www.szenik.eu\/de\/passerelle-reihe-vorverkauf-gestartet-73947","name":"Passerelle-Reihe: Vorverkauf gestartet | Szenik.eu","isPartOf":{"@id":"https:\/\/www.szenik.eu\/de\/#website"},"datePublished":"2025-06-24T12:19:26+00:00","dateModified":"2025-06-24T12:19:28+00:00","description":"Kehl \u2013 Unterschiedliche Musikstile und -kulturen, mitrei\u00dfende musikalische Begegnungen: Bei den Konzerten der Passerelles-Reihe kann sich das Kehler Publikum","breadcrumb":{"@id":"https:\/\/www.szenik.eu\/de\/passerelle-reihe-vorverkauf-gestartet-73947#breadcrumb"},"inLanguage":"de","potentialAction":[{"@type":"ReadAction","target":["https:\/\/www.szenik.eu\/de\/passerelle-reihe-vorverkauf-gestartet-73947"]}]},{"@type":"BreadcrumbList","@id":"https:\/\/www.szenik.eu\/de\/passerelle-reihe-vorverkauf-gestartet-73947#breadcrumb","itemListElement":[{"@type":"ListItem","position":1,"name":"Home","item":"https:\/\/www.szenik.eu\/de"},{"@type":"ListItem","position":2,"name":"Passerelle-Reihe: Vorverkauf gestartet"}]},{"@type":"WebSite","@id":"https:\/\/www.szenik.eu\/de\/#website","url":"https:\/\/www.szenik.eu\/de\/","name":"szenik","description":"Le Meilleur des sc\u00e8nes au coeur de l&#039;Europe","publisher":{"@id":"https:\/\/www.szenik.eu\/de\/#organization"},"potentialAction":[{"@type":"SearchAction","target":{"@type":"EntryPoint","urlTemplate":"https:\/\/www.szenik.eu\/de\/?s={search_term_string}"},"query-input":"required name=search_term_string"}],"inLanguage":"de"},{"@type":"Organization","@id":"https:\/\/www.szenik.eu\/de\/#organization","name":"Szenik","url":"https:\/\/www.szenik.eu\/de\/","logo":{"@type":"ImageObject","inLanguage":"de","@id":"https:\/\/www.szenik.eu\/de\/#\/schema\/logo\/image\/","url":"https:\/\/www.szenik.eu\/wp-content\/uploads\/2019\/07\/logo-square.png","contentUrl":"https:\/\/www.szenik.eu\/wp-content\/uploads\/2019\/07\/logo-square.png","width":512,"height":512,"caption":"Szenik"},"image":{"@id":"https:\/\/www.szenik.eu\/de\/#\/schema\/logo\/image\/"},"sameAs":["https:\/\/www.facebook.com\/szenik.eu\/","https:\/\/twitter.com\/Szenik","https:\/\/www.instagram.com\/szenik_magazine\/","https:\/\/www.youtube.com\/user\/SzenikEU\/"]},{"@type":"Person","@id":"https:\/\/www.szenik.eu\/de\/#\/schema\/person\/b9ca4379b400eddaebaa678b55ed3d64","name":"Emma Hodapp","image":{"@type":"ImageObject","inLanguage":"de","@id":"https:\/\/www.szenik.eu\/de\/#\/schema\/person\/image\/","url":"https:\/\/secure.gravatar.com\/avatar\/9844fd807284ed8e20b58b5bf77e5220?s=96&d=mm&r=g","contentUrl":"https:\/\/secure.gravatar.com\/avatar\/9844fd807284ed8e20b58b5bf77e5220?s=96&d=mm&r=g","caption":"Emma Hodapp"}}]}},"jetpack_featured_media_url":"https:\/\/www.szenik.eu\/wp-content\/uploads\/2025\/06\/Ajam-Quartet-\u00a9-Anton-Tal-Print_Presse.jpg","amp_enabled":true,"_links":{"self":[{"href":"https:\/\/www.szenik.eu\/de\/wp-json\/\/wp\/v2\/posts\/73947"}],"collection":[{"href":"https:\/\/www.szenik.eu\/de\/wp-json\/\/wp\/v2\/posts"}],"about":[{"href":"https:\/\/www.szenik.eu\/de\/wp-json\/\/wp\/v2\/types\/post"}],"author":[{"embeddable":true,"href":"https:\/\/www.szenik.eu\/de\/wp-json\/\/wp\/v2\/users\/1693"}],"replies":[{"embeddable":true,"href":"https:\/\/www.szenik.eu\/de\/wp-json\/\/wp\/v2\/comments?post=73947"}],"version-history":[{"count":1,"href":"https:\/\/www.szenik.eu\/de\/wp-json\/\/wp\/v2\/posts\/73947\/revisions"}],"predecessor-version":[{"id":73950,"href":"https:\/\/www.szenik.eu\/de\/wp-json\/\/wp\/v2\/posts\/73947\/revisions\/73950"}],"wp:featuredmedia":[{"embeddable":true,"href":"https:\/\/www.szenik.eu\/de\/wp-json\/\/wp\/v2\/media\/73948"}],"wp:attachment":[{"href":"https:\/\/www.szenik.eu\/de\/wp-json\/\/wp\/v2\/media?parent=73947"}],"wp:term":[{"taxonomy":"category","embeddable":true,"href":"https:\/\/www.szenik.eu\/de\/wp-json\/\/wp\/v2\/categories?post=73947"},{"taxonomy":"post_tag","embeddable":true,"href":"https:\/\/www.szenik.eu\/de\/wp-json\/\/wp\/v2\/tags?post=73947"}],"curies":[{"name":"wp","href":"https:\/\/api.w.org\/{rel}","templated":true}]}}