{"id":73932,"date":"2025-06-23T14:09:17","date_gmt":"2025-06-23T12:09:17","guid":{"rendered":"https:\/\/www.szenik.eu\/?p=73932\/"},"modified":"2025-06-23T14:09:19","modified_gmt":"2025-06-23T12:09:19","slug":"rendezvous-im-rosengarten","status":"publish","type":"post","link":"https:\/\/www.szenik.eu\/de\/rendezvous-im-rosengarten-73932","title":{"rendered":"<strong>Rendezvous im Rosengarten<\/strong>"},"content":{"rendered":"\n<p><em>Stardirigent Yannick N\u00e9zet-S\u00e9guin wird mit Rosenneuz\u00fcchtung geehrt<\/em><\/p>\n\n\n\n<p>F\u00fcnf Grammy-Awards darf er bereits sein eigen nennen, nun erh\u00e4lt der kanadische Stardirigent Yannick N\u00e9zet-S\u00e9guin eine besondere Auszeichnung: Im Rahmen der Sommerfestspiele Baden-Baden wird ihm zu Ehren eine neue Rosenz\u00fcchtung getauft. Yannick N\u00e9zet-S\u00e9guin, Chef der New Yorker Metropolitan Opera, k\u00fcnstlerischer Kopf der Baden-Badener Sommerfestspiele \u201eLa Capitale d\u2019\u00c9t\u00e9\u201c und ein gro\u00dfer Freund Baden-Badens, ist Pate der Rose \u201eMaestro Yannick\u201c die am 29. Juni um 12.30 Uhr in der G\u00f6nneranlage getauft wird. Der Dirigent wird als Ehrengast der Rosentaufe in einer der sch\u00f6nsten Gartenanlagen des Landes anwesend sein. Der Eintritt zur musikalisch umrahmten Rosentaufe ist frei.<\/p>\n\n\n\n<figure class=\"wp-block-image size-large\"><img decoding=\"async\" loading=\"lazy\" width=\"1024\" height=\"683\" src=\"https:\/\/www.szenik.eu\/wp-content\/uploads\/2025\/06\/Goenneranlage_Baden-Baden-Kur-undTourismusGmbH-1024x683.jpg\" alt=\"\" class=\"wp-image-73933\" srcset=\"https:\/\/www.szenik.eu\/wp-content\/uploads\/2025\/06\/Goenneranlage_Baden-Baden-Kur-undTourismusGmbH-1024x683.jpg 1024w, https:\/\/www.szenik.eu\/wp-content\/uploads\/2025\/06\/Goenneranlage_Baden-Baden-Kur-undTourismusGmbH-300x200.jpg 300w, https:\/\/www.szenik.eu\/wp-content\/uploads\/2025\/06\/Goenneranlage_Baden-Baden-Kur-undTourismusGmbH-768x512.jpg 768w, https:\/\/www.szenik.eu\/wp-content\/uploads\/2025\/06\/Goenneranlage_Baden-Baden-Kur-undTourismusGmbH-1536x1024.jpg 1536w, https:\/\/www.szenik.eu\/wp-content\/uploads\/2025\/06\/Goenneranlage_Baden-Baden-Kur-undTourismusGmbH-2048x1365.jpg 2048w, https:\/\/www.szenik.eu\/wp-content\/uploads\/2025\/06\/Goenneranlage_Baden-Baden-Kur-undTourismusGmbH-750x500.jpg 750w, https:\/\/www.szenik.eu\/wp-content\/uploads\/2025\/06\/Goenneranlage_Baden-Baden-Kur-undTourismusGmbH-1140x760.jpg 1140w\" sizes=\"(max-width: 1024px) 100vw, 1024px\" \/><figcaption class=\"wp-element-caption\">G\u00f6nneranlage Baden-Baden Kur-undTourismus GmbH<\/figcaption><\/figure>\n\n\n\n<p>Die feierliche Namensgebung findet im Rahmen der Baden-Badener Sommerfestspiele \u201eLa Capitale d\u2019\u00c9t\u00e9\u201c statt, die Yannick N\u00e9zet-S\u00e9guin seit 2022 gemeinsam mit Festspielhausintendant Benedikt Stampa kuratiert. Zum diesj\u00e4hrigen Er\u00f6ffnungskonzert pr\u00e4sentiert Yannick N\u00e9zet-S\u00e9guin am 28. Juni 2025 das Orchester seinen kanadischen Heimatstadt, das Orchestre M\u00e9tropolitain aus Montreal. Das Baden-Baden Deb\u00fct des renommierten Orchesters wird ein gro\u00dfer sinfonischer Abend mit kanadischer, finnischer und franz\u00f6sischer Musik. Von der New Yorker Metropolitain Opera bringt Yannick N\u00e9zet-S\u00e9guin die Sopranistin Lisette Oropesa mit, die in einer farbenfrohen Sommergala am Sonntag, 29. Juni 2025 mit Arien aus \u201eRomeo et Juliette\u201c, \u201eDie Hochzeit des Figaro\u201c und \u201eLa Traviata\u201c das Publikum verzaubern wird.<\/p>\n\n\n\n<p>Die Sommerfestspiele Baden-Baden werden ein Fest der Stimmen. Das zweite Wochenende steht ganz im Zeichen Mozarts. Michael Volle und Stanislas de Barbeyrac sind in den gro\u00dfen Chorwerken von Wolfgang Amadeus Mozart (Requiem 4.7., c-Moll Messe 5.7.) mit dem Rias Kammerchor zu erleben. Das Stimmenfest komplettieren die chinesische Met-K\u00fcnstlerin Ying Fang und die f\u00fcr den Opus Klassik als beste S\u00e4ngerin des Jahres 2025 nominierte Mezzosopranistin Emily d\u2019Angelo. Zu Mozarts letztem Werk, dem Requiem, spielt das Chamber Orchestra of Europe unter N\u00e9zet-S\u00e9guin am 4. Juli Mozarts Sinfonie Nr. 40. Der monumentalen c-Moll Messe am 6. Juli stellt Yannick N\u00e9zet-S\u00e9guin die \u201eJupitersinfonie\u201c voran.<\/p>\n\n\n\n<p>Die Neuz\u00fcchtung stammt von dem international mit vielen Preisen ausgezeichneten Hauses Rosen Tantau. Das Z\u00fcchterhaus aus Uetersen wurde u.a. mit der \u201eGoldenen Rose 2025\u201c ausgezeichnet, eine Auszeichnung f\u00fcr die beste Rose des Jahres im einzigen internationalen Rosenneuheitenwettbewerb in Deutschland.<\/p>\n\n\n\n<p><strong>Weitere Informationen und Konzertkarten:\u00a0<\/strong><a href=\"http:\/\/www.festspielhaus.de\"><strong>www.festspielhaus.de<\/strong>\u00a0<\/a><\/p>\n\n\n\n<p><strong>Pers\u00f6nliche Beratung und Reservierung: Tel. 07221 \/ 30 13 101<\/strong><\/p>\n\n\n\n<p><\/p>\n","protected":false},"excerpt":{"rendered":"<p>Stardirigent Yannick N\u00e9zet-S\u00e9guin wird mit Rosenneuz\u00fcchtung geehrt F\u00fcnf Grammy-Awards darf er bereits sein eigen nennen, nun erh\u00e4lt der kanadische Stardirigent Yannick N\u00e9zet-S\u00e9guin eine besondere Auszeichnung: Im Rahmen der Sommerfestspiele Baden-Baden wird ihm zu Ehren eine neue Rosenz\u00fcchtung getauft. Yannick N\u00e9zet-S\u00e9guin, Chef der New Yorker Metropolitan Opera, k\u00fcnstlerischer Kopf der Baden-Badener Sommerfestspiele \u201eLa Capitale d\u2019\u00c9t\u00e9\u201c und [&hellip;]<\/p>\n","protected":false},"author":1693,"featured_media":73935,"comment_status":"open","ping_status":"open","sticky":false,"template":"","format":"standard","meta":{"_monsterinsights_skip_tracking":false,"_monsterinsights_sitenote_active":false,"_monsterinsights_sitenote_note":"","_monsterinsights_sitenote_category":0},"categories":[2814],"tags":[6384,6560,2259],"yoast_head":"<!-- This site is optimized with the Yoast SEO plugin v20.5 - https:\/\/yoast.com\/wordpress\/plugins\/seo\/ -->\n<title>Rendezvous im Rosengarten | Szenik.eu<\/title>\n<meta name=\"description\" content=\"F\u00fcnf Grammy-Awards darf er bereits sein eigen nennen, nun erh\u00e4lt der kanadische Stardirigent Yannick N\u00e9zet-S\u00e9guin eine besondere Auszeichnung\" \/>\n<meta name=\"robots\" content=\"index, follow, max-snippet:-1, max-image-preview:large, max-video-preview:-1\" \/>\n<link rel=\"canonical\" href=\"https:\/\/www.szenik.eu\/de\/rendezvous-im-rosengarten-73932\" \/>\n<meta property=\"og:locale\" content=\"de_DE\" \/>\n<meta property=\"og:type\" content=\"article\" \/>\n<meta property=\"og:title\" content=\"Rendezvous im Rosengarten | Szenik.eu\" \/>\n<meta property=\"og:description\" content=\"F\u00fcnf Grammy-Awards darf er bereits sein eigen nennen, nun erh\u00e4lt der kanadische Stardirigent Yannick N\u00e9zet-S\u00e9guin eine besondere Auszeichnung\" \/>\n<meta property=\"og:url\" content=\"https:\/\/www.szenik.eu\/de\/rendezvous-im-rosengarten-73932\" \/>\n<meta property=\"og:site_name\" content=\"szenik\" \/>\n<meta property=\"article:publisher\" content=\"https:\/\/www.facebook.com\/szenik.eu\/\" \/>\n<meta property=\"article:published_time\" content=\"2025-06-23T12:09:17+00:00\" \/>\n<meta property=\"article:modified_time\" content=\"2025-06-23T12:09:19+00:00\" \/>\n<meta property=\"og:image\" content=\"https:\/\/www.szenik.eu\/wp-content\/uploads\/2025\/06\/Yannick-Nezet-Seguin_web_c_Paola-Kudacki.jpg\" \/>\n\t<meta property=\"og:image:width\" content=\"2250\" \/>\n\t<meta property=\"og:image:height\" content=\"1800\" \/>\n\t<meta property=\"og:image:type\" content=\"image\/jpeg\" \/>\n<meta name=\"author\" content=\"Emma Hodapp\" \/>\n<meta name=\"twitter:card\" content=\"summary_large_image\" \/>\n<meta name=\"twitter:creator\" content=\"@Szenik\" \/>\n<meta name=\"twitter:site\" content=\"@Szenik\" \/>\n<meta name=\"twitter:label1\" content=\"Verfasst von\" \/>\n\t<meta name=\"twitter:data1\" content=\"Emma Hodapp\" \/>\n\t<meta name=\"twitter:label2\" content=\"Gesch\u00e4tzte Lesezeit\" \/>\n\t<meta name=\"twitter:data2\" content=\"3\u00a0Minuten\" \/>\n<script type=\"application\/ld+json\" class=\"yoast-schema-graph\">{\"@context\":\"https:\/\/schema.org\",\"@graph\":[{\"@type\":\"Article\",\"@id\":\"https:\/\/www.szenik.eu\/de\/rendezvous-im-rosengarten-73932#article\",\"isPartOf\":{\"@id\":\"https:\/\/www.szenik.eu\/de\/rendezvous-im-rosengarten-73932\"},\"author\":{\"name\":\"Emma Hodapp\",\"@id\":\"https:\/\/www.szenik.eu\/de\/#\/schema\/person\/b9ca4379b400eddaebaa678b55ed3d64\"},\"headline\":\"Rendezvous im Rosengarten\",\"datePublished\":\"2025-06-23T12:09:17+00:00\",\"dateModified\":\"2025-06-23T12:09:19+00:00\",\"mainEntityOfPage\":{\"@id\":\"https:\/\/www.szenik.eu\/de\/rendezvous-im-rosengarten-73932\"},\"wordCount\":391,\"commentCount\":0,\"publisher\":{\"@id\":\"https:\/\/www.szenik.eu\/de\/#organization\"},\"keywords\":[\"Baden-Baden\",\"Festspielhaus Baden-Baden\",\"Klassik\"],\"articleSection\":[\"Fokus I Blick zur\u00fcck\"],\"inLanguage\":\"de\",\"potentialAction\":[{\"@type\":\"CommentAction\",\"name\":\"Comment\",\"target\":[\"https:\/\/www.szenik.eu\/de\/rendezvous-im-rosengarten-73932#respond\"]}]},{\"@type\":\"WebPage\",\"@id\":\"https:\/\/www.szenik.eu\/de\/rendezvous-im-rosengarten-73932\",\"url\":\"https:\/\/www.szenik.eu\/de\/rendezvous-im-rosengarten-73932\",\"name\":\"Rendezvous im Rosengarten | Szenik.eu\",\"isPartOf\":{\"@id\":\"https:\/\/www.szenik.eu\/de\/#website\"},\"datePublished\":\"2025-06-23T12:09:17+00:00\",\"dateModified\":\"2025-06-23T12:09:19+00:00\",\"description\":\"F\u00fcnf Grammy-Awards darf er bereits sein eigen nennen, nun erh\u00e4lt der kanadische Stardirigent Yannick N\u00e9zet-S\u00e9guin eine besondere Auszeichnung\",\"breadcrumb\":{\"@id\":\"https:\/\/www.szenik.eu\/de\/rendezvous-im-rosengarten-73932#breadcrumb\"},\"inLanguage\":\"de\",\"potentialAction\":[{\"@type\":\"ReadAction\",\"target\":[\"https:\/\/www.szenik.eu\/de\/rendezvous-im-rosengarten-73932\"]}]},{\"@type\":\"BreadcrumbList\",\"@id\":\"https:\/\/www.szenik.eu\/de\/rendezvous-im-rosengarten-73932#breadcrumb\",\"itemListElement\":[{\"@type\":\"ListItem\",\"position\":1,\"name\":\"Home\",\"item\":\"https:\/\/www.szenik.eu\/de\"},{\"@type\":\"ListItem\",\"position\":2,\"name\":\"Rendezvous im Rosengarten\"}]},{\"@type\":\"WebSite\",\"@id\":\"https:\/\/www.szenik.eu\/de\/#website\",\"url\":\"https:\/\/www.szenik.eu\/de\/\",\"name\":\"szenik\",\"description\":\"Le Meilleur des sc\u00e8nes au coeur de l&#039;Europe\",\"publisher\":{\"@id\":\"https:\/\/www.szenik.eu\/de\/#organization\"},\"potentialAction\":[{\"@type\":\"SearchAction\",\"target\":{\"@type\":\"EntryPoint\",\"urlTemplate\":\"https:\/\/www.szenik.eu\/de\/?s={search_term_string}\"},\"query-input\":\"required name=search_term_string\"}],\"inLanguage\":\"de\"},{\"@type\":\"Organization\",\"@id\":\"https:\/\/www.szenik.eu\/de\/#organization\",\"name\":\"Szenik\",\"url\":\"https:\/\/www.szenik.eu\/de\/\",\"logo\":{\"@type\":\"ImageObject\",\"inLanguage\":\"de\",\"@id\":\"https:\/\/www.szenik.eu\/de\/#\/schema\/logo\/image\/\",\"url\":\"https:\/\/www.szenik.eu\/wp-content\/uploads\/2019\/07\/logo-square.png\",\"contentUrl\":\"https:\/\/www.szenik.eu\/wp-content\/uploads\/2019\/07\/logo-square.png\",\"width\":512,\"height\":512,\"caption\":\"Szenik\"},\"image\":{\"@id\":\"https:\/\/www.szenik.eu\/de\/#\/schema\/logo\/image\/\"},\"sameAs\":[\"https:\/\/www.facebook.com\/szenik.eu\/\",\"https:\/\/twitter.com\/Szenik\",\"https:\/\/www.instagram.com\/szenik_magazine\/\",\"https:\/\/www.youtube.com\/user\/SzenikEU\/\"]},{\"@type\":\"Person\",\"@id\":\"https:\/\/www.szenik.eu\/de\/#\/schema\/person\/b9ca4379b400eddaebaa678b55ed3d64\",\"name\":\"Emma Hodapp\",\"image\":{\"@type\":\"ImageObject\",\"inLanguage\":\"de\",\"@id\":\"https:\/\/www.szenik.eu\/de\/#\/schema\/person\/image\/\",\"url\":\"https:\/\/secure.gravatar.com\/avatar\/9844fd807284ed8e20b58b5bf77e5220?s=96&d=mm&r=g\",\"contentUrl\":\"https:\/\/secure.gravatar.com\/avatar\/9844fd807284ed8e20b58b5bf77e5220?s=96&d=mm&r=g\",\"caption\":\"Emma Hodapp\"}}]}<\/script>\n<!-- \/ Yoast SEO plugin. -->","yoast_head_json":{"title":"Rendezvous im Rosengarten | Szenik.eu","description":"F\u00fcnf Grammy-Awards darf er bereits sein eigen nennen, nun erh\u00e4lt der kanadische Stardirigent Yannick N\u00e9zet-S\u00e9guin eine besondere Auszeichnung","robots":{"index":"index","follow":"follow","max-snippet":"max-snippet:-1","max-image-preview":"max-image-preview:large","max-video-preview":"max-video-preview:-1"},"canonical":"https:\/\/www.szenik.eu\/de\/rendezvous-im-rosengarten-73932","og_locale":"de_DE","og_type":"article","og_title":"Rendezvous im Rosengarten | Szenik.eu","og_description":"F\u00fcnf Grammy-Awards darf er bereits sein eigen nennen, nun erh\u00e4lt der kanadische Stardirigent Yannick N\u00e9zet-S\u00e9guin eine besondere Auszeichnung","og_url":"https:\/\/www.szenik.eu\/de\/rendezvous-im-rosengarten-73932","og_site_name":"szenik","article_publisher":"https:\/\/www.facebook.com\/szenik.eu\/","article_published_time":"2025-06-23T12:09:17+00:00","article_modified_time":"2025-06-23T12:09:19+00:00","og_image":[{"width":2250,"height":1800,"url":"https:\/\/www.szenik.eu\/wp-content\/uploads\/2025\/06\/Yannick-Nezet-Seguin_web_c_Paola-Kudacki.jpg","type":"image\/jpeg"}],"author":"Emma Hodapp","twitter_card":"summary_large_image","twitter_creator":"@Szenik","twitter_site":"@Szenik","twitter_misc":{"Verfasst von":"Emma Hodapp","Gesch\u00e4tzte Lesezeit":"3\u00a0Minuten"},"schema":{"@context":"https:\/\/schema.org","@graph":[{"@type":"Article","@id":"https:\/\/www.szenik.eu\/de\/rendezvous-im-rosengarten-73932#article","isPartOf":{"@id":"https:\/\/www.szenik.eu\/de\/rendezvous-im-rosengarten-73932"},"author":{"name":"Emma Hodapp","@id":"https:\/\/www.szenik.eu\/de\/#\/schema\/person\/b9ca4379b400eddaebaa678b55ed3d64"},"headline":"Rendezvous im Rosengarten","datePublished":"2025-06-23T12:09:17+00:00","dateModified":"2025-06-23T12:09:19+00:00","mainEntityOfPage":{"@id":"https:\/\/www.szenik.eu\/de\/rendezvous-im-rosengarten-73932"},"wordCount":391,"commentCount":0,"publisher":{"@id":"https:\/\/www.szenik.eu\/de\/#organization"},"keywords":["Baden-Baden","Festspielhaus Baden-Baden","Klassik"],"articleSection":["Fokus I Blick zur\u00fcck"],"inLanguage":"de","potentialAction":[{"@type":"CommentAction","name":"Comment","target":["https:\/\/www.szenik.eu\/de\/rendezvous-im-rosengarten-73932#respond"]}]},{"@type":"WebPage","@id":"https:\/\/www.szenik.eu\/de\/rendezvous-im-rosengarten-73932","url":"https:\/\/www.szenik.eu\/de\/rendezvous-im-rosengarten-73932","name":"Rendezvous im Rosengarten | Szenik.eu","isPartOf":{"@id":"https:\/\/www.szenik.eu\/de\/#website"},"datePublished":"2025-06-23T12:09:17+00:00","dateModified":"2025-06-23T12:09:19+00:00","description":"F\u00fcnf Grammy-Awards darf er bereits sein eigen nennen, nun erh\u00e4lt der kanadische Stardirigent Yannick N\u00e9zet-S\u00e9guin eine besondere Auszeichnung","breadcrumb":{"@id":"https:\/\/www.szenik.eu\/de\/rendezvous-im-rosengarten-73932#breadcrumb"},"inLanguage":"de","potentialAction":[{"@type":"ReadAction","target":["https:\/\/www.szenik.eu\/de\/rendezvous-im-rosengarten-73932"]}]},{"@type":"BreadcrumbList","@id":"https:\/\/www.szenik.eu\/de\/rendezvous-im-rosengarten-73932#breadcrumb","itemListElement":[{"@type":"ListItem","position":1,"name":"Home","item":"https:\/\/www.szenik.eu\/de"},{"@type":"ListItem","position":2,"name":"Rendezvous im Rosengarten"}]},{"@type":"WebSite","@id":"https:\/\/www.szenik.eu\/de\/#website","url":"https:\/\/www.szenik.eu\/de\/","name":"szenik","description":"Le Meilleur des sc\u00e8nes au coeur de l&#039;Europe","publisher":{"@id":"https:\/\/www.szenik.eu\/de\/#organization"},"potentialAction":[{"@type":"SearchAction","target":{"@type":"EntryPoint","urlTemplate":"https:\/\/www.szenik.eu\/de\/?s={search_term_string}"},"query-input":"required name=search_term_string"}],"inLanguage":"de"},{"@type":"Organization","@id":"https:\/\/www.szenik.eu\/de\/#organization","name":"Szenik","url":"https:\/\/www.szenik.eu\/de\/","logo":{"@type":"ImageObject","inLanguage":"de","@id":"https:\/\/www.szenik.eu\/de\/#\/schema\/logo\/image\/","url":"https:\/\/www.szenik.eu\/wp-content\/uploads\/2019\/07\/logo-square.png","contentUrl":"https:\/\/www.szenik.eu\/wp-content\/uploads\/2019\/07\/logo-square.png","width":512,"height":512,"caption":"Szenik"},"image":{"@id":"https:\/\/www.szenik.eu\/de\/#\/schema\/logo\/image\/"},"sameAs":["https:\/\/www.facebook.com\/szenik.eu\/","https:\/\/twitter.com\/Szenik","https:\/\/www.instagram.com\/szenik_magazine\/","https:\/\/www.youtube.com\/user\/SzenikEU\/"]},{"@type":"Person","@id":"https:\/\/www.szenik.eu\/de\/#\/schema\/person\/b9ca4379b400eddaebaa678b55ed3d64","name":"Emma Hodapp","image":{"@type":"ImageObject","inLanguage":"de","@id":"https:\/\/www.szenik.eu\/de\/#\/schema\/person\/image\/","url":"https:\/\/secure.gravatar.com\/avatar\/9844fd807284ed8e20b58b5bf77e5220?s=96&d=mm&r=g","contentUrl":"https:\/\/secure.gravatar.com\/avatar\/9844fd807284ed8e20b58b5bf77e5220?s=96&d=mm&r=g","caption":"Emma Hodapp"}}]}},"jetpack_featured_media_url":"https:\/\/www.szenik.eu\/wp-content\/uploads\/2025\/06\/Yannick-Nezet-Seguin_web_c_Paola-Kudacki.jpg","amp_enabled":true,"_links":{"self":[{"href":"https:\/\/www.szenik.eu\/de\/wp-json\/\/wp\/v2\/posts\/73932"}],"collection":[{"href":"https:\/\/www.szenik.eu\/de\/wp-json\/\/wp\/v2\/posts"}],"about":[{"href":"https:\/\/www.szenik.eu\/de\/wp-json\/\/wp\/v2\/types\/post"}],"author":[{"embeddable":true,"href":"https:\/\/www.szenik.eu\/de\/wp-json\/\/wp\/v2\/users\/1693"}],"replies":[{"embeddable":true,"href":"https:\/\/www.szenik.eu\/de\/wp-json\/\/wp\/v2\/comments?post=73932"}],"version-history":[{"count":1,"href":"https:\/\/www.szenik.eu\/de\/wp-json\/\/wp\/v2\/posts\/73932\/revisions"}],"predecessor-version":[{"id":73937,"href":"https:\/\/www.szenik.eu\/de\/wp-json\/\/wp\/v2\/posts\/73932\/revisions\/73937"}],"wp:featuredmedia":[{"embeddable":true,"href":"https:\/\/www.szenik.eu\/de\/wp-json\/\/wp\/v2\/media\/73935"}],"wp:attachment":[{"href":"https:\/\/www.szenik.eu\/de\/wp-json\/\/wp\/v2\/media?parent=73932"}],"wp:term":[{"taxonomy":"category","embeddable":true,"href":"https:\/\/www.szenik.eu\/de\/wp-json\/\/wp\/v2\/categories?post=73932"},{"taxonomy":"post_tag","embeddable":true,"href":"https:\/\/www.szenik.eu\/de\/wp-json\/\/wp\/v2\/tags?post=73932"}],"curies":[{"name":"wp","href":"https:\/\/api.w.org\/{rel}","templated":true}]}}