{"id":73399,"date":"2025-06-03T17:04:52","date_gmt":"2025-06-03T15:04:52","guid":{"rendered":"https:\/\/www.szenik.eu\/?p=73399\/"},"modified":"2025-06-03T17:05:47","modified_gmt":"2025-06-03T15:05:47","slug":"stardirigent-yannick-nezet-seguin-und-festspielhausintendant-benedikt-stampa-laden-zu-den-sommerfestspielen-la-capitale-dete","status":"publish","type":"post","link":"https:\/\/www.szenik.eu\/de\/stardirigent-yannick-nezet-seguin-und-festspielhausintendant-benedikt-stampa-laden-zu-den-sommerfestspielen-la-capitale-dete-73399","title":{"rendered":"<em>Stardirigent Yannick N\u00e9zet-S\u00e9guin und Festspielhausintendant Benedikt Stampa laden zu den Sommerfestspielen La Capitale d\u2019\u00c9t\u00e9<\/em>"},"content":{"rendered":"\n<p>Bereits im 19. Jahrhundert war Baden-Baden Europas Sommerresidenz. Yannick N\u00e9zet-S\u00e9guin, der Musikchef der New Yorker Metropolitan Opera, sieht sich in dieser Tradition. Gemeinsam mit Festspielhaus-Intendant Benedikt Stampa hat er zu den Sommerfestspielen internationale Stars in die Capitale d\u2019\u00c9t\u00e9 geladen.<\/p>\n\n\n\n<p>\u201eNur das Beste f\u00fcr Baden-Baden\u201c sagt N\u00e9zet-S\u00e9guin und meint damit das glanzvolle Programm mit den Met-Stars Lisette Oropesa, Ying Fang und Emily d\u2018Angelo, der Bayreuth-Urgewalt Michael Volle, Stanislas de Barbeyrac sowie dem franz\u00f6sischen Pianisten Alexandre Kantorow, Gewinner der Tschaikowsky-Wettbewerbs. Das Musikfest wird an zwei Wochenenden gefeiert, vom 27. Juni bis 29. Juni und vom 4. Juli bis 6. Juli 2025.<\/p>\n\n\n\n<p>Yannick N\u00e9zet-Seguin ist Met-Musikchef, Chefdirigent des Philadelphia Orchestra, f\u00fcnffacher Grammy-Gewinner und dirigiert das kommende Wiener Neujahrskonzert. Sein Sommer aber ist und bleibt in Baden-Baden. Zum Auftakt der diesj\u00e4hrigen Sommerfestspiele pr\u00e4sentiert er am 28. Juni das Orchester seinen kanadischen Heimatstadt, das Orchestre M\u00e9tropolitain aus Montreal, dem er als Chefdirigent auf Lebenszeit vorsteht. Das Baden-Baden Deb\u00fct des renommierten Orchesters wird ein gro\u00dfer sinfonischer Abend mit kanadischer, finnischer und franz\u00f6sischer Musik. Das Klavierkonzert von Camille Sains- Sa\u00ebns interpretiert der franz\u00f6sische Starpianist Alexandre Kantorow, der das Baden-Badener Publikum zuletzt 2023 in einem Wagner-Liszt-Abend begeisterte.<\/p>\n\n\n\n<p>Von der New Yorker Met bringt Yannick N\u00e9zet-S\u00e9guin die Sopranistin Lisette Oropesa mit, die in einer farbenfrohen Sommergala am Samstag, 29. Juni 2025 mit Arien aus \u201eRomeo et Juliette\u201c, \u201eDie Hochzeit des Figaro\u201c und \u201eLa Traviata\u201c das Publikum verzaubern wird.&nbsp;<\/p>\n\n\n\n<figure class=\"wp-block-image size-large\"><img decoding=\"async\" loading=\"lazy\" width=\"791\" height=\"1024\" src=\"https:\/\/www.szenik.eu\/wp-content\/uploads\/2025\/06\/01-lisette-oropesa_c_Steven-Harris-791x1024.jpg\" alt=\"\" class=\"wp-image-73400\" srcset=\"https:\/\/www.szenik.eu\/wp-content\/uploads\/2025\/06\/01-lisette-oropesa_c_Steven-Harris-791x1024.jpg 791w, https:\/\/www.szenik.eu\/wp-content\/uploads\/2025\/06\/01-lisette-oropesa_c_Steven-Harris-232x300.jpg 232w, https:\/\/www.szenik.eu\/wp-content\/uploads\/2025\/06\/01-lisette-oropesa_c_Steven-Harris-768x994.jpg 768w, https:\/\/www.szenik.eu\/wp-content\/uploads\/2025\/06\/01-lisette-oropesa_c_Steven-Harris-1187x1536.jpg 1187w, https:\/\/www.szenik.eu\/wp-content\/uploads\/2025\/06\/01-lisette-oropesa_c_Steven-Harris-1582x2048.jpg 1582w, https:\/\/www.szenik.eu\/wp-content\/uploads\/2025\/06\/01-lisette-oropesa_c_Steven-Harris-750x971.jpg 750w, https:\/\/www.szenik.eu\/wp-content\/uploads\/2025\/06\/01-lisette-oropesa_c_Steven-Harris-1140x1475.jpg 1140w, https:\/\/www.szenik.eu\/wp-content\/uploads\/2025\/06\/01-lisette-oropesa_c_Steven-Harris-scaled.jpg 1978w\" sizes=\"(max-width: 791px) 100vw, 791px\" \/><figcaption class=\"wp-element-caption\">Lisette Oropesa, Photo: Steven Harris<\/figcaption><\/figure>\n\n\n\n<p>Das zweite Wochenende pr\u00e4sentiert gro\u00dfe Stimmen und steht ganz im Zeichen Mozarts \u2013 auf dem Programm stehen die gro\u00dfen Chorwerke c-Moll Messe (5.7.) und Requiem (4.7.).ie Sommerfestspiele Baden-Baden werden ein Fest der Stimmen. Michael Volle und Stanislas de Barbeyrac sind in den gro\u00dfen Chorwerken von Wolfgang Amadeus Mozart mit dem Rias Kammerchor zu erleben. Das Stimmenfest komplettieren die chinesische Met-K\u00fcnstlerin Ying Fang und die f\u00fcr den Opus Klassik als beste S\u00e4ngerin des Jahres nominierte Mezzosopranistin Emily d\u2019Angelo.&nbsp; Zu Mozarts letztem Werk, dem Requiem, spielt das Chamber Orchestra of Europe unter der Leitung von Yannick N\u00e9zet-S\u00e9guin Mozarts Sinfonie Nr. 40. Der monumentalen c-Moll Messe am 6.7. stellt Yannick N\u00e9zet-S\u00e9guin die \u201eJupitersinfonie\u201c voran.&nbsp;&nbsp;&nbsp;<\/p>\n\n\n\n<p>Ein \u00f6ffentliches Sommerfest des Freundeskreises in den G\u00f6nneranlagen zum Auftakt am 27.6., die erste Silent Disco in Baden-Baden am 28.6. und zwei Krabbelkonzerte runden das sommerliche Festprogramm ab.<\/p>\n\n\n\n<p><strong>Canadian Vibes<\/strong><\/p>\n\n\n\n<p><em>Samstag, 28.6., 18 Uhr<\/em><\/p>\n\n\n\n<p>Ein internationales Er\u00f6ffnungsprogramm \u2013 mit Musik aus Frankreich, Finnland und Kanada stellt Yannick N\u00e9zet-S\u00e9guin das Orchester seiner kanadischen Heimatstadt erstmals in Baden-Baden vor. Unter ihrem Dirigenten auf Lebenszeit spielt das Orchestre M\u00e9tropolitain aus Montr\u00e9al am 28. Juni,18 Uhr \u201eLa Valse\u201c von Maurice Ravel, die zweite Sinfonie von Jean Sibelius und \u201eEko-Bmijwang (As long as the river flows)\u201c der kanadischen Komponistin Barbara Assiginaak. Die Komponistin greift in ihren Werken die Traditionen der kanadischen Anishinaabe auf. &nbsp;Die 2. Sinfonie des Finnen Jean Sibelius w\u00e4hlte Yannick N\u00e9zet-S\u00e9guin, da seine \u201eund des Orchesters Heimat Quebec klimatisch und landschaftlich sehr \u00e4hnlich wie Finnland ist\u201c. Das franz\u00f6sische Repertoire ist festverankerte DNA des Orchesters aus dem frankophilen Montreal. Solist in Camille Saint-Saens Klavierkonzert Nr. 2 ist der franz\u00f6sische Pianist Alexandre Kantorow. Der Virtuose gewann 2019 den renommierten Tschaikowsky-Wettbewerb.<\/p>\n\n\n\n<p><strong>\u201eJe veux vivre\u201c &#8211; Sommergala mit New Yorker Met-Star Lisette Oropesa<\/strong><\/p>\n\n\n\n<p><em>Sonntag, 29.6.2025, 19 Uhr<br><\/em>Eine sommerliche Operngala braucht Mozarts Leichtigkeit, Verdis, Puccinis und Mascagnis etwas \u00fcppigeren s\u00fcdlichen Duft und franz\u00f6sischen Esprit. Yannick N\u00e9zet-S\u00e9guin, New Yorks Metropolitan-Opera-Star Lisette Oropesa und das Orchestre M\u00e9tropolitain de Montr\u00e9al bringen diese farbenpr\u00e4chtige Mischung mit zu den Sommerfestspielen Baden-Baden. Ausschnitte aus Opern wie \u201eDie Hochzeit des Figaro\u201c, \u201eLa Traviata\u201c, \u201eCavalleria Rusticana\u201c erklingen und franz\u00f6sische Opernsch\u00e4tze aus Gounods \u201eRom\u00e9o et Juliette\u201c und Bizets \u201eCarmen\u201c schlagen den Bogen nach Baden-Baden, wo einst diese Komponisten zu den Sommerg\u00e4sten z\u00e4hlten.<\/p>\n\n\n\n<p><strong>Wochenende mit Mozart: Gro\u00dfe Chorwerke und gro\u00dfartige Solisten<\/strong><\/p>\n\n\n\n<p>Das zweite Wochenende der Sommerfestspiele stellt die gro\u00dfen Chorwerke Mozarts vor, flankiert mit den letzten Sinfonien des Komponisten. Mozarts Requiem (4.7.) und seine C-Moll Messe (6.7.) sind voller Musik, die das Publikum ersch\u00fcttert und deren Erhabenheit den Komponisten des 19. Jahrhunderts als Vorbild diente. Dazu spielt das Chamber Orchestra of Europe Mozarts die ber\u00fchmte g-Moll-Sinfonie sowie die Jupiter-Sinfonie. Am Samstag l\u00e4sst es sich der Stardirigent nicht nehmen und setzt sich selbst an den Fl\u00fcgel. Mit Yannick N\u00e9zet-S\u00e9guin musizieren Mitglieder des Chamber Orchestra of Europe Robert Schumanns romantische Dichterliebe und sein Klavierquartett. Bayreuth-Star Michael Volle und die Sopranistin Ying Fang interpretieren Lieder von Mozart.<\/p>\n\n\n\n<p><strong>Geheimnisvolle Sch\u00f6nheit \u2013 Requiem und Sinfonie Nr. 40 von Wolfgang Amadeus Mozart<\/strong><\/p>\n\n\n\n<p><em>Freitag 4.7. 2025, 20 Uhr&nbsp;<\/em><\/p>\n\n\n\n<p>Am Freitag, den 4. Juli 2025, wird Yannick N\u00e9zet-S\u00e9guin das Requiem des Salzburger Komponisten sowie dessen bekannteste Sinfonie dirigieren. Mozarts geheimnisvoll maskierter Auftraggeber des Requiems hat viel zur Legendenbildung beigetragen. Dass der Komponist auf dem eigenen Totenbett eine Totenmesse komponierte \u2013 diese schicksalhafte \u00dcberlappung wurde dann auch zum Ziel und H\u00f6hepunkt des ber\u00fchmten \u201eAmadeus\u201c-Films von Hollywood-Regisseur Milo\u0161 Forman. Die Solistinnen und Solisten geh\u00f6ren zu den besten Mozart-Interpreten unserer Zeit. Der Freudenst\u00e4dter Bass Michael Volle, Stammgast der Bayreuther und Salzburger Festspiele kehrt an der Seite von Weltstar Stanislas de Barbeyrac seine Heimat zur\u00fcck.&nbsp; Aus dem Ensemble der Met stellt Yannick die chinesische Sopranistin Ying Fang und die Mezzosopranistin Emily D\u2019Angelo.<\/p>\n\n\n\n<p><strong>Pauken und Trompeten zum kr\u00f6nenden Abschluss &#8211; Jupitersinfonie und c-Moll Messe von Wolfgang Amadeus Mozart<\/strong><\/p>\n\n\n\n<p><em>Sonntag, 6.7. 2025, 17 Uhr<\/em><\/p>\n\n\n\n<p>Her mit den Pauken und Trompeten! Das letzte Konzert der Sommerfestspiele beginnt mit Mozarts \u201eJupitersinfonie\u201c. Strahlt Mozarts \u201eJupiter\u201c auch hell im Licht, so wirft dessen c-Moll-Messe so manchen Schatten. Eben deshalb ist das unvollendete Chorwerk heimlicher Mozart- Liebling vieler Musikfreunde \u2013 gewaltig genug f\u00fcr ein unvergessliches Finale.<\/p>\n\n\n\n<p><strong>Musik die nahe kommt<\/strong><\/p>\n\n\n\n<p><em>Samstag, 5.7.25, Festspielhaus Yannick and Friends<\/em><\/p>\n\n\n\n<p>Bei den Kammermusikabenden mit Yannick N\u00e9zet-S\u00e9guin und seinen Mu- sikerfreunden kommt man den K\u00fcnstlern so nah wie nie. Die Stuhlreihen sind direkt um die Musikerinnen und Musiker auf der Festspielhaus-B\u00fchne aufgestellt. So kann man Yannick N\u00e9zet-S\u00e9guin auf die Finger schauen, wenn er sich (selten genug in der \u00d6ffentlichkeit!) an den Fl\u00fcgel setzt. Auf dem Programm steht Schumanns Klavierquartett, dessen langsamer Satz zum Sch\u00f6nsten z\u00e4hlt, was in der Romantik komponiert wurde. Ebenso erklingen Lieder von Wolfgang Amadeus Mozart und die Dichterliebe von Robert Schumann, dargeboten von Michael Volle, Ying Fang und Stanislas de Barbeyrac.<\/p>\n\n\n\n<p><strong>In Baden-Baden<\/strong><\/p>\n\n\n\n<p><strong>Sommerfest des Freundeskreises in der G\u00f6nneranlage<\/strong><\/p>\n\n\n\n<p><em>Freitag, 27.6. 2025, 19 Uhr [wenige Restkarten]<\/em><\/p>\n\n\n\n<p>Die diesj\u00e4hrigen Sommerfestspiele beginnen in einem der sch\u00f6nsten Parks des Landes, der Baden-Badener G\u00f6nneranlage. Am Freitag, den 27., Juni 2025, findet dort das Sommerfest des Freundeskreises statt. Der Auftakt der Sommerfestspiele bringt Begegnungen bei Musik und kulinarischen \u00dcberraschungen. The Munich Harmonists erinnern an den Schlager der 1920er-Jahre.<\/p>\n\n\n\n<p><strong><br>Silent Disco<\/strong><\/p>\n\n\n\n<p><em>Samstag, 28.6 2025, 21.30 Uhr, Konzertmuschel beim Kurhaus Baden-Baden<\/em><\/p>\n\n\n\n<p>Kopfh\u00f6rer auf! Diese Sommernacht wird anders als die anderen. Was in vielen Metropolen schon lieb gewonnen, kommt endlich auch in der Capitale d\u2019\u00c9t\u00e9 an: eine Silent Disco unter freiem Himmel, mitten in der Stadt. Die Menschen freut\u2019s \u2013 und die Natur nat\u00fcrlich auch. Denn: die \u201aPartypeople\u2018 tragen Kopfh\u00f6rer. Ein faszinierendes Erlebnis f\u00fcr alle, die sich immer schon mal tanzend in der guten Stube der Welterbestadt ausleben wollten.<\/p>\n\n\n\n<p><strong>Krabbelkonzert<\/strong><\/p>\n\n\n\n<p><em>Sonntag, 9. Juli 2025, 11 und 14 Uhr, Festspielhaus [wenige Restkarten]<\/em><\/p>\n\n\n\n<p>Die Forschung wei\u00df: Schon vor der Geburt k\u00f6nnen wir ziemlich gut h\u00f6ren und sogar einen Musikgeschmack entwickeln. Umso wichtiger, dass es gleich nach der Geburt sch\u00f6n weitergeht. Im Festspielhaus Baden-Baden bietet sich am 9. Juli, um 11 und um 14 Uhr, dazu die Gelegenheit. Beim Krabbelkonzert f\u00fcr Kinder bis zu zwei Jahren stellen sich die \u201eKlarinetten-Zwillinge\u201c den Kleinsten musikalisch vor.<\/p>\n\n\n\n<p><strong>Gekr\u00f6nte H\u00e4upter, K\u00fcnstler und M\u00e4zene im 19. Jahrhundert wussten es bereits: Der Sommer in Baden-Baden ist eine Reise wert. Die Sommerfestspiele \u201eLa Capitale d\u2019\u00c9t\u00e9\u201c finden vom 27. Juni bis 6. Juli 2025 statt. Tickets und lnformationen gibt es auf der&nbsp;<a href=\"https:\/\/www.festspielhaus.de\/\" target=\"_blank\" rel=\"noreferrer noopener\">Webseite des Festspielhauses<\/a><a href=\"http:\/\/www.festspielhaus.de\/\">www.festspielhaus.de<\/a>, in der Festspielhaus-App sowie im Service-Center Ticketing unter Telefon 07221\/30 13-101 und an allen bekannten Vorverkaufsstellen.<\/strong><\/p>\n\n\n\n<p>Mit gro\u00dfz\u00fcgiger Unterst\u00fctzung der W\u00dcRTH AG<\/p>\n","protected":false},"excerpt":{"rendered":"<p>Bereits im 19. Jahrhundert war Baden-Baden Europas Sommerresidenz. Yannick N\u00e9zet-S\u00e9guin, der Musikchef der New Yorker Metropolitan Opera, sieht sich in dieser Tradition. Gemeinsam mit Festspielhaus-Intendant Benedikt Stampa hat er zu den Sommerfestspielen internationale Stars in die Capitale d\u2019\u00c9t\u00e9 geladen. \u201eNur das Beste f\u00fcr Baden-Baden\u201c sagt N\u00e9zet-S\u00e9guin und meint damit das glanzvolle Programm mit den Met-Stars [&hellip;]<\/p>\n","protected":false},"author":1680,"featured_media":73402,"comment_status":"open","ping_status":"open","sticky":false,"template":"","format":"standard","meta":{"_monsterinsights_skip_tracking":false,"_monsterinsights_sitenote_active":false,"_monsterinsights_sitenote_note":"","_monsterinsights_sitenote_category":0},"categories":[2815],"tags":[],"yoast_head":"<!-- This site is optimized with the Yoast SEO plugin v20.5 - https:\/\/yoast.com\/wordpress\/plugins\/seo\/ -->\n<title>Stardirigent Yannick N\u00e9zet-S\u00e9guin und Festspielhausintendant Benedikt Stampa laden zu den Sommerfestspielen La Capitale d\u2019\u00c9t\u00e9 | szenik<\/title>\n<meta name=\"description\" content=\"Bereits im 19. Jahrhundert war Baden-Baden Europas Sommerresidenz. Yannick N\u00e9zet-S\u00e9guin, der Musikchef der New Yorker Metropolitan Opera, sieht sich in dieser Tradition. Gemeinsam mit Festspielhaus-Intendant Benedikt Stampa hat er zu den Sommerfestspielen internationale Stars in die Capitale d\u2019\u00c9t\u00e9 geladen.\" \/>\n<meta name=\"robots\" content=\"index, follow, max-snippet:-1, max-image-preview:large, max-video-preview:-1\" \/>\n<link rel=\"canonical\" href=\"https:\/\/www.szenik.eu\/de\/stardirigent-yannick-nezet-seguin-und-festspielhausintendant-benedikt-stampa-laden-zu-den-sommerfestspielen-la-capitale-dete-73399\" \/>\n<meta property=\"og:locale\" content=\"de_DE\" \/>\n<meta property=\"og:type\" content=\"article\" \/>\n<meta property=\"og:title\" content=\"Stardirigent Yannick N\u00e9zet-S\u00e9guin und Festspielhausintendant Benedikt Stampa laden zu den Sommerfestspielen La Capitale d\u2019\u00c9t\u00e9 | szenik\" \/>\n<meta property=\"og:description\" content=\"Bereits im 19. Jahrhundert war Baden-Baden Europas Sommerresidenz. Yannick N\u00e9zet-S\u00e9guin, der Musikchef der New Yorker Metropolitan Opera, sieht sich in dieser Tradition. Gemeinsam mit Festspielhaus-Intendant Benedikt Stampa hat er zu den Sommerfestspielen internationale Stars in die Capitale d\u2019\u00c9t\u00e9 geladen.\" \/>\n<meta property=\"og:url\" content=\"https:\/\/www.szenik.eu\/de\/stardirigent-yannick-nezet-seguin-und-festspielhausintendant-benedikt-stampa-laden-zu-den-sommerfestspielen-la-capitale-dete-73399\" \/>\n<meta property=\"og:site_name\" content=\"szenik\" \/>\n<meta property=\"article:publisher\" content=\"https:\/\/www.facebook.com\/szenik.eu\/\" \/>\n<meta property=\"article:published_time\" content=\"2025-06-03T15:04:52+00:00\" \/>\n<meta property=\"article:modified_time\" content=\"2025-06-03T15:05:47+00:00\" \/>\n<meta property=\"og:image\" content=\"https:\/\/www.szenik.eu\/wp-content\/uploads\/2025\/06\/Yannick-Nezet-Seguin_c_Paola-Kudacki-scaled.jpg\" \/>\n\t<meta property=\"og:image:width\" content=\"2560\" \/>\n\t<meta property=\"og:image:height\" content=\"2048\" \/>\n\t<meta property=\"og:image:type\" content=\"image\/jpeg\" \/>\n<meta name=\"author\" content=\"sarahk\" \/>\n<meta name=\"twitter:card\" content=\"summary_large_image\" \/>\n<meta name=\"twitter:creator\" content=\"@Szenik\" \/>\n<meta name=\"twitter:site\" content=\"@Szenik\" \/>\n<meta name=\"twitter:label1\" content=\"Verfasst von\" \/>\n\t<meta name=\"twitter:data1\" content=\"sarahk\" \/>\n\t<meta name=\"twitter:label2\" content=\"Gesch\u00e4tzte Lesezeit\" \/>\n\t<meta name=\"twitter:data2\" content=\"7\u00a0Minuten\" \/>\n<script type=\"application\/ld+json\" class=\"yoast-schema-graph\">{\"@context\":\"https:\/\/schema.org\",\"@graph\":[{\"@type\":\"Article\",\"@id\":\"https:\/\/www.szenik.eu\/de\/stardirigent-yannick-nezet-seguin-und-festspielhausintendant-benedikt-stampa-laden-zu-den-sommerfestspielen-la-capitale-dete-73399#article\",\"isPartOf\":{\"@id\":\"https:\/\/www.szenik.eu\/de\/stardirigent-yannick-nezet-seguin-und-festspielhausintendant-benedikt-stampa-laden-zu-den-sommerfestspielen-la-capitale-dete-73399\"},\"author\":{\"name\":\"sarahk\",\"@id\":\"https:\/\/www.szenik.eu\/de\/#\/schema\/person\/81e9d00e9b1306e18e10ca1e4bed6465\"},\"headline\":\"Stardirigent Yannick N\u00e9zet-S\u00e9guin und Festspielhausintendant Benedikt Stampa laden zu den Sommerfestspielen La Capitale d\u2019\u00c9t\u00e9\",\"datePublished\":\"2025-06-03T15:04:52+00:00\",\"dateModified\":\"2025-06-03T15:05:47+00:00\",\"mainEntityOfPage\":{\"@id\":\"https:\/\/www.szenik.eu\/de\/stardirigent-yannick-nezet-seguin-und-festspielhausintendant-benedikt-stampa-laden-zu-den-sommerfestspielen-la-capitale-dete-73399\"},\"wordCount\":1360,\"commentCount\":0,\"publisher\":{\"@id\":\"https:\/\/www.szenik.eu\/de\/#organization\"},\"articleSection\":[\"Kurz &amp; knackig\"],\"inLanguage\":\"de\",\"potentialAction\":[{\"@type\":\"CommentAction\",\"name\":\"Comment\",\"target\":[\"https:\/\/www.szenik.eu\/de\/stardirigent-yannick-nezet-seguin-und-festspielhausintendant-benedikt-stampa-laden-zu-den-sommerfestspielen-la-capitale-dete-73399#respond\"]}]},{\"@type\":\"WebPage\",\"@id\":\"https:\/\/www.szenik.eu\/de\/stardirigent-yannick-nezet-seguin-und-festspielhausintendant-benedikt-stampa-laden-zu-den-sommerfestspielen-la-capitale-dete-73399\",\"url\":\"https:\/\/www.szenik.eu\/de\/stardirigent-yannick-nezet-seguin-und-festspielhausintendant-benedikt-stampa-laden-zu-den-sommerfestspielen-la-capitale-dete-73399\",\"name\":\"Stardirigent Yannick N\u00e9zet-S\u00e9guin und Festspielhausintendant Benedikt Stampa laden zu den Sommerfestspielen La Capitale d\u2019\u00c9t\u00e9 | szenik\",\"isPartOf\":{\"@id\":\"https:\/\/www.szenik.eu\/de\/#website\"},\"datePublished\":\"2025-06-03T15:04:52+00:00\",\"dateModified\":\"2025-06-03T15:05:47+00:00\",\"description\":\"Bereits im 19. Jahrhundert war Baden-Baden Europas Sommerresidenz. Yannick N\u00e9zet-S\u00e9guin, der Musikchef der New Yorker Metropolitan Opera, sieht sich in dieser Tradition. Gemeinsam mit Festspielhaus-Intendant Benedikt Stampa hat er zu den Sommerfestspielen internationale Stars in die Capitale d\u2019\u00c9t\u00e9 geladen.\",\"breadcrumb\":{\"@id\":\"https:\/\/www.szenik.eu\/de\/stardirigent-yannick-nezet-seguin-und-festspielhausintendant-benedikt-stampa-laden-zu-den-sommerfestspielen-la-capitale-dete-73399#breadcrumb\"},\"inLanguage\":\"de\",\"potentialAction\":[{\"@type\":\"ReadAction\",\"target\":[\"https:\/\/www.szenik.eu\/de\/stardirigent-yannick-nezet-seguin-und-festspielhausintendant-benedikt-stampa-laden-zu-den-sommerfestspielen-la-capitale-dete-73399\"]}]},{\"@type\":\"BreadcrumbList\",\"@id\":\"https:\/\/www.szenik.eu\/de\/stardirigent-yannick-nezet-seguin-und-festspielhausintendant-benedikt-stampa-laden-zu-den-sommerfestspielen-la-capitale-dete-73399#breadcrumb\",\"itemListElement\":[{\"@type\":\"ListItem\",\"position\":1,\"name\":\"Home\",\"item\":\"https:\/\/www.szenik.eu\/de\"},{\"@type\":\"ListItem\",\"position\":2,\"name\":\"Stardirigent Yannick N\u00e9zet-S\u00e9guin und Festspielhausintendant Benedikt Stampa laden zu den Sommerfestspielen La Capitale d\u2019\u00c9t\u00e9\"}]},{\"@type\":\"WebSite\",\"@id\":\"https:\/\/www.szenik.eu\/de\/#website\",\"url\":\"https:\/\/www.szenik.eu\/de\/\",\"name\":\"szenik\",\"description\":\"Le Meilleur des sc\u00e8nes au coeur de l&#039;Europe\",\"publisher\":{\"@id\":\"https:\/\/www.szenik.eu\/de\/#organization\"},\"potentialAction\":[{\"@type\":\"SearchAction\",\"target\":{\"@type\":\"EntryPoint\",\"urlTemplate\":\"https:\/\/www.szenik.eu\/de\/?s={search_term_string}\"},\"query-input\":\"required name=search_term_string\"}],\"inLanguage\":\"de\"},{\"@type\":\"Organization\",\"@id\":\"https:\/\/www.szenik.eu\/de\/#organization\",\"name\":\"Szenik\",\"url\":\"https:\/\/www.szenik.eu\/de\/\",\"logo\":{\"@type\":\"ImageObject\",\"inLanguage\":\"de\",\"@id\":\"https:\/\/www.szenik.eu\/de\/#\/schema\/logo\/image\/\",\"url\":\"https:\/\/www.szenik.eu\/wp-content\/uploads\/2019\/07\/logo-square.png\",\"contentUrl\":\"https:\/\/www.szenik.eu\/wp-content\/uploads\/2019\/07\/logo-square.png\",\"width\":512,\"height\":512,\"caption\":\"Szenik\"},\"image\":{\"@id\":\"https:\/\/www.szenik.eu\/de\/#\/schema\/logo\/image\/\"},\"sameAs\":[\"https:\/\/www.facebook.com\/szenik.eu\/\",\"https:\/\/twitter.com\/Szenik\",\"https:\/\/www.instagram.com\/szenik_magazine\/\",\"https:\/\/www.youtube.com\/user\/SzenikEU\/\"]},{\"@type\":\"Person\",\"@id\":\"https:\/\/www.szenik.eu\/de\/#\/schema\/person\/81e9d00e9b1306e18e10ca1e4bed6465\",\"name\":\"sarahk\",\"image\":{\"@type\":\"ImageObject\",\"inLanguage\":\"de\",\"@id\":\"https:\/\/www.szenik.eu\/de\/#\/schema\/person\/image\/\",\"url\":\"https:\/\/secure.gravatar.com\/avatar\/1e5f6f691c4a068f4814bda15b8400ca?s=96&d=mm&r=g\",\"contentUrl\":\"https:\/\/secure.gravatar.com\/avatar\/1e5f6f691c4a068f4814bda15b8400ca?s=96&d=mm&r=g\",\"caption\":\"sarahk\"}}]}<\/script>\n<!-- \/ Yoast SEO plugin. -->","yoast_head_json":{"title":"Stardirigent Yannick N\u00e9zet-S\u00e9guin und Festspielhausintendant Benedikt Stampa laden zu den Sommerfestspielen La Capitale d\u2019\u00c9t\u00e9 | szenik","description":"Bereits im 19. Jahrhundert war Baden-Baden Europas Sommerresidenz. Yannick N\u00e9zet-S\u00e9guin, der Musikchef der New Yorker Metropolitan Opera, sieht sich in dieser Tradition. Gemeinsam mit Festspielhaus-Intendant Benedikt Stampa hat er zu den Sommerfestspielen internationale Stars in die Capitale d\u2019\u00c9t\u00e9 geladen.","robots":{"index":"index","follow":"follow","max-snippet":"max-snippet:-1","max-image-preview":"max-image-preview:large","max-video-preview":"max-video-preview:-1"},"canonical":"https:\/\/www.szenik.eu\/de\/stardirigent-yannick-nezet-seguin-und-festspielhausintendant-benedikt-stampa-laden-zu-den-sommerfestspielen-la-capitale-dete-73399","og_locale":"de_DE","og_type":"article","og_title":"Stardirigent Yannick N\u00e9zet-S\u00e9guin und Festspielhausintendant Benedikt Stampa laden zu den Sommerfestspielen La Capitale d\u2019\u00c9t\u00e9 | szenik","og_description":"Bereits im 19. Jahrhundert war Baden-Baden Europas Sommerresidenz. Yannick N\u00e9zet-S\u00e9guin, der Musikchef der New Yorker Metropolitan Opera, sieht sich in dieser Tradition. Gemeinsam mit Festspielhaus-Intendant Benedikt Stampa hat er zu den Sommerfestspielen internationale Stars in die Capitale d\u2019\u00c9t\u00e9 geladen.","og_url":"https:\/\/www.szenik.eu\/de\/stardirigent-yannick-nezet-seguin-und-festspielhausintendant-benedikt-stampa-laden-zu-den-sommerfestspielen-la-capitale-dete-73399","og_site_name":"szenik","article_publisher":"https:\/\/www.facebook.com\/szenik.eu\/","article_published_time":"2025-06-03T15:04:52+00:00","article_modified_time":"2025-06-03T15:05:47+00:00","og_image":[{"width":2560,"height":2048,"url":"https:\/\/www.szenik.eu\/wp-content\/uploads\/2025\/06\/Yannick-Nezet-Seguin_c_Paola-Kudacki-scaled.jpg","type":"image\/jpeg"}],"author":"sarahk","twitter_card":"summary_large_image","twitter_creator":"@Szenik","twitter_site":"@Szenik","twitter_misc":{"Verfasst von":"sarahk","Gesch\u00e4tzte Lesezeit":"7\u00a0Minuten"},"schema":{"@context":"https:\/\/schema.org","@graph":[{"@type":"Article","@id":"https:\/\/www.szenik.eu\/de\/stardirigent-yannick-nezet-seguin-und-festspielhausintendant-benedikt-stampa-laden-zu-den-sommerfestspielen-la-capitale-dete-73399#article","isPartOf":{"@id":"https:\/\/www.szenik.eu\/de\/stardirigent-yannick-nezet-seguin-und-festspielhausintendant-benedikt-stampa-laden-zu-den-sommerfestspielen-la-capitale-dete-73399"},"author":{"name":"sarahk","@id":"https:\/\/www.szenik.eu\/de\/#\/schema\/person\/81e9d00e9b1306e18e10ca1e4bed6465"},"headline":"Stardirigent Yannick N\u00e9zet-S\u00e9guin und Festspielhausintendant Benedikt Stampa laden zu den Sommerfestspielen La Capitale d\u2019\u00c9t\u00e9","datePublished":"2025-06-03T15:04:52+00:00","dateModified":"2025-06-03T15:05:47+00:00","mainEntityOfPage":{"@id":"https:\/\/www.szenik.eu\/de\/stardirigent-yannick-nezet-seguin-und-festspielhausintendant-benedikt-stampa-laden-zu-den-sommerfestspielen-la-capitale-dete-73399"},"wordCount":1360,"commentCount":0,"publisher":{"@id":"https:\/\/www.szenik.eu\/de\/#organization"},"articleSection":["Kurz &amp; knackig"],"inLanguage":"de","potentialAction":[{"@type":"CommentAction","name":"Comment","target":["https:\/\/www.szenik.eu\/de\/stardirigent-yannick-nezet-seguin-und-festspielhausintendant-benedikt-stampa-laden-zu-den-sommerfestspielen-la-capitale-dete-73399#respond"]}]},{"@type":"WebPage","@id":"https:\/\/www.szenik.eu\/de\/stardirigent-yannick-nezet-seguin-und-festspielhausintendant-benedikt-stampa-laden-zu-den-sommerfestspielen-la-capitale-dete-73399","url":"https:\/\/www.szenik.eu\/de\/stardirigent-yannick-nezet-seguin-und-festspielhausintendant-benedikt-stampa-laden-zu-den-sommerfestspielen-la-capitale-dete-73399","name":"Stardirigent Yannick N\u00e9zet-S\u00e9guin und Festspielhausintendant Benedikt Stampa laden zu den Sommerfestspielen La Capitale d\u2019\u00c9t\u00e9 | szenik","isPartOf":{"@id":"https:\/\/www.szenik.eu\/de\/#website"},"datePublished":"2025-06-03T15:04:52+00:00","dateModified":"2025-06-03T15:05:47+00:00","description":"Bereits im 19. Jahrhundert war Baden-Baden Europas Sommerresidenz. Yannick N\u00e9zet-S\u00e9guin, der Musikchef der New Yorker Metropolitan Opera, sieht sich in dieser Tradition. Gemeinsam mit Festspielhaus-Intendant Benedikt Stampa hat er zu den Sommerfestspielen internationale Stars in die Capitale d\u2019\u00c9t\u00e9 geladen.","breadcrumb":{"@id":"https:\/\/www.szenik.eu\/de\/stardirigent-yannick-nezet-seguin-und-festspielhausintendant-benedikt-stampa-laden-zu-den-sommerfestspielen-la-capitale-dete-73399#breadcrumb"},"inLanguage":"de","potentialAction":[{"@type":"ReadAction","target":["https:\/\/www.szenik.eu\/de\/stardirigent-yannick-nezet-seguin-und-festspielhausintendant-benedikt-stampa-laden-zu-den-sommerfestspielen-la-capitale-dete-73399"]}]},{"@type":"BreadcrumbList","@id":"https:\/\/www.szenik.eu\/de\/stardirigent-yannick-nezet-seguin-und-festspielhausintendant-benedikt-stampa-laden-zu-den-sommerfestspielen-la-capitale-dete-73399#breadcrumb","itemListElement":[{"@type":"ListItem","position":1,"name":"Home","item":"https:\/\/www.szenik.eu\/de"},{"@type":"ListItem","position":2,"name":"Stardirigent Yannick N\u00e9zet-S\u00e9guin und Festspielhausintendant Benedikt Stampa laden zu den Sommerfestspielen La Capitale d\u2019\u00c9t\u00e9"}]},{"@type":"WebSite","@id":"https:\/\/www.szenik.eu\/de\/#website","url":"https:\/\/www.szenik.eu\/de\/","name":"szenik","description":"Le Meilleur des sc\u00e8nes au coeur de l&#039;Europe","publisher":{"@id":"https:\/\/www.szenik.eu\/de\/#organization"},"potentialAction":[{"@type":"SearchAction","target":{"@type":"EntryPoint","urlTemplate":"https:\/\/www.szenik.eu\/de\/?s={search_term_string}"},"query-input":"required name=search_term_string"}],"inLanguage":"de"},{"@type":"Organization","@id":"https:\/\/www.szenik.eu\/de\/#organization","name":"Szenik","url":"https:\/\/www.szenik.eu\/de\/","logo":{"@type":"ImageObject","inLanguage":"de","@id":"https:\/\/www.szenik.eu\/de\/#\/schema\/logo\/image\/","url":"https:\/\/www.szenik.eu\/wp-content\/uploads\/2019\/07\/logo-square.png","contentUrl":"https:\/\/www.szenik.eu\/wp-content\/uploads\/2019\/07\/logo-square.png","width":512,"height":512,"caption":"Szenik"},"image":{"@id":"https:\/\/www.szenik.eu\/de\/#\/schema\/logo\/image\/"},"sameAs":["https:\/\/www.facebook.com\/szenik.eu\/","https:\/\/twitter.com\/Szenik","https:\/\/www.instagram.com\/szenik_magazine\/","https:\/\/www.youtube.com\/user\/SzenikEU\/"]},{"@type":"Person","@id":"https:\/\/www.szenik.eu\/de\/#\/schema\/person\/81e9d00e9b1306e18e10ca1e4bed6465","name":"sarahk","image":{"@type":"ImageObject","inLanguage":"de","@id":"https:\/\/www.szenik.eu\/de\/#\/schema\/person\/image\/","url":"https:\/\/secure.gravatar.com\/avatar\/1e5f6f691c4a068f4814bda15b8400ca?s=96&d=mm&r=g","contentUrl":"https:\/\/secure.gravatar.com\/avatar\/1e5f6f691c4a068f4814bda15b8400ca?s=96&d=mm&r=g","caption":"sarahk"}}]}},"jetpack_featured_media_url":"https:\/\/www.szenik.eu\/wp-content\/uploads\/2025\/06\/Yannick-Nezet-Seguin_c_Paola-Kudacki-scaled.jpg","amp_enabled":true,"_links":{"self":[{"href":"https:\/\/www.szenik.eu\/de\/wp-json\/\/wp\/v2\/posts\/73399"}],"collection":[{"href":"https:\/\/www.szenik.eu\/de\/wp-json\/\/wp\/v2\/posts"}],"about":[{"href":"https:\/\/www.szenik.eu\/de\/wp-json\/\/wp\/v2\/types\/post"}],"author":[{"embeddable":true,"href":"https:\/\/www.szenik.eu\/de\/wp-json\/\/wp\/v2\/users\/1680"}],"replies":[{"embeddable":true,"href":"https:\/\/www.szenik.eu\/de\/wp-json\/\/wp\/v2\/comments?post=73399"}],"version-history":[{"count":1,"href":"https:\/\/www.szenik.eu\/de\/wp-json\/\/wp\/v2\/posts\/73399\/revisions"}],"predecessor-version":[{"id":73405,"href":"https:\/\/www.szenik.eu\/de\/wp-json\/\/wp\/v2\/posts\/73399\/revisions\/73405"}],"wp:featuredmedia":[{"embeddable":true,"href":"https:\/\/www.szenik.eu\/de\/wp-json\/\/wp\/v2\/media\/73402"}],"wp:attachment":[{"href":"https:\/\/www.szenik.eu\/de\/wp-json\/\/wp\/v2\/media?parent=73399"}],"wp:term":[{"taxonomy":"category","embeddable":true,"href":"https:\/\/www.szenik.eu\/de\/wp-json\/\/wp\/v2\/categories?post=73399"},{"taxonomy":"post_tag","embeddable":true,"href":"https:\/\/www.szenik.eu\/de\/wp-json\/\/wp\/v2\/tags?post=73399"}],"curies":[{"name":"wp","href":"https:\/\/api.w.org\/{rel}","templated":true}]}}