{"id":73012,"date":"2025-05-12T15:31:38","date_gmt":"2025-05-12T13:31:38","guid":{"rendered":"https:\/\/www.szenik.eu\/?p=73012\/"},"modified":"2025-05-12T15:31:40","modified_gmt":"2025-05-12T13:31:40","slug":"open-call-buergerinnen-jury-fuer-das-transkulturelle-festival-cordiale","status":"publish","type":"post","link":"https:\/\/www.szenik.eu\/de\/open-call-buergerinnen-jury-fuer-das-transkulturelle-festival-cordiale-73012","title":{"rendered":"<strong>OPEN CALL | B\u00dcRGER:INNEN JURY\u00a0<br>F\u00fcr das transkulturelle Festival CORDIALE\u00a0<\/strong>"},"content":{"rendered":"\n<p><strong>Wof\u00fcr?<\/strong><br>Wir suchen eine B\u00fcrger:innen-Jury aus acht Personen f\u00fcr die Programmgestaltung. Ihr begleitet das E-WERK f\u00fcr ein Jahr und gestaltet u.a. gemeinsam mit uns ein neues Konzept f\u00fcr das transkulturelle Festival CORDIALE.<\/p>\n\n\n\n<p>Seit 2018 findet im E-WERK jedes Jahr die CORDIALE statt. Die B\u00fcrger:innen-Jury kuratiert das Festival und\/oder eine Reihe von Veranstaltungen mit vielf\u00e4ltigem Programm wie z.B. Ausstellungen, Lesungen, Workshops, Diskussionen, Konzerten, Tanz, DJs und Performances. Die Juryarbeit wird von einer Projektleitung aus dem E-WERK begleitet.<\/p>\n\n\n\n<p><strong>Wer?&nbsp;<\/strong><br>Alle, die Lust haben sich einzubringen! Es ist keine Vorerfahrung n\u00f6tig. Egal ob du schon im E-WERK warst oder nicht. Egal woher du kommst, wen du liebst, an was du glaubst, was du kannst oder wie alt du bist. Was uns wichtig ist:&nbsp;<\/p>\n\n\n\n<p>Interesse an Kunst und Kultur: Lust, ein transkulturelles Festival zu gestalten und das E-WERK auf dem Weg zu begleiten, ein noch lebendigeres Soziokulturelles Zentrum im Stadtteil St\u00fchlinger zu werden.&nbsp;<\/p>\n\n\n\n<p>Offenheit und Toleranz: Wertsch\u00e4tzende Kommunikation und die Offenheit f\u00fcr neue Ideen&nbsp;<\/p>\n\n\n\n<p>Arbeit im Team: Freude, miteinander ein einzigartiges Festivalprogramm zusammenzustellen. Bereitschaft zur Zusammenarbeit in einem vielf\u00e4ltigen Team. Wir verfolgen gemeinsame Ziele und keine Einzelinteressen.&nbsp;<\/p>\n\n\n\n<p><strong>Wie?<\/strong><br>Festival-Kuration: Die M\u00f6glichkeit, aktiv ein vielf\u00e4ltiges Festivalprogramm zu kuratieren. Regelm\u00e4\u00dfige Treffen: (ca. alle 2 Wochen) von Juni 2025 bis Juli 2026&nbsp;<\/p>\n\n\n\n<p>Aufwandsentsch\u00e4digung: Wir verg\u00fcten dein Engagement \u00fcber die Ehrenamtspauschale (bis zu 840 \u20ac j\u00e4hrlich).&nbsp;<\/p>\n\n\n\n<p>Freier Eintritt: Um das E-WERK in allen Facetten kennenzulernen, bekommst du ein Jahr lang freien Eintritt zu allen Veranstaltungen im E-WERK.&nbsp;<\/p>\n\n\n\n<p><strong>Bewerbung<\/strong><br>Du m\u00f6chtest dabei sein? Beantworte uns kurz diese drei Fragen:<br>Was m\u00f6chtest du uns vorab von dir wissen lassen?<br>Was ist deine Motivation, Teil der B\u00fcrger:innen-Jury zu werden?<br>Welche Aktion oder Veranstaltung findest du spannend, um Anwohner:innen im Stadtteil St\u00fchlinger aktiv einzubeziehen?<\/p>\n\n\n\n<p>Deiner Kreativit\u00e4t sind keine Grenzen gesetzt!&nbsp;<strong>Bitte sende deine Kurzbewerbung bis zum 18. Mai an Sofie Anton (<a href=\"mailto:sofie.anton@ewerk-freiburg.de\">sofie.anton@ewerk-freiburg.de<\/a>)<\/strong><\/p>\n\n\n\n<p>Sollte die Bewerbung eine Barriere darstellen oder wenn weitere Fragen bestehen, kannst du dich ebenfalls an Sofie wenden.<\/p>\n\n\n\n<p>Weitere Infos zum E-WERK Freiburg e.V. findest du hier:&nbsp;<a href=\"https:\/\/ewerk-freiburg.de\/\">https:\/\/ewerk-freiburg.de<\/a><\/p>\n","protected":false},"excerpt":{"rendered":"<p>Wof\u00fcr?Wir suchen eine B\u00fcrger:innen-Jury aus acht Personen f\u00fcr die Programmgestaltung. Ihr begleitet das E-WERK f\u00fcr ein Jahr und gestaltet u.a. gemeinsam mit uns ein neues Konzept f\u00fcr das transkulturelle Festival CORDIALE. Seit 2018 findet im E-WERK jedes Jahr die CORDIALE statt. Die B\u00fcrger:innen-Jury kuratiert das Festival und\/oder eine Reihe von Veranstaltungen mit vielf\u00e4ltigem Programm wie [&hellip;]<\/p>\n","protected":false},"author":1680,"featured_media":72564,"comment_status":"open","ping_status":"open","sticky":false,"template":"","format":"standard","meta":{"_monsterinsights_skip_tracking":false,"_monsterinsights_sitenote_active":false,"_monsterinsights_sitenote_note":"","_monsterinsights_sitenote_category":0},"categories":[2815],"tags":[],"yoast_head":"<!-- This site is optimized with the Yoast SEO plugin v20.5 - https:\/\/yoast.com\/wordpress\/plugins\/seo\/ -->\n<title>OPEN CALL | B\u00dcRGER:INNEN JURY\u00a0F\u00fcr das transkulturelle Festival CORDIALE\u00a0 | szenik<\/title>\n<meta name=\"description\" content=\"Wir suchen eine B\u00fcrger:innen-Jury aus acht Personen f\u00fcr die Programmgestaltung. Ihr begleitet das E-WERK f\u00fcr ein Jahr und gestaltet u.a. gemeinsam mit uns ein neues Konzept f\u00fcr das transkulturelle Festival CORDIALE.\" \/>\n<meta name=\"robots\" content=\"index, follow, max-snippet:-1, max-image-preview:large, max-video-preview:-1\" \/>\n<link rel=\"canonical\" href=\"https:\/\/www.szenik.eu\/de\/open-call-buergerinnen-jury-fuer-das-transkulturelle-festival-cordiale-73012\" \/>\n<meta property=\"og:locale\" content=\"de_DE\" \/>\n<meta property=\"og:type\" content=\"article\" \/>\n<meta property=\"og:title\" content=\"OPEN CALL | B\u00dcRGER:INNEN JURY\u00a0F\u00fcr das transkulturelle Festival CORDIALE\u00a0 | szenik\" \/>\n<meta property=\"og:description\" content=\"Wir suchen eine B\u00fcrger:innen-Jury aus acht Personen f\u00fcr die Programmgestaltung. Ihr begleitet das E-WERK f\u00fcr ein Jahr und gestaltet u.a. gemeinsam mit uns ein neues Konzept f\u00fcr das transkulturelle Festival CORDIALE.\" \/>\n<meta property=\"og:url\" content=\"https:\/\/www.szenik.eu\/de\/open-call-buergerinnen-jury-fuer-das-transkulturelle-festival-cordiale-73012\" \/>\n<meta property=\"og:site_name\" content=\"szenik\" \/>\n<meta property=\"article:publisher\" content=\"https:\/\/www.facebook.com\/szenik.eu\/\" \/>\n<meta property=\"article:published_time\" content=\"2025-05-12T13:31:38+00:00\" \/>\n<meta property=\"article:modified_time\" content=\"2025-05-12T13:31:40+00:00\" \/>\n<meta property=\"og:image\" content=\"https:\/\/www.szenik.eu\/wp-content\/uploads\/2025\/04\/Photo_pretexte-szenik.jpg\" \/>\n\t<meta property=\"og:image:width\" content=\"1280\" \/>\n\t<meta property=\"og:image:height\" content=\"720\" \/>\n\t<meta property=\"og:image:type\" content=\"image\/jpeg\" \/>\n<meta name=\"author\" content=\"sarahk\" \/>\n<meta name=\"twitter:card\" content=\"summary_large_image\" \/>\n<meta name=\"twitter:creator\" content=\"@Szenik\" \/>\n<meta name=\"twitter:site\" content=\"@Szenik\" \/>\n<meta name=\"twitter:label1\" content=\"Verfasst von\" \/>\n\t<meta name=\"twitter:data1\" content=\"sarahk\" \/>\n\t<meta name=\"twitter:label2\" content=\"Gesch\u00e4tzte Lesezeit\" \/>\n\t<meta name=\"twitter:data2\" content=\"2\u00a0Minuten\" \/>\n<script type=\"application\/ld+json\" class=\"yoast-schema-graph\">{\"@context\":\"https:\/\/schema.org\",\"@graph\":[{\"@type\":\"Article\",\"@id\":\"https:\/\/www.szenik.eu\/de\/open-call-buergerinnen-jury-fuer-das-transkulturelle-festival-cordiale-73012#article\",\"isPartOf\":{\"@id\":\"https:\/\/www.szenik.eu\/de\/open-call-buergerinnen-jury-fuer-das-transkulturelle-festival-cordiale-73012\"},\"author\":{\"name\":\"sarahk\",\"@id\":\"https:\/\/www.szenik.eu\/de\/#\/schema\/person\/81e9d00e9b1306e18e10ca1e4bed6465\"},\"headline\":\"OPEN CALL | B\u00dcRGER:INNEN JURY\u00a0 F\u00fcr das transkulturelle Festival CORDIALE\u00a0\",\"datePublished\":\"2025-05-12T13:31:38+00:00\",\"dateModified\":\"2025-05-12T13:31:40+00:00\",\"mainEntityOfPage\":{\"@id\":\"https:\/\/www.szenik.eu\/de\/open-call-buergerinnen-jury-fuer-das-transkulturelle-festival-cordiale-73012\"},\"wordCount\":379,\"commentCount\":0,\"publisher\":{\"@id\":\"https:\/\/www.szenik.eu\/de\/#organization\"},\"articleSection\":[\"Kurz &amp; knackig\"],\"inLanguage\":\"de\",\"potentialAction\":[{\"@type\":\"CommentAction\",\"name\":\"Comment\",\"target\":[\"https:\/\/www.szenik.eu\/de\/open-call-buergerinnen-jury-fuer-das-transkulturelle-festival-cordiale-73012#respond\"]}]},{\"@type\":\"WebPage\",\"@id\":\"https:\/\/www.szenik.eu\/de\/open-call-buergerinnen-jury-fuer-das-transkulturelle-festival-cordiale-73012\",\"url\":\"https:\/\/www.szenik.eu\/de\/open-call-buergerinnen-jury-fuer-das-transkulturelle-festival-cordiale-73012\",\"name\":\"OPEN CALL | B\u00dcRGER:INNEN JURY\u00a0 F\u00fcr das transkulturelle Festival CORDIALE\u00a0 | szenik\",\"isPartOf\":{\"@id\":\"https:\/\/www.szenik.eu\/de\/#website\"},\"datePublished\":\"2025-05-12T13:31:38+00:00\",\"dateModified\":\"2025-05-12T13:31:40+00:00\",\"description\":\"Wir suchen eine B\u00fcrger:innen-Jury aus acht Personen f\u00fcr die Programmgestaltung. Ihr begleitet das E-WERK f\u00fcr ein Jahr und gestaltet u.a. gemeinsam mit uns ein neues Konzept f\u00fcr das transkulturelle Festival CORDIALE.\",\"breadcrumb\":{\"@id\":\"https:\/\/www.szenik.eu\/de\/open-call-buergerinnen-jury-fuer-das-transkulturelle-festival-cordiale-73012#breadcrumb\"},\"inLanguage\":\"de\",\"potentialAction\":[{\"@type\":\"ReadAction\",\"target\":[\"https:\/\/www.szenik.eu\/de\/open-call-buergerinnen-jury-fuer-das-transkulturelle-festival-cordiale-73012\"]}]},{\"@type\":\"BreadcrumbList\",\"@id\":\"https:\/\/www.szenik.eu\/de\/open-call-buergerinnen-jury-fuer-das-transkulturelle-festival-cordiale-73012#breadcrumb\",\"itemListElement\":[{\"@type\":\"ListItem\",\"position\":1,\"name\":\"Home\",\"item\":\"https:\/\/www.szenik.eu\/de\"},{\"@type\":\"ListItem\",\"position\":2,\"name\":\"OPEN CALL | B\u00dcRGER:INNEN JURY\u00a0F\u00fcr das transkulturelle Festival CORDIALE\u00a0\"}]},{\"@type\":\"WebSite\",\"@id\":\"https:\/\/www.szenik.eu\/de\/#website\",\"url\":\"https:\/\/www.szenik.eu\/de\/\",\"name\":\"szenik\",\"description\":\"Le Meilleur des sc\u00e8nes au coeur de l&#039;Europe\",\"publisher\":{\"@id\":\"https:\/\/www.szenik.eu\/de\/#organization\"},\"potentialAction\":[{\"@type\":\"SearchAction\",\"target\":{\"@type\":\"EntryPoint\",\"urlTemplate\":\"https:\/\/www.szenik.eu\/de\/?s={search_term_string}\"},\"query-input\":\"required name=search_term_string\"}],\"inLanguage\":\"de\"},{\"@type\":\"Organization\",\"@id\":\"https:\/\/www.szenik.eu\/de\/#organization\",\"name\":\"Szenik\",\"url\":\"https:\/\/www.szenik.eu\/de\/\",\"logo\":{\"@type\":\"ImageObject\",\"inLanguage\":\"de\",\"@id\":\"https:\/\/www.szenik.eu\/de\/#\/schema\/logo\/image\/\",\"url\":\"https:\/\/www.szenik.eu\/wp-content\/uploads\/2019\/07\/logo-square.png\",\"contentUrl\":\"https:\/\/www.szenik.eu\/wp-content\/uploads\/2019\/07\/logo-square.png\",\"width\":512,\"height\":512,\"caption\":\"Szenik\"},\"image\":{\"@id\":\"https:\/\/www.szenik.eu\/de\/#\/schema\/logo\/image\/\"},\"sameAs\":[\"https:\/\/www.facebook.com\/szenik.eu\/\",\"https:\/\/twitter.com\/Szenik\",\"https:\/\/www.instagram.com\/szenik_magazine\/\",\"https:\/\/www.youtube.com\/user\/SzenikEU\/\"]},{\"@type\":\"Person\",\"@id\":\"https:\/\/www.szenik.eu\/de\/#\/schema\/person\/81e9d00e9b1306e18e10ca1e4bed6465\",\"name\":\"sarahk\",\"image\":{\"@type\":\"ImageObject\",\"inLanguage\":\"de\",\"@id\":\"https:\/\/www.szenik.eu\/de\/#\/schema\/person\/image\/\",\"url\":\"https:\/\/secure.gravatar.com\/avatar\/1e5f6f691c4a068f4814bda15b8400ca?s=96&d=mm&r=g\",\"contentUrl\":\"https:\/\/secure.gravatar.com\/avatar\/1e5f6f691c4a068f4814bda15b8400ca?s=96&d=mm&r=g\",\"caption\":\"sarahk\"}}]}<\/script>\n<!-- \/ Yoast SEO plugin. -->","yoast_head_json":{"title":"OPEN CALL | B\u00dcRGER:INNEN JURY\u00a0F\u00fcr das transkulturelle Festival CORDIALE\u00a0 | szenik","description":"Wir suchen eine B\u00fcrger:innen-Jury aus acht Personen f\u00fcr die Programmgestaltung. Ihr begleitet das E-WERK f\u00fcr ein Jahr und gestaltet u.a. gemeinsam mit uns ein neues Konzept f\u00fcr das transkulturelle Festival CORDIALE.","robots":{"index":"index","follow":"follow","max-snippet":"max-snippet:-1","max-image-preview":"max-image-preview:large","max-video-preview":"max-video-preview:-1"},"canonical":"https:\/\/www.szenik.eu\/de\/open-call-buergerinnen-jury-fuer-das-transkulturelle-festival-cordiale-73012","og_locale":"de_DE","og_type":"article","og_title":"OPEN CALL | B\u00dcRGER:INNEN JURY\u00a0F\u00fcr das transkulturelle Festival CORDIALE\u00a0 | szenik","og_description":"Wir suchen eine B\u00fcrger:innen-Jury aus acht Personen f\u00fcr die Programmgestaltung. Ihr begleitet das E-WERK f\u00fcr ein Jahr und gestaltet u.a. gemeinsam mit uns ein neues Konzept f\u00fcr das transkulturelle Festival CORDIALE.","og_url":"https:\/\/www.szenik.eu\/de\/open-call-buergerinnen-jury-fuer-das-transkulturelle-festival-cordiale-73012","og_site_name":"szenik","article_publisher":"https:\/\/www.facebook.com\/szenik.eu\/","article_published_time":"2025-05-12T13:31:38+00:00","article_modified_time":"2025-05-12T13:31:40+00:00","og_image":[{"width":1280,"height":720,"url":"https:\/\/www.szenik.eu\/wp-content\/uploads\/2025\/04\/Photo_pretexte-szenik.jpg","type":"image\/jpeg"}],"author":"sarahk","twitter_card":"summary_large_image","twitter_creator":"@Szenik","twitter_site":"@Szenik","twitter_misc":{"Verfasst von":"sarahk","Gesch\u00e4tzte Lesezeit":"2\u00a0Minuten"},"schema":{"@context":"https:\/\/schema.org","@graph":[{"@type":"Article","@id":"https:\/\/www.szenik.eu\/de\/open-call-buergerinnen-jury-fuer-das-transkulturelle-festival-cordiale-73012#article","isPartOf":{"@id":"https:\/\/www.szenik.eu\/de\/open-call-buergerinnen-jury-fuer-das-transkulturelle-festival-cordiale-73012"},"author":{"name":"sarahk","@id":"https:\/\/www.szenik.eu\/de\/#\/schema\/person\/81e9d00e9b1306e18e10ca1e4bed6465"},"headline":"OPEN CALL | B\u00dcRGER:INNEN JURY\u00a0 F\u00fcr das transkulturelle Festival CORDIALE\u00a0","datePublished":"2025-05-12T13:31:38+00:00","dateModified":"2025-05-12T13:31:40+00:00","mainEntityOfPage":{"@id":"https:\/\/www.szenik.eu\/de\/open-call-buergerinnen-jury-fuer-das-transkulturelle-festival-cordiale-73012"},"wordCount":379,"commentCount":0,"publisher":{"@id":"https:\/\/www.szenik.eu\/de\/#organization"},"articleSection":["Kurz &amp; knackig"],"inLanguage":"de","potentialAction":[{"@type":"CommentAction","name":"Comment","target":["https:\/\/www.szenik.eu\/de\/open-call-buergerinnen-jury-fuer-das-transkulturelle-festival-cordiale-73012#respond"]}]},{"@type":"WebPage","@id":"https:\/\/www.szenik.eu\/de\/open-call-buergerinnen-jury-fuer-das-transkulturelle-festival-cordiale-73012","url":"https:\/\/www.szenik.eu\/de\/open-call-buergerinnen-jury-fuer-das-transkulturelle-festival-cordiale-73012","name":"OPEN CALL | B\u00dcRGER:INNEN JURY\u00a0 F\u00fcr das transkulturelle Festival CORDIALE\u00a0 | szenik","isPartOf":{"@id":"https:\/\/www.szenik.eu\/de\/#website"},"datePublished":"2025-05-12T13:31:38+00:00","dateModified":"2025-05-12T13:31:40+00:00","description":"Wir suchen eine B\u00fcrger:innen-Jury aus acht Personen f\u00fcr die Programmgestaltung. Ihr begleitet das E-WERK f\u00fcr ein Jahr und gestaltet u.a. gemeinsam mit uns ein neues Konzept f\u00fcr das transkulturelle Festival CORDIALE.","breadcrumb":{"@id":"https:\/\/www.szenik.eu\/de\/open-call-buergerinnen-jury-fuer-das-transkulturelle-festival-cordiale-73012#breadcrumb"},"inLanguage":"de","potentialAction":[{"@type":"ReadAction","target":["https:\/\/www.szenik.eu\/de\/open-call-buergerinnen-jury-fuer-das-transkulturelle-festival-cordiale-73012"]}]},{"@type":"BreadcrumbList","@id":"https:\/\/www.szenik.eu\/de\/open-call-buergerinnen-jury-fuer-das-transkulturelle-festival-cordiale-73012#breadcrumb","itemListElement":[{"@type":"ListItem","position":1,"name":"Home","item":"https:\/\/www.szenik.eu\/de"},{"@type":"ListItem","position":2,"name":"OPEN CALL | B\u00dcRGER:INNEN JURY\u00a0F\u00fcr das transkulturelle Festival CORDIALE\u00a0"}]},{"@type":"WebSite","@id":"https:\/\/www.szenik.eu\/de\/#website","url":"https:\/\/www.szenik.eu\/de\/","name":"szenik","description":"Le Meilleur des sc\u00e8nes au coeur de l&#039;Europe","publisher":{"@id":"https:\/\/www.szenik.eu\/de\/#organization"},"potentialAction":[{"@type":"SearchAction","target":{"@type":"EntryPoint","urlTemplate":"https:\/\/www.szenik.eu\/de\/?s={search_term_string}"},"query-input":"required name=search_term_string"}],"inLanguage":"de"},{"@type":"Organization","@id":"https:\/\/www.szenik.eu\/de\/#organization","name":"Szenik","url":"https:\/\/www.szenik.eu\/de\/","logo":{"@type":"ImageObject","inLanguage":"de","@id":"https:\/\/www.szenik.eu\/de\/#\/schema\/logo\/image\/","url":"https:\/\/www.szenik.eu\/wp-content\/uploads\/2019\/07\/logo-square.png","contentUrl":"https:\/\/www.szenik.eu\/wp-content\/uploads\/2019\/07\/logo-square.png","width":512,"height":512,"caption":"Szenik"},"image":{"@id":"https:\/\/www.szenik.eu\/de\/#\/schema\/logo\/image\/"},"sameAs":["https:\/\/www.facebook.com\/szenik.eu\/","https:\/\/twitter.com\/Szenik","https:\/\/www.instagram.com\/szenik_magazine\/","https:\/\/www.youtube.com\/user\/SzenikEU\/"]},{"@type":"Person","@id":"https:\/\/www.szenik.eu\/de\/#\/schema\/person\/81e9d00e9b1306e18e10ca1e4bed6465","name":"sarahk","image":{"@type":"ImageObject","inLanguage":"de","@id":"https:\/\/www.szenik.eu\/de\/#\/schema\/person\/image\/","url":"https:\/\/secure.gravatar.com\/avatar\/1e5f6f691c4a068f4814bda15b8400ca?s=96&d=mm&r=g","contentUrl":"https:\/\/secure.gravatar.com\/avatar\/1e5f6f691c4a068f4814bda15b8400ca?s=96&d=mm&r=g","caption":"sarahk"}}]}},"jetpack_featured_media_url":"https:\/\/www.szenik.eu\/wp-content\/uploads\/2025\/04\/Photo_pretexte-szenik.jpg","amp_enabled":true,"_links":{"self":[{"href":"https:\/\/www.szenik.eu\/de\/wp-json\/\/wp\/v2\/posts\/73012"}],"collection":[{"href":"https:\/\/www.szenik.eu\/de\/wp-json\/\/wp\/v2\/posts"}],"about":[{"href":"https:\/\/www.szenik.eu\/de\/wp-json\/\/wp\/v2\/types\/post"}],"author":[{"embeddable":true,"href":"https:\/\/www.szenik.eu\/de\/wp-json\/\/wp\/v2\/users\/1680"}],"replies":[{"embeddable":true,"href":"https:\/\/www.szenik.eu\/de\/wp-json\/\/wp\/v2\/comments?post=73012"}],"version-history":[{"count":1,"href":"https:\/\/www.szenik.eu\/de\/wp-json\/\/wp\/v2\/posts\/73012\/revisions"}],"predecessor-version":[{"id":73013,"href":"https:\/\/www.szenik.eu\/de\/wp-json\/\/wp\/v2\/posts\/73012\/revisions\/73013"}],"wp:featuredmedia":[{"embeddable":true,"href":"https:\/\/www.szenik.eu\/de\/wp-json\/\/wp\/v2\/media\/72564"}],"wp:attachment":[{"href":"https:\/\/www.szenik.eu\/de\/wp-json\/\/wp\/v2\/media?parent=73012"}],"wp:term":[{"taxonomy":"category","embeddable":true,"href":"https:\/\/www.szenik.eu\/de\/wp-json\/\/wp\/v2\/categories?post=73012"},{"taxonomy":"post_tag","embeddable":true,"href":"https:\/\/www.szenik.eu\/de\/wp-json\/\/wp\/v2\/tags?post=73012"}],"curies":[{"name":"wp","href":"https:\/\/api.w.org\/{rel}","templated":true}]}}