{"id":72545,"date":"2025-04-15T13:33:58","date_gmt":"2025-04-15T11:33:58","guid":{"rendered":"https:\/\/www.szenik.eu\/?p=72545\/"},"modified":"2025-04-15T13:34:01","modified_gmt":"2025-04-15T11:34:01","slug":"zweierpasch-tournee-auf-der-franzoesischen-vulkaninsel","status":"publish","type":"post","link":"https:\/\/www.szenik.eu\/de\/zweierpasch-tournee-auf-der-franzoesischen-vulkaninsel-72545","title":{"rendered":"Zweierpasch: Tournee auf der franz\u00f6sischen Vulkaninsel"},"content":{"rendered":"\n<p>Die World HipHop Band <a href=\"https:\/\/www.szenik.eu\/de\/zweierpasch-vom-franzoesischen-premier-ministre-ausgezeichnet-67550\" target=\"_blank\" rel=\"noreferrer noopener\">Zweierpasch<\/a> hat einen weiteren Teil des Globus geentert und in den St\u00e4dten Saint Denis, Petite Ile, Sainte Suzanne, Le Port und Saint Pierre der Vulkaninsel La R\u00e9union gespielt. Diese liegt zwischen Madagaskar und Mauritius und geh\u00f6rt zu Frankreich. Das Programm sah unterschiedliche Musik- und Talkevents in allen Teilen des franz\u00f6sischen \u00dcberseedepartements vor:\u00a0<\/p>\n\n\n\n<ul>\n<li>5 Showcases &amp; Kulturtalks im Norden, S\u00fcden und Westen der Insel<\/li>\n\n\n\n<li>2 Konzerte in St Pierre (Le Kerveguen) und Petite Ile (Salle Jospeh Suacot)<\/li>\n\n\n\n<li>1 Videodreh sowie 2 Featuresongs mit dem kreolischen Musiker TIAS<\/li>\n\n\n\n<li>1 Schulung f\u00fcr P\u00e4dagog*innen in Saint Denis<\/li>\n<\/ul>\n\n\n\n<p><strong>Die Zwillingsmusiker aus Freiburg und Strasbourg<\/strong>\u00a0waren f\u00fcr Tourneen bereits merfach in Westafrika, in Osteuropa und in Asien. Im M\u00e4rz waren sie nun erstmalig auf Einladung des Kulturvereins ACAR (Amis de la Culture Allemande de la R\u00e9union) im Indischen Ozeans unterwegs. Die Insel La R\u00e9union ist gepr\u00e4gt durch den aktiven Vulkan Piton de la Fournaise, hohe Berge mit zahlreichen Wanderrouten (GR R20) und eine spektakul\u00e4re K\u00fcste. Bekannt sind neben gro\u00dfen Korallenriffen auch die zahlreichen Haie, die die Badem\u00f6glichkeiten an einigen K\u00fcstenabschnitten einschr\u00e4nken. Ihre T\u00f6tung ist umstritten.<\/p>\n\n\n\n<p><strong>Mit dem von der Insel stammenden Musiker&nbsp;<\/strong><a href=\"https:\/\/www.blogger.com\/u\/1\/\">Tias<\/a>&nbsp;haben Zweierpasch bei Kulturtalks Einblicke in ihre Schaffen gegeben, Konzerte gespielt und ein Musikvideo gedreht. Der S\u00e4nger und Gitarrist hat gerade sein Album &#8222;Rayonne&#8220; ver\u00f6ffentlicht und geh\u00f6rt zu den bekanntesten Stimmen der Insel. Zur kommenden Zweierpasch Single &#8222;Bougez&#8220; hat er einen Featurepart beigesteuert. Der Clip wurde unter anderem am spektakul\u00e4ren Wasserfall &#8222;Bassin des Aigrettes&#8220; nahe Saint Gilles gedreht. An weiteren Spots der Insel wurden mit elf T\u00e4nzer*innen Performanceszenen eingefangen. Erscheinen wird das Video im Mai 2025.&nbsp;<\/p>\n\n\n\n<p><strong>Bei den Kulturtalks in Schulen und in Konzerts\u00e4len<\/strong>&nbsp;diskutierten die aus dem deutsch-franz\u00f6sischen Grenzgebiet stammenden Rapper mit jungen Menschen \u00fcber deutsche und franz\u00f6sische Kultur, die Kraft der Musik, Eigenheiten des Insellebens und den Beruf des Musikers. Dazu spielten sie Showcases, bei denen Beats mit Gitarrensounds von Tias ineinanderflossen und drei neue Songarramgenents entstanden sind. &#8222;Das waren starke Momente, wir singen auf Franz\u00f6sisch und auch Deutsch, was f\u00fcr Leute aus R\u00e9union exotisch klingt. Deutschland ist dort ein beliebtes Land&#8220;, so Felix zu den Events.&nbsp;<\/p>\n\n\n\n<p><strong>Ihr Konzert im Saal Kerveguen&nbsp;<\/strong>am vierten Tag der Tour in St. Pierre verfolgten 650 Zuschauer*innen, die die Musiker frenetisch feierten.&nbsp; Das HipHop Duo spielte Klassiker wie &#8222;Deux Doigts en l&#8217;Air&#8220;, &#8222;Le Feu&#8220; oder &#8222;Solange&#8220; genauso wie neue Songs. Dazu geh\u00f6rten &#8222;Ca va Rouler&#8220;, &#8222;Bougez&#8220; und &#8222;Two To Tango&#8220;. Gemeinsam mit Tias performten sie unter anderem dessen aktuelle Single &#8222;Bataille&#8220; in einer Akustikversion, zu der die Zwillinge neue Strophen beisteuerten.&nbsp;<\/p>\n\n\n\n<p><strong>Die Association ACAR ludt Zweierpasch<\/strong>&nbsp;nach einem herzlichen Empfang am Flughafen Roland Garros mit Deutschlandfahnen zu einem kreolischen Picknick ein. \u00d6rtliche Spezialit\u00e4ten sind wichtiges Kulturgut f\u00fcr die Bewohner*innen von La R\u00e9union, die als \u00dcberseedepartement zu Frankreich und der Europ\u00e4ischen Union geh\u00f6ren. &#8222;Wir sind \u00fcberaus herzlich empfangen worden und die Euphorie bei den Konzerten war krass, Livemusik wird hier gefeiert&#8220;, so Till, der in Freiburg lebt. Im Vorstand des Vereins ACAR sind Ortwin Ziemer, der seit 25 Jahren auf R\u00e9union lebt, sowie S\u00e9verine Maillot, geb\u00fcrtige R\u00e9unionnaise.&nbsp;<\/p>\n\n\n\n<figure class=\"wp-block-image size-large\"><img decoding=\"async\" loading=\"lazy\" width=\"1024\" height=\"683\" src=\"https:\/\/www.szenik.eu\/wp-content\/uploads\/2025\/04\/ZP-au-Kerveguen-St-Pierre-3-\u00a9Wop-Studio-1024x683.jpg\" alt=\"\" class=\"wp-image-72546\" srcset=\"https:\/\/www.szenik.eu\/wp-content\/uploads\/2025\/04\/ZP-au-Kerveguen-St-Pierre-3-\u00a9Wop-Studio-1024x683.jpg 1024w, https:\/\/www.szenik.eu\/wp-content\/uploads\/2025\/04\/ZP-au-Kerveguen-St-Pierre-3-\u00a9Wop-Studio-300x200.jpg 300w, https:\/\/www.szenik.eu\/wp-content\/uploads\/2025\/04\/ZP-au-Kerveguen-St-Pierre-3-\u00a9Wop-Studio-768x512.jpg 768w, https:\/\/www.szenik.eu\/wp-content\/uploads\/2025\/04\/ZP-au-Kerveguen-St-Pierre-3-\u00a9Wop-Studio-1536x1024.jpg 1536w, https:\/\/www.szenik.eu\/wp-content\/uploads\/2025\/04\/ZP-au-Kerveguen-St-Pierre-3-\u00a9Wop-Studio-2048x1365.jpg 2048w, https:\/\/www.szenik.eu\/wp-content\/uploads\/2025\/04\/ZP-au-Kerveguen-St-Pierre-3-\u00a9Wop-Studio-750x500.jpg 750w, https:\/\/www.szenik.eu\/wp-content\/uploads\/2025\/04\/ZP-au-Kerveguen-St-Pierre-3-\u00a9Wop-Studio-1140x760.jpg 1140w\" sizes=\"(max-width: 1024px) 100vw, 1024px\" \/><figcaption class=\"wp-element-caption\">ZP in Kerveguen St Pierre, Photo Wop Studio<\/figcaption><\/figure>\n\n\n\n<p><strong>Das enorme Verkehrsaufkommen auf der Insel<\/strong>&nbsp;ist ein bekanntes Problem. Zu Sto\u00dfzeiten legen Staus die Insel lahm. &#8222;Das hat uns mehrfach ausgebremst, man sieht so gut wie keine Fahrr\u00e4der hier, Z\u00fcge gibt es keine, ganz sch\u00f6n chaotisch&#8220;, finden die beiden HipHop-Musiker. Till hatte einen Auffahrunfall bei Stop &amp; Go und 35 Grad Gluthitze, der jedoch ohne Folgen blieb. Derzeit umtreibt das Chikungunya-Virus die Bewohner der Insel. Es wird durch Moskitostiche \u00fcbertragen und hat hohes Fieber sowie starke Gelenk- und Muskelschmerzen zur Folge.&nbsp;&nbsp;<\/p>\n\n\n\n<p><strong>Das gr\u00fcne Paradies<\/strong>&nbsp;mit au\u00dfergew\u00f6hnlicher Flora und Fauna ist ein beliebtes Urlaubsziel. &#8222;Nach Mauritius kommt man f\u00fcr die Str\u00e4nde, nach R\u00e9union f\u00fcr die Berge&#8220; hei\u00dft es von Inselbewohner*innen. Die verh\u00e4ltnism\u00e4\u00dfig kleine Insel f\u00fchrt bei ihren Bewohner*innen manchmal zum Gef\u00fchl einer Beschr\u00e4nkung, berichten sie. &#8222;A lost Island in the middle of the Indian Ocean&#8220;. Aus mitteleurop\u00e4ischer Sicht ist es ein kleines Paradies.&nbsp;<\/p>\n\n\n\n<p><strong>Der Musiker Tias<\/strong>&nbsp;hat wie viele andere nach der Schulzeit den Weg auf das franz\u00f6sische Festland gesucht und dort einige Jahre gelebt. Er kehrte aber wieder zur\u00fcck und befasst sich in seinen Songs mit dem Leben auf der Insel &#8211; im Einklang mit der Natur und den Gezeiten. Das Zusammentreffen mit Zweierpasch war Inspiration: &#8222;Wir waren sofort auf einer Wellenl\u00e4nge, Musik verbindet, und wir teilen die gleichen Werte. Zweierpasch haben den Inselbewohner*innen viel gegeben, daf\u00fcr bin ich ihnen dankbar&#8220;. Einer der bekanntesten Musiker aus La R\u00e9union ist der inzwischen verstorbene Reggaes\u00e4nger Tonton David. &#8222;Den hatten wir im Schulbuch f\u00fcr Franz\u00f6sisch in der 7. Klasse und waren seitdem Fans, gro\u00dfartig nun seine Heimat kennenzulernen&#8220;, sagt Felix, der zwischen Kehl und Strasbourg lebt.&nbsp;<\/p>\n\n\n\n<p><strong>Ihr letztes Konzert<\/strong>\u00a0gaben <a href=\"http:\/\/linktr.ee\/zweierpaschc\" target=\"_blank\" rel=\"noreferrer noopener\">Zweierpasch<\/a> am Tag vor ihrer Heimreise in einer gro\u00dfen Sporthalle in Petite Ile. Die Zuschauer standen ab dem ersten Song und sangen textsicher mit. Den Mix aus energiegeladenem Konzert und starken Botschaften zu Frieden, Toleranz und Miteinander von Zweierpasch machten sie sich zu eigen. Eine Gruppe aus dem Publikum nimmt beim j\u00e4hrlichen Deutschland- und Frankreichweiten Songcontest &#8222;Ecole du Flow&#8220; mit, dessen Finale am 6. Mai im L&#8217;Autre Canal in Nancy steigt.\u00a0<\/p>\n\n\n\n<p><strong>Die n\u00e4chsten Konzerte der Band<\/strong>:&nbsp;<\/p>\n\n\n\n<ul>\n<li>Nancy (L&#8217;Autre Canal, 06.05.)&nbsp;<\/li>\n\n\n\n<li>Freiburg (Waldsee 15.05.)<\/li>\n\n\n\n<li>Basel (Eurovision Square, 16.05.)<\/li>\n\n\n\n<li>Heddesheim \/ Mannheim (30.05)<\/li>\n\n\n\n<li>Neuf-Brisach (Art&#8217;Rhena, 06.06.)<\/li>\n\n\n\n<li>Karlsruhe (Unifest 12.06.)<\/li>\n\n\n\n<li>Strasbourg (Beats on the Boat, 19.07.)<\/li>\n\n\n\n<li>M\u00fcnchen (Planetarium, 17.10.)<\/li>\n<\/ul>\n","protected":false},"excerpt":{"rendered":"<p>Die World HipHop Band Zweierpasch hat einen weiteren Teil des Globus geentert und in den St\u00e4dten Saint Denis, Petite Ile, Sainte Suzanne, Le Port und Saint Pierre der Vulkaninsel La R\u00e9union gespielt. Diese liegt zwischen Madagaskar und Mauritius und geh\u00f6rt zu Frankreich. Das Programm sah unterschiedliche Musik- und Talkevents in allen Teilen des franz\u00f6sischen \u00dcberseedepartements [&hellip;]<\/p>\n","protected":false},"author":1680,"featured_media":72548,"comment_status":"open","ping_status":"open","sticky":false,"template":"","format":"standard","meta":{"_monsterinsights_skip_tracking":false,"_monsterinsights_sitenote_active":false,"_monsterinsights_sitenote_note":"","_monsterinsights_sitenote_category":0},"categories":[2815],"tags":[],"yoast_head":"<!-- This site is optimized with the Yoast SEO plugin v20.5 - https:\/\/yoast.com\/wordpress\/plugins\/seo\/ -->\n<title>Zweierpasch: Tournee auf der franz\u00f6sischen Vulkaninsel | szenik<\/title>\n<meta name=\"description\" content=\"Die World HipHop Band Zweierpasch hat einen weiteren Teil des Globus geentert und in den St\u00e4dten Saint Denis, Petite Ile, Sainte Suzanne, Le Port und Saint Pierre der Vulkaninsel La R\u00e9union gespielt.\" \/>\n<meta name=\"robots\" content=\"index, follow, max-snippet:-1, max-image-preview:large, max-video-preview:-1\" \/>\n<link rel=\"canonical\" href=\"https:\/\/www.szenik.eu\/de\/zweierpasch-tournee-auf-der-franzoesischen-vulkaninsel-72545\" \/>\n<meta property=\"og:locale\" content=\"de_DE\" \/>\n<meta property=\"og:type\" content=\"article\" \/>\n<meta property=\"og:title\" content=\"Zweierpasch: Tournee auf der franz\u00f6sischen Vulkaninsel | szenik\" \/>\n<meta property=\"og:description\" content=\"Die World HipHop Band Zweierpasch hat einen weiteren Teil des Globus geentert und in den St\u00e4dten Saint Denis, Petite Ile, Sainte Suzanne, Le Port und Saint Pierre der Vulkaninsel La R\u00e9union gespielt.\" \/>\n<meta property=\"og:url\" content=\"https:\/\/www.szenik.eu\/de\/zweierpasch-tournee-auf-der-franzoesischen-vulkaninsel-72545\" \/>\n<meta property=\"og:site_name\" content=\"szenik\" \/>\n<meta property=\"article:publisher\" content=\"https:\/\/www.facebook.com\/szenik.eu\/\" \/>\n<meta property=\"article:published_time\" content=\"2025-04-15T11:33:58+00:00\" \/>\n<meta property=\"article:modified_time\" content=\"2025-04-15T11:34:01+00:00\" \/>\n<meta property=\"og:image\" content=\"https:\/\/www.szenik.eu\/wp-content\/uploads\/2025\/04\/Nach-Konzert-Petite-Ile-\u00a9Panoramique_Pix-1024x727.jpeg\" \/>\n\t<meta property=\"og:image:width\" content=\"1024\" \/>\n\t<meta property=\"og:image:height\" content=\"727\" \/>\n\t<meta property=\"og:image:type\" content=\"image\/jpeg\" \/>\n<meta name=\"author\" content=\"sarahk\" \/>\n<meta name=\"twitter:card\" content=\"summary_large_image\" \/>\n<meta name=\"twitter:creator\" content=\"@Szenik\" \/>\n<meta name=\"twitter:site\" content=\"@Szenik\" \/>\n<meta name=\"twitter:label1\" content=\"Verfasst von\" \/>\n\t<meta name=\"twitter:data1\" content=\"sarahk\" \/>\n\t<meta name=\"twitter:label2\" content=\"Gesch\u00e4tzte Lesezeit\" \/>\n\t<meta name=\"twitter:data2\" content=\"5\u00a0Minuten\" \/>\n<script type=\"application\/ld+json\" class=\"yoast-schema-graph\">{\"@context\":\"https:\/\/schema.org\",\"@graph\":[{\"@type\":\"Article\",\"@id\":\"https:\/\/www.szenik.eu\/de\/zweierpasch-tournee-auf-der-franzoesischen-vulkaninsel-72545#article\",\"isPartOf\":{\"@id\":\"https:\/\/www.szenik.eu\/de\/zweierpasch-tournee-auf-der-franzoesischen-vulkaninsel-72545\"},\"author\":{\"name\":\"sarahk\",\"@id\":\"https:\/\/www.szenik.eu\/de\/#\/schema\/person\/81e9d00e9b1306e18e10ca1e4bed6465\"},\"headline\":\"Zweierpasch: Tournee auf der franz\u00f6sischen Vulkaninsel\",\"datePublished\":\"2025-04-15T11:33:58+00:00\",\"dateModified\":\"2025-04-15T11:34:01+00:00\",\"mainEntityOfPage\":{\"@id\":\"https:\/\/www.szenik.eu\/de\/zweierpasch-tournee-auf-der-franzoesischen-vulkaninsel-72545\"},\"wordCount\":971,\"commentCount\":0,\"publisher\":{\"@id\":\"https:\/\/www.szenik.eu\/de\/#organization\"},\"articleSection\":[\"Kurz &amp; knackig\"],\"inLanguage\":\"de\",\"potentialAction\":[{\"@type\":\"CommentAction\",\"name\":\"Comment\",\"target\":[\"https:\/\/www.szenik.eu\/de\/zweierpasch-tournee-auf-der-franzoesischen-vulkaninsel-72545#respond\"]}]},{\"@type\":\"WebPage\",\"@id\":\"https:\/\/www.szenik.eu\/de\/zweierpasch-tournee-auf-der-franzoesischen-vulkaninsel-72545\",\"url\":\"https:\/\/www.szenik.eu\/de\/zweierpasch-tournee-auf-der-franzoesischen-vulkaninsel-72545\",\"name\":\"Zweierpasch: Tournee auf der franz\u00f6sischen Vulkaninsel | szenik\",\"isPartOf\":{\"@id\":\"https:\/\/www.szenik.eu\/de\/#website\"},\"datePublished\":\"2025-04-15T11:33:58+00:00\",\"dateModified\":\"2025-04-15T11:34:01+00:00\",\"description\":\"Die World HipHop Band Zweierpasch hat einen weiteren Teil des Globus geentert und in den St\u00e4dten Saint Denis, Petite Ile, Sainte Suzanne, Le Port und Saint Pierre der Vulkaninsel La R\u00e9union gespielt.\",\"breadcrumb\":{\"@id\":\"https:\/\/www.szenik.eu\/de\/zweierpasch-tournee-auf-der-franzoesischen-vulkaninsel-72545#breadcrumb\"},\"inLanguage\":\"de\",\"potentialAction\":[{\"@type\":\"ReadAction\",\"target\":[\"https:\/\/www.szenik.eu\/de\/zweierpasch-tournee-auf-der-franzoesischen-vulkaninsel-72545\"]}]},{\"@type\":\"BreadcrumbList\",\"@id\":\"https:\/\/www.szenik.eu\/de\/zweierpasch-tournee-auf-der-franzoesischen-vulkaninsel-72545#breadcrumb\",\"itemListElement\":[{\"@type\":\"ListItem\",\"position\":1,\"name\":\"Home\",\"item\":\"https:\/\/www.szenik.eu\/de\"},{\"@type\":\"ListItem\",\"position\":2,\"name\":\"Zweierpasch: Tournee auf der franz\u00f6sischen Vulkaninsel\"}]},{\"@type\":\"WebSite\",\"@id\":\"https:\/\/www.szenik.eu\/de\/#website\",\"url\":\"https:\/\/www.szenik.eu\/de\/\",\"name\":\"szenik\",\"description\":\"Le Meilleur des sc\u00e8nes au coeur de l&#039;Europe\",\"publisher\":{\"@id\":\"https:\/\/www.szenik.eu\/de\/#organization\"},\"potentialAction\":[{\"@type\":\"SearchAction\",\"target\":{\"@type\":\"EntryPoint\",\"urlTemplate\":\"https:\/\/www.szenik.eu\/de\/?s={search_term_string}\"},\"query-input\":\"required name=search_term_string\"}],\"inLanguage\":\"de\"},{\"@type\":\"Organization\",\"@id\":\"https:\/\/www.szenik.eu\/de\/#organization\",\"name\":\"Szenik\",\"url\":\"https:\/\/www.szenik.eu\/de\/\",\"logo\":{\"@type\":\"ImageObject\",\"inLanguage\":\"de\",\"@id\":\"https:\/\/www.szenik.eu\/de\/#\/schema\/logo\/image\/\",\"url\":\"https:\/\/www.szenik.eu\/wp-content\/uploads\/2019\/07\/logo-square.png\",\"contentUrl\":\"https:\/\/www.szenik.eu\/wp-content\/uploads\/2019\/07\/logo-square.png\",\"width\":512,\"height\":512,\"caption\":\"Szenik\"},\"image\":{\"@id\":\"https:\/\/www.szenik.eu\/de\/#\/schema\/logo\/image\/\"},\"sameAs\":[\"https:\/\/www.facebook.com\/szenik.eu\/\",\"https:\/\/twitter.com\/Szenik\",\"https:\/\/www.instagram.com\/szenik_magazine\/\",\"https:\/\/www.youtube.com\/user\/SzenikEU\/\"]},{\"@type\":\"Person\",\"@id\":\"https:\/\/www.szenik.eu\/de\/#\/schema\/person\/81e9d00e9b1306e18e10ca1e4bed6465\",\"name\":\"sarahk\",\"image\":{\"@type\":\"ImageObject\",\"inLanguage\":\"de\",\"@id\":\"https:\/\/www.szenik.eu\/de\/#\/schema\/person\/image\/\",\"url\":\"https:\/\/secure.gravatar.com\/avatar\/1e5f6f691c4a068f4814bda15b8400ca?s=96&d=mm&r=g\",\"contentUrl\":\"https:\/\/secure.gravatar.com\/avatar\/1e5f6f691c4a068f4814bda15b8400ca?s=96&d=mm&r=g\",\"caption\":\"sarahk\"}}]}<\/script>\n<!-- \/ Yoast SEO plugin. -->","yoast_head_json":{"title":"Zweierpasch: Tournee auf der franz\u00f6sischen Vulkaninsel | szenik","description":"Die World HipHop Band Zweierpasch hat einen weiteren Teil des Globus geentert und in den St\u00e4dten Saint Denis, Petite Ile, Sainte Suzanne, Le Port und Saint Pierre der Vulkaninsel La R\u00e9union gespielt.","robots":{"index":"index","follow":"follow","max-snippet":"max-snippet:-1","max-image-preview":"max-image-preview:large","max-video-preview":"max-video-preview:-1"},"canonical":"https:\/\/www.szenik.eu\/de\/zweierpasch-tournee-auf-der-franzoesischen-vulkaninsel-72545","og_locale":"de_DE","og_type":"article","og_title":"Zweierpasch: Tournee auf der franz\u00f6sischen Vulkaninsel | szenik","og_description":"Die World HipHop Band Zweierpasch hat einen weiteren Teil des Globus geentert und in den St\u00e4dten Saint Denis, Petite Ile, Sainte Suzanne, Le Port und Saint Pierre der Vulkaninsel La R\u00e9union gespielt.","og_url":"https:\/\/www.szenik.eu\/de\/zweierpasch-tournee-auf-der-franzoesischen-vulkaninsel-72545","og_site_name":"szenik","article_publisher":"https:\/\/www.facebook.com\/szenik.eu\/","article_published_time":"2025-04-15T11:33:58+00:00","article_modified_time":"2025-04-15T11:34:01+00:00","og_image":[{"width":1024,"height":727,"url":"https:\/\/www.szenik.eu\/wp-content\/uploads\/2025\/04\/Nach-Konzert-Petite-Ile-\u00a9Panoramique_Pix-1024x727.jpeg","type":"image\/jpeg"}],"author":"sarahk","twitter_card":"summary_large_image","twitter_creator":"@Szenik","twitter_site":"@Szenik","twitter_misc":{"Verfasst von":"sarahk","Gesch\u00e4tzte Lesezeit":"5\u00a0Minuten"},"schema":{"@context":"https:\/\/schema.org","@graph":[{"@type":"Article","@id":"https:\/\/www.szenik.eu\/de\/zweierpasch-tournee-auf-der-franzoesischen-vulkaninsel-72545#article","isPartOf":{"@id":"https:\/\/www.szenik.eu\/de\/zweierpasch-tournee-auf-der-franzoesischen-vulkaninsel-72545"},"author":{"name":"sarahk","@id":"https:\/\/www.szenik.eu\/de\/#\/schema\/person\/81e9d00e9b1306e18e10ca1e4bed6465"},"headline":"Zweierpasch: Tournee auf der franz\u00f6sischen Vulkaninsel","datePublished":"2025-04-15T11:33:58+00:00","dateModified":"2025-04-15T11:34:01+00:00","mainEntityOfPage":{"@id":"https:\/\/www.szenik.eu\/de\/zweierpasch-tournee-auf-der-franzoesischen-vulkaninsel-72545"},"wordCount":971,"commentCount":0,"publisher":{"@id":"https:\/\/www.szenik.eu\/de\/#organization"},"articleSection":["Kurz &amp; knackig"],"inLanguage":"de","potentialAction":[{"@type":"CommentAction","name":"Comment","target":["https:\/\/www.szenik.eu\/de\/zweierpasch-tournee-auf-der-franzoesischen-vulkaninsel-72545#respond"]}]},{"@type":"WebPage","@id":"https:\/\/www.szenik.eu\/de\/zweierpasch-tournee-auf-der-franzoesischen-vulkaninsel-72545","url":"https:\/\/www.szenik.eu\/de\/zweierpasch-tournee-auf-der-franzoesischen-vulkaninsel-72545","name":"Zweierpasch: Tournee auf der franz\u00f6sischen Vulkaninsel | szenik","isPartOf":{"@id":"https:\/\/www.szenik.eu\/de\/#website"},"datePublished":"2025-04-15T11:33:58+00:00","dateModified":"2025-04-15T11:34:01+00:00","description":"Die World HipHop Band Zweierpasch hat einen weiteren Teil des Globus geentert und in den St\u00e4dten Saint Denis, Petite Ile, Sainte Suzanne, Le Port und Saint Pierre der Vulkaninsel La R\u00e9union gespielt.","breadcrumb":{"@id":"https:\/\/www.szenik.eu\/de\/zweierpasch-tournee-auf-der-franzoesischen-vulkaninsel-72545#breadcrumb"},"inLanguage":"de","potentialAction":[{"@type":"ReadAction","target":["https:\/\/www.szenik.eu\/de\/zweierpasch-tournee-auf-der-franzoesischen-vulkaninsel-72545"]}]},{"@type":"BreadcrumbList","@id":"https:\/\/www.szenik.eu\/de\/zweierpasch-tournee-auf-der-franzoesischen-vulkaninsel-72545#breadcrumb","itemListElement":[{"@type":"ListItem","position":1,"name":"Home","item":"https:\/\/www.szenik.eu\/de"},{"@type":"ListItem","position":2,"name":"Zweierpasch: Tournee auf der franz\u00f6sischen Vulkaninsel"}]},{"@type":"WebSite","@id":"https:\/\/www.szenik.eu\/de\/#website","url":"https:\/\/www.szenik.eu\/de\/","name":"szenik","description":"Le Meilleur des sc\u00e8nes au coeur de l&#039;Europe","publisher":{"@id":"https:\/\/www.szenik.eu\/de\/#organization"},"potentialAction":[{"@type":"SearchAction","target":{"@type":"EntryPoint","urlTemplate":"https:\/\/www.szenik.eu\/de\/?s={search_term_string}"},"query-input":"required name=search_term_string"}],"inLanguage":"de"},{"@type":"Organization","@id":"https:\/\/www.szenik.eu\/de\/#organization","name":"Szenik","url":"https:\/\/www.szenik.eu\/de\/","logo":{"@type":"ImageObject","inLanguage":"de","@id":"https:\/\/www.szenik.eu\/de\/#\/schema\/logo\/image\/","url":"https:\/\/www.szenik.eu\/wp-content\/uploads\/2019\/07\/logo-square.png","contentUrl":"https:\/\/www.szenik.eu\/wp-content\/uploads\/2019\/07\/logo-square.png","width":512,"height":512,"caption":"Szenik"},"image":{"@id":"https:\/\/www.szenik.eu\/de\/#\/schema\/logo\/image\/"},"sameAs":["https:\/\/www.facebook.com\/szenik.eu\/","https:\/\/twitter.com\/Szenik","https:\/\/www.instagram.com\/szenik_magazine\/","https:\/\/www.youtube.com\/user\/SzenikEU\/"]},{"@type":"Person","@id":"https:\/\/www.szenik.eu\/de\/#\/schema\/person\/81e9d00e9b1306e18e10ca1e4bed6465","name":"sarahk","image":{"@type":"ImageObject","inLanguage":"de","@id":"https:\/\/www.szenik.eu\/de\/#\/schema\/person\/image\/","url":"https:\/\/secure.gravatar.com\/avatar\/1e5f6f691c4a068f4814bda15b8400ca?s=96&d=mm&r=g","contentUrl":"https:\/\/secure.gravatar.com\/avatar\/1e5f6f691c4a068f4814bda15b8400ca?s=96&d=mm&r=g","caption":"sarahk"}}]}},"jetpack_featured_media_url":"https:\/\/www.szenik.eu\/wp-content\/uploads\/2025\/04\/Nach-Konzert-Petite-Ile-\u00a9Panoramique_Pix.jpeg","amp_enabled":true,"_links":{"self":[{"href":"https:\/\/www.szenik.eu\/de\/wp-json\/\/wp\/v2\/posts\/72545"}],"collection":[{"href":"https:\/\/www.szenik.eu\/de\/wp-json\/\/wp\/v2\/posts"}],"about":[{"href":"https:\/\/www.szenik.eu\/de\/wp-json\/\/wp\/v2\/types\/post"}],"author":[{"embeddable":true,"href":"https:\/\/www.szenik.eu\/de\/wp-json\/\/wp\/v2\/users\/1680"}],"replies":[{"embeddable":true,"href":"https:\/\/www.szenik.eu\/de\/wp-json\/\/wp\/v2\/comments?post=72545"}],"version-history":[{"count":1,"href":"https:\/\/www.szenik.eu\/de\/wp-json\/\/wp\/v2\/posts\/72545\/revisions"}],"predecessor-version":[{"id":72550,"href":"https:\/\/www.szenik.eu\/de\/wp-json\/\/wp\/v2\/posts\/72545\/revisions\/72550"}],"wp:featuredmedia":[{"embeddable":true,"href":"https:\/\/www.szenik.eu\/de\/wp-json\/\/wp\/v2\/media\/72548"}],"wp:attachment":[{"href":"https:\/\/www.szenik.eu\/de\/wp-json\/\/wp\/v2\/media?parent=72545"}],"wp:term":[{"taxonomy":"category","embeddable":true,"href":"https:\/\/www.szenik.eu\/de\/wp-json\/\/wp\/v2\/categories?post=72545"},{"taxonomy":"post_tag","embeddable":true,"href":"https:\/\/www.szenik.eu\/de\/wp-json\/\/wp\/v2\/tags?post=72545"}],"curies":[{"name":"wp","href":"https:\/\/api.w.org\/{rel}","templated":true}]}}