{"id":71788,"date":"2025-01-27T16:52:23","date_gmt":"2025-01-27T15:52:23","guid":{"rendered":"https:\/\/www.szenik.eu\/?p=71788\/"},"modified":"2025-01-27T16:52:25","modified_gmt":"2025-01-27T15:52:25","slug":"vereine-fuer-3-laender-stadt-festival-gesucht","status":"publish","type":"post","link":"https:\/\/www.szenik.eu\/de\/vereine-fuer-3-laender-stadt-festival-gesucht-71788","title":{"rendered":"Vereine f\u00fcr 3-L\u00e4nder-Stadt Festival gesucht"},"content":{"rendered":"\n<p><em>Am 1. und 2. August 2025 findet die n\u00e4chste Ausgabe des 3-L\u00e4nder-Stadt Festivals (3LSF) statt. Das Kulturamt ruft Weiler Vereine zur Beteiligung an der Vereins-Meile auf.<\/em><\/p>\n\n\n\n<p>Weil am Rhein. Beim 3LSF werden auch in diesem Jahr wieder internationale Bands das Areal von Rathausplatz bis Sparkassenplatz bespielen. Pr\u00e4sentiert wird das Festival erneut von der Sparkasse Markgr\u00e4flerland. Deren umfangreiche Unterst\u00fctzung ist einer der Gr\u00fcnde, warum auch 2025 der Eintritt beim 3LSF frei sein wird.<\/p>\n\n\n\n<p>Das Kulturamt plant erneut eine Vereins-Meile, an der sich Weiler Gruppierungen beteiligen k\u00f6nnen. Gegen eine Pauschalgeb\u00fchr k\u00f6nnen Holzh\u00fctten angemietet werden, aus denen Speisen und Getr\u00e4nke verkauft werden k\u00f6nnen. Auch nicht gastronomische Angebote wie Dosenwerfen, Kinderschminken oder eine Tombola sind m\u00f6glich.<\/p>\n\n\n\n<p>Wichtig f\u00fcr die Teilnahme ist, dass es sich um gemeinn\u00fctzige Vereine handelt, die ihren Sitz in Weil am Rhein haben. Da es sich um eine Kulturveranstaltung handelt, freut man sich seitens Kulturamt insbesondere \u00fcber die Teilnahme von Kulturvereinen.<\/p>\n\n\n\n<p>Gruppierungen, die an der Vereins-Meile teilnehmen m\u00f6chten, werden gebeten, bis zum 14. Februar 2025 eine E-Mail an&nbsp;<a href=\"mailto:anmeldung@weil-am-rhein.de\">anmeldung@weil-am-rhein.de<\/a>&nbsp;zu senden und darin den Vereinsnamen, eine Telefonnummer sowie das geplante Angebot anzugeben. Wenn Speisen oder Getr\u00e4nke angeboten werden sollen, dann m\u00fcssen auch die speziellen Getr\u00e4nkearten (z. B. Bier, Softdrinks, Kaffee) und die konkreten Speisen in der E-Mail angegeben werden.<\/p>\n\n\n\n<p>Ziel des Kulturamts ist es, eine m\u00f6glichst breite kulinarische Palette zusammenzustellen. Daher sind au\u00dfergew\u00f6hnliche Angebote sehr gern gesehen.<\/p>\n\n\n\n<p>Mit der Vereins-Meile verfolgt Kulturamtsleiter Peter Sp\u00f6rrer mehrere Ziele: \u201eUns war es einerseits wichtig, f\u00fcr die Vereine eine Alternative zum Altweiler Stra\u00dfenfest zu bieten, das leider nicht mehr veranstaltet wird. Au\u00dferdem m\u00f6chten wir der B\u00fcrgerschaft gern die direkte Beteiligung an dem Festival erm\u00f6glichen. Nicht vergessen werden darf auch, dass das Festival f\u00fcr einige Vereine eine wichtige Veranstaltung ist, um die Vereinskasse aufzubessern. Das vielf\u00e4ltige gastronomische Angebot bereichert zudem das 3LSF und zieht, genauso wie die mitwirkenden Vereinsmitglieder, mehr Menschen an.\u201c<\/p>\n\n\n\n<p>Auch die Aufstellung der rund 20 H\u00fctten vom Rathausplatz \u00fcber die Schiller- und Hauptstra\u00dfe bis hin zum Sparkassenplatz hat sich Sp\u00f6rrer zufolge bew\u00e4hrt: \u201eDurch die Vereins-Meile k\u00f6nnen wir innerhalb des Festivalareals Bereiche mit Sitzpl\u00e4tzen anbieten, wo man sich gut unterhalten kann, denn die dort vorbeiziehenden Marching Bands arbeiten alle ohne Verst\u00e4rkung. F\u00fcr das kommende Jahr planen wir, die Marching Bands h\u00e4ufiger die Hauptstra\u00dfe zwischen Schillerstra\u00dfe und Sparkassenplatz entlang laufen zu lassen, so dass dieser Bereich noch mehr belebt wird.\u201c<\/p>\n\n\n\n<p>Informationen zum Festival und einen Video-Trailer gibt es unter&nbsp;<a href=\"http:\/\/www.3lsf.eu\/\">www.3LSF.eu<\/a>.<\/p>\n","protected":false},"excerpt":{"rendered":"<p>Am 1. und 2. August 2025 findet die n\u00e4chste Ausgabe des 3-L\u00e4nder-Stadt Festivals (3LSF) statt. Das Kulturamt ruft Weiler Vereine zur Beteiligung an der Vereins-Meile auf. Weil am Rhein. Beim 3LSF werden auch in diesem Jahr wieder internationale Bands das Areal von Rathausplatz bis Sparkassenplatz bespielen. Pr\u00e4sentiert wird das Festival erneut von der Sparkasse Markgr\u00e4flerland. [&hellip;]<\/p>\n","protected":false},"author":1680,"featured_media":71789,"comment_status":"open","ping_status":"open","sticky":false,"template":"","format":"standard","meta":{"_monsterinsights_skip_tracking":false,"_monsterinsights_sitenote_active":false,"_monsterinsights_sitenote_note":"","_monsterinsights_sitenote_category":0},"categories":[2815],"tags":[],"yoast_head":"<!-- This site is optimized with the Yoast SEO plugin v20.5 - https:\/\/yoast.com\/wordpress\/plugins\/seo\/ -->\n<title>Vereine f\u00fcr 3-L\u00e4nder-Stadt Festival gesucht | szenik<\/title>\n<meta name=\"description\" content=\"Am 1. und 2. August 2025 findet die n\u00e4chste Ausgabe des 3-L\u00e4nder-Stadt Festivals (3LSF) statt. Das Kulturamt ruft Weiler Vereine zur Beteiligung an der Vereins-Meile auf.\" \/>\n<meta name=\"robots\" content=\"index, follow, max-snippet:-1, max-image-preview:large, max-video-preview:-1\" \/>\n<link rel=\"canonical\" href=\"https:\/\/www.szenik.eu\/de\/vereine-fuer-3-laender-stadt-festival-gesucht-71788\" \/>\n<meta property=\"og:locale\" content=\"de_DE\" \/>\n<meta property=\"og:type\" content=\"article\" \/>\n<meta property=\"og:title\" content=\"Vereine f\u00fcr 3-L\u00e4nder-Stadt Festival gesucht | szenik\" \/>\n<meta property=\"og:description\" content=\"Am 1. und 2. August 2025 findet die n\u00e4chste Ausgabe des 3-L\u00e4nder-Stadt Festivals (3LSF) statt. Das Kulturamt ruft Weiler Vereine zur Beteiligung an der Vereins-Meile auf.\" \/>\n<meta property=\"og:url\" content=\"https:\/\/www.szenik.eu\/de\/vereine-fuer-3-laender-stadt-festival-gesucht-71788\" \/>\n<meta property=\"og:site_name\" content=\"szenik\" \/>\n<meta property=\"article:publisher\" content=\"https:\/\/www.facebook.com\/szenik.eu\/\" \/>\n<meta property=\"article:published_time\" content=\"2025-01-27T15:52:23+00:00\" \/>\n<meta property=\"article:modified_time\" content=\"2025-01-27T15:52:25+00:00\" \/>\n<meta property=\"og:image\" content=\"https:\/\/www.szenik.eu\/wp-content\/uploads\/2025\/01\/93-scaled.jpg\" \/>\n\t<meta property=\"og:image:width\" content=\"2560\" \/>\n\t<meta property=\"og:image:height\" content=\"1708\" \/>\n\t<meta property=\"og:image:type\" content=\"image\/jpeg\" \/>\n<meta name=\"author\" content=\"sarahk\" \/>\n<meta name=\"twitter:card\" content=\"summary_large_image\" \/>\n<meta name=\"twitter:creator\" content=\"@Szenik\" \/>\n<meta name=\"twitter:site\" content=\"@Szenik\" \/>\n<meta name=\"twitter:label1\" content=\"Verfasst von\" \/>\n\t<meta name=\"twitter:data1\" content=\"sarahk\" \/>\n\t<meta name=\"twitter:label2\" content=\"Gesch\u00e4tzte Lesezeit\" \/>\n\t<meta name=\"twitter:data2\" content=\"3\u00a0Minuten\" \/>\n<script type=\"application\/ld+json\" class=\"yoast-schema-graph\">{\"@context\":\"https:\/\/schema.org\",\"@graph\":[{\"@type\":\"Article\",\"@id\":\"https:\/\/www.szenik.eu\/de\/vereine-fuer-3-laender-stadt-festival-gesucht-71788#article\",\"isPartOf\":{\"@id\":\"https:\/\/www.szenik.eu\/de\/vereine-fuer-3-laender-stadt-festival-gesucht-71788\"},\"author\":{\"name\":\"sarahk\",\"@id\":\"https:\/\/www.szenik.eu\/de\/#\/schema\/person\/81e9d00e9b1306e18e10ca1e4bed6465\"},\"headline\":\"Vereine f\u00fcr 3-L\u00e4nder-Stadt Festival gesucht\",\"datePublished\":\"2025-01-27T15:52:23+00:00\",\"dateModified\":\"2025-01-27T15:52:25+00:00\",\"mainEntityOfPage\":{\"@id\":\"https:\/\/www.szenik.eu\/de\/vereine-fuer-3-laender-stadt-festival-gesucht-71788\"},\"wordCount\":444,\"commentCount\":0,\"publisher\":{\"@id\":\"https:\/\/www.szenik.eu\/de\/#organization\"},\"articleSection\":[\"Kurz &amp; knackig\"],\"inLanguage\":\"de\",\"potentialAction\":[{\"@type\":\"CommentAction\",\"name\":\"Comment\",\"target\":[\"https:\/\/www.szenik.eu\/de\/vereine-fuer-3-laender-stadt-festival-gesucht-71788#respond\"]}]},{\"@type\":\"WebPage\",\"@id\":\"https:\/\/www.szenik.eu\/de\/vereine-fuer-3-laender-stadt-festival-gesucht-71788\",\"url\":\"https:\/\/www.szenik.eu\/de\/vereine-fuer-3-laender-stadt-festival-gesucht-71788\",\"name\":\"Vereine f\u00fcr 3-L\u00e4nder-Stadt Festival gesucht | szenik\",\"isPartOf\":{\"@id\":\"https:\/\/www.szenik.eu\/de\/#website\"},\"datePublished\":\"2025-01-27T15:52:23+00:00\",\"dateModified\":\"2025-01-27T15:52:25+00:00\",\"description\":\"Am 1. und 2. August 2025 findet die n\u00e4chste Ausgabe des 3-L\u00e4nder-Stadt Festivals (3LSF) statt. Das Kulturamt ruft Weiler Vereine zur Beteiligung an der Vereins-Meile auf.\",\"breadcrumb\":{\"@id\":\"https:\/\/www.szenik.eu\/de\/vereine-fuer-3-laender-stadt-festival-gesucht-71788#breadcrumb\"},\"inLanguage\":\"de\",\"potentialAction\":[{\"@type\":\"ReadAction\",\"target\":[\"https:\/\/www.szenik.eu\/de\/vereine-fuer-3-laender-stadt-festival-gesucht-71788\"]}]},{\"@type\":\"BreadcrumbList\",\"@id\":\"https:\/\/www.szenik.eu\/de\/vereine-fuer-3-laender-stadt-festival-gesucht-71788#breadcrumb\",\"itemListElement\":[{\"@type\":\"ListItem\",\"position\":1,\"name\":\"Home\",\"item\":\"https:\/\/www.szenik.eu\/de\"},{\"@type\":\"ListItem\",\"position\":2,\"name\":\"Vereine f\u00fcr 3-L\u00e4nder-Stadt Festival gesucht\"}]},{\"@type\":\"WebSite\",\"@id\":\"https:\/\/www.szenik.eu\/de\/#website\",\"url\":\"https:\/\/www.szenik.eu\/de\/\",\"name\":\"szenik\",\"description\":\"Le Meilleur des sc\u00e8nes au coeur de l&#039;Europe\",\"publisher\":{\"@id\":\"https:\/\/www.szenik.eu\/de\/#organization\"},\"potentialAction\":[{\"@type\":\"SearchAction\",\"target\":{\"@type\":\"EntryPoint\",\"urlTemplate\":\"https:\/\/www.szenik.eu\/de\/?s={search_term_string}\"},\"query-input\":\"required name=search_term_string\"}],\"inLanguage\":\"de\"},{\"@type\":\"Organization\",\"@id\":\"https:\/\/www.szenik.eu\/de\/#organization\",\"name\":\"Szenik\",\"url\":\"https:\/\/www.szenik.eu\/de\/\",\"logo\":{\"@type\":\"ImageObject\",\"inLanguage\":\"de\",\"@id\":\"https:\/\/www.szenik.eu\/de\/#\/schema\/logo\/image\/\",\"url\":\"https:\/\/www.szenik.eu\/wp-content\/uploads\/2019\/07\/logo-square.png\",\"contentUrl\":\"https:\/\/www.szenik.eu\/wp-content\/uploads\/2019\/07\/logo-square.png\",\"width\":512,\"height\":512,\"caption\":\"Szenik\"},\"image\":{\"@id\":\"https:\/\/www.szenik.eu\/de\/#\/schema\/logo\/image\/\"},\"sameAs\":[\"https:\/\/www.facebook.com\/szenik.eu\/\",\"https:\/\/twitter.com\/Szenik\",\"https:\/\/www.instagram.com\/szenik_magazine\/\",\"https:\/\/www.youtube.com\/user\/SzenikEU\/\"]},{\"@type\":\"Person\",\"@id\":\"https:\/\/www.szenik.eu\/de\/#\/schema\/person\/81e9d00e9b1306e18e10ca1e4bed6465\",\"name\":\"sarahk\",\"image\":{\"@type\":\"ImageObject\",\"inLanguage\":\"de\",\"@id\":\"https:\/\/www.szenik.eu\/de\/#\/schema\/person\/image\/\",\"url\":\"https:\/\/secure.gravatar.com\/avatar\/1e5f6f691c4a068f4814bda15b8400ca?s=96&d=mm&r=g\",\"contentUrl\":\"https:\/\/secure.gravatar.com\/avatar\/1e5f6f691c4a068f4814bda15b8400ca?s=96&d=mm&r=g\",\"caption\":\"sarahk\"}}]}<\/script>\n<!-- \/ Yoast SEO plugin. -->","yoast_head_json":{"title":"Vereine f\u00fcr 3-L\u00e4nder-Stadt Festival gesucht | szenik","description":"Am 1. und 2. August 2025 findet die n\u00e4chste Ausgabe des 3-L\u00e4nder-Stadt Festivals (3LSF) statt. Das Kulturamt ruft Weiler Vereine zur Beteiligung an der Vereins-Meile auf.","robots":{"index":"index","follow":"follow","max-snippet":"max-snippet:-1","max-image-preview":"max-image-preview:large","max-video-preview":"max-video-preview:-1"},"canonical":"https:\/\/www.szenik.eu\/de\/vereine-fuer-3-laender-stadt-festival-gesucht-71788","og_locale":"de_DE","og_type":"article","og_title":"Vereine f\u00fcr 3-L\u00e4nder-Stadt Festival gesucht | szenik","og_description":"Am 1. und 2. August 2025 findet die n\u00e4chste Ausgabe des 3-L\u00e4nder-Stadt Festivals (3LSF) statt. Das Kulturamt ruft Weiler Vereine zur Beteiligung an der Vereins-Meile auf.","og_url":"https:\/\/www.szenik.eu\/de\/vereine-fuer-3-laender-stadt-festival-gesucht-71788","og_site_name":"szenik","article_publisher":"https:\/\/www.facebook.com\/szenik.eu\/","article_published_time":"2025-01-27T15:52:23+00:00","article_modified_time":"2025-01-27T15:52:25+00:00","og_image":[{"width":2560,"height":1708,"url":"https:\/\/www.szenik.eu\/wp-content\/uploads\/2025\/01\/93-scaled.jpg","type":"image\/jpeg"}],"author":"sarahk","twitter_card":"summary_large_image","twitter_creator":"@Szenik","twitter_site":"@Szenik","twitter_misc":{"Verfasst von":"sarahk","Gesch\u00e4tzte Lesezeit":"3\u00a0Minuten"},"schema":{"@context":"https:\/\/schema.org","@graph":[{"@type":"Article","@id":"https:\/\/www.szenik.eu\/de\/vereine-fuer-3-laender-stadt-festival-gesucht-71788#article","isPartOf":{"@id":"https:\/\/www.szenik.eu\/de\/vereine-fuer-3-laender-stadt-festival-gesucht-71788"},"author":{"name":"sarahk","@id":"https:\/\/www.szenik.eu\/de\/#\/schema\/person\/81e9d00e9b1306e18e10ca1e4bed6465"},"headline":"Vereine f\u00fcr 3-L\u00e4nder-Stadt Festival gesucht","datePublished":"2025-01-27T15:52:23+00:00","dateModified":"2025-01-27T15:52:25+00:00","mainEntityOfPage":{"@id":"https:\/\/www.szenik.eu\/de\/vereine-fuer-3-laender-stadt-festival-gesucht-71788"},"wordCount":444,"commentCount":0,"publisher":{"@id":"https:\/\/www.szenik.eu\/de\/#organization"},"articleSection":["Kurz &amp; knackig"],"inLanguage":"de","potentialAction":[{"@type":"CommentAction","name":"Comment","target":["https:\/\/www.szenik.eu\/de\/vereine-fuer-3-laender-stadt-festival-gesucht-71788#respond"]}]},{"@type":"WebPage","@id":"https:\/\/www.szenik.eu\/de\/vereine-fuer-3-laender-stadt-festival-gesucht-71788","url":"https:\/\/www.szenik.eu\/de\/vereine-fuer-3-laender-stadt-festival-gesucht-71788","name":"Vereine f\u00fcr 3-L\u00e4nder-Stadt Festival gesucht | szenik","isPartOf":{"@id":"https:\/\/www.szenik.eu\/de\/#website"},"datePublished":"2025-01-27T15:52:23+00:00","dateModified":"2025-01-27T15:52:25+00:00","description":"Am 1. und 2. August 2025 findet die n\u00e4chste Ausgabe des 3-L\u00e4nder-Stadt Festivals (3LSF) statt. Das Kulturamt ruft Weiler Vereine zur Beteiligung an der Vereins-Meile auf.","breadcrumb":{"@id":"https:\/\/www.szenik.eu\/de\/vereine-fuer-3-laender-stadt-festival-gesucht-71788#breadcrumb"},"inLanguage":"de","potentialAction":[{"@type":"ReadAction","target":["https:\/\/www.szenik.eu\/de\/vereine-fuer-3-laender-stadt-festival-gesucht-71788"]}]},{"@type":"BreadcrumbList","@id":"https:\/\/www.szenik.eu\/de\/vereine-fuer-3-laender-stadt-festival-gesucht-71788#breadcrumb","itemListElement":[{"@type":"ListItem","position":1,"name":"Home","item":"https:\/\/www.szenik.eu\/de"},{"@type":"ListItem","position":2,"name":"Vereine f\u00fcr 3-L\u00e4nder-Stadt Festival gesucht"}]},{"@type":"WebSite","@id":"https:\/\/www.szenik.eu\/de\/#website","url":"https:\/\/www.szenik.eu\/de\/","name":"szenik","description":"Le Meilleur des sc\u00e8nes au coeur de l&#039;Europe","publisher":{"@id":"https:\/\/www.szenik.eu\/de\/#organization"},"potentialAction":[{"@type":"SearchAction","target":{"@type":"EntryPoint","urlTemplate":"https:\/\/www.szenik.eu\/de\/?s={search_term_string}"},"query-input":"required name=search_term_string"}],"inLanguage":"de"},{"@type":"Organization","@id":"https:\/\/www.szenik.eu\/de\/#organization","name":"Szenik","url":"https:\/\/www.szenik.eu\/de\/","logo":{"@type":"ImageObject","inLanguage":"de","@id":"https:\/\/www.szenik.eu\/de\/#\/schema\/logo\/image\/","url":"https:\/\/www.szenik.eu\/wp-content\/uploads\/2019\/07\/logo-square.png","contentUrl":"https:\/\/www.szenik.eu\/wp-content\/uploads\/2019\/07\/logo-square.png","width":512,"height":512,"caption":"Szenik"},"image":{"@id":"https:\/\/www.szenik.eu\/de\/#\/schema\/logo\/image\/"},"sameAs":["https:\/\/www.facebook.com\/szenik.eu\/","https:\/\/twitter.com\/Szenik","https:\/\/www.instagram.com\/szenik_magazine\/","https:\/\/www.youtube.com\/user\/SzenikEU\/"]},{"@type":"Person","@id":"https:\/\/www.szenik.eu\/de\/#\/schema\/person\/81e9d00e9b1306e18e10ca1e4bed6465","name":"sarahk","image":{"@type":"ImageObject","inLanguage":"de","@id":"https:\/\/www.szenik.eu\/de\/#\/schema\/person\/image\/","url":"https:\/\/secure.gravatar.com\/avatar\/1e5f6f691c4a068f4814bda15b8400ca?s=96&d=mm&r=g","contentUrl":"https:\/\/secure.gravatar.com\/avatar\/1e5f6f691c4a068f4814bda15b8400ca?s=96&d=mm&r=g","caption":"sarahk"}}]}},"jetpack_featured_media_url":"https:\/\/www.szenik.eu\/wp-content\/uploads\/2025\/01\/93-scaled.jpg","amp_enabled":true,"_links":{"self":[{"href":"https:\/\/www.szenik.eu\/de\/wp-json\/\/wp\/v2\/posts\/71788"}],"collection":[{"href":"https:\/\/www.szenik.eu\/de\/wp-json\/\/wp\/v2\/posts"}],"about":[{"href":"https:\/\/www.szenik.eu\/de\/wp-json\/\/wp\/v2\/types\/post"}],"author":[{"embeddable":true,"href":"https:\/\/www.szenik.eu\/de\/wp-json\/\/wp\/v2\/users\/1680"}],"replies":[{"embeddable":true,"href":"https:\/\/www.szenik.eu\/de\/wp-json\/\/wp\/v2\/comments?post=71788"}],"version-history":[{"count":1,"href":"https:\/\/www.szenik.eu\/de\/wp-json\/\/wp\/v2\/posts\/71788\/revisions"}],"predecessor-version":[{"id":71791,"href":"https:\/\/www.szenik.eu\/de\/wp-json\/\/wp\/v2\/posts\/71788\/revisions\/71791"}],"wp:featuredmedia":[{"embeddable":true,"href":"https:\/\/www.szenik.eu\/de\/wp-json\/\/wp\/v2\/media\/71789"}],"wp:attachment":[{"href":"https:\/\/www.szenik.eu\/de\/wp-json\/\/wp\/v2\/media?parent=71788"}],"wp:term":[{"taxonomy":"category","embeddable":true,"href":"https:\/\/www.szenik.eu\/de\/wp-json\/\/wp\/v2\/categories?post=71788"},{"taxonomy":"post_tag","embeddable":true,"href":"https:\/\/www.szenik.eu\/de\/wp-json\/\/wp\/v2\/tags?post=71788"}],"curies":[{"name":"wp","href":"https:\/\/api.w.org\/{rel}","templated":true}]}}