{"id":71772,"date":"2025-01-23T15:37:21","date_gmt":"2025-01-23T14:37:21","guid":{"rendered":"https:\/\/www.szenik.eu\/?p=71772\/"},"modified":"2025-01-23T17:24:59","modified_gmt":"2025-01-23T16:24:59","slug":"martin-rajna-naechste-musikalischer-leiter-des-luxembourg-philharmonic","status":"publish","type":"post","link":"https:\/\/www.szenik.eu\/de\/martin-rajna-naechste-musikalischer-leiter-des-luxembourg-philharmonic-71772","title":{"rendered":"Martin Rajna, n\u00e4chste Musikalischer Leiter des Luxembourg Philharmonic"},"content":{"rendered":"\n<p>Die Philharmonie Luxembourg ist stolz, die Ernennung von Martin Rajna zum Musikalischen Leiter des Luxembourg Philharmonic bekannt zu geben. Im September 2026 wird er die Position f\u00fcr vier Jahre \u00fcbernehmen.<\/p>\n\n\n\n<p>Der erst 29-j\u00e4hrige Martin Rajna ist in seinem Heimatland Ungarn bereits ein erfolgreicher Dirigent und K\u00fcnstler. Seit 2021 ist er Chefdirigent des <a href=\"https:\/\/gyfz.hu\/en_EN\/home\">Gy\u0151r Philharmonic Orchestra<\/a> und seit 2023 auch Chefdirigent der <a href=\"https:\/\/www.opera.hu\/hu\/\">Ungarischen Staatsoper <\/a>in Budapest. Der 1995 in Duna\u00fajv\u00e1ros, Ungarn, geborene Martin Rajna hat sich schnell einen Namen in der internationalen Musikszene gemacht. Absolvent der renommierten <a href=\"https:\/\/uni.lisztacademy.hu\/\">Ferenc-Liszt-Musikakademie<\/a> in Budapest und der <a href=\"https:\/\/www.hfm-weimar.de\/start\">Musikhochschule<\/a> \u00ab Franz Liszt \u00bb in Weimar, hat er f\u00fcr seine bemerkenswerten Interpretationen sowohl des klassischen als auch des zeitgen\u00f6ssischen Repertoires breite Anerkennung gefunden.<\/p>\n\n\n\n<p>In dieser Saison gab und gibt Rajna bedeutende internationale Deb\u00fcts, neben dem Luxembourg Philharmonic unter anderem beim London Philharmonic Orchestra und dem Orchester des Teatro La Fenice. Im November 2024 dirigierte er das <a href=\"https:\/\/www.szenik.eu\/de\/salles\/philharmonie-1\">Luxembourg Philharmonic<\/a> sowohl in der Philharmonie als auch auf Tournee mit einem Programm aus Werken von Wagner, Tschaikowsky und Dvo\u0159\u00e1k und dem luxemburgisch-niederl\u00e4ndischen Cellisten und ECHO Rising Star <a href=\"http:\/\/benjamin-kruithof.com\/\">Benjamin Kruithof<\/a> als Solist. \u00ab <em>Als ich im vergangenen Jahr die Einladung erhielt, das Luxembourg Philharmonic zu dirigieren, habe ich sofort zugesagt. Der unverwechselbare Klang<br>des Orchesters, das herausragende Talent und der Enthusiasmus der Musikerinnen und Musiker zogen mich auf der Stelle in ihren Bann. Und ich kann ohne Zweifel sagen, dass unsere beiden gemeinsamen Konzerte im November 2024 ein Meilenstein in meiner bisherigen Karriere waren<\/em> \u00bb, erinnert sich Martin Rajna.<\/p>\n\n\n\n<p>\u00ab Wir erwarten mit Spannung dieses neue Kapitel f\u00fcr die Philharmonie Luxembourg \u00bb, sagt Matthew Studdert-Kennedy, Head of Artistic Planning der Philharmonie. \u00ab <em>Mit Rajnas Ankunft ist das Orchester bereit, sich auf eine spannende Reise zu begeben. Seine k\u00fchne und moderne Vision passt perfekt zu unserem Bekenntnis zu Innovation, w\u00e4hrend wir gleichzeitig das reiche musikalische Erbe, das uns ausmacht, respektieren.<\/em> \u00bb<\/p>\n\n\n\n<figure class=\"wp-block-image size-large\"><img decoding=\"async\" loading=\"lazy\" width=\"1024\" height=\"768\" src=\"https:\/\/www.szenik.eu\/wp-content\/uploads\/2025\/01\/Martin_Rajna_2025_c_Philharmonie_Luxembourg_Eric_Engel-22-1024x768.jpg\" alt=\"\" class=\"wp-image-71770\" srcset=\"https:\/\/www.szenik.eu\/wp-content\/uploads\/2025\/01\/Martin_Rajna_2025_c_Philharmonie_Luxembourg_Eric_Engel-22-1024x768.jpg 1024w, https:\/\/www.szenik.eu\/wp-content\/uploads\/2025\/01\/Martin_Rajna_2025_c_Philharmonie_Luxembourg_Eric_Engel-22-300x225.jpg 300w, https:\/\/www.szenik.eu\/wp-content\/uploads\/2025\/01\/Martin_Rajna_2025_c_Philharmonie_Luxembourg_Eric_Engel-22-768x576.jpg 768w, https:\/\/www.szenik.eu\/wp-content\/uploads\/2025\/01\/Martin_Rajna_2025_c_Philharmonie_Luxembourg_Eric_Engel-22-1536x1152.jpg 1536w, https:\/\/www.szenik.eu\/wp-content\/uploads\/2025\/01\/Martin_Rajna_2025_c_Philharmonie_Luxembourg_Eric_Engel-22-2048x1536.jpg 2048w, https:\/\/www.szenik.eu\/wp-content\/uploads\/2025\/01\/Martin_Rajna_2025_c_Philharmonie_Luxembourg_Eric_Engel-22-750x563.jpg 750w, https:\/\/www.szenik.eu\/wp-content\/uploads\/2025\/01\/Martin_Rajna_2025_c_Philharmonie_Luxembourg_Eric_Engel-22-1140x855.jpg 1140w\" sizes=\"(max-width: 1024px) 100vw, 1024px\" \/><figcaption class=\"wp-element-caption\">Martin Rajna \u00a9 Philharmonie Luxembourg, Eric Engel<\/figcaption><\/figure>\n\n\n\n<p>Martin Rajna \u00e4u\u00dfert sich begeistert \u00fcber seine Ernennung: \u00ab <em>Als mir aus heiterem Himmel die Stelle des Musikalischen Leiters des Luxembourg Philharmonic ab der Saison 2026\/27 angeboten wurde, habe ich mit gro\u00dfer Freude angenommen. Aus eigener Erfahrung kann ich best\u00e4tigen, dass die Philharmonie Luxembourg und das Luxembourg Philharmonic ganz besondere Qualit\u00e4ten vereinen: In einem atemberaubenden Konzertsaal arbeitet ein unglaublich professionelles und engagiertes Management-Team daran, sowohl die Gegenwart als auch die Zukunft eines herausragenden Orchesters zu gestalten und gleichzeitig die Vielfalt der klassischen Musikszene in Luxemburg und Umgebung zu sichern, wobei Qualit\u00e4t der zentrale Motor ist. Ich freue mich sehr auf die Zusammenarbeit mit diesem Team sowie mit dem Klangk\u00f6rper und kann es kaum erwarten, mich dieser neuen Herausforderung zu stellen: den Standards gerecht zu werden, die das Luxembourg Philharmonic bereits gesetzt hat, und meine ganze Energie darauf zu verwenden, den Ruf und das Ansehen des Orchesters weltweit weiter zu vergr\u00f6\u00dfern.<\/em> \u00bb<\/p>\n\n\n\n<p>Martin Rajna plant fesselnde Programme, die von klassischen Meisterwerken bis hin zu zeitgen\u00f6ssischen Kreationen reichen, und legt dabei besonderen Wert darauf, Musik einem m\u00f6glichst breiten Publikum zug\u00e4nglich zu machen.<\/p>\n\n\n\n<hr class=\"wp-block-separator has-alpha-channel-opacity\"\/>\n\n\n\n<p><strong><a href=\"http:\/\/philharmonie.lu\">philharmonie.lu<\/a><\/strong><\/p>\n","protected":false},"excerpt":{"rendered":"<p>Die Philharmonie Luxembourg ist stolz, die Ernennung von Martin Rajna zum Musikalischen Leiter des Luxembourg Philharmonic bekannt zu geben. Im September 2026 wird er die Position f\u00fcr vier Jahre \u00fcbernehmen.<\/p>\n","protected":false},"author":1683,"featured_media":71768,"comment_status":"open","ping_status":"open","sticky":false,"template":"","format":"standard","meta":{"_monsterinsights_skip_tracking":false,"_monsterinsights_sitenote_active":false,"_monsterinsights_sitenote_note":"","_monsterinsights_sitenote_category":0},"categories":[22434,53],"tags":[23225,11547],"yoast_head":"<!-- This site is optimized with the Yoast SEO plugin v20.5 - https:\/\/yoast.com\/wordpress\/plugins\/seo\/ -->\n<title>Martin Rajna, n\u00e4chste MusikalischerLeiter des Luxembourg Philharmonic - szenik.eu<\/title>\n<meta name=\"description\" content=\"Die Philharmonie Luxembourg ist stolz, die Ernennung von Martin Rajna zum Musikalischen Leiter desLuxembourg Philharmonic bekannt zu geben. Im September 2026 wird er die Position f\u00fcr vier Jahre\u00fcbernehmen.\" \/>\n<meta name=\"robots\" content=\"index, follow, max-snippet:-1, max-image-preview:large, max-video-preview:-1\" \/>\n<link rel=\"canonical\" href=\"https:\/\/www.szenik.eu\/de\/martin-rajna-naechste-musikalischer-leiter-des-luxembourg-philharmonic-71772\" \/>\n<meta property=\"og:locale\" content=\"de_DE\" \/>\n<meta property=\"og:type\" content=\"article\" \/>\n<meta property=\"og:title\" content=\"Martin Rajna, n\u00e4chste MusikalischerLeiter des Luxembourg Philharmonic - szenik.eu\" \/>\n<meta property=\"og:description\" content=\"Die Philharmonie Luxembourg ist stolz, die Ernennung von Martin Rajna zum Musikalischen Leiter desLuxembourg Philharmonic bekannt zu geben. Im September 2026 wird er die Position f\u00fcr vier Jahre\u00fcbernehmen.\" \/>\n<meta property=\"og:url\" content=\"https:\/\/www.szenik.eu\/de\/martin-rajna-naechste-musikalischer-leiter-des-luxembourg-philharmonic-71772\" \/>\n<meta property=\"og:site_name\" content=\"szenik\" \/>\n<meta property=\"article:publisher\" content=\"https:\/\/www.facebook.com\/szenik.eu\/\" \/>\n<meta property=\"article:published_time\" content=\"2025-01-23T14:37:21+00:00\" \/>\n<meta property=\"article:modified_time\" content=\"2025-01-23T16:24:59+00:00\" \/>\n<meta property=\"og:image\" content=\"https:\/\/www.szenik.eu\/wp-content\/uploads\/2025\/01\/Martin_Rajna_2025_c_Philharmonie_Luxembourg_Eric_Engel-2-scaled.jpg\" \/>\n\t<meta property=\"og:image:width\" content=\"2560\" \/>\n\t<meta property=\"og:image:height\" content=\"1920\" \/>\n\t<meta property=\"og:image:type\" content=\"image\/jpeg\" \/>\n<meta name=\"author\" content=\"Julia Percheron\" \/>\n<meta name=\"twitter:card\" content=\"summary_large_image\" \/>\n<meta name=\"twitter:creator\" content=\"@Szenik\" \/>\n<meta name=\"twitter:site\" content=\"@Szenik\" \/>\n<meta name=\"twitter:label1\" content=\"Verfasst von\" \/>\n\t<meta name=\"twitter:data1\" content=\"Julia Percheron\" \/>\n\t<meta name=\"twitter:label2\" content=\"Gesch\u00e4tzte Lesezeit\" \/>\n\t<meta name=\"twitter:data2\" content=\"3\u00a0Minuten\" \/>\n<script type=\"application\/ld+json\" class=\"yoast-schema-graph\">{\"@context\":\"https:\/\/schema.org\",\"@graph\":[{\"@type\":\"Article\",\"@id\":\"https:\/\/www.szenik.eu\/de\/martin-rajna-naechste-musikalischer-leiter-des-luxembourg-philharmonic-71772#article\",\"isPartOf\":{\"@id\":\"https:\/\/www.szenik.eu\/de\/martin-rajna-naechste-musikalischer-leiter-des-luxembourg-philharmonic-71772\"},\"author\":{\"name\":\"Julia Percheron\",\"@id\":\"https:\/\/www.szenik.eu\/de\/#\/schema\/person\/86b864bbfe343a5ebe7ff641e8d525ad\"},\"headline\":\"Martin Rajna, n\u00e4chste Musikalischer Leiter des Luxembourg Philharmonic\",\"datePublished\":\"2025-01-23T14:37:21+00:00\",\"dateModified\":\"2025-01-23T16:24:59+00:00\",\"mainEntityOfPage\":{\"@id\":\"https:\/\/www.szenik.eu\/de\/martin-rajna-naechste-musikalischer-leiter-des-luxembourg-philharmonic-71772\"},\"wordCount\":511,\"commentCount\":1,\"publisher\":{\"@id\":\"https:\/\/www.szenik.eu\/de\/#organization\"},\"keywords\":[\"Martin Rajna\",\"Orchestre Philharmonique du Luxembourg\"],\"articleSection\":[\"En bref\",\"Magazin\"],\"inLanguage\":\"de\",\"potentialAction\":[{\"@type\":\"CommentAction\",\"name\":\"Comment\",\"target\":[\"https:\/\/www.szenik.eu\/de\/martin-rajna-naechste-musikalischer-leiter-des-luxembourg-philharmonic-71772#respond\"]}]},{\"@type\":\"WebPage\",\"@id\":\"https:\/\/www.szenik.eu\/de\/martin-rajna-naechste-musikalischer-leiter-des-luxembourg-philharmonic-71772\",\"url\":\"https:\/\/www.szenik.eu\/de\/martin-rajna-naechste-musikalischer-leiter-des-luxembourg-philharmonic-71772\",\"name\":\"Martin Rajna, n\u00e4chste MusikalischerLeiter des Luxembourg Philharmonic - szenik.eu\",\"isPartOf\":{\"@id\":\"https:\/\/www.szenik.eu\/de\/#website\"},\"datePublished\":\"2025-01-23T14:37:21+00:00\",\"dateModified\":\"2025-01-23T16:24:59+00:00\",\"description\":\"Die Philharmonie Luxembourg ist stolz, die Ernennung von Martin Rajna zum Musikalischen Leiter desLuxembourg Philharmonic bekannt zu geben. Im September 2026 wird er die Position f\u00fcr vier Jahre\u00fcbernehmen.\",\"breadcrumb\":{\"@id\":\"https:\/\/www.szenik.eu\/de\/martin-rajna-naechste-musikalischer-leiter-des-luxembourg-philharmonic-71772#breadcrumb\"},\"inLanguage\":\"de\",\"potentialAction\":[{\"@type\":\"ReadAction\",\"target\":[\"https:\/\/www.szenik.eu\/de\/martin-rajna-naechste-musikalischer-leiter-des-luxembourg-philharmonic-71772\"]}]},{\"@type\":\"BreadcrumbList\",\"@id\":\"https:\/\/www.szenik.eu\/de\/martin-rajna-naechste-musikalischer-leiter-des-luxembourg-philharmonic-71772#breadcrumb\",\"itemListElement\":[{\"@type\":\"ListItem\",\"position\":1,\"name\":\"Home\",\"item\":\"https:\/\/www.szenik.eu\/de\"},{\"@type\":\"ListItem\",\"position\":2,\"name\":\"Martin Rajna, n\u00e4chste Musikalischer Leiter des Luxembourg Philharmonic\"}]},{\"@type\":\"WebSite\",\"@id\":\"https:\/\/www.szenik.eu\/de\/#website\",\"url\":\"https:\/\/www.szenik.eu\/de\/\",\"name\":\"szenik\",\"description\":\"Le Meilleur des sc\u00e8nes au coeur de l&#039;Europe\",\"publisher\":{\"@id\":\"https:\/\/www.szenik.eu\/de\/#organization\"},\"potentialAction\":[{\"@type\":\"SearchAction\",\"target\":{\"@type\":\"EntryPoint\",\"urlTemplate\":\"https:\/\/www.szenik.eu\/de\/?s={search_term_string}\"},\"query-input\":\"required name=search_term_string\"}],\"inLanguage\":\"de\"},{\"@type\":\"Organization\",\"@id\":\"https:\/\/www.szenik.eu\/de\/#organization\",\"name\":\"Szenik\",\"url\":\"https:\/\/www.szenik.eu\/de\/\",\"logo\":{\"@type\":\"ImageObject\",\"inLanguage\":\"de\",\"@id\":\"https:\/\/www.szenik.eu\/de\/#\/schema\/logo\/image\/\",\"url\":\"https:\/\/www.szenik.eu\/wp-content\/uploads\/2019\/07\/logo-square.png\",\"contentUrl\":\"https:\/\/www.szenik.eu\/wp-content\/uploads\/2019\/07\/logo-square.png\",\"width\":512,\"height\":512,\"caption\":\"Szenik\"},\"image\":{\"@id\":\"https:\/\/www.szenik.eu\/de\/#\/schema\/logo\/image\/\"},\"sameAs\":[\"https:\/\/www.facebook.com\/szenik.eu\/\",\"https:\/\/twitter.com\/Szenik\",\"https:\/\/www.instagram.com\/szenik_magazine\/\",\"https:\/\/www.youtube.com\/user\/SzenikEU\/\"]},{\"@type\":\"Person\",\"@id\":\"https:\/\/www.szenik.eu\/de\/#\/schema\/person\/86b864bbfe343a5ebe7ff641e8d525ad\",\"name\":\"Julia Percheron\",\"image\":{\"@type\":\"ImageObject\",\"inLanguage\":\"de\",\"@id\":\"https:\/\/www.szenik.eu\/de\/#\/schema\/person\/image\/\",\"url\":\"https:\/\/secure.gravatar.com\/avatar\/54e0f73752fc2f71a22d8f9a449f0ab8?s=96&d=mm&r=g\",\"contentUrl\":\"https:\/\/secure.gravatar.com\/avatar\/54e0f73752fc2f71a22d8f9a449f0ab8?s=96&d=mm&r=g\",\"caption\":\"Julia Percheron\"}}]}<\/script>\n<!-- \/ Yoast SEO plugin. -->","yoast_head_json":{"title":"Martin Rajna, n\u00e4chste MusikalischerLeiter des Luxembourg Philharmonic - szenik.eu","description":"Die Philharmonie Luxembourg ist stolz, die Ernennung von Martin Rajna zum Musikalischen Leiter desLuxembourg Philharmonic bekannt zu geben. Im September 2026 wird er die Position f\u00fcr vier Jahre\u00fcbernehmen.","robots":{"index":"index","follow":"follow","max-snippet":"max-snippet:-1","max-image-preview":"max-image-preview:large","max-video-preview":"max-video-preview:-1"},"canonical":"https:\/\/www.szenik.eu\/de\/martin-rajna-naechste-musikalischer-leiter-des-luxembourg-philharmonic-71772","og_locale":"de_DE","og_type":"article","og_title":"Martin Rajna, n\u00e4chste MusikalischerLeiter des Luxembourg Philharmonic - szenik.eu","og_description":"Die Philharmonie Luxembourg ist stolz, die Ernennung von Martin Rajna zum Musikalischen Leiter desLuxembourg Philharmonic bekannt zu geben. Im September 2026 wird er die Position f\u00fcr vier Jahre\u00fcbernehmen.","og_url":"https:\/\/www.szenik.eu\/de\/martin-rajna-naechste-musikalischer-leiter-des-luxembourg-philharmonic-71772","og_site_name":"szenik","article_publisher":"https:\/\/www.facebook.com\/szenik.eu\/","article_published_time":"2025-01-23T14:37:21+00:00","article_modified_time":"2025-01-23T16:24:59+00:00","og_image":[{"width":2560,"height":1920,"url":"https:\/\/www.szenik.eu\/wp-content\/uploads\/2025\/01\/Martin_Rajna_2025_c_Philharmonie_Luxembourg_Eric_Engel-2-scaled.jpg","type":"image\/jpeg"}],"author":"Julia Percheron","twitter_card":"summary_large_image","twitter_creator":"@Szenik","twitter_site":"@Szenik","twitter_misc":{"Verfasst von":"Julia Percheron","Gesch\u00e4tzte Lesezeit":"3\u00a0Minuten"},"schema":{"@context":"https:\/\/schema.org","@graph":[{"@type":"Article","@id":"https:\/\/www.szenik.eu\/de\/martin-rajna-naechste-musikalischer-leiter-des-luxembourg-philharmonic-71772#article","isPartOf":{"@id":"https:\/\/www.szenik.eu\/de\/martin-rajna-naechste-musikalischer-leiter-des-luxembourg-philharmonic-71772"},"author":{"name":"Julia Percheron","@id":"https:\/\/www.szenik.eu\/de\/#\/schema\/person\/86b864bbfe343a5ebe7ff641e8d525ad"},"headline":"Martin Rajna, n\u00e4chste Musikalischer Leiter des Luxembourg Philharmonic","datePublished":"2025-01-23T14:37:21+00:00","dateModified":"2025-01-23T16:24:59+00:00","mainEntityOfPage":{"@id":"https:\/\/www.szenik.eu\/de\/martin-rajna-naechste-musikalischer-leiter-des-luxembourg-philharmonic-71772"},"wordCount":511,"commentCount":1,"publisher":{"@id":"https:\/\/www.szenik.eu\/de\/#organization"},"keywords":["Martin Rajna","Orchestre Philharmonique du Luxembourg"],"articleSection":["En bref","Magazin"],"inLanguage":"de","potentialAction":[{"@type":"CommentAction","name":"Comment","target":["https:\/\/www.szenik.eu\/de\/martin-rajna-naechste-musikalischer-leiter-des-luxembourg-philharmonic-71772#respond"]}]},{"@type":"WebPage","@id":"https:\/\/www.szenik.eu\/de\/martin-rajna-naechste-musikalischer-leiter-des-luxembourg-philharmonic-71772","url":"https:\/\/www.szenik.eu\/de\/martin-rajna-naechste-musikalischer-leiter-des-luxembourg-philharmonic-71772","name":"Martin Rajna, n\u00e4chste MusikalischerLeiter des Luxembourg Philharmonic - szenik.eu","isPartOf":{"@id":"https:\/\/www.szenik.eu\/de\/#website"},"datePublished":"2025-01-23T14:37:21+00:00","dateModified":"2025-01-23T16:24:59+00:00","description":"Die Philharmonie Luxembourg ist stolz, die Ernennung von Martin Rajna zum Musikalischen Leiter desLuxembourg Philharmonic bekannt zu geben. Im September 2026 wird er die Position f\u00fcr vier Jahre\u00fcbernehmen.","breadcrumb":{"@id":"https:\/\/www.szenik.eu\/de\/martin-rajna-naechste-musikalischer-leiter-des-luxembourg-philharmonic-71772#breadcrumb"},"inLanguage":"de","potentialAction":[{"@type":"ReadAction","target":["https:\/\/www.szenik.eu\/de\/martin-rajna-naechste-musikalischer-leiter-des-luxembourg-philharmonic-71772"]}]},{"@type":"BreadcrumbList","@id":"https:\/\/www.szenik.eu\/de\/martin-rajna-naechste-musikalischer-leiter-des-luxembourg-philharmonic-71772#breadcrumb","itemListElement":[{"@type":"ListItem","position":1,"name":"Home","item":"https:\/\/www.szenik.eu\/de"},{"@type":"ListItem","position":2,"name":"Martin Rajna, n\u00e4chste Musikalischer Leiter des Luxembourg Philharmonic"}]},{"@type":"WebSite","@id":"https:\/\/www.szenik.eu\/de\/#website","url":"https:\/\/www.szenik.eu\/de\/","name":"szenik","description":"Le Meilleur des sc\u00e8nes au coeur de l&#039;Europe","publisher":{"@id":"https:\/\/www.szenik.eu\/de\/#organization"},"potentialAction":[{"@type":"SearchAction","target":{"@type":"EntryPoint","urlTemplate":"https:\/\/www.szenik.eu\/de\/?s={search_term_string}"},"query-input":"required name=search_term_string"}],"inLanguage":"de"},{"@type":"Organization","@id":"https:\/\/www.szenik.eu\/de\/#organization","name":"Szenik","url":"https:\/\/www.szenik.eu\/de\/","logo":{"@type":"ImageObject","inLanguage":"de","@id":"https:\/\/www.szenik.eu\/de\/#\/schema\/logo\/image\/","url":"https:\/\/www.szenik.eu\/wp-content\/uploads\/2019\/07\/logo-square.png","contentUrl":"https:\/\/www.szenik.eu\/wp-content\/uploads\/2019\/07\/logo-square.png","width":512,"height":512,"caption":"Szenik"},"image":{"@id":"https:\/\/www.szenik.eu\/de\/#\/schema\/logo\/image\/"},"sameAs":["https:\/\/www.facebook.com\/szenik.eu\/","https:\/\/twitter.com\/Szenik","https:\/\/www.instagram.com\/szenik_magazine\/","https:\/\/www.youtube.com\/user\/SzenikEU\/"]},{"@type":"Person","@id":"https:\/\/www.szenik.eu\/de\/#\/schema\/person\/86b864bbfe343a5ebe7ff641e8d525ad","name":"Julia Percheron","image":{"@type":"ImageObject","inLanguage":"de","@id":"https:\/\/www.szenik.eu\/de\/#\/schema\/person\/image\/","url":"https:\/\/secure.gravatar.com\/avatar\/54e0f73752fc2f71a22d8f9a449f0ab8?s=96&d=mm&r=g","contentUrl":"https:\/\/secure.gravatar.com\/avatar\/54e0f73752fc2f71a22d8f9a449f0ab8?s=96&d=mm&r=g","caption":"Julia Percheron"}}]}},"jetpack_featured_media_url":"https:\/\/www.szenik.eu\/wp-content\/uploads\/2025\/01\/Martin_Rajna_2025_c_Philharmonie_Luxembourg_Eric_Engel-2-scaled.jpg","amp_enabled":true,"_links":{"self":[{"href":"https:\/\/www.szenik.eu\/de\/wp-json\/\/wp\/v2\/posts\/71772"}],"collection":[{"href":"https:\/\/www.szenik.eu\/de\/wp-json\/\/wp\/v2\/posts"}],"about":[{"href":"https:\/\/www.szenik.eu\/de\/wp-json\/\/wp\/v2\/types\/post"}],"author":[{"embeddable":true,"href":"https:\/\/www.szenik.eu\/de\/wp-json\/\/wp\/v2\/users\/1683"}],"replies":[{"embeddable":true,"href":"https:\/\/www.szenik.eu\/de\/wp-json\/\/wp\/v2\/comments?post=71772"}],"version-history":[{"count":2,"href":"https:\/\/www.szenik.eu\/de\/wp-json\/\/wp\/v2\/posts\/71772\/revisions"}],"predecessor-version":[{"id":71777,"href":"https:\/\/www.szenik.eu\/de\/wp-json\/\/wp\/v2\/posts\/71772\/revisions\/71777"}],"wp:featuredmedia":[{"embeddable":true,"href":"https:\/\/www.szenik.eu\/de\/wp-json\/\/wp\/v2\/media\/71768"}],"wp:attachment":[{"href":"https:\/\/www.szenik.eu\/de\/wp-json\/\/wp\/v2\/media?parent=71772"}],"wp:term":[{"taxonomy":"category","embeddable":true,"href":"https:\/\/www.szenik.eu\/de\/wp-json\/\/wp\/v2\/categories?post=71772"},{"taxonomy":"post_tag","embeddable":true,"href":"https:\/\/www.szenik.eu\/de\/wp-json\/\/wp\/v2\/tags?post=71772"}],"curies":[{"name":"wp","href":"https:\/\/api.w.org\/{rel}","templated":true}]}}