{"id":71011,"date":"2024-10-22T13:56:38","date_gmt":"2024-10-22T11:56:38","guid":{"rendered":"https:\/\/www.szenik.eu\/?p=71011\/"},"modified":"2024-10-22T13:57:07","modified_gmt":"2024-10-22T11:57:07","slug":"festspielhaus-baden-baden-seelen-tankstelle-im-sehnsuchtsort","status":"publish","type":"post","link":"https:\/\/www.szenik.eu\/de\/festspielhaus-baden-baden-seelen-tankstelle-im-sehnsuchtsort-71011","title":{"rendered":"Festspielhaus Baden-Baden : Seelen-Tankstelle im Sehnsuchtsort"},"content":{"rendered":"\n<p><em>Das Festspielhaus Baden-Baden geht selbstbewusst in das neue Programmjahr 2025 \/ Erstmals Sommer-Open Air im Kurgarten \/ Service wird digitaler&nbsp;<\/em><\/p>\n\n\n\n<p>Das <a href=\"https:\/\/www.szenik.eu\/de\/festspielhaus-sol-gabetta-rettet-konzert-in-baden-baden-70817\">Festspielhaus Baden-Baden<\/a> geht mit sieben eigenen Festivals und vielen prominent besetzten Einzelveranstaltungen in das Jahr 2025. Intendant Benedikt Stampa stellte das neue Programm heute (22.10.2024) \u00f6ffentlich vor.\u00a0<\/p>\n\n\n\n<p>Nach einer dreij\u00e4hrigen Unterbrechung bietet das gr\u00f6\u00dfte deutsche Opern- und Konzerthaus 2025 auch wieder Winterfestspiele mit Oper und klassischem Tanz zur Weihnachtszeit an. Die Saisoner\u00f6ffnung feiert das Festspielhaus am Sonntag, 12. Januar 2025 mit einem Gala-Programm zum 200. Geburtstag von Johann Strau\u00df. Zu Gast sind dann die Bayreuth-Stars Camilla Nylund und Andreas Schager.&nbsp;<\/p>\n\n\n\n<p><br>Benedikt Stampa sagt: \u201eTrotz aller Krisen blicken wir voller Optimismus in die Zukunft. Musik und Tanz sind gerade in Zeiten der Orientierungslosigkeit wichtige Konstanten. Der Sehnsuchtsort Baden-Baden wird damit zu einer wichtigen Seelen-Tankstelle.\u201c<\/p>\n\n\n\n<p><strong>Private Unterst\u00fctzung wichtiger denn je<\/strong><\/p>\n\n\n\n<p>Intendant Benedikt Stampa w\u00fcrdigte im Rahmen der Programm-Pr\u00e4sentation das Engagement der privaten F\u00f6rderer und Stifter des Festspielhauses Baden-Baden: \u201eGl\u00fccklicherweise bedeutet unsere Arbeit Menschen so viel, dass sie uns mit Spenden und Mitgliedsbeitr\u00e4gen im Freundeskreis unterst\u00fctzen. Die Preissteigerungen der vergangenen Jahre haben auch vor der Kultur nicht Halt gemacht. Gleichzeitig k\u00f6nnen wir immer wieder auf der B\u00fchne und in zahlreichen sozialen Projekten verdeutlichen, welche Kraft die Musik entwickeln kann und wie wichtig der internationale Austausch im \u201aBaden-Badener Salon\u2018 in diesen Zeiten geworden ist.\u201c<\/p>\n\n\n\n<p><strong>G\u00e4ste aus Budapest und Kiew im Winter<\/strong><\/p>\n\n\n\n<p>Die neuen Winterfestspiele bietet das Festspielhaus Baden-Baden vom 12. bis 22. Dezember 2025 an. Zu Gast sind das Budapest Festival Orchestra mit seinem Chefdirigenten Iv\u00e1n Fischer sowie das in seiner Heimat unter widrigsten Bedingungen arbeitende Nationalballett der Ukraine. Auf dem Programm stehen die Mozart-Oper \u201eDon Giovanni\u201c, Johann Sebastian Bachs \u201eWeihnachts-oratorium\u201c und das Ballett \u201eDie Schneek\u00f6nigin\u201c.&nbsp;<br>Benedikt Stampa: \u201eF\u00fcr die Neuausrichtung des Winterprogramms haben wir uns nach dem Beginn des russischen Angriffskriegs auf die Ukraine und der Ausladung des Mariinsky-Balletts etwas Zeit gelassen. Ich bin der Meinung, dass wir mit Iv\u00e1n Fischer und dem zur Weltklasse z\u00e4hlenden Budapest Festival Orchestra einen neuen Meilenstein in unserer Festspielgeschichte setzen k\u00f6nnen. Mit dem Gastspiel des Ukrainischen Nationalballetts setzen wir als ein Kulturort, der besondere Br\u00fccken nach Osteuropa hatte, ein nicht minder bedeutendes Zeichen der Solidarit\u00e4t und des Neuanfangs.\u201c&nbsp;<\/p>\n\n\n\n<p><strong>Vorverkauf beginnt in der App<\/strong><\/p>\n\n\n\n<p>Der Vorverkauf f\u00fcr s\u00e4mtliche Veranstaltungen beginnt am Montag, 28. Oktober 2024. Mit der zeitgleich zur Programmver\u00f6ffentlichung vorgestellten neuen Festspielhaus-App ist die Buchung von Veranstaltungen f\u00fcr das Jahr 2025 bereits ab Mittwoch, 23. Oktober, 9 Uhr m\u00f6glich. Die App ist in allen g\u00e4ngigen App-Stores verf\u00fcgbar. Weitere Informationen und Tickets unter:&nbsp;<a href=\"http:\/\/www.festspielhaus.de\/\">www.festspielhaus.de<\/a>&nbsp;\u2013 Tel. 07221 \/ 30 13 101.&nbsp;<\/p>\n\n\n\n<p><strong>Klassik-Blockbuster, Open Air und eine \u201eEhrensache\u201c<\/strong><\/p>\n\n\n\n<p>Mit der Oper \u201eMadama Butterfly\u201c von Giacomo Puccini, der monumentalen \u201eAlpensinfonie\u201c von Richard Strauss und Beethovens \u201eNeunter\u201c verabschieden sich 2025 die Berliner Philharmoniker von den Osterfestspielen Baden-Baden. Intendant Benedikt Stampa freut sich auf das \u201eAbschiedsfest\u201c: \u201eWir beenden die Zusammenarbeit zu Ostern ohne Groll und freuen uns auf Konzerte der Berliner Philharmoniker, die f\u00fcr die kommenden Jahre auf anderen Programmpositionen geplant sind\u201c. Gleichzeitig baut das Festspielhaus schon 2025 musikalische Br\u00fccken in die Zukunft: \u201eMit Klaus M\u00e4kel\u00e4 dirigiert der im Moment gefragteste Dirigent der Welt bei den Osterfestspielen Baden-Baden mit den Berliner Philharmonikern.\u201c 2026 wird der junge finnische Dirigent gemeinsam mit der deutschen Dirigentin Joana Mallwitz die musikalische Leitung der Osterfestspiele \u00fcbernehmen und mit dem Royal Concertgebouw Orchestra aus Amsterdam zur\u00fcck in den Schwarzwald kehren.&nbsp;<\/p>\n\n\n\n<p>Eine Premiere stellt 2025 das erste Sommer-Open-Air des Festspielhauses Baden-Baden vor dem weltber\u00fchmten Kurhaus der Stadt dar. In einer Zusammenarbeit mit der Baden-Baden Events GmbH und dem Kurhaus Baden-Baden soll ein neuer Anziehungspunkt im Sommerprogramm der Stadt entstehen. Die Premierenausgabe dirigiert der Musikchef der New Yorker Metropolitan Opera, Yannick N\u00e9zet-S\u00e9guin. Er bringt erstmals das Orchestre M\u00e9tropolitan aus Montreal zu den Sommerfestspielen \u201eLa Capitale d\u2019\u00c9t\u00e9\u201c nach Baden-Baden. Solistin ist die kubanisch-amerikanische Sopranistin Lisette Oropesa (29.6.2025), ein Star der New Yorker Metropolitan Opera.<\/p>\n\n\n\n<p>Ein weiteres international besetztes Festival widmet das Festspielhaus 2025 dem Komponisten, Dirigenten und Musikp\u00e4dagogen Pierre Boulez, der 100 Jahre alt w\u00fcrde und bis 2016 \u00fcber 60 Jahre in Baden-Baden lebte und arbeitete. \u201eWir f\u00fchlen uns positiv verpflichtet, dieser herausragenden K\u00fcnstler-Pers\u00f6nlichkeit zu gedenken und zusammen mit der Stadt Baden-Baden, dem S\u00fcdwestrundfunk und Musikhochschulen des Landes ein in die Zukunft weisendes Geburtstagsprogramm auf die Beine zu stellen\u201c, sagt Benedikt Stampa zur \u201eEhrensache Pierre Boulez\u201c.<\/p>\n\n\n\n<p>Das Festspielhaus Baden-Baden wartet \u00fcber die sieben Festivals hinaus 2025 mit weiteren Klassik-Leckerbissen auf: Cecilia Bartoli und Lang Lang kommen zu einem gemeinsamen Liederabend (31.10.2025), Sonya Yoncheva ist als \u201eNorma\u201c im Sommer (24.8.2025) zu h\u00f6ren und eine erlesene Solisten-Riege samt Schauspielerin Johanna Wokalek gestaltet die Oper \u201eFreisch\u00fctz\u201c von Carl-Maria von Weber (3.5.2025).<\/p>\n\n\n\n<p><strong>B\u00fcrgerfest und Weltklasse-Orchester<\/strong><\/p>\n\n\n\n<p>Die Feierlichkeiten zum Geburtstag des K\u00fcnstlers erstrecken sich vom Jahresbeginn bis Mitte Juni 2025. In unterschiedlichen Formaten wird an Pierre Boulez erinnert, sein Schaffen f\u00fcr Kinder, Jugendliche und Erwachsene erl\u00e4utert und sein musikalisches Erbe im Rahmen der Pfingstfestspiele \u201ePresence\u201c durch international bedeutende K\u00fcnstlerinnen und K\u00fcnstler gew\u00fcrdigt.<\/p>\n\n\n\n<p>Ein B\u00fcrgerfest am Geburtstag (26.3.2025) findet bei freiem Eintritt im Festspielhaus Baden-Baden statt.<\/p>\n\n\n\n<p>Im Rahmen der Pfingstfestspiele erinnern das London Symphony Orchestra, das SWR Sinfonieorchester, das Ensemble Intercontemporain und das Ensemble Recherche sowie das franz\u00f6sische Orchester Les Si\u00e8cle sowie der Pianist Pierre-Laurent Aimard an Pierre Boulez. Das Programm reicht vom mehrmonatigen Schulprojekt Im.Puls \u00fcber Kinoabende auf gro\u00dfer Festspielhaus-B\u00fchne bis zu einem Abend mit Musik von Frank Zappa, mit dem Pierre Boulez befreundet war. Eine Fotoausstellung von Simone Demandt gew\u00e4hrt seltene Einblicke in die private Welt des K\u00fcnstlers. (\u201eJahrhundertring \u2013 Kino im Festspielhaus\u201c, 13.-19.1.2025; B\u00fcrgerfest, 26.3.2025; Pfingstfestspiele \u201ePresence\u201c, 31.5.-9.6.2025).&nbsp;<\/p>\n\n\n\n<p><strong>Jahrhundert-Choreograf spiegelt Jahrhundert-T\u00e4nzer<\/strong><\/p>\n\n\n\n<p>Zum vierten Mal l\u00e4dt der Jahrhundert-Choreograf John Neumeier 2025 in seine Welt nach Baden-Baden. Die n\u00e4chste Ausgabe dieses Festivals besch\u00e4ftigt sich mit Vaslav Nijinsky, der im fr\u00fchen 20. Jahrhundert die Tanzwelt ver\u00e4nderte und an den kriegerischen Katastrophen seiner Zeit fast g\u00e4nzlich zerbrach. John Neumeier war fr\u00fch vom Wirken Nijinskys fasziniert und hat neben seiner Arbeit als Intendant und Choreograf die weltweit bedeutendste Sammlung zu diesem K\u00fcnstler mit polnisch-ukrainischen Wurzeln geschaffen. Im Mittelpunkt des Festivals steht daher auch das John-Neumeier-Ballett \u201eNijinsky\u201c, mit dem das Hamburg Ballett unter der Leitung von Demis Volpi zu Gast sein wird. Mit dem Ballett der Mail\u00e4nder Scala pr\u00e4sentieren John Neumeier und Festspielhaus-Intendant Benedikt Stampa ein weiteres Weltklasse-Ballett im Festival. Das Kammerballetten aus D\u00e4nemark sowie das Bundesjugendballett John Neumeier und Sch\u00fclerinnen und Sch\u00fcler der Ballettschule des Hamburg Balletts komplettieren das Tanzfestival \u201eThe World of John Neumeier\u201c 2025. (2.\u201312.10.2025)<\/p>\n\n\n\n<p><strong>Neue Orchester-Partnerschaft<\/strong><\/p>\n\n\n\n<p>Eine zun\u00e4chst auf drei Jahre angelegte neue Orchester-Partnerschaft geht das Festspielhaus Baden-Baden mit dem Tonhalle-Orchester Z\u00fcrich ein. Benedikt Stampa: \u201eIch freue mich, dass wir mit dem Tonhalle-Orchester Z\u00fcrich einen ganz besonderen Klangk\u00f6rper zu einem Gustav-Mahler-Zyklus in Baden-Baden begr\u00fc\u00dfen werden k\u00f6nnen und das Orchester in wenigen Stunden mit der Bahn bei uns ist. Music Director Paavo J\u00e4rvi ist ein weltweit gefragter Maestro. Seine Expertise und die gro\u00dfen Sinfonien Gustav Mahlers versprechen unseren Konzert-Herbst ab 2025 nachhaltig zu bereichern.\u201c<\/p>\n\n\n\n<p><strong>Junge \u00dcbernahme<\/strong><\/p>\n\n\n\n<p>Vier Jahre alt wird 2025 das Takeover Festival in Baden-Baden. An zwei Wochenenden vom 31. Januar bis zum 8. Februar richtet sich das Programm an junge Menschen und Musikliebhaber, die wissen wollen, was es Neues gibt. Das Festival bietet freundliche \u00dcbernahmen im Stundentakt. Zu Gast sind die M\u00fcnchner Jazzrausch Bigband, der Berliner Erfolgs-DJ Parra for Cuva und das Live-Podcast-Format \u00c4tna, das in Baden-Baden mit dem Kammerorchester Reflektor neue Formate erprobt. F\u00fcr elektronischen Pop steht die Band The Notwist, das Kirill Richter Trio spielt Neo-Klassik. Eine besondere Farbe des Festivals ist der zeitgen\u00f6ssische Tanz. Zu Gast sind die Schweizer Beaver Dam Company und die franz\u00f6sische Compagnie Herv\u00e9 Koubi, die afrikanische und europ\u00e4ische Wurzeln hat. \u201eDas Festspielhaus verwandelt sich an den beiden Wochenenden des Takeover Festivals wieder in einen leicht zug\u00e4nglichen Ort der Begegnung\u201c, so Intendant Benedikt Stampa, der einen weiteren Aspekt des Festivals hervorhebt: \u201eDie Partizipation wird hier gro\u00df geschrieben. Alle K\u00fcnstlerinnen und K\u00fcnstler treffen in Workshops, Gespr\u00e4chen und weiteren Formaten das Publikum. N\u00e4her dran sein geht nicht.\u201c<\/p>\n\n\n\n<p><strong>Weitere Informationen und Tickets:<\/strong>&nbsp;<a href=\"http:\/\/www.festspielhaus.de\/\">www.festspielhaus.de<\/a><\/p>\n\n\n\n<p><strong>Pers\u00f6nliche Beratung und Reservierungen:&nbsp;<\/strong>Tel. 07221 \/ 30 13 101<\/p>\n","protected":false},"excerpt":{"rendered":"<p>Das Festspielhaus Baden-Baden geht selbstbewusst in das neue Programmjahr 2025 \/ Erstmals Sommer-Open Air im Kurgarten \/ Service wird digitaler&nbsp; Das Festspielhaus Baden-Baden geht mit sieben eigenen Festivals und vielen prominent besetzten Einzelveranstaltungen in das Jahr 2025. Intendant Benedikt Stampa stellte das neue Programm heute (22.10.2024) \u00f6ffentlich vor.\u00a0 Nach einer dreij\u00e4hrigen Unterbrechung bietet das gr\u00f6\u00dfte [&hellip;]<\/p>\n","protected":false},"author":1680,"featured_media":71012,"comment_status":"open","ping_status":"open","sticky":false,"template":"","format":"standard","meta":{"_monsterinsights_skip_tracking":false,"_monsterinsights_sitenote_active":false,"_monsterinsights_sitenote_note":"","_monsterinsights_sitenote_category":0},"categories":[2815],"tags":[],"yoast_head":"<!-- This site is optimized with the Yoast SEO plugin v20.5 - https:\/\/yoast.com\/wordpress\/plugins\/seo\/ -->\n<title>Festspielhaus Baden-Baden : Seelen-Tankstelle im Sehnsuchtsort | szenik<\/title>\n<meta name=\"description\" content=\"Das Festspielhaus Baden-Baden geht selbstbewusst in das neue Programmjahr 2025 \/ Erstmals Sommer-Open Air im Kurgarten \/ Service wird digita\" \/>\n<meta name=\"robots\" content=\"index, follow, max-snippet:-1, max-image-preview:large, max-video-preview:-1\" \/>\n<link rel=\"canonical\" href=\"https:\/\/www.szenik.eu\/de\/festspielhaus-baden-baden-seelen-tankstelle-im-sehnsuchtsort-71011\" \/>\n<meta property=\"og:locale\" content=\"de_DE\" \/>\n<meta property=\"og:type\" content=\"article\" \/>\n<meta property=\"og:title\" content=\"Festspielhaus Baden-Baden : Seelen-Tankstelle im Sehnsuchtsort | szenik\" \/>\n<meta property=\"og:description\" content=\"Das Festspielhaus Baden-Baden geht selbstbewusst in das neue Programmjahr 2025 \/ Erstmals Sommer-Open Air im Kurgarten \/ Service wird digita\" \/>\n<meta property=\"og:url\" content=\"https:\/\/www.szenik.eu\/de\/festspielhaus-baden-baden-seelen-tankstelle-im-sehnsuchtsort-71011\" \/>\n<meta property=\"og:site_name\" content=\"szenik\" \/>\n<meta property=\"article:publisher\" content=\"https:\/\/www.facebook.com\/szenik.eu\/\" \/>\n<meta property=\"article:published_time\" content=\"2024-10-22T11:56:38+00:00\" \/>\n<meta property=\"article:modified_time\" content=\"2024-10-22T11:57:07+00:00\" \/>\n<meta property=\"og:image\" content=\"https:\/\/www.szenik.eu\/wp-content\/uploads\/2024\/10\/Schneekonigin_NationalballettdUkraine_cKseni-aOrlova-scaled.jpg\" \/>\n\t<meta property=\"og:image:width\" content=\"2560\" \/>\n\t<meta property=\"og:image:height\" content=\"1707\" \/>\n\t<meta property=\"og:image:type\" content=\"image\/jpeg\" \/>\n<meta name=\"author\" content=\"sarahk\" \/>\n<meta name=\"twitter:card\" content=\"summary_large_image\" \/>\n<meta name=\"twitter:creator\" content=\"@Szenik\" \/>\n<meta name=\"twitter:site\" content=\"@Szenik\" \/>\n<meta name=\"twitter:label1\" content=\"Verfasst von\" \/>\n\t<meta name=\"twitter:data1\" content=\"sarahk\" \/>\n\t<meta name=\"twitter:label2\" content=\"Gesch\u00e4tzte Lesezeit\" \/>\n\t<meta name=\"twitter:data2\" content=\"7\u00a0Minuten\" \/>\n<script type=\"application\/ld+json\" class=\"yoast-schema-graph\">{\"@context\":\"https:\/\/schema.org\",\"@graph\":[{\"@type\":\"Article\",\"@id\":\"https:\/\/www.szenik.eu\/de\/festspielhaus-baden-baden-seelen-tankstelle-im-sehnsuchtsort-71011#article\",\"isPartOf\":{\"@id\":\"https:\/\/www.szenik.eu\/de\/festspielhaus-baden-baden-seelen-tankstelle-im-sehnsuchtsort-71011\"},\"author\":{\"name\":\"sarahk\",\"@id\":\"https:\/\/www.szenik.eu\/de\/#\/schema\/person\/81e9d00e9b1306e18e10ca1e4bed6465\"},\"headline\":\"Festspielhaus Baden-Baden : Seelen-Tankstelle im Sehnsuchtsort\",\"datePublished\":\"2024-10-22T11:56:38+00:00\",\"dateModified\":\"2024-10-22T11:57:07+00:00\",\"mainEntityOfPage\":{\"@id\":\"https:\/\/www.szenik.eu\/de\/festspielhaus-baden-baden-seelen-tankstelle-im-sehnsuchtsort-71011\"},\"wordCount\":1373,\"commentCount\":0,\"publisher\":{\"@id\":\"https:\/\/www.szenik.eu\/de\/#organization\"},\"articleSection\":[\"Kurz &amp; knackig\"],\"inLanguage\":\"de\",\"potentialAction\":[{\"@type\":\"CommentAction\",\"name\":\"Comment\",\"target\":[\"https:\/\/www.szenik.eu\/de\/festspielhaus-baden-baden-seelen-tankstelle-im-sehnsuchtsort-71011#respond\"]}]},{\"@type\":\"WebPage\",\"@id\":\"https:\/\/www.szenik.eu\/de\/festspielhaus-baden-baden-seelen-tankstelle-im-sehnsuchtsort-71011\",\"url\":\"https:\/\/www.szenik.eu\/de\/festspielhaus-baden-baden-seelen-tankstelle-im-sehnsuchtsort-71011\",\"name\":\"Festspielhaus Baden-Baden : Seelen-Tankstelle im Sehnsuchtsort | szenik\",\"isPartOf\":{\"@id\":\"https:\/\/www.szenik.eu\/de\/#website\"},\"datePublished\":\"2024-10-22T11:56:38+00:00\",\"dateModified\":\"2024-10-22T11:57:07+00:00\",\"description\":\"Das Festspielhaus Baden-Baden geht selbstbewusst in das neue Programmjahr 2025 \/ Erstmals Sommer-Open Air im Kurgarten \/ Service wird digita\",\"breadcrumb\":{\"@id\":\"https:\/\/www.szenik.eu\/de\/festspielhaus-baden-baden-seelen-tankstelle-im-sehnsuchtsort-71011#breadcrumb\"},\"inLanguage\":\"de\",\"potentialAction\":[{\"@type\":\"ReadAction\",\"target\":[\"https:\/\/www.szenik.eu\/de\/festspielhaus-baden-baden-seelen-tankstelle-im-sehnsuchtsort-71011\"]}]},{\"@type\":\"BreadcrumbList\",\"@id\":\"https:\/\/www.szenik.eu\/de\/festspielhaus-baden-baden-seelen-tankstelle-im-sehnsuchtsort-71011#breadcrumb\",\"itemListElement\":[{\"@type\":\"ListItem\",\"position\":1,\"name\":\"Home\",\"item\":\"https:\/\/www.szenik.eu\/de\"},{\"@type\":\"ListItem\",\"position\":2,\"name\":\"Festspielhaus Baden-Baden : Seelen-Tankstelle im Sehnsuchtsort\"}]},{\"@type\":\"WebSite\",\"@id\":\"https:\/\/www.szenik.eu\/de\/#website\",\"url\":\"https:\/\/www.szenik.eu\/de\/\",\"name\":\"szenik\",\"description\":\"Le Meilleur des sc\u00e8nes au coeur de l&#039;Europe\",\"publisher\":{\"@id\":\"https:\/\/www.szenik.eu\/de\/#organization\"},\"potentialAction\":[{\"@type\":\"SearchAction\",\"target\":{\"@type\":\"EntryPoint\",\"urlTemplate\":\"https:\/\/www.szenik.eu\/de\/?s={search_term_string}\"},\"query-input\":\"required name=search_term_string\"}],\"inLanguage\":\"de\"},{\"@type\":\"Organization\",\"@id\":\"https:\/\/www.szenik.eu\/de\/#organization\",\"name\":\"Szenik\",\"url\":\"https:\/\/www.szenik.eu\/de\/\",\"logo\":{\"@type\":\"ImageObject\",\"inLanguage\":\"de\",\"@id\":\"https:\/\/www.szenik.eu\/de\/#\/schema\/logo\/image\/\",\"url\":\"https:\/\/www.szenik.eu\/wp-content\/uploads\/2019\/07\/logo-square.png\",\"contentUrl\":\"https:\/\/www.szenik.eu\/wp-content\/uploads\/2019\/07\/logo-square.png\",\"width\":512,\"height\":512,\"caption\":\"Szenik\"},\"image\":{\"@id\":\"https:\/\/www.szenik.eu\/de\/#\/schema\/logo\/image\/\"},\"sameAs\":[\"https:\/\/www.facebook.com\/szenik.eu\/\",\"https:\/\/twitter.com\/Szenik\",\"https:\/\/www.instagram.com\/szenik_magazine\/\",\"https:\/\/www.youtube.com\/user\/SzenikEU\/\"]},{\"@type\":\"Person\",\"@id\":\"https:\/\/www.szenik.eu\/de\/#\/schema\/person\/81e9d00e9b1306e18e10ca1e4bed6465\",\"name\":\"sarahk\",\"image\":{\"@type\":\"ImageObject\",\"inLanguage\":\"de\",\"@id\":\"https:\/\/www.szenik.eu\/de\/#\/schema\/person\/image\/\",\"url\":\"https:\/\/secure.gravatar.com\/avatar\/1e5f6f691c4a068f4814bda15b8400ca?s=96&d=mm&r=g\",\"contentUrl\":\"https:\/\/secure.gravatar.com\/avatar\/1e5f6f691c4a068f4814bda15b8400ca?s=96&d=mm&r=g\",\"caption\":\"sarahk\"}}]}<\/script>\n<!-- \/ Yoast SEO plugin. -->","yoast_head_json":{"title":"Festspielhaus Baden-Baden : Seelen-Tankstelle im Sehnsuchtsort | szenik","description":"Das Festspielhaus Baden-Baden geht selbstbewusst in das neue Programmjahr 2025 \/ Erstmals Sommer-Open Air im Kurgarten \/ Service wird digita","robots":{"index":"index","follow":"follow","max-snippet":"max-snippet:-1","max-image-preview":"max-image-preview:large","max-video-preview":"max-video-preview:-1"},"canonical":"https:\/\/www.szenik.eu\/de\/festspielhaus-baden-baden-seelen-tankstelle-im-sehnsuchtsort-71011","og_locale":"de_DE","og_type":"article","og_title":"Festspielhaus Baden-Baden : Seelen-Tankstelle im Sehnsuchtsort | szenik","og_description":"Das Festspielhaus Baden-Baden geht selbstbewusst in das neue Programmjahr 2025 \/ Erstmals Sommer-Open Air im Kurgarten \/ Service wird digita","og_url":"https:\/\/www.szenik.eu\/de\/festspielhaus-baden-baden-seelen-tankstelle-im-sehnsuchtsort-71011","og_site_name":"szenik","article_publisher":"https:\/\/www.facebook.com\/szenik.eu\/","article_published_time":"2024-10-22T11:56:38+00:00","article_modified_time":"2024-10-22T11:57:07+00:00","og_image":[{"width":2560,"height":1707,"url":"https:\/\/www.szenik.eu\/wp-content\/uploads\/2024\/10\/Schneekonigin_NationalballettdUkraine_cKseni-aOrlova-scaled.jpg","type":"image\/jpeg"}],"author":"sarahk","twitter_card":"summary_large_image","twitter_creator":"@Szenik","twitter_site":"@Szenik","twitter_misc":{"Verfasst von":"sarahk","Gesch\u00e4tzte Lesezeit":"7\u00a0Minuten"},"schema":{"@context":"https:\/\/schema.org","@graph":[{"@type":"Article","@id":"https:\/\/www.szenik.eu\/de\/festspielhaus-baden-baden-seelen-tankstelle-im-sehnsuchtsort-71011#article","isPartOf":{"@id":"https:\/\/www.szenik.eu\/de\/festspielhaus-baden-baden-seelen-tankstelle-im-sehnsuchtsort-71011"},"author":{"name":"sarahk","@id":"https:\/\/www.szenik.eu\/de\/#\/schema\/person\/81e9d00e9b1306e18e10ca1e4bed6465"},"headline":"Festspielhaus Baden-Baden : Seelen-Tankstelle im Sehnsuchtsort","datePublished":"2024-10-22T11:56:38+00:00","dateModified":"2024-10-22T11:57:07+00:00","mainEntityOfPage":{"@id":"https:\/\/www.szenik.eu\/de\/festspielhaus-baden-baden-seelen-tankstelle-im-sehnsuchtsort-71011"},"wordCount":1373,"commentCount":0,"publisher":{"@id":"https:\/\/www.szenik.eu\/de\/#organization"},"articleSection":["Kurz &amp; knackig"],"inLanguage":"de","potentialAction":[{"@type":"CommentAction","name":"Comment","target":["https:\/\/www.szenik.eu\/de\/festspielhaus-baden-baden-seelen-tankstelle-im-sehnsuchtsort-71011#respond"]}]},{"@type":"WebPage","@id":"https:\/\/www.szenik.eu\/de\/festspielhaus-baden-baden-seelen-tankstelle-im-sehnsuchtsort-71011","url":"https:\/\/www.szenik.eu\/de\/festspielhaus-baden-baden-seelen-tankstelle-im-sehnsuchtsort-71011","name":"Festspielhaus Baden-Baden : Seelen-Tankstelle im Sehnsuchtsort | szenik","isPartOf":{"@id":"https:\/\/www.szenik.eu\/de\/#website"},"datePublished":"2024-10-22T11:56:38+00:00","dateModified":"2024-10-22T11:57:07+00:00","description":"Das Festspielhaus Baden-Baden geht selbstbewusst in das neue Programmjahr 2025 \/ Erstmals Sommer-Open Air im Kurgarten \/ Service wird digita","breadcrumb":{"@id":"https:\/\/www.szenik.eu\/de\/festspielhaus-baden-baden-seelen-tankstelle-im-sehnsuchtsort-71011#breadcrumb"},"inLanguage":"de","potentialAction":[{"@type":"ReadAction","target":["https:\/\/www.szenik.eu\/de\/festspielhaus-baden-baden-seelen-tankstelle-im-sehnsuchtsort-71011"]}]},{"@type":"BreadcrumbList","@id":"https:\/\/www.szenik.eu\/de\/festspielhaus-baden-baden-seelen-tankstelle-im-sehnsuchtsort-71011#breadcrumb","itemListElement":[{"@type":"ListItem","position":1,"name":"Home","item":"https:\/\/www.szenik.eu\/de"},{"@type":"ListItem","position":2,"name":"Festspielhaus Baden-Baden : Seelen-Tankstelle im Sehnsuchtsort"}]},{"@type":"WebSite","@id":"https:\/\/www.szenik.eu\/de\/#website","url":"https:\/\/www.szenik.eu\/de\/","name":"szenik","description":"Le Meilleur des sc\u00e8nes au coeur de l&#039;Europe","publisher":{"@id":"https:\/\/www.szenik.eu\/de\/#organization"},"potentialAction":[{"@type":"SearchAction","target":{"@type":"EntryPoint","urlTemplate":"https:\/\/www.szenik.eu\/de\/?s={search_term_string}"},"query-input":"required name=search_term_string"}],"inLanguage":"de"},{"@type":"Organization","@id":"https:\/\/www.szenik.eu\/de\/#organization","name":"Szenik","url":"https:\/\/www.szenik.eu\/de\/","logo":{"@type":"ImageObject","inLanguage":"de","@id":"https:\/\/www.szenik.eu\/de\/#\/schema\/logo\/image\/","url":"https:\/\/www.szenik.eu\/wp-content\/uploads\/2019\/07\/logo-square.png","contentUrl":"https:\/\/www.szenik.eu\/wp-content\/uploads\/2019\/07\/logo-square.png","width":512,"height":512,"caption":"Szenik"},"image":{"@id":"https:\/\/www.szenik.eu\/de\/#\/schema\/logo\/image\/"},"sameAs":["https:\/\/www.facebook.com\/szenik.eu\/","https:\/\/twitter.com\/Szenik","https:\/\/www.instagram.com\/szenik_magazine\/","https:\/\/www.youtube.com\/user\/SzenikEU\/"]},{"@type":"Person","@id":"https:\/\/www.szenik.eu\/de\/#\/schema\/person\/81e9d00e9b1306e18e10ca1e4bed6465","name":"sarahk","image":{"@type":"ImageObject","inLanguage":"de","@id":"https:\/\/www.szenik.eu\/de\/#\/schema\/person\/image\/","url":"https:\/\/secure.gravatar.com\/avatar\/1e5f6f691c4a068f4814bda15b8400ca?s=96&d=mm&r=g","contentUrl":"https:\/\/secure.gravatar.com\/avatar\/1e5f6f691c4a068f4814bda15b8400ca?s=96&d=mm&r=g","caption":"sarahk"}}]}},"jetpack_featured_media_url":"https:\/\/www.szenik.eu\/wp-content\/uploads\/2024\/10\/Schneekonigin_NationalballettdUkraine_cKseni-aOrlova-scaled.jpg","amp_enabled":true,"_links":{"self":[{"href":"https:\/\/www.szenik.eu\/de\/wp-json\/\/wp\/v2\/posts\/71011"}],"collection":[{"href":"https:\/\/www.szenik.eu\/de\/wp-json\/\/wp\/v2\/posts"}],"about":[{"href":"https:\/\/www.szenik.eu\/de\/wp-json\/\/wp\/v2\/types\/post"}],"author":[{"embeddable":true,"href":"https:\/\/www.szenik.eu\/de\/wp-json\/\/wp\/v2\/users\/1680"}],"replies":[{"embeddable":true,"href":"https:\/\/www.szenik.eu\/de\/wp-json\/\/wp\/v2\/comments?post=71011"}],"version-history":[{"count":1,"href":"https:\/\/www.szenik.eu\/de\/wp-json\/\/wp\/v2\/posts\/71011\/revisions"}],"predecessor-version":[{"id":71014,"href":"https:\/\/www.szenik.eu\/de\/wp-json\/\/wp\/v2\/posts\/71011\/revisions\/71014"}],"wp:featuredmedia":[{"embeddable":true,"href":"https:\/\/www.szenik.eu\/de\/wp-json\/\/wp\/v2\/media\/71012"}],"wp:attachment":[{"href":"https:\/\/www.szenik.eu\/de\/wp-json\/\/wp\/v2\/media?parent=71011"}],"wp:term":[{"taxonomy":"category","embeddable":true,"href":"https:\/\/www.szenik.eu\/de\/wp-json\/\/wp\/v2\/categories?post=71011"},{"taxonomy":"post_tag","embeddable":true,"href":"https:\/\/www.szenik.eu\/de\/wp-json\/\/wp\/v2\/tags?post=71011"}],"curies":[{"name":"wp","href":"https:\/\/api.w.org\/{rel}","templated":true}]}}