{"id":70810,"date":"2024-10-09T15:33:42","date_gmt":"2024-10-09T13:33:42","guid":{"rendered":"https:\/\/www.szenik.eu\/?p=70810\/"},"modified":"2024-10-09T15:33:44","modified_gmt":"2024-10-09T13:33:44","slug":"stimmen-2025-bap-auf-dem-marktplatz-loerrach","status":"publish","type":"post","link":"https:\/\/www.szenik.eu\/de\/stimmen-2025-bap-auf-dem-marktplatz-loerrach-70810","title":{"rendered":"STIMMEN 2025: BAP auf dem Marktplatz L\u00f6rrach"},"content":{"rendered":"\n<p><strong>BAP ist f\u00fcr das erste Marktplatzkonzert bei <a href=\"https:\/\/www.szenik.eu\/de\/neues-awareness-konzept-beim-stimmen-festival-2024-69508\">STIMMEN<\/a> 2025 ist best\u00e4tigt. Am Samstag, 19. Juli, 19.30 Uhr, wird die Band BAP mit dem Programm ihrer \u201eZEITREISE \/ Sommer `25\u201c-Tour in L\u00f6rrach zu erleben sein. Der Vorverkauf startet am Donnerstag, 10. Oktober.<\/strong><\/p>\n\n\n\n<p>In den fr\u00fchen Achtzigern pr\u00e4gten BAP als \u201ePopstars von schier unfasslicher Gr\u00f6\u00dfe\u201c (Rolling Stone) den Musikgeschmack einer ganzen Generation. Hits wie \u201eVerdamp&nbsp;lang her\u201c, \u201eKristallnaach\u201c oder \u201eDo kanns zaubere\u201c haben sich unwiderruflich in die Ohren und Herzen ihrer Fans eingebrannt. Nun l\u00e4sst die legend\u00e4re Formation um S\u00e4nger Wolfgang Niedecken diese Zeit wieder aufleben. Denn BAP begibt sich auf eine musikalische Zeitreise und spielt unter anderem s\u00e4mtliche Songs der beiden Doppelplatin-Alben \u201ef\u00fcr&nbsp;usszeschnigge\u201c (1981) und \u201cvun&nbsp;drinne&nbsp;noh&nbsp;drusse\u201c (1982) live auf der B\u00fchne. Aber damit nicht genug: Als Faustregel gilt bei der Zeitreise-Tour, dass keiner der gespielten Songs j\u00fcnger als 40 Jahre sein wird. F\u00fcr Wolfgang Niedecken war es oberstes Gebot, die Seele und Quintessenz eben jener Lieder zu erhalten, die f\u00fcr so viele Menschen der Soundtrack ihrer Jugend sind \u2013 verbunden mit ihren ganz pers\u00f6nlichen Erlebnissen und Gef\u00fchlen.<\/p>\n\n\n\n<p>Weitere Informationen und Tickets gibt es unter&nbsp;<a href=\"http:\/\/stimmen.com\/\">stimmen.com<\/a>. Durch das \u201eEarly Bird\u201c-Angebot sind die Eintrittskarten bis einschlie\u00dflich 30. Oktober verg\u00fcnstigt erh\u00e4ltlich.<\/p>\n","protected":false},"excerpt":{"rendered":"<p>BAP ist f\u00fcr das erste Marktplatzkonzert bei STIMMEN 2025 ist best\u00e4tigt. Am Samstag, 19. Juli, 19.30 Uhr, wird die Band BAP mit dem Programm ihrer \u201eZEITREISE \/ Sommer `25\u201c-Tour in L\u00f6rrach zu erleben sein. Der Vorverkauf startet am Donnerstag, 10. Oktober. In den fr\u00fchen Achtzigern pr\u00e4gten BAP als \u201ePopstars von schier unfasslicher Gr\u00f6\u00dfe\u201c (Rolling Stone) [&hellip;]<\/p>\n","protected":false},"author":1680,"featured_media":70811,"comment_status":"open","ping_status":"open","sticky":false,"template":"","format":"standard","meta":{"_monsterinsights_skip_tracking":false,"_monsterinsights_sitenote_active":false,"_monsterinsights_sitenote_note":"","_monsterinsights_sitenote_category":0},"categories":[2815],"tags":[],"yoast_head":"<!-- This site is optimized with the Yoast SEO plugin v20.5 - https:\/\/yoast.com\/wordpress\/plugins\/seo\/ -->\n<title>STIMMEN 2025: BAP auf dem Marktplatz L\u00f6rrach | szenik<\/title>\n<meta name=\"description\" content=\"BAP ist f\u00fcr das erste Marktplatzkonzert bei STIMMEN 2025 ist best\u00e4tigt. Am Samstag, 19. Juli, 19.30 Uhr, wird die Band BAP mit dem Programm ihrer \u201eZEITREISE \/ Sommer `25\u201c-Tour in L\u00f6rrach zu erleben sein.\" \/>\n<meta name=\"robots\" content=\"index, follow, max-snippet:-1, max-image-preview:large, max-video-preview:-1\" \/>\n<link rel=\"canonical\" href=\"https:\/\/www.szenik.eu\/de\/stimmen-2025-bap-auf-dem-marktplatz-loerrach-70810\" \/>\n<meta property=\"og:locale\" content=\"de_DE\" \/>\n<meta property=\"og:type\" content=\"article\" \/>\n<meta property=\"og:title\" content=\"STIMMEN 2025: BAP auf dem Marktplatz L\u00f6rrach | szenik\" \/>\n<meta property=\"og:description\" content=\"BAP ist f\u00fcr das erste Marktplatzkonzert bei STIMMEN 2025 ist best\u00e4tigt. Am Samstag, 19. Juli, 19.30 Uhr, wird die Band BAP mit dem Programm ihrer \u201eZEITREISE \/ Sommer `25\u201c-Tour in L\u00f6rrach zu erleben sein.\" \/>\n<meta property=\"og:url\" content=\"https:\/\/www.szenik.eu\/de\/stimmen-2025-bap-auf-dem-marktplatz-loerrach-70810\" \/>\n<meta property=\"og:site_name\" content=\"szenik\" \/>\n<meta property=\"article:publisher\" content=\"https:\/\/www.facebook.com\/szenik.eu\/\" \/>\n<meta property=\"article:published_time\" content=\"2024-10-09T13:33:42+00:00\" \/>\n<meta property=\"article:modified_time\" content=\"2024-10-09T13:33:44+00:00\" \/>\n<meta property=\"og:image\" content=\"https:\/\/www.szenik.eu\/wp-content\/uploads\/2024\/10\/NiedeckensBAP_Zeitreise_c_Tina-Niedecken-scaled.jpg\" \/>\n\t<meta property=\"og:image:width\" content=\"2560\" \/>\n\t<meta property=\"og:image:height\" content=\"1707\" \/>\n\t<meta property=\"og:image:type\" content=\"image\/jpeg\" \/>\n<meta name=\"author\" content=\"sarahk\" \/>\n<meta name=\"twitter:card\" content=\"summary_large_image\" \/>\n<meta name=\"twitter:creator\" content=\"@Szenik\" \/>\n<meta name=\"twitter:site\" content=\"@Szenik\" \/>\n<meta name=\"twitter:label1\" content=\"Verfasst von\" \/>\n\t<meta name=\"twitter:data1\" content=\"sarahk\" \/>\n\t<meta name=\"twitter:label2\" content=\"Gesch\u00e4tzte Lesezeit\" \/>\n\t<meta name=\"twitter:data2\" content=\"2\u00a0Minuten\" \/>\n<script type=\"application\/ld+json\" class=\"yoast-schema-graph\">{\"@context\":\"https:\/\/schema.org\",\"@graph\":[{\"@type\":\"Article\",\"@id\":\"https:\/\/www.szenik.eu\/de\/stimmen-2025-bap-auf-dem-marktplatz-loerrach-70810#article\",\"isPartOf\":{\"@id\":\"https:\/\/www.szenik.eu\/de\/stimmen-2025-bap-auf-dem-marktplatz-loerrach-70810\"},\"author\":{\"name\":\"sarahk\",\"@id\":\"https:\/\/www.szenik.eu\/de\/#\/schema\/person\/81e9d00e9b1306e18e10ca1e4bed6465\"},\"headline\":\"STIMMEN 2025: BAP auf dem Marktplatz L\u00f6rrach\",\"datePublished\":\"2024-10-09T13:33:42+00:00\",\"dateModified\":\"2024-10-09T13:33:44+00:00\",\"mainEntityOfPage\":{\"@id\":\"https:\/\/www.szenik.eu\/de\/stimmen-2025-bap-auf-dem-marktplatz-loerrach-70810\"},\"wordCount\":226,\"commentCount\":0,\"publisher\":{\"@id\":\"https:\/\/www.szenik.eu\/de\/#organization\"},\"articleSection\":[\"Kurz &amp; knackig\"],\"inLanguage\":\"de\",\"potentialAction\":[{\"@type\":\"CommentAction\",\"name\":\"Comment\",\"target\":[\"https:\/\/www.szenik.eu\/de\/stimmen-2025-bap-auf-dem-marktplatz-loerrach-70810#respond\"]}]},{\"@type\":\"WebPage\",\"@id\":\"https:\/\/www.szenik.eu\/de\/stimmen-2025-bap-auf-dem-marktplatz-loerrach-70810\",\"url\":\"https:\/\/www.szenik.eu\/de\/stimmen-2025-bap-auf-dem-marktplatz-loerrach-70810\",\"name\":\"STIMMEN 2025: BAP auf dem Marktplatz L\u00f6rrach | szenik\",\"isPartOf\":{\"@id\":\"https:\/\/www.szenik.eu\/de\/#website\"},\"datePublished\":\"2024-10-09T13:33:42+00:00\",\"dateModified\":\"2024-10-09T13:33:44+00:00\",\"description\":\"BAP ist f\u00fcr das erste Marktplatzkonzert bei STIMMEN 2025 ist best\u00e4tigt. Am Samstag, 19. Juli, 19.30 Uhr, wird die Band BAP mit dem Programm ihrer \u201eZEITREISE \/ Sommer `25\u201c-Tour in L\u00f6rrach zu erleben sein.\",\"breadcrumb\":{\"@id\":\"https:\/\/www.szenik.eu\/de\/stimmen-2025-bap-auf-dem-marktplatz-loerrach-70810#breadcrumb\"},\"inLanguage\":\"de\",\"potentialAction\":[{\"@type\":\"ReadAction\",\"target\":[\"https:\/\/www.szenik.eu\/de\/stimmen-2025-bap-auf-dem-marktplatz-loerrach-70810\"]}]},{\"@type\":\"BreadcrumbList\",\"@id\":\"https:\/\/www.szenik.eu\/de\/stimmen-2025-bap-auf-dem-marktplatz-loerrach-70810#breadcrumb\",\"itemListElement\":[{\"@type\":\"ListItem\",\"position\":1,\"name\":\"Home\",\"item\":\"https:\/\/www.szenik.eu\/de\"},{\"@type\":\"ListItem\",\"position\":2,\"name\":\"STIMMEN 2025: BAP auf dem Marktplatz L\u00f6rrach\"}]},{\"@type\":\"WebSite\",\"@id\":\"https:\/\/www.szenik.eu\/de\/#website\",\"url\":\"https:\/\/www.szenik.eu\/de\/\",\"name\":\"szenik\",\"description\":\"Le Meilleur des sc\u00e8nes au coeur de l&#039;Europe\",\"publisher\":{\"@id\":\"https:\/\/www.szenik.eu\/de\/#organization\"},\"potentialAction\":[{\"@type\":\"SearchAction\",\"target\":{\"@type\":\"EntryPoint\",\"urlTemplate\":\"https:\/\/www.szenik.eu\/de\/?s={search_term_string}\"},\"query-input\":\"required name=search_term_string\"}],\"inLanguage\":\"de\"},{\"@type\":\"Organization\",\"@id\":\"https:\/\/www.szenik.eu\/de\/#organization\",\"name\":\"Szenik\",\"url\":\"https:\/\/www.szenik.eu\/de\/\",\"logo\":{\"@type\":\"ImageObject\",\"inLanguage\":\"de\",\"@id\":\"https:\/\/www.szenik.eu\/de\/#\/schema\/logo\/image\/\",\"url\":\"https:\/\/www.szenik.eu\/wp-content\/uploads\/2019\/07\/logo-square.png\",\"contentUrl\":\"https:\/\/www.szenik.eu\/wp-content\/uploads\/2019\/07\/logo-square.png\",\"width\":512,\"height\":512,\"caption\":\"Szenik\"},\"image\":{\"@id\":\"https:\/\/www.szenik.eu\/de\/#\/schema\/logo\/image\/\"},\"sameAs\":[\"https:\/\/www.facebook.com\/szenik.eu\/\",\"https:\/\/twitter.com\/Szenik\",\"https:\/\/www.instagram.com\/szenik_magazine\/\",\"https:\/\/www.youtube.com\/user\/SzenikEU\/\"]},{\"@type\":\"Person\",\"@id\":\"https:\/\/www.szenik.eu\/de\/#\/schema\/person\/81e9d00e9b1306e18e10ca1e4bed6465\",\"name\":\"sarahk\",\"image\":{\"@type\":\"ImageObject\",\"inLanguage\":\"de\",\"@id\":\"https:\/\/www.szenik.eu\/de\/#\/schema\/person\/image\/\",\"url\":\"https:\/\/secure.gravatar.com\/avatar\/1e5f6f691c4a068f4814bda15b8400ca?s=96&d=mm&r=g\",\"contentUrl\":\"https:\/\/secure.gravatar.com\/avatar\/1e5f6f691c4a068f4814bda15b8400ca?s=96&d=mm&r=g\",\"caption\":\"sarahk\"}}]}<\/script>\n<!-- \/ Yoast SEO plugin. -->","yoast_head_json":{"title":"STIMMEN 2025: BAP auf dem Marktplatz L\u00f6rrach | szenik","description":"BAP ist f\u00fcr das erste Marktplatzkonzert bei STIMMEN 2025 ist best\u00e4tigt. Am Samstag, 19. Juli, 19.30 Uhr, wird die Band BAP mit dem Programm ihrer \u201eZEITREISE \/ Sommer `25\u201c-Tour in L\u00f6rrach zu erleben sein.","robots":{"index":"index","follow":"follow","max-snippet":"max-snippet:-1","max-image-preview":"max-image-preview:large","max-video-preview":"max-video-preview:-1"},"canonical":"https:\/\/www.szenik.eu\/de\/stimmen-2025-bap-auf-dem-marktplatz-loerrach-70810","og_locale":"de_DE","og_type":"article","og_title":"STIMMEN 2025: BAP auf dem Marktplatz L\u00f6rrach | szenik","og_description":"BAP ist f\u00fcr das erste Marktplatzkonzert bei STIMMEN 2025 ist best\u00e4tigt. Am Samstag, 19. Juli, 19.30 Uhr, wird die Band BAP mit dem Programm ihrer \u201eZEITREISE \/ Sommer `25\u201c-Tour in L\u00f6rrach zu erleben sein.","og_url":"https:\/\/www.szenik.eu\/de\/stimmen-2025-bap-auf-dem-marktplatz-loerrach-70810","og_site_name":"szenik","article_publisher":"https:\/\/www.facebook.com\/szenik.eu\/","article_published_time":"2024-10-09T13:33:42+00:00","article_modified_time":"2024-10-09T13:33:44+00:00","og_image":[{"width":2560,"height":1707,"url":"https:\/\/www.szenik.eu\/wp-content\/uploads\/2024\/10\/NiedeckensBAP_Zeitreise_c_Tina-Niedecken-scaled.jpg","type":"image\/jpeg"}],"author":"sarahk","twitter_card":"summary_large_image","twitter_creator":"@Szenik","twitter_site":"@Szenik","twitter_misc":{"Verfasst von":"sarahk","Gesch\u00e4tzte Lesezeit":"2\u00a0Minuten"},"schema":{"@context":"https:\/\/schema.org","@graph":[{"@type":"Article","@id":"https:\/\/www.szenik.eu\/de\/stimmen-2025-bap-auf-dem-marktplatz-loerrach-70810#article","isPartOf":{"@id":"https:\/\/www.szenik.eu\/de\/stimmen-2025-bap-auf-dem-marktplatz-loerrach-70810"},"author":{"name":"sarahk","@id":"https:\/\/www.szenik.eu\/de\/#\/schema\/person\/81e9d00e9b1306e18e10ca1e4bed6465"},"headline":"STIMMEN 2025: BAP auf dem Marktplatz L\u00f6rrach","datePublished":"2024-10-09T13:33:42+00:00","dateModified":"2024-10-09T13:33:44+00:00","mainEntityOfPage":{"@id":"https:\/\/www.szenik.eu\/de\/stimmen-2025-bap-auf-dem-marktplatz-loerrach-70810"},"wordCount":226,"commentCount":0,"publisher":{"@id":"https:\/\/www.szenik.eu\/de\/#organization"},"articleSection":["Kurz &amp; knackig"],"inLanguage":"de","potentialAction":[{"@type":"CommentAction","name":"Comment","target":["https:\/\/www.szenik.eu\/de\/stimmen-2025-bap-auf-dem-marktplatz-loerrach-70810#respond"]}]},{"@type":"WebPage","@id":"https:\/\/www.szenik.eu\/de\/stimmen-2025-bap-auf-dem-marktplatz-loerrach-70810","url":"https:\/\/www.szenik.eu\/de\/stimmen-2025-bap-auf-dem-marktplatz-loerrach-70810","name":"STIMMEN 2025: BAP auf dem Marktplatz L\u00f6rrach | szenik","isPartOf":{"@id":"https:\/\/www.szenik.eu\/de\/#website"},"datePublished":"2024-10-09T13:33:42+00:00","dateModified":"2024-10-09T13:33:44+00:00","description":"BAP ist f\u00fcr das erste Marktplatzkonzert bei STIMMEN 2025 ist best\u00e4tigt. Am Samstag, 19. Juli, 19.30 Uhr, wird die Band BAP mit dem Programm ihrer \u201eZEITREISE \/ Sommer `25\u201c-Tour in L\u00f6rrach zu erleben sein.","breadcrumb":{"@id":"https:\/\/www.szenik.eu\/de\/stimmen-2025-bap-auf-dem-marktplatz-loerrach-70810#breadcrumb"},"inLanguage":"de","potentialAction":[{"@type":"ReadAction","target":["https:\/\/www.szenik.eu\/de\/stimmen-2025-bap-auf-dem-marktplatz-loerrach-70810"]}]},{"@type":"BreadcrumbList","@id":"https:\/\/www.szenik.eu\/de\/stimmen-2025-bap-auf-dem-marktplatz-loerrach-70810#breadcrumb","itemListElement":[{"@type":"ListItem","position":1,"name":"Home","item":"https:\/\/www.szenik.eu\/de"},{"@type":"ListItem","position":2,"name":"STIMMEN 2025: BAP auf dem Marktplatz L\u00f6rrach"}]},{"@type":"WebSite","@id":"https:\/\/www.szenik.eu\/de\/#website","url":"https:\/\/www.szenik.eu\/de\/","name":"szenik","description":"Le Meilleur des sc\u00e8nes au coeur de l&#039;Europe","publisher":{"@id":"https:\/\/www.szenik.eu\/de\/#organization"},"potentialAction":[{"@type":"SearchAction","target":{"@type":"EntryPoint","urlTemplate":"https:\/\/www.szenik.eu\/de\/?s={search_term_string}"},"query-input":"required name=search_term_string"}],"inLanguage":"de"},{"@type":"Organization","@id":"https:\/\/www.szenik.eu\/de\/#organization","name":"Szenik","url":"https:\/\/www.szenik.eu\/de\/","logo":{"@type":"ImageObject","inLanguage":"de","@id":"https:\/\/www.szenik.eu\/de\/#\/schema\/logo\/image\/","url":"https:\/\/www.szenik.eu\/wp-content\/uploads\/2019\/07\/logo-square.png","contentUrl":"https:\/\/www.szenik.eu\/wp-content\/uploads\/2019\/07\/logo-square.png","width":512,"height":512,"caption":"Szenik"},"image":{"@id":"https:\/\/www.szenik.eu\/de\/#\/schema\/logo\/image\/"},"sameAs":["https:\/\/www.facebook.com\/szenik.eu\/","https:\/\/twitter.com\/Szenik","https:\/\/www.instagram.com\/szenik_magazine\/","https:\/\/www.youtube.com\/user\/SzenikEU\/"]},{"@type":"Person","@id":"https:\/\/www.szenik.eu\/de\/#\/schema\/person\/81e9d00e9b1306e18e10ca1e4bed6465","name":"sarahk","image":{"@type":"ImageObject","inLanguage":"de","@id":"https:\/\/www.szenik.eu\/de\/#\/schema\/person\/image\/","url":"https:\/\/secure.gravatar.com\/avatar\/1e5f6f691c4a068f4814bda15b8400ca?s=96&d=mm&r=g","contentUrl":"https:\/\/secure.gravatar.com\/avatar\/1e5f6f691c4a068f4814bda15b8400ca?s=96&d=mm&r=g","caption":"sarahk"}}]}},"jetpack_featured_media_url":"https:\/\/www.szenik.eu\/wp-content\/uploads\/2024\/10\/NiedeckensBAP_Zeitreise_c_Tina-Niedecken-scaled.jpg","amp_enabled":true,"_links":{"self":[{"href":"https:\/\/www.szenik.eu\/de\/wp-json\/\/wp\/v2\/posts\/70810"}],"collection":[{"href":"https:\/\/www.szenik.eu\/de\/wp-json\/\/wp\/v2\/posts"}],"about":[{"href":"https:\/\/www.szenik.eu\/de\/wp-json\/\/wp\/v2\/types\/post"}],"author":[{"embeddable":true,"href":"https:\/\/www.szenik.eu\/de\/wp-json\/\/wp\/v2\/users\/1680"}],"replies":[{"embeddable":true,"href":"https:\/\/www.szenik.eu\/de\/wp-json\/\/wp\/v2\/comments?post=70810"}],"version-history":[{"count":2,"href":"https:\/\/www.szenik.eu\/de\/wp-json\/\/wp\/v2\/posts\/70810\/revisions"}],"predecessor-version":[{"id":70814,"href":"https:\/\/www.szenik.eu\/de\/wp-json\/\/wp\/v2\/posts\/70810\/revisions\/70814"}],"wp:featuredmedia":[{"embeddable":true,"href":"https:\/\/www.szenik.eu\/de\/wp-json\/\/wp\/v2\/media\/70811"}],"wp:attachment":[{"href":"https:\/\/www.szenik.eu\/de\/wp-json\/\/wp\/v2\/media?parent=70810"}],"wp:term":[{"taxonomy":"category","embeddable":true,"href":"https:\/\/www.szenik.eu\/de\/wp-json\/\/wp\/v2\/categories?post=70810"},{"taxonomy":"post_tag","embeddable":true,"href":"https:\/\/www.szenik.eu\/de\/wp-json\/\/wp\/v2\/tags?post=70810"}],"curies":[{"name":"wp","href":"https:\/\/api.w.org\/{rel}","templated":true}]}}