{"id":69938,"date":"2024-08-19T14:15:23","date_gmt":"2024-08-19T12:15:23","guid":{"rendered":"https:\/\/www.szenik.eu\/?p=69938\/"},"modified":"2024-08-19T14:35:18","modified_gmt":"2024-08-19T12:35:18","slug":"20-jahre-theater-baden-alsace-vorverkauf-gestartet","status":"publish","type":"post","link":"https:\/\/www.szenik.eu\/de\/20-jahre-theater-baden-alsace-vorverkauf-gestartet-69938","title":{"rendered":"20 Jahre Theater BAden ALsace: Vorverkauf gestartet!"},"content":{"rendered":"\n<p><strong>20 Jahre Theater BAden ALsace \u2013 Das deutsch-franz\u00f6sische Ensemble auf Jubli\u00e4umstor<br><\/strong>Vorverkauf fu\u0308r neue Spielzeit des <a href=\"https:\/\/www.szenik.eu\/de\/theater-eurodistrict-baden-alsace-ausgzeichnet-mit-dem-projektstipendium-des-jugendtheaterpreises-baden-wuerttemberg-2022-50777\" target=\"_blank\" rel=\"noreferrer noopener\">deutsch-franz\u00f6sischen Regionaltheater<\/a> BAden ALsace ist gestartet<br><br>Fu\u0308r die neue Spielzeit 2024-2025 des Theater BAden ALsace ist ab sofort der Vorverkauf gestartet. Tickets gibt es sowohl online u\u0308ber die theatereigene Homepage sowie u\u0308ber alle u\u0308blichen Vorverkaufsstellen in der Region. <br>Theater BAden ALsace er\u00f6ffnet am 3.10.2024 die Spielzeit grenzu\u0308berschreitend im Europ\u00e4ischen Forum am Rhein Neuried mit dem BAAL-Klassiker \u201eD\u2019f\u00e0meli Strumpfmann\u201c des els\u00e4ssischen Autors Pierre Kretz. Kretz wurde im Mai 2024 der renommierte Johann-Peter-Hebel Preis fu\u0308r sein Gesamtwerk in els\u00e4ssischer Sprache verliehen. Auch das Erfolgsstu\u0308ck \u201eAlte Sorten\u201c von Bestseller Autor Ewald Arenz kommt gleich zu Beginn der Saison (5.10.) auf die Neurieder Bu\u0308hne. Im Oktober folgen zudem ein els\u00e4ssischer Kaberettabend mit Catoch\u2018 und das Konzert \u201eJohnny Hallyday Rock \u201an\u2018 Roll Show (12.10.), mit den gr\u00f6\u00dften Liedern der franz\u00f6sischen Rock-Ikone Hallyday.<br>Am 10. November kommt es dann zu einer einzigartigen Urauffu\u0308hrung in der Offenburger Reithalle. Die Theaterrevue aus der Feder von Edzard Schoppmann \u201eAenne\u201c zeichnet das wunderbare Leben der gro\u00dfen Offenburgerin Aenne Burda nach, eine der erfolgreichsten Gesch\u00e4ftsfrauen in der Bundesrepublik Deutschland der Nachkriegszeit. Die Theaterrevue bietet das Theater auch fu\u0308r den Jahreswechsel an Silvester an. Die Kom\u00f6die in historischen Gew\u00e4ndern \u201eMarie-Antoinette oder \u201eKuchen fu\u0308r alle!\u201c bietet BAAL vor allem in der Adventszeit, im Dezember 2024 in der Ortenau an. Im Jahr 2025 wird Theater BAAL gleich zwei Premieren im Rahmen seines Kinder- und Jugendtheaterfestival \u201eAllez hop 2025\u201c pr\u00e4sentieren. Fu\u0308r die junge Menschen ab 5 Jahre \u00f6ffnet sich die Manege der BAAL \u2013Spielst\u00e4tte am Rhein am 12.01.2025 mit \u201eZirkus Fantastica\u201c, einem Kinderstu\u0308ck mit reichlich Akrobatik, Seiltanz, gro\u00dfem Zirkus und Clownerie. Die Premiere von \u201eDas Tagebuch der Anne Frank\u201c folgt am 21.02.2025 in Neuried, ein Stu\u0308ck mit fu\u0308nf BAAL-Schauspielern, das aufru\u0308ttelt und sich gleicherma\u00dfen an Jugendliche und Erwachsene wendet.<br>2025 wird Theater BAden ALsace 20 Jahre alt. Anl\u00e4sslich seines 20-j\u00e4hrigen Bestehens hat Theater BAAL schlie\u00dflich ab dem Fru\u0308hjahr 2025 mit seinem neuen Kunstprojekt \u201ePerpetuum mobile\u201c Gro\u00dfes vor. Diese Open-Air-Show ist Teil des Kampfes gegen den Klimawandel und wird von der Kulturstiftung des Bundes, einer der gr\u00f6\u00dften Kulturstiftungen Europas, sowie von der Baden-Wu\u0308rttemberg Stiftung finanziert. BAAL war eines von nur 23 Kulturinstitutionen in der gesamten Bundesrepublik Deutschland, die von der Kulturstiftung des Bundes im Rahmen des Programms \u201eFonds Zero\u201c ausgew\u00e4hlt wurden. Mit dem Open-Air-Spektakel zieht das Ensemble in einer Mischung aus Zirkus, Tanz, Musiktheater und Schauspiel durch die Region, bringt humorvoll verspielt bei seiner Jubil\u00e4umstour eine gro\u00dfe Phantasterei auf die Bu\u0308hne.<\/p>\n\n\n<div class=\"wp-block-image\">\n<figure class=\"aligncenter size-large is-resized\"><img decoding=\"async\" loading=\"lazy\" src=\"https:\/\/www.szenik.eu\/wp-content\/uploads\/2024\/08\/2204_D-LIGHT_LoRes_28032024-1280x853-1-1024x682.jpg\" alt=\"Theater BAden ALsace\" class=\"wp-image-69928\" width=\"648\" height=\"431\" srcset=\"https:\/\/www.szenik.eu\/wp-content\/uploads\/2024\/08\/2204_D-LIGHT_LoRes_28032024-1280x853-1-1024x682.jpg 1024w, https:\/\/www.szenik.eu\/wp-content\/uploads\/2024\/08\/2204_D-LIGHT_LoRes_28032024-1280x853-1-300x200.jpg 300w, https:\/\/www.szenik.eu\/wp-content\/uploads\/2024\/08\/2204_D-LIGHT_LoRes_28032024-1280x853-1-768x512.jpg 768w, https:\/\/www.szenik.eu\/wp-content\/uploads\/2024\/08\/2204_D-LIGHT_LoRes_28032024-1280x853-1-750x500.jpg 750w, https:\/\/www.szenik.eu\/wp-content\/uploads\/2024\/08\/2204_D-LIGHT_LoRes_28032024-1280x853-1-1140x760.jpg 1140w, https:\/\/www.szenik.eu\/wp-content\/uploads\/2024\/08\/2204_D-LIGHT_LoRes_28032024-1280x853-1.jpg 1280w\" sizes=\"(max-width: 648px) 100vw, 648px\" \/><figcaption class=\"wp-element-caption\"><em>Alte Sorten<\/em> \u00a9 Christian Koch<\/figcaption><\/figure><\/div>\n\n\n<hr class=\"wp-block-separator has-alpha-channel-opacity\"\/>\n\n\n\n<p><strong>Informationen und Karten: <a href=\"https:\/\/theater-baden-alsace.com\/fr\/\" target=\"_blank\" rel=\"noreferrer noopener\">theater-baden-alsace.com<\/a><\/strong><\/p>\n","protected":false},"excerpt":{"rendered":"<p>20 Jahre Theater BAden ALsace \u2013 Das deutsch-franz\u00f6sische Ensemble auf Jubli\u00e4umstorVorverkauf fu\u0308r neue Spielzeit des deutsch-franz\u00f6sischen Regionaltheater BAden ALsace ist gestartet Fu\u0308r die neue Spielzeit 2024-2025 des Theater BAden ALsace ist ab sofort der Vorverkauf gestartet. Tickets gibt es sowohl online u\u0308ber die theatereigene Homepage sowie u\u0308ber alle u\u0308blichen Vorverkaufsstellen in der Region. Theater BAden [&hellip;]<\/p>\n","protected":false},"author":1681,"featured_media":69932,"comment_status":"open","ping_status":"open","sticky":false,"template":"","format":"standard","meta":{"_monsterinsights_skip_tracking":false,"_monsterinsights_sitenote_active":false,"_monsterinsights_sitenote_note":"","_monsterinsights_sitenote_category":0},"categories":[2815],"tags":[],"yoast_head":"<!-- This site is optimized with the Yoast SEO plugin v20.5 - https:\/\/yoast.com\/wordpress\/plugins\/seo\/ -->\n<title>Theater BAden ALsace : Vorverkauf gestartet | szenik<\/title>\n<meta name=\"description\" content=\"Theater BAden ALsace: Vorverkauf fu\u0308r neue Spielzeit des deutsch-franz\u00f6sischen Regionaltheater BAden ALsace ist gestartet\" \/>\n<meta name=\"robots\" content=\"index, follow, max-snippet:-1, max-image-preview:large, max-video-preview:-1\" \/>\n<link rel=\"canonical\" href=\"https:\/\/www.szenik.eu\/de\/20-jahre-theater-baden-alsace-vorverkauf-gestartet-69938\" \/>\n<meta property=\"og:locale\" content=\"de_DE\" \/>\n<meta property=\"og:type\" content=\"article\" \/>\n<meta property=\"og:title\" content=\"Theater BAden ALsace : Vorverkauf gestartet | szenik\" \/>\n<meta property=\"og:description\" content=\"Theater BAden ALsace: Vorverkauf fu\u0308r neue Spielzeit des deutsch-franz\u00f6sischen Regionaltheater BAden ALsace ist gestartet\" \/>\n<meta property=\"og:url\" content=\"https:\/\/www.szenik.eu\/de\/20-jahre-theater-baden-alsace-vorverkauf-gestartet-69938\" \/>\n<meta property=\"og:site_name\" content=\"szenik\" \/>\n<meta property=\"article:publisher\" content=\"https:\/\/www.facebook.com\/szenik.eu\/\" \/>\n<meta property=\"article:published_time\" content=\"2024-08-19T12:15:23+00:00\" \/>\n<meta property=\"article:modified_time\" content=\"2024-08-19T12:35:18+00:00\" \/>\n<meta property=\"og:image\" content=\"https:\/\/www.szenik.eu\/wp-content\/uploads\/2024\/08\/Banner-Marie_Antoinette-1280x1280-1-e1724069669549.jpg\" \/>\n\t<meta property=\"og:image:width\" content=\"1280\" \/>\n\t<meta property=\"og:image:height\" content=\"672\" \/>\n\t<meta property=\"og:image:type\" content=\"image\/jpeg\" \/>\n<meta name=\"author\" content=\"marinaf\" \/>\n<meta name=\"twitter:card\" content=\"summary_large_image\" \/>\n<meta name=\"twitter:creator\" content=\"@Szenik\" \/>\n<meta name=\"twitter:site\" content=\"@Szenik\" \/>\n<meta name=\"twitter:label1\" content=\"Verfasst von\" \/>\n\t<meta name=\"twitter:data1\" content=\"marinaf\" \/>\n\t<meta name=\"twitter:label2\" content=\"Gesch\u00e4tzte Lesezeit\" \/>\n\t<meta name=\"twitter:data2\" content=\"3\u00a0Minuten\" \/>\n<script type=\"application\/ld+json\" class=\"yoast-schema-graph\">{\"@context\":\"https:\/\/schema.org\",\"@graph\":[{\"@type\":\"Article\",\"@id\":\"https:\/\/www.szenik.eu\/de\/20-jahre-theater-baden-alsace-vorverkauf-gestartet-69938#article\",\"isPartOf\":{\"@id\":\"https:\/\/www.szenik.eu\/de\/20-jahre-theater-baden-alsace-vorverkauf-gestartet-69938\"},\"author\":{\"name\":\"marinaf\",\"@id\":\"https:\/\/www.szenik.eu\/de\/#\/schema\/person\/35ae065bb276f90a80e3714b6785f44a\"},\"headline\":\"20 Jahre Theater BAden ALsace: Vorverkauf gestartet!\",\"datePublished\":\"2024-08-19T12:15:23+00:00\",\"dateModified\":\"2024-08-19T12:35:18+00:00\",\"mainEntityOfPage\":{\"@id\":\"https:\/\/www.szenik.eu\/de\/20-jahre-theater-baden-alsace-vorverkauf-gestartet-69938\"},\"wordCount\":457,\"commentCount\":0,\"publisher\":{\"@id\":\"https:\/\/www.szenik.eu\/de\/#organization\"},\"articleSection\":[\"Kurz &amp; knackig\"],\"inLanguage\":\"de\",\"potentialAction\":[{\"@type\":\"CommentAction\",\"name\":\"Comment\",\"target\":[\"https:\/\/www.szenik.eu\/de\/20-jahre-theater-baden-alsace-vorverkauf-gestartet-69938#respond\"]}]},{\"@type\":\"WebPage\",\"@id\":\"https:\/\/www.szenik.eu\/de\/20-jahre-theater-baden-alsace-vorverkauf-gestartet-69938\",\"url\":\"https:\/\/www.szenik.eu\/de\/20-jahre-theater-baden-alsace-vorverkauf-gestartet-69938\",\"name\":\"Theater BAden ALsace : Vorverkauf gestartet | szenik\",\"isPartOf\":{\"@id\":\"https:\/\/www.szenik.eu\/de\/#website\"},\"datePublished\":\"2024-08-19T12:15:23+00:00\",\"dateModified\":\"2024-08-19T12:35:18+00:00\",\"description\":\"Theater BAden ALsace: Vorverkauf fu\u0308r neue Spielzeit des deutsch-franz\u00f6sischen Regionaltheater BAden ALsace ist gestartet\",\"breadcrumb\":{\"@id\":\"https:\/\/www.szenik.eu\/de\/20-jahre-theater-baden-alsace-vorverkauf-gestartet-69938#breadcrumb\"},\"inLanguage\":\"de\",\"potentialAction\":[{\"@type\":\"ReadAction\",\"target\":[\"https:\/\/www.szenik.eu\/de\/20-jahre-theater-baden-alsace-vorverkauf-gestartet-69938\"]}]},{\"@type\":\"BreadcrumbList\",\"@id\":\"https:\/\/www.szenik.eu\/de\/20-jahre-theater-baden-alsace-vorverkauf-gestartet-69938#breadcrumb\",\"itemListElement\":[{\"@type\":\"ListItem\",\"position\":1,\"name\":\"Home\",\"item\":\"https:\/\/www.szenik.eu\/de\"},{\"@type\":\"ListItem\",\"position\":2,\"name\":\"20 Jahre Theater BAden ALsace: Vorverkauf gestartet!\"}]},{\"@type\":\"WebSite\",\"@id\":\"https:\/\/www.szenik.eu\/de\/#website\",\"url\":\"https:\/\/www.szenik.eu\/de\/\",\"name\":\"szenik\",\"description\":\"Le Meilleur des sc\u00e8nes au coeur de l&#039;Europe\",\"publisher\":{\"@id\":\"https:\/\/www.szenik.eu\/de\/#organization\"},\"potentialAction\":[{\"@type\":\"SearchAction\",\"target\":{\"@type\":\"EntryPoint\",\"urlTemplate\":\"https:\/\/www.szenik.eu\/de\/?s={search_term_string}\"},\"query-input\":\"required name=search_term_string\"}],\"inLanguage\":\"de\"},{\"@type\":\"Organization\",\"@id\":\"https:\/\/www.szenik.eu\/de\/#organization\",\"name\":\"Szenik\",\"url\":\"https:\/\/www.szenik.eu\/de\/\",\"logo\":{\"@type\":\"ImageObject\",\"inLanguage\":\"de\",\"@id\":\"https:\/\/www.szenik.eu\/de\/#\/schema\/logo\/image\/\",\"url\":\"https:\/\/www.szenik.eu\/wp-content\/uploads\/2019\/07\/logo-square.png\",\"contentUrl\":\"https:\/\/www.szenik.eu\/wp-content\/uploads\/2019\/07\/logo-square.png\",\"width\":512,\"height\":512,\"caption\":\"Szenik\"},\"image\":{\"@id\":\"https:\/\/www.szenik.eu\/de\/#\/schema\/logo\/image\/\"},\"sameAs\":[\"https:\/\/www.facebook.com\/szenik.eu\/\",\"https:\/\/twitter.com\/Szenik\",\"https:\/\/www.instagram.com\/szenik_magazine\/\",\"https:\/\/www.youtube.com\/user\/SzenikEU\/\"]},{\"@type\":\"Person\",\"@id\":\"https:\/\/www.szenik.eu\/de\/#\/schema\/person\/35ae065bb276f90a80e3714b6785f44a\",\"name\":\"marinaf\",\"image\":{\"@type\":\"ImageObject\",\"inLanguage\":\"de\",\"@id\":\"https:\/\/www.szenik.eu\/de\/#\/schema\/person\/image\/\",\"url\":\"https:\/\/secure.gravatar.com\/avatar\/65e052c039e56c69390f8abadc030236?s=96&d=mm&r=g\",\"contentUrl\":\"https:\/\/secure.gravatar.com\/avatar\/65e052c039e56c69390f8abadc030236?s=96&d=mm&r=g\",\"caption\":\"marinaf\"}}]}<\/script>\n<!-- \/ Yoast SEO plugin. -->","yoast_head_json":{"title":"Theater BAden ALsace : Vorverkauf gestartet | szenik","description":"Theater BAden ALsace: Vorverkauf fu\u0308r neue Spielzeit des deutsch-franz\u00f6sischen Regionaltheater BAden ALsace ist gestartet","robots":{"index":"index","follow":"follow","max-snippet":"max-snippet:-1","max-image-preview":"max-image-preview:large","max-video-preview":"max-video-preview:-1"},"canonical":"https:\/\/www.szenik.eu\/de\/20-jahre-theater-baden-alsace-vorverkauf-gestartet-69938","og_locale":"de_DE","og_type":"article","og_title":"Theater BAden ALsace : Vorverkauf gestartet | szenik","og_description":"Theater BAden ALsace: Vorverkauf fu\u0308r neue Spielzeit des deutsch-franz\u00f6sischen Regionaltheater BAden ALsace ist gestartet","og_url":"https:\/\/www.szenik.eu\/de\/20-jahre-theater-baden-alsace-vorverkauf-gestartet-69938","og_site_name":"szenik","article_publisher":"https:\/\/www.facebook.com\/szenik.eu\/","article_published_time":"2024-08-19T12:15:23+00:00","article_modified_time":"2024-08-19T12:35:18+00:00","og_image":[{"width":1280,"height":672,"url":"https:\/\/www.szenik.eu\/wp-content\/uploads\/2024\/08\/Banner-Marie_Antoinette-1280x1280-1-e1724069669549.jpg","type":"image\/jpeg"}],"author":"marinaf","twitter_card":"summary_large_image","twitter_creator":"@Szenik","twitter_site":"@Szenik","twitter_misc":{"Verfasst von":"marinaf","Gesch\u00e4tzte Lesezeit":"3\u00a0Minuten"},"schema":{"@context":"https:\/\/schema.org","@graph":[{"@type":"Article","@id":"https:\/\/www.szenik.eu\/de\/20-jahre-theater-baden-alsace-vorverkauf-gestartet-69938#article","isPartOf":{"@id":"https:\/\/www.szenik.eu\/de\/20-jahre-theater-baden-alsace-vorverkauf-gestartet-69938"},"author":{"name":"marinaf","@id":"https:\/\/www.szenik.eu\/de\/#\/schema\/person\/35ae065bb276f90a80e3714b6785f44a"},"headline":"20 Jahre Theater BAden ALsace: Vorverkauf gestartet!","datePublished":"2024-08-19T12:15:23+00:00","dateModified":"2024-08-19T12:35:18+00:00","mainEntityOfPage":{"@id":"https:\/\/www.szenik.eu\/de\/20-jahre-theater-baden-alsace-vorverkauf-gestartet-69938"},"wordCount":457,"commentCount":0,"publisher":{"@id":"https:\/\/www.szenik.eu\/de\/#organization"},"articleSection":["Kurz &amp; knackig"],"inLanguage":"de","potentialAction":[{"@type":"CommentAction","name":"Comment","target":["https:\/\/www.szenik.eu\/de\/20-jahre-theater-baden-alsace-vorverkauf-gestartet-69938#respond"]}]},{"@type":"WebPage","@id":"https:\/\/www.szenik.eu\/de\/20-jahre-theater-baden-alsace-vorverkauf-gestartet-69938","url":"https:\/\/www.szenik.eu\/de\/20-jahre-theater-baden-alsace-vorverkauf-gestartet-69938","name":"Theater BAden ALsace : Vorverkauf gestartet | szenik","isPartOf":{"@id":"https:\/\/www.szenik.eu\/de\/#website"},"datePublished":"2024-08-19T12:15:23+00:00","dateModified":"2024-08-19T12:35:18+00:00","description":"Theater BAden ALsace: Vorverkauf fu\u0308r neue Spielzeit des deutsch-franz\u00f6sischen Regionaltheater BAden ALsace ist gestartet","breadcrumb":{"@id":"https:\/\/www.szenik.eu\/de\/20-jahre-theater-baden-alsace-vorverkauf-gestartet-69938#breadcrumb"},"inLanguage":"de","potentialAction":[{"@type":"ReadAction","target":["https:\/\/www.szenik.eu\/de\/20-jahre-theater-baden-alsace-vorverkauf-gestartet-69938"]}]},{"@type":"BreadcrumbList","@id":"https:\/\/www.szenik.eu\/de\/20-jahre-theater-baden-alsace-vorverkauf-gestartet-69938#breadcrumb","itemListElement":[{"@type":"ListItem","position":1,"name":"Home","item":"https:\/\/www.szenik.eu\/de"},{"@type":"ListItem","position":2,"name":"20 Jahre Theater BAden ALsace: Vorverkauf gestartet!"}]},{"@type":"WebSite","@id":"https:\/\/www.szenik.eu\/de\/#website","url":"https:\/\/www.szenik.eu\/de\/","name":"szenik","description":"Le Meilleur des sc\u00e8nes au coeur de l&#039;Europe","publisher":{"@id":"https:\/\/www.szenik.eu\/de\/#organization"},"potentialAction":[{"@type":"SearchAction","target":{"@type":"EntryPoint","urlTemplate":"https:\/\/www.szenik.eu\/de\/?s={search_term_string}"},"query-input":"required name=search_term_string"}],"inLanguage":"de"},{"@type":"Organization","@id":"https:\/\/www.szenik.eu\/de\/#organization","name":"Szenik","url":"https:\/\/www.szenik.eu\/de\/","logo":{"@type":"ImageObject","inLanguage":"de","@id":"https:\/\/www.szenik.eu\/de\/#\/schema\/logo\/image\/","url":"https:\/\/www.szenik.eu\/wp-content\/uploads\/2019\/07\/logo-square.png","contentUrl":"https:\/\/www.szenik.eu\/wp-content\/uploads\/2019\/07\/logo-square.png","width":512,"height":512,"caption":"Szenik"},"image":{"@id":"https:\/\/www.szenik.eu\/de\/#\/schema\/logo\/image\/"},"sameAs":["https:\/\/www.facebook.com\/szenik.eu\/","https:\/\/twitter.com\/Szenik","https:\/\/www.instagram.com\/szenik_magazine\/","https:\/\/www.youtube.com\/user\/SzenikEU\/"]},{"@type":"Person","@id":"https:\/\/www.szenik.eu\/de\/#\/schema\/person\/35ae065bb276f90a80e3714b6785f44a","name":"marinaf","image":{"@type":"ImageObject","inLanguage":"de","@id":"https:\/\/www.szenik.eu\/de\/#\/schema\/person\/image\/","url":"https:\/\/secure.gravatar.com\/avatar\/65e052c039e56c69390f8abadc030236?s=96&d=mm&r=g","contentUrl":"https:\/\/secure.gravatar.com\/avatar\/65e052c039e56c69390f8abadc030236?s=96&d=mm&r=g","caption":"marinaf"}}]}},"jetpack_featured_media_url":"https:\/\/www.szenik.eu\/wp-content\/uploads\/2024\/08\/Banner-Marie_Antoinette-1280x1280-1-e1724069669549.jpg","amp_enabled":true,"_links":{"self":[{"href":"https:\/\/www.szenik.eu\/de\/wp-json\/\/wp\/v2\/posts\/69938"}],"collection":[{"href":"https:\/\/www.szenik.eu\/de\/wp-json\/\/wp\/v2\/posts"}],"about":[{"href":"https:\/\/www.szenik.eu\/de\/wp-json\/\/wp\/v2\/types\/post"}],"author":[{"embeddable":true,"href":"https:\/\/www.szenik.eu\/de\/wp-json\/\/wp\/v2\/users\/1681"}],"replies":[{"embeddable":true,"href":"https:\/\/www.szenik.eu\/de\/wp-json\/\/wp\/v2\/comments?post=69938"}],"version-history":[{"count":5,"href":"https:\/\/www.szenik.eu\/de\/wp-json\/\/wp\/v2\/posts\/69938\/revisions"}],"predecessor-version":[{"id":69943,"href":"https:\/\/www.szenik.eu\/de\/wp-json\/\/wp\/v2\/posts\/69938\/revisions\/69943"}],"wp:featuredmedia":[{"embeddable":true,"href":"https:\/\/www.szenik.eu\/de\/wp-json\/\/wp\/v2\/media\/69932"}],"wp:attachment":[{"href":"https:\/\/www.szenik.eu\/de\/wp-json\/\/wp\/v2\/media?parent=69938"}],"wp:term":[{"taxonomy":"category","embeddable":true,"href":"https:\/\/www.szenik.eu\/de\/wp-json\/\/wp\/v2\/categories?post=69938"},{"taxonomy":"post_tag","embeddable":true,"href":"https:\/\/www.szenik.eu\/de\/wp-json\/\/wp\/v2\/tags?post=69938"}],"curies":[{"name":"wp","href":"https:\/\/api.w.org\/{rel}","templated":true}]}}