{"id":64940,"date":"2024-02-21T09:24:56","date_gmt":"2024-02-21T08:24:56","guid":{"rendered":"https:\/\/www.szenik.eu\/?p=64940\/"},"modified":"2024-03-12T15:20:59","modified_gmt":"2024-03-12T14:20:59","slug":"staatsoper-stuttgart-artistinnen-und-bewegungskuenstlerinnen-gesucht","status":"publish","type":"post","link":"https:\/\/www.szenik.eu\/de\/staatsoper-stuttgart-artistinnen-und-bewegungskuenstlerinnen-gesucht-64940","title":{"rendered":"Staatsoper Stuttgart: Artist*innen und Bewegungs\u00adk\u00fcnstler*innen gesucht!"},"content":{"rendered":"\n<p><strong>Du kannst turnen, betreibst Akrobatik, Breakdance oder eine andere beeindruckende Sportart? Das Regieteam um Paul-Georg Dittrich \u00fcbersetzt Verdis Geschichte von \u201eIl trovatore (Der Troubadour)\u201c in energetische Bilder, f\u00fcr die die Staatsoper Stuttgart  Artist*innen \/ Bewegungsk\u00fcnstler*innen suchen.<\/strong><\/p>\n\n\n\n<p>Die Gruppe der Darsteller*innen wird zun\u00e4chst an einer Wand h\u00e4ngend auf der B\u00fchne sein, sp\u00e4ter im St\u00fcck bewegt sie sich quer \u00fcber die B\u00fchne \u2013 und zwar auf jede Art, die mit dem menschlichen K\u00f6rper m\u00f6glich ist: auf den H\u00e4nden laufend oder \u00fcbereinander gestapelt, mit verr\u00fcckte Verrenkungen, Flick-Flacks oder auch mit zwanzig Pirouetten in 10 Sekunden \u2013 wir sind gespannt auf dein K\u00f6nnen! Dabei ist alles m\u00f6glich: Turnen, Sportakrobatik, Zirkus, Sportgymnastik, Tanz, Yoga, Parcours, Breakdance, Klettern, etc.<\/p>\n\n\n\n<p><strong>Anforderungsprofil<\/strong><br>hohe k\u00f6rperliche Fitness und K\u00f6rperbeherrschung, Bereitschaft zur Teamarbeit, spielfreudig, schwindelfrei<\/p>\n\n\n\n<p><strong>Benefits<\/strong><\/p>\n\n\n\n<ul>\n<li>Entsprechende Verg\u00fctung<\/li>\n\n\n\n<li>Aktive Teilnahme an einer neuen Opernproduktion<\/li>\n\n\n\n<li>Freikarten\/ erm\u00e4\u00dfigte Karten f\u00fcr Produktionen der Staatstheater Stuttgart<\/li>\n<\/ul>\n\n\n\n<p><strong>Probentermine<\/strong><br>Mi, 24.04.2024; 18\u201321 Uhr<br>Do, 25.04.2024; 18\u201321 Uhr<br>Sa, 27.04.2024; 10\u201313 Uhr<br>Di, 30.04.2024; 18\u201321 Uhr<br>Do, 02.05.2024; 18\u201321 Uhr<br>Sa, 04.05.2024; 10\u201313 Uhr<br>Mi, 08.05.2024; 18\u201321 Uhr<br>Fr, 10.05.2024; 18\u201321 Uhr<br>Sa, 11.05.2024; 10\u201313 Uhr<\/p>\n\n\n\n<p><strong>Wichtige Endprobentermine<\/strong><br>Mi, 15.05.2024; 10\u201313 Uhr<br>Fr, 17.05.2024; 10\u201313 Uhr<br>Sa, 18.05.2024; 10\u201313 Uhr<br>Mi, 22.05.2024; 10\u201313 Uhr<br>Do, 23.05.2024; 18\u201322 Uhr<br>Fr, 24.05.2024; 18 Uhr&nbsp;<br>Mo, 27.05.2024; 10\u201313 Uhr<br>Di, 28.05.2024; 10\u201313 Uhr<br>Fr, 31.05.2024; 10\u201313 Uhr<br>Sa, 01.06.2024; 10\u201313 Uhr<br>Di, 04.06.2024; 19\u201322 Uhr<br>Mi, 05.06.2024; 18 Uhr&nbsp;<br>Fr, 07.06.2024; 18 Uhr Generalprobe<\/p>\n\n\n\n<p>Es ist nicht erforderlich, an allen Terminen verf\u00fcgbar zu sein.<\/p>\n\n\n\n<p><strong>Vorstellungstermine<\/strong><br>So, 09.06.2024 (18 Uhr), PREMIERE<br>Mi, 12.06.2024 (19 Uhr)<br>So, 16.06.2024 (19 Uhr)<br>So, 23.06.2024 (19 Uhr)<br>Mo, 01.07.2024 (19 Uhr)<br>Do, 04.07.2024 (19 Uhr)<br>Di, 09.07.2024 (19 Uhr)<br>Di, 16.07.2024 (19 Uhr)<\/p>\n\n\n\n<p><strong>Casting<\/strong><br>Anmeldung erforderlich!&nbsp;<br>Das Casting findet am&nbsp;<strong>Fr, 23.02.2024 von 18:30\u201321:30 Uhr&nbsp;<\/strong>statt. Nach Eingang der Anmeldung erhalten Sie weitere Informationen zum Ablauf des Castings. Bitte melden Sie sich bei Fragen, Interesse und Anmeldung zum Casting bis sp\u00e4testens 21. Februar bei&nbsp;<a href=\"mailto:janine.grellscheid@staatstheater-stuttgart.de\">janine.grellscheid@staatstheater-stuttgart.de<\/a>.&nbsp;<\/p>\n\n\n\n<p><strong>For english please contact&nbsp;<\/strong><a href=\"mailto:janine.grellscheid@staatstheater-stuttgart.de\">janine.grellscheid@staatstheater-stuttgart.de<\/a>.<\/p>\n\n\n\n<p><\/p>\n\n\n\n<p><strong><a href=\"https:\/\/www.staatsoper-stuttgart.de\/magazin\/artistinnen-und-bewegungskuenstlerinnen-gesucht\/?fbclid=IwAR08XaNTagm1zUT6-BQ2rvQbcvwoA80AvSQQMGKHNZ06GwpWsfggNZYuKD8\">staatsoper-stuttgart.de<\/a><\/strong><\/p>\n","protected":false},"excerpt":{"rendered":"<p>Du kannst turnen, betreibst Akrobatik, Breakdance oder eine andere beeindruckende Sportart? Das Regieteam um Paul-Georg Dittrich \u00fcbersetzt Verdis Geschichte von \u201eIl trovatore (Der Troubadour)\u201c in energetische Bilder, f\u00fcr die die Staatsoper Stuttgart Artist*innen \/ Bewegungsk\u00fcnstler*innen suchen. Die Gruppe der Darsteller*innen wird zun\u00e4chst an einer Wand h\u00e4ngend auf der B\u00fchne sein, sp\u00e4ter im St\u00fcck bewegt sie [&hellip;]<\/p>\n","protected":false},"author":1694,"featured_media":64941,"comment_status":"open","ping_status":"open","sticky":false,"template":"","format":"standard","meta":{"_monsterinsights_skip_tracking":false,"_monsterinsights_sitenote_active":false,"_monsterinsights_sitenote_note":"","_monsterinsights_sitenote_category":0},"categories":[2816],"tags":[],"yoast_head":"<!-- This site is optimized with the Yoast SEO plugin v20.5 - https:\/\/yoast.com\/wordpress\/plugins\/seo\/ -->\n<title>Staatsoper Stuttgart: Artist*innen und Bewegungs\u00adk\u00fcnstler*innen gesucht! - szenik.eu<\/title>\n<meta name=\"description\" content=\"Du kannst turnen, betreibst Akrobatik, Breakdance oder eine andere beeindruckende Sportart? Das Regieteam um Paul-Georg Dittrich \u00fcbersetzt Verdis Geschichte von \u201eIl trovatore (Der Troubadour)\u201c in energetische Bilder, f\u00fcr die die Staatsoper Stuttgart Artist*innen \/ Bewegungsk\u00fcnstler*innen suchen.\" \/>\n<meta name=\"robots\" content=\"index, follow, max-snippet:-1, max-image-preview:large, max-video-preview:-1\" \/>\n<link rel=\"canonical\" href=\"https:\/\/www.szenik.eu\/de\/staatsoper-stuttgart-artistinnen-und-bewegungskuenstlerinnen-gesucht-64940\" \/>\n<meta property=\"og:locale\" content=\"de_DE\" \/>\n<meta property=\"og:type\" content=\"article\" \/>\n<meta property=\"og:title\" content=\"Staatsoper Stuttgart: Artist*innen und Bewegungs\u00adk\u00fcnstler*innen gesucht! - szenik.eu\" \/>\n<meta property=\"og:description\" content=\"Du kannst turnen, betreibst Akrobatik, Breakdance oder eine andere beeindruckende Sportart? Das Regieteam um Paul-Georg Dittrich \u00fcbersetzt Verdis Geschichte von \u201eIl trovatore (Der Troubadour)\u201c in energetische Bilder, f\u00fcr die die Staatsoper Stuttgart Artist*innen \/ Bewegungsk\u00fcnstler*innen suchen.\" \/>\n<meta property=\"og:url\" content=\"https:\/\/www.szenik.eu\/de\/staatsoper-stuttgart-artistinnen-und-bewegungskuenstlerinnen-gesucht-64940\" \/>\n<meta property=\"og:site_name\" content=\"szenik\" \/>\n<meta property=\"article:publisher\" content=\"https:\/\/www.facebook.com\/szenik.eu\/\" \/>\n<meta property=\"article:published_time\" content=\"2024-02-21T08:24:56+00:00\" \/>\n<meta property=\"article:modified_time\" content=\"2024-03-12T14:20:59+00:00\" \/>\n<meta property=\"og:image\" content=\"https:\/\/www.szenik.eu\/wp-content\/uploads\/2024\/02\/staatsoper_web_header_travatore.png\" \/>\n\t<meta property=\"og:image:width\" content=\"2880\" \/>\n\t<meta property=\"og:image:height\" content=\"1620\" \/>\n\t<meta property=\"og:image:type\" content=\"image\/png\" \/>\n<meta name=\"author\" content=\"Cecile Noel\" \/>\n<meta name=\"twitter:card\" content=\"summary_large_image\" \/>\n<meta name=\"twitter:creator\" content=\"@Szenik\" \/>\n<meta name=\"twitter:site\" content=\"@Szenik\" \/>\n<meta name=\"twitter:label1\" content=\"Verfasst von\" \/>\n\t<meta name=\"twitter:data1\" content=\"Cecile Noel\" \/>\n\t<meta name=\"twitter:label2\" content=\"Gesch\u00e4tzte Lesezeit\" \/>\n\t<meta name=\"twitter:data2\" content=\"2\u00a0Minuten\" \/>\n<script type=\"application\/ld+json\" class=\"yoast-schema-graph\">{\"@context\":\"https:\/\/schema.org\",\"@graph\":[{\"@type\":\"Article\",\"@id\":\"https:\/\/www.szenik.eu\/de\/staatsoper-stuttgart-artistinnen-und-bewegungskuenstlerinnen-gesucht-64940#article\",\"isPartOf\":{\"@id\":\"https:\/\/www.szenik.eu\/de\/staatsoper-stuttgart-artistinnen-und-bewegungskuenstlerinnen-gesucht-64940\"},\"author\":{\"name\":\"Cecile Noel\",\"@id\":\"https:\/\/www.szenik.eu\/de\/#\/schema\/person\/9379f40b0281aab50f17f2999a47cbfe\"},\"headline\":\"Staatsoper Stuttgart: Artist*innen und Bewegungs\u00adk\u00fcnstler*innen gesucht!\",\"datePublished\":\"2024-02-21T08:24:56+00:00\",\"dateModified\":\"2024-03-12T14:20:59+00:00\",\"mainEntityOfPage\":{\"@id\":\"https:\/\/www.szenik.eu\/de\/staatsoper-stuttgart-artistinnen-und-bewegungskuenstlerinnen-gesucht-64940\"},\"wordCount\":288,\"commentCount\":0,\"publisher\":{\"@id\":\"https:\/\/www.szenik.eu\/de\/#organization\"},\"articleSection\":[\"Praktikums- und Stellenb\u00f6rse\"],\"inLanguage\":\"de\",\"potentialAction\":[{\"@type\":\"CommentAction\",\"name\":\"Comment\",\"target\":[\"https:\/\/www.szenik.eu\/de\/staatsoper-stuttgart-artistinnen-und-bewegungskuenstlerinnen-gesucht-64940#respond\"]}]},{\"@type\":\"WebPage\",\"@id\":\"https:\/\/www.szenik.eu\/de\/staatsoper-stuttgart-artistinnen-und-bewegungskuenstlerinnen-gesucht-64940\",\"url\":\"https:\/\/www.szenik.eu\/de\/staatsoper-stuttgart-artistinnen-und-bewegungskuenstlerinnen-gesucht-64940\",\"name\":\"Staatsoper Stuttgart: Artist*innen und Bewegungs\u00adk\u00fcnstler*innen gesucht! - szenik.eu\",\"isPartOf\":{\"@id\":\"https:\/\/www.szenik.eu\/de\/#website\"},\"datePublished\":\"2024-02-21T08:24:56+00:00\",\"dateModified\":\"2024-03-12T14:20:59+00:00\",\"description\":\"Du kannst turnen, betreibst Akrobatik, Breakdance oder eine andere beeindruckende Sportart? Das Regieteam um Paul-Georg Dittrich \u00fcbersetzt Verdis Geschichte von \u201eIl trovatore (Der Troubadour)\u201c in energetische Bilder, f\u00fcr die die Staatsoper Stuttgart Artist*innen \/ Bewegungsk\u00fcnstler*innen suchen.\",\"breadcrumb\":{\"@id\":\"https:\/\/www.szenik.eu\/de\/staatsoper-stuttgart-artistinnen-und-bewegungskuenstlerinnen-gesucht-64940#breadcrumb\"},\"inLanguage\":\"de\",\"potentialAction\":[{\"@type\":\"ReadAction\",\"target\":[\"https:\/\/www.szenik.eu\/de\/staatsoper-stuttgart-artistinnen-und-bewegungskuenstlerinnen-gesucht-64940\"]}]},{\"@type\":\"BreadcrumbList\",\"@id\":\"https:\/\/www.szenik.eu\/de\/staatsoper-stuttgart-artistinnen-und-bewegungskuenstlerinnen-gesucht-64940#breadcrumb\",\"itemListElement\":[{\"@type\":\"ListItem\",\"position\":1,\"name\":\"Home\",\"item\":\"https:\/\/www.szenik.eu\/de\"},{\"@type\":\"ListItem\",\"position\":2,\"name\":\"Staatsoper Stuttgart: Artist*innen und Bewegungs\u00adk\u00fcnstler*innen gesucht!\"}]},{\"@type\":\"WebSite\",\"@id\":\"https:\/\/www.szenik.eu\/de\/#website\",\"url\":\"https:\/\/www.szenik.eu\/de\/\",\"name\":\"szenik\",\"description\":\"Le Meilleur des sc\u00e8nes au coeur de l&#039;Europe\",\"publisher\":{\"@id\":\"https:\/\/www.szenik.eu\/de\/#organization\"},\"potentialAction\":[{\"@type\":\"SearchAction\",\"target\":{\"@type\":\"EntryPoint\",\"urlTemplate\":\"https:\/\/www.szenik.eu\/de\/?s={search_term_string}\"},\"query-input\":\"required name=search_term_string\"}],\"inLanguage\":\"de\"},{\"@type\":\"Organization\",\"@id\":\"https:\/\/www.szenik.eu\/de\/#organization\",\"name\":\"Szenik\",\"url\":\"https:\/\/www.szenik.eu\/de\/\",\"logo\":{\"@type\":\"ImageObject\",\"inLanguage\":\"de\",\"@id\":\"https:\/\/www.szenik.eu\/de\/#\/schema\/logo\/image\/\",\"url\":\"https:\/\/www.szenik.eu\/wp-content\/uploads\/2019\/07\/logo-square.png\",\"contentUrl\":\"https:\/\/www.szenik.eu\/wp-content\/uploads\/2019\/07\/logo-square.png\",\"width\":512,\"height\":512,\"caption\":\"Szenik\"},\"image\":{\"@id\":\"https:\/\/www.szenik.eu\/de\/#\/schema\/logo\/image\/\"},\"sameAs\":[\"https:\/\/www.facebook.com\/szenik.eu\/\",\"https:\/\/twitter.com\/Szenik\",\"https:\/\/www.instagram.com\/szenik_magazine\/\",\"https:\/\/www.youtube.com\/user\/SzenikEU\/\"]},{\"@type\":\"Person\",\"@id\":\"https:\/\/www.szenik.eu\/de\/#\/schema\/person\/9379f40b0281aab50f17f2999a47cbfe\",\"name\":\"Cecile Noel\",\"image\":{\"@type\":\"ImageObject\",\"inLanguage\":\"de\",\"@id\":\"https:\/\/www.szenik.eu\/de\/#\/schema\/person\/image\/\",\"url\":\"https:\/\/secure.gravatar.com\/avatar\/901a29f79de88bfbea3d7fcf730d98da?s=96&d=mm&r=g\",\"contentUrl\":\"https:\/\/secure.gravatar.com\/avatar\/901a29f79de88bfbea3d7fcf730d98da?s=96&d=mm&r=g\",\"caption\":\"Cecile Noel\"}}]}<\/script>\n<!-- \/ Yoast SEO plugin. -->","yoast_head_json":{"title":"Staatsoper Stuttgart: Artist*innen und Bewegungs\u00adk\u00fcnstler*innen gesucht! - szenik.eu","description":"Du kannst turnen, betreibst Akrobatik, Breakdance oder eine andere beeindruckende Sportart? Das Regieteam um Paul-Georg Dittrich \u00fcbersetzt Verdis Geschichte von \u201eIl trovatore (Der Troubadour)\u201c in energetische Bilder, f\u00fcr die die Staatsoper Stuttgart Artist*innen \/ Bewegungsk\u00fcnstler*innen suchen.","robots":{"index":"index","follow":"follow","max-snippet":"max-snippet:-1","max-image-preview":"max-image-preview:large","max-video-preview":"max-video-preview:-1"},"canonical":"https:\/\/www.szenik.eu\/de\/staatsoper-stuttgart-artistinnen-und-bewegungskuenstlerinnen-gesucht-64940","og_locale":"de_DE","og_type":"article","og_title":"Staatsoper Stuttgart: Artist*innen und Bewegungs\u00adk\u00fcnstler*innen gesucht! - szenik.eu","og_description":"Du kannst turnen, betreibst Akrobatik, Breakdance oder eine andere beeindruckende Sportart? Das Regieteam um Paul-Georg Dittrich \u00fcbersetzt Verdis Geschichte von \u201eIl trovatore (Der Troubadour)\u201c in energetische Bilder, f\u00fcr die die Staatsoper Stuttgart Artist*innen \/ Bewegungsk\u00fcnstler*innen suchen.","og_url":"https:\/\/www.szenik.eu\/de\/staatsoper-stuttgart-artistinnen-und-bewegungskuenstlerinnen-gesucht-64940","og_site_name":"szenik","article_publisher":"https:\/\/www.facebook.com\/szenik.eu\/","article_published_time":"2024-02-21T08:24:56+00:00","article_modified_time":"2024-03-12T14:20:59+00:00","og_image":[{"width":2880,"height":1620,"url":"https:\/\/www.szenik.eu\/wp-content\/uploads\/2024\/02\/staatsoper_web_header_travatore.png","type":"image\/png"}],"author":"Cecile Noel","twitter_card":"summary_large_image","twitter_creator":"@Szenik","twitter_site":"@Szenik","twitter_misc":{"Verfasst von":"Cecile Noel","Gesch\u00e4tzte Lesezeit":"2\u00a0Minuten"},"schema":{"@context":"https:\/\/schema.org","@graph":[{"@type":"Article","@id":"https:\/\/www.szenik.eu\/de\/staatsoper-stuttgart-artistinnen-und-bewegungskuenstlerinnen-gesucht-64940#article","isPartOf":{"@id":"https:\/\/www.szenik.eu\/de\/staatsoper-stuttgart-artistinnen-und-bewegungskuenstlerinnen-gesucht-64940"},"author":{"name":"Cecile Noel","@id":"https:\/\/www.szenik.eu\/de\/#\/schema\/person\/9379f40b0281aab50f17f2999a47cbfe"},"headline":"Staatsoper Stuttgart: Artist*innen und Bewegungs\u00adk\u00fcnstler*innen gesucht!","datePublished":"2024-02-21T08:24:56+00:00","dateModified":"2024-03-12T14:20:59+00:00","mainEntityOfPage":{"@id":"https:\/\/www.szenik.eu\/de\/staatsoper-stuttgart-artistinnen-und-bewegungskuenstlerinnen-gesucht-64940"},"wordCount":288,"commentCount":0,"publisher":{"@id":"https:\/\/www.szenik.eu\/de\/#organization"},"articleSection":["Praktikums- und Stellenb\u00f6rse"],"inLanguage":"de","potentialAction":[{"@type":"CommentAction","name":"Comment","target":["https:\/\/www.szenik.eu\/de\/staatsoper-stuttgart-artistinnen-und-bewegungskuenstlerinnen-gesucht-64940#respond"]}]},{"@type":"WebPage","@id":"https:\/\/www.szenik.eu\/de\/staatsoper-stuttgart-artistinnen-und-bewegungskuenstlerinnen-gesucht-64940","url":"https:\/\/www.szenik.eu\/de\/staatsoper-stuttgart-artistinnen-und-bewegungskuenstlerinnen-gesucht-64940","name":"Staatsoper Stuttgart: Artist*innen und Bewegungs\u00adk\u00fcnstler*innen gesucht! - szenik.eu","isPartOf":{"@id":"https:\/\/www.szenik.eu\/de\/#website"},"datePublished":"2024-02-21T08:24:56+00:00","dateModified":"2024-03-12T14:20:59+00:00","description":"Du kannst turnen, betreibst Akrobatik, Breakdance oder eine andere beeindruckende Sportart? Das Regieteam um Paul-Georg Dittrich \u00fcbersetzt Verdis Geschichte von \u201eIl trovatore (Der Troubadour)\u201c in energetische Bilder, f\u00fcr die die Staatsoper Stuttgart Artist*innen \/ Bewegungsk\u00fcnstler*innen suchen.","breadcrumb":{"@id":"https:\/\/www.szenik.eu\/de\/staatsoper-stuttgart-artistinnen-und-bewegungskuenstlerinnen-gesucht-64940#breadcrumb"},"inLanguage":"de","potentialAction":[{"@type":"ReadAction","target":["https:\/\/www.szenik.eu\/de\/staatsoper-stuttgart-artistinnen-und-bewegungskuenstlerinnen-gesucht-64940"]}]},{"@type":"BreadcrumbList","@id":"https:\/\/www.szenik.eu\/de\/staatsoper-stuttgart-artistinnen-und-bewegungskuenstlerinnen-gesucht-64940#breadcrumb","itemListElement":[{"@type":"ListItem","position":1,"name":"Home","item":"https:\/\/www.szenik.eu\/de"},{"@type":"ListItem","position":2,"name":"Staatsoper Stuttgart: Artist*innen und Bewegungs\u00adk\u00fcnstler*innen gesucht!"}]},{"@type":"WebSite","@id":"https:\/\/www.szenik.eu\/de\/#website","url":"https:\/\/www.szenik.eu\/de\/","name":"szenik","description":"Le Meilleur des sc\u00e8nes au coeur de l&#039;Europe","publisher":{"@id":"https:\/\/www.szenik.eu\/de\/#organization"},"potentialAction":[{"@type":"SearchAction","target":{"@type":"EntryPoint","urlTemplate":"https:\/\/www.szenik.eu\/de\/?s={search_term_string}"},"query-input":"required name=search_term_string"}],"inLanguage":"de"},{"@type":"Organization","@id":"https:\/\/www.szenik.eu\/de\/#organization","name":"Szenik","url":"https:\/\/www.szenik.eu\/de\/","logo":{"@type":"ImageObject","inLanguage":"de","@id":"https:\/\/www.szenik.eu\/de\/#\/schema\/logo\/image\/","url":"https:\/\/www.szenik.eu\/wp-content\/uploads\/2019\/07\/logo-square.png","contentUrl":"https:\/\/www.szenik.eu\/wp-content\/uploads\/2019\/07\/logo-square.png","width":512,"height":512,"caption":"Szenik"},"image":{"@id":"https:\/\/www.szenik.eu\/de\/#\/schema\/logo\/image\/"},"sameAs":["https:\/\/www.facebook.com\/szenik.eu\/","https:\/\/twitter.com\/Szenik","https:\/\/www.instagram.com\/szenik_magazine\/","https:\/\/www.youtube.com\/user\/SzenikEU\/"]},{"@type":"Person","@id":"https:\/\/www.szenik.eu\/de\/#\/schema\/person\/9379f40b0281aab50f17f2999a47cbfe","name":"Cecile Noel","image":{"@type":"ImageObject","inLanguage":"de","@id":"https:\/\/www.szenik.eu\/de\/#\/schema\/person\/image\/","url":"https:\/\/secure.gravatar.com\/avatar\/901a29f79de88bfbea3d7fcf730d98da?s=96&d=mm&r=g","contentUrl":"https:\/\/secure.gravatar.com\/avatar\/901a29f79de88bfbea3d7fcf730d98da?s=96&d=mm&r=g","caption":"Cecile Noel"}}]}},"jetpack_featured_media_url":"https:\/\/www.szenik.eu\/wp-content\/uploads\/2024\/02\/staatsoper_web_header_travatore.png","amp_enabled":true,"_links":{"self":[{"href":"https:\/\/www.szenik.eu\/de\/wp-json\/\/wp\/v2\/posts\/64940"}],"collection":[{"href":"https:\/\/www.szenik.eu\/de\/wp-json\/\/wp\/v2\/posts"}],"about":[{"href":"https:\/\/www.szenik.eu\/de\/wp-json\/\/wp\/v2\/types\/post"}],"author":[{"embeddable":true,"href":"https:\/\/www.szenik.eu\/de\/wp-json\/\/wp\/v2\/users\/1694"}],"replies":[{"embeddable":true,"href":"https:\/\/www.szenik.eu\/de\/wp-json\/\/wp\/v2\/comments?post=64940"}],"version-history":[{"count":3,"href":"https:\/\/www.szenik.eu\/de\/wp-json\/\/wp\/v2\/posts\/64940\/revisions"}],"predecessor-version":[{"id":66331,"href":"https:\/\/www.szenik.eu\/de\/wp-json\/\/wp\/v2\/posts\/64940\/revisions\/66331"}],"wp:featuredmedia":[{"embeddable":true,"href":"https:\/\/www.szenik.eu\/de\/wp-json\/\/wp\/v2\/media\/64941"}],"wp:attachment":[{"href":"https:\/\/www.szenik.eu\/de\/wp-json\/\/wp\/v2\/media?parent=64940"}],"wp:term":[{"taxonomy":"category","embeddable":true,"href":"https:\/\/www.szenik.eu\/de\/wp-json\/\/wp\/v2\/categories?post=64940"},{"taxonomy":"post_tag","embeddable":true,"href":"https:\/\/www.szenik.eu\/de\/wp-json\/\/wp\/v2\/tags?post=64940"}],"curies":[{"name":"wp","href":"https:\/\/api.w.org\/{rel}","templated":true}]}}