{"id":64702,"date":"2024-02-15T10:42:29","date_gmt":"2024-02-15T09:42:29","guid":{"rendered":"https:\/\/www.szenik.eu\/?p=64702\/"},"modified":"2024-03-12T07:24:22","modified_gmt":"2024-03-12T06:24:22","slug":"baden-badener-osterfestspiele-vertiefen-ihre-europaeischen-wurzeln-und-stellen-eine-neue-kuenstlergeneration-vor","status":"publish","type":"post","link":"https:\/\/www.szenik.eu\/de\/baden-badener-osterfestspiele-vertiefen-ihre-europaeischen-wurzeln-und-stellen-eine-neue-kuenstlergeneration-vor-64702","title":{"rendered":"<strong>Baden-Badener Osterfestspiele vertiefen ihre europ\u00e4ischen Wurzeln und stellen eine neue K\u00fcnstlergeneration vor\u00a0<\/strong>"},"content":{"rendered":"\n<p>Baden-Baden wird 2026 seine europ\u00e4ische Vision erweitern, wenn weltber\u00fchmte Orchester und eine neue Generation von K\u00fcnstlern die Osterfestspiele leiten werden. Das Royal Concertgebouw Orchestra Amsterdam und das Mahler Chamber Orchestra werden das neue Team in einer dreij\u00e4hrigen Partnerschaft mit dem Festival bilden, k\u00fcndigte Festspielhaus-Intendant Benedikt Stampa im Namen des neuen k\u00fcnstlerischen Teams unter dem Dach der Baden-Badener Festspiele an.<\/p>\n\n\n\n<p><br>\u201eMusikliebhaber k\u00f6nnen sich auf hochkar\u00e4tige Opern- und Konzertabende in Baden-Baden freuen\u201c, so Benedikt Stampa. Neben Opern und gro\u00dfen Sinfoniekonzerten sind in der Osterzeit Auff\u00fchrungen von Passionen sowie ein Kammermusikprogramm in den sch\u00f6nsten S\u00e4len Baden-Badens geplant. \u201eAuch in der Kulturvermittlung sind die Orchester f\u00fchrend\u201c, freut sich der Baden-Badener Intendant Benedikt Stampa, \u201edie Kulturstiftung <a href=\"https:\/\/www.szenik.eu\/de\/festspielhaus-baden-baden-2024-europas-kulturerbe-in-die-gegenwart-transformieren-62012\" target=\"_blank\" rel=\"noreferrer noopener\">Festspielhaus Baden-Baden<\/a> investiert mutig in die Pflege des musikalischen Erbes Europas.\u201c<\/p>\n\n\n\n<p>Im Jahr 2026 werden das <a href=\"https:\/\/www.concertgebouworkest.nl\/en\" target=\"_blank\" rel=\"noreferrer noopener\">Royal Concertgebouw Orchestra<\/a> unter der Leitung seines k\u00fcnstlerischen Partners Klaus M\u00e4kel\u00e4 und das Mahler Chamber Orchestra unter der Leitung von Joana Mallwitz auftreten. Beide Orchester werden in der k\u00fcnstlerischen Planung Baden-Badens eine zentrale Rolle spielen.<\/p>\n\n\n\n<p>Das 1888 gegr\u00fcndete Royal Concertgebouw Orchestra geh\u00f6rt zu den besten Orchestern der Welt und wird 2026 zum ersten Mal bei den Osterfestspielen Baden-Baden auftreten. Das Mahler Chamber Orchestra geh\u00f6rt zu den international renommiertesten Festspiel- und Opernorchestern. In Baden-Baden war das Orchester, unter anderem mit seinem Gr\u00fcndungsmentor Claudio Abbado, bereits mit Auff\u00fchrungen von \u201eDie Zauberfl\u00f6te\u201c und \u201eFidelio\u201c zu erleben.<\/p>\n\n\n\n<p>Klaus M\u00e4kel\u00e4 ist k\u00fcnstlerischer Partner des Royal Concertgebouw Orchestra und wird ab der Saison 2027\/2028 dessen Chefdirigent sein. Au\u00dferdem ist er derzeit Musikdirektor des Orchestre de Paris und Chefdirigent des Oslo Philharmonic Orchestra und wird im April 2025 in zwei Konzerten mit den Berliner Philharmonikern seinen ersten Auftritt bei den Osterfestspielen Baden-Baden haben.<\/p>\n\n\n\n<p>Joana Mallwitz ist Chefdirigentin des Konzerthausorchesters Berlin, regelm\u00e4\u00dfiger Gast an der Bayerischen Staatsoper und bei den Salzburger Festspielen und gastiert in dieser Saison erstmals an der Staatsoper Unter den Linden. In Baden-Baden gibt sie 2026 ihr Deb\u00fct als Dirigentin der Opernproduktion der Osterfestspiele mit dem Mahler Chamber Orchestra.<\/p>\n\n\n\n<figure class=\"is-layout-flex wp-block-gallery-1 wp-block-gallery has-nested-images columns-default is-cropped\">\n<figure class=\"wp-block-image size-large\"><img decoding=\"async\" loading=\"lazy\" width=\"1024\" height=\"851\" data-id=\"64709\"  src=\"https:\/\/www.szenik.eu\/wp-content\/uploads\/2024\/02\/MahlerChamberOrchestra_c_Molina-Visuals-1024x851.jpg\" alt=\"\" class=\"wp-image-64709\" srcset=\"https:\/\/www.szenik.eu\/wp-content\/uploads\/2024\/02\/MahlerChamberOrchestra_c_Molina-Visuals-1024x851.jpg 1024w, https:\/\/www.szenik.eu\/wp-content\/uploads\/2024\/02\/MahlerChamberOrchestra_c_Molina-Visuals-300x249.jpg 300w, https:\/\/www.szenik.eu\/wp-content\/uploads\/2024\/02\/MahlerChamberOrchestra_c_Molina-Visuals-768x638.jpg 768w, https:\/\/www.szenik.eu\/wp-content\/uploads\/2024\/02\/MahlerChamberOrchestra_c_Molina-Visuals-1536x1276.jpg 1536w, https:\/\/www.szenik.eu\/wp-content\/uploads\/2024\/02\/MahlerChamberOrchestra_c_Molina-Visuals-750x623.jpg 750w, https:\/\/www.szenik.eu\/wp-content\/uploads\/2024\/02\/MahlerChamberOrchestra_c_Molina-Visuals-1140x947.jpg 1140w, https:\/\/www.szenik.eu\/wp-content\/uploads\/2024\/02\/MahlerChamberOrchestra_c_Molina-Visuals.jpg 1799w\" sizes=\"(max-width: 1024px) 100vw, 1024px\" \/><figcaption class=\"wp-element-caption\">Mahler Chamber Orchestra, Photo: Molina Visuals<\/figcaption><\/figure>\n\n\n\n<figure class=\"wp-block-image size-large\"><img decoding=\"async\" loading=\"lazy\" width=\"786\" height=\"1024\" data-id=\"64712\"  src=\"https:\/\/www.szenik.eu\/wp-content\/uploads\/2024\/02\/Klaus-Makela_photo-Jerome-Bonnet-786x1024.jpg\" alt=\"\" class=\"wp-image-64712\" srcset=\"https:\/\/www.szenik.eu\/wp-content\/uploads\/2024\/02\/Klaus-Makela_photo-Jerome-Bonnet-786x1024.jpg 786w, https:\/\/www.szenik.eu\/wp-content\/uploads\/2024\/02\/Klaus-Makela_photo-Jerome-Bonnet-230x300.jpg 230w, https:\/\/www.szenik.eu\/wp-content\/uploads\/2024\/02\/Klaus-Makela_photo-Jerome-Bonnet-768x1000.jpg 768w, https:\/\/www.szenik.eu\/wp-content\/uploads\/2024\/02\/Klaus-Makela_photo-Jerome-Bonnet-1180x1536.jpg 1180w, https:\/\/www.szenik.eu\/wp-content\/uploads\/2024\/02\/Klaus-Makela_photo-Jerome-Bonnet-1573x2048.jpg 1573w, https:\/\/www.szenik.eu\/wp-content\/uploads\/2024\/02\/Klaus-Makela_photo-Jerome-Bonnet-750x977.jpg 750w, https:\/\/www.szenik.eu\/wp-content\/uploads\/2024\/02\/Klaus-Makela_photo-Jerome-Bonnet-1140x1484.jpg 1140w, https:\/\/www.szenik.eu\/wp-content\/uploads\/2024\/02\/Klaus-Makela_photo-Jerome-Bonnet.jpg 1728w\" sizes=\"(max-width: 786px) 100vw, 786px\" \/><figcaption class=\"wp-element-caption\">Klaus Ma\u0308kela, Photo: Jerome Bonnet<\/figcaption><\/figure>\n\n\n\n<figure class=\"wp-block-image size-large\"><img decoding=\"async\" loading=\"lazy\" width=\"1024\" height=\"683\" data-id=\"64714\"  src=\"https:\/\/www.szenik.eu\/wp-content\/uploads\/2024\/02\/Concertgebouworkest_c_SimonVanBoxtel-3-1024x683.jpg\" alt=\"\" class=\"wp-image-64714\" srcset=\"https:\/\/www.szenik.eu\/wp-content\/uploads\/2024\/02\/Concertgebouworkest_c_SimonVanBoxtel-3-1024x683.jpg 1024w, https:\/\/www.szenik.eu\/wp-content\/uploads\/2024\/02\/Concertgebouworkest_c_SimonVanBoxtel-3-300x200.jpg 300w, https:\/\/www.szenik.eu\/wp-content\/uploads\/2024\/02\/Concertgebouworkest_c_SimonVanBoxtel-3-768x512.jpg 768w, https:\/\/www.szenik.eu\/wp-content\/uploads\/2024\/02\/Concertgebouworkest_c_SimonVanBoxtel-3-1536x1024.jpg 1536w, https:\/\/www.szenik.eu\/wp-content\/uploads\/2024\/02\/Concertgebouworkest_c_SimonVanBoxtel-3-2048x1366.jpg 2048w, https:\/\/www.szenik.eu\/wp-content\/uploads\/2024\/02\/Concertgebouworkest_c_SimonVanBoxtel-3-750x500.jpg 750w, https:\/\/www.szenik.eu\/wp-content\/uploads\/2024\/02\/Concertgebouworkest_c_SimonVanBoxtel-3-1140x760.jpg 1140w\" sizes=\"(max-width: 1024px) 100vw, 1024px\" \/><figcaption class=\"wp-element-caption\">Concertgebouwork, Photo: Simon Van Boxtel<\/figcaption><\/figure>\n<\/figure>\n\n\n\n<p><br><strong>Besonderer Dank an die Berliner Philharmoniker<\/strong><\/p>\n\n\n\n<p>\u201eWir danken den Berliner Philharmonikern, dass sie unsere Osterfestspiele von 2013 bis 2025 begleiten und ihnen internationale Anerkennung verschaffen\u201c, sagt Benedikt Stampa. \u201eDie beiden verbleibenden Festivals in den Jahren 2024 und 2025 werden wir mit dem Orchester und seinem Chefdirigenten Kirill Petrenko optimal nutzen, um den Geist dieser zukunftsweisenden Gr\u00fcndung auf uns wirken zu lassen.\u201c Im Jahr 2024 wird die Richard-Strauss-Oper \u201eElektra\u201c im Mittelpunkt des Festivals stehen. Das Programm f\u00fcr die Osterfestspiele 2025 wird w\u00e4hrend der Festspiele 2024 ver\u00f6ffentlicht.<\/p>\n\n\n\n<p><strong>Private F\u00f6rderung im Weltkulturerbe<\/strong><\/p>\n\n\n\n<p>Die Osterfestspiele Baden-Baden werden von der Kulturstiftung Festspielhaus Baden-Baden in privater Tr\u00e4gerschaft veranstaltet und finden im 1998 er\u00f6ffneten Festspielhaus Baden-Baden sowie an vielen weiteren Spielst\u00e4tten in der UNESCO-Welterbestadt im Schwarzwald statt. Baden-Baden kann auf mehrere Jahrhunderte Musikgeschichte zur\u00fcckblicken, in denen bedeutende K\u00fcnstlerpers\u00f6nlichkeiten wie Hector Berlioz, Johannes Brahms, Clara Schumann, Pauline Viardot und Pierre Boulez wirkten.<\/p>\n\n\n\n<p><a href=\"http:\/\/www.festspielhaus.de\/\"><strong>www.festspielhaus.de<\/strong><\/a><\/p>\n","protected":false},"excerpt":{"rendered":"<p>Baden-Baden wird 2026 seine europ\u00e4ische Vision erweitern, wenn weltber\u00fchmte Orchester und eine neue Generation von K\u00fcnstlern die Osterfestspiele leiten werden. Das Royal Concertgebouw Orchestra Amsterdam und das Mahler Chamber Orchestra werden das neue Team in einer dreij\u00e4hrigen Partnerschaft mit dem Festival bilden, k\u00fcndigte Festspielhaus-Intendant Benedikt Stampa im Namen des neuen k\u00fcnstlerischen Teams unter dem Dach [&hellip;]<\/p>\n","protected":false},"author":1680,"featured_media":64705,"comment_status":"open","ping_status":"open","sticky":false,"template":"","format":"standard","meta":{"_monsterinsights_skip_tracking":false,"_monsterinsights_sitenote_active":false,"_monsterinsights_sitenote_note":"","_monsterinsights_sitenote_category":0},"categories":[2815],"tags":[],"yoast_head":"<!-- This site is optimized with the Yoast SEO plugin v20.5 - https:\/\/yoast.com\/wordpress\/plugins\/seo\/ -->\n<title>Baden-Badener Osterfestspiele vertiefen ihre europ\u00e4ischen Wurzeln und stellen eine neue K\u00fcnstlergeneration vor\u00a0 - szenik.eu<\/title>\n<meta name=\"description\" content=\"Baden-Badener Osterfestspiele vertiefen ihre europ\u00e4ischen Wurzeln und stellen eine neue K\u00fcnstlergeneration vor\u00a0\" \/>\n<meta name=\"robots\" content=\"index, follow, max-snippet:-1, max-image-preview:large, max-video-preview:-1\" \/>\n<link rel=\"canonical\" href=\"https:\/\/www.szenik.eu\/de\/baden-badener-osterfestspiele-vertiefen-ihre-europaeischen-wurzeln-und-stellen-eine-neue-kuenstlergeneration-vor-64702\" \/>\n<meta property=\"og:locale\" content=\"de_DE\" \/>\n<meta property=\"og:type\" content=\"article\" \/>\n<meta property=\"og:title\" content=\"Baden-Badener Osterfestspiele vertiefen ihre europ\u00e4ischen Wurzeln und stellen eine neue K\u00fcnstlergeneration vor\u00a0 - szenik.eu\" \/>\n<meta property=\"og:description\" content=\"Baden-Badener Osterfestspiele vertiefen ihre europ\u00e4ischen Wurzeln und stellen eine neue K\u00fcnstlergeneration vor\u00a0\" \/>\n<meta property=\"og:url\" content=\"https:\/\/www.szenik.eu\/de\/baden-badener-osterfestspiele-vertiefen-ihre-europaeischen-wurzeln-und-stellen-eine-neue-kuenstlergeneration-vor-64702\" \/>\n<meta property=\"og:site_name\" content=\"szenik\" \/>\n<meta property=\"article:publisher\" content=\"https:\/\/www.facebook.com\/szenik.eu\/\" \/>\n<meta property=\"article:published_time\" content=\"2024-02-15T09:42:29+00:00\" \/>\n<meta property=\"article:modified_time\" content=\"2024-03-12T06:24:22+00:00\" \/>\n<meta property=\"og:image\" content=\"https:\/\/www.szenik.eu\/wp-content\/uploads\/2024\/02\/Konzerthaus_Mallwitz_c-Sima-Dehgani1.jpg\" \/>\n\t<meta property=\"og:image:width\" content=\"1586\" \/>\n\t<meta property=\"og:image:height\" content=\"1184\" \/>\n\t<meta property=\"og:image:type\" content=\"image\/jpeg\" \/>\n<meta name=\"author\" content=\"sarahk\" \/>\n<meta name=\"twitter:card\" content=\"summary_large_image\" \/>\n<meta name=\"twitter:creator\" content=\"@Szenik\" \/>\n<meta name=\"twitter:site\" content=\"@Szenik\" \/>\n<meta name=\"twitter:label1\" content=\"Verfasst von\" \/>\n\t<meta name=\"twitter:data1\" content=\"sarahk\" \/>\n\t<meta name=\"twitter:label2\" content=\"Gesch\u00e4tzte Lesezeit\" \/>\n\t<meta name=\"twitter:data2\" content=\"4\u00a0Minuten\" \/>\n<script type=\"application\/ld+json\" class=\"yoast-schema-graph\">{\"@context\":\"https:\/\/schema.org\",\"@graph\":[{\"@type\":\"Article\",\"@id\":\"https:\/\/www.szenik.eu\/de\/baden-badener-osterfestspiele-vertiefen-ihre-europaeischen-wurzeln-und-stellen-eine-neue-kuenstlergeneration-vor-64702#article\",\"isPartOf\":{\"@id\":\"https:\/\/www.szenik.eu\/de\/baden-badener-osterfestspiele-vertiefen-ihre-europaeischen-wurzeln-und-stellen-eine-neue-kuenstlergeneration-vor-64702\"},\"author\":{\"name\":\"sarahk\",\"@id\":\"https:\/\/www.szenik.eu\/de\/#\/schema\/person\/81e9d00e9b1306e18e10ca1e4bed6465\"},\"headline\":\"Baden-Badener Osterfestspiele vertiefen ihre europ\u00e4ischen Wurzeln und stellen eine neue K\u00fcnstlergeneration vor\u00a0\",\"datePublished\":\"2024-02-15T09:42:29+00:00\",\"dateModified\":\"2024-03-12T06:24:22+00:00\",\"mainEntityOfPage\":{\"@id\":\"https:\/\/www.szenik.eu\/de\/baden-badener-osterfestspiele-vertiefen-ihre-europaeischen-wurzeln-und-stellen-eine-neue-kuenstlergeneration-vor-64702\"},\"wordCount\":522,\"commentCount\":0,\"publisher\":{\"@id\":\"https:\/\/www.szenik.eu\/de\/#organization\"},\"articleSection\":[\"Kurz &amp; knackig\"],\"inLanguage\":\"de\",\"potentialAction\":[{\"@type\":\"CommentAction\",\"name\":\"Comment\",\"target\":[\"https:\/\/www.szenik.eu\/de\/baden-badener-osterfestspiele-vertiefen-ihre-europaeischen-wurzeln-und-stellen-eine-neue-kuenstlergeneration-vor-64702#respond\"]}]},{\"@type\":\"WebPage\",\"@id\":\"https:\/\/www.szenik.eu\/de\/baden-badener-osterfestspiele-vertiefen-ihre-europaeischen-wurzeln-und-stellen-eine-neue-kuenstlergeneration-vor-64702\",\"url\":\"https:\/\/www.szenik.eu\/de\/baden-badener-osterfestspiele-vertiefen-ihre-europaeischen-wurzeln-und-stellen-eine-neue-kuenstlergeneration-vor-64702\",\"name\":\"Baden-Badener Osterfestspiele vertiefen ihre europ\u00e4ischen Wurzeln und stellen eine neue K\u00fcnstlergeneration vor\u00a0 - szenik.eu\",\"isPartOf\":{\"@id\":\"https:\/\/www.szenik.eu\/de\/#website\"},\"datePublished\":\"2024-02-15T09:42:29+00:00\",\"dateModified\":\"2024-03-12T06:24:22+00:00\",\"description\":\"Baden-Badener Osterfestspiele vertiefen ihre europ\u00e4ischen Wurzeln und stellen eine neue K\u00fcnstlergeneration vor\u00a0\",\"breadcrumb\":{\"@id\":\"https:\/\/www.szenik.eu\/de\/baden-badener-osterfestspiele-vertiefen-ihre-europaeischen-wurzeln-und-stellen-eine-neue-kuenstlergeneration-vor-64702#breadcrumb\"},\"inLanguage\":\"de\",\"potentialAction\":[{\"@type\":\"ReadAction\",\"target\":[\"https:\/\/www.szenik.eu\/de\/baden-badener-osterfestspiele-vertiefen-ihre-europaeischen-wurzeln-und-stellen-eine-neue-kuenstlergeneration-vor-64702\"]}]},{\"@type\":\"BreadcrumbList\",\"@id\":\"https:\/\/www.szenik.eu\/de\/baden-badener-osterfestspiele-vertiefen-ihre-europaeischen-wurzeln-und-stellen-eine-neue-kuenstlergeneration-vor-64702#breadcrumb\",\"itemListElement\":[{\"@type\":\"ListItem\",\"position\":1,\"name\":\"Home\",\"item\":\"https:\/\/www.szenik.eu\/de\"},{\"@type\":\"ListItem\",\"position\":2,\"name\":\"Baden-Badener Osterfestspiele vertiefen ihre europ\u00e4ischen Wurzeln und stellen eine neue K\u00fcnstlergeneration vor\u00a0\"}]},{\"@type\":\"WebSite\",\"@id\":\"https:\/\/www.szenik.eu\/de\/#website\",\"url\":\"https:\/\/www.szenik.eu\/de\/\",\"name\":\"szenik\",\"description\":\"Le Meilleur des sc\u00e8nes au coeur de l&#039;Europe\",\"publisher\":{\"@id\":\"https:\/\/www.szenik.eu\/de\/#organization\"},\"potentialAction\":[{\"@type\":\"SearchAction\",\"target\":{\"@type\":\"EntryPoint\",\"urlTemplate\":\"https:\/\/www.szenik.eu\/de\/?s={search_term_string}\"},\"query-input\":\"required name=search_term_string\"}],\"inLanguage\":\"de\"},{\"@type\":\"Organization\",\"@id\":\"https:\/\/www.szenik.eu\/de\/#organization\",\"name\":\"Szenik\",\"url\":\"https:\/\/www.szenik.eu\/de\/\",\"logo\":{\"@type\":\"ImageObject\",\"inLanguage\":\"de\",\"@id\":\"https:\/\/www.szenik.eu\/de\/#\/schema\/logo\/image\/\",\"url\":\"https:\/\/www.szenik.eu\/wp-content\/uploads\/2019\/07\/logo-square.png\",\"contentUrl\":\"https:\/\/www.szenik.eu\/wp-content\/uploads\/2019\/07\/logo-square.png\",\"width\":512,\"height\":512,\"caption\":\"Szenik\"},\"image\":{\"@id\":\"https:\/\/www.szenik.eu\/de\/#\/schema\/logo\/image\/\"},\"sameAs\":[\"https:\/\/www.facebook.com\/szenik.eu\/\",\"https:\/\/twitter.com\/Szenik\",\"https:\/\/www.instagram.com\/szenik_magazine\/\",\"https:\/\/www.youtube.com\/user\/SzenikEU\/\"]},{\"@type\":\"Person\",\"@id\":\"https:\/\/www.szenik.eu\/de\/#\/schema\/person\/81e9d00e9b1306e18e10ca1e4bed6465\",\"name\":\"sarahk\",\"image\":{\"@type\":\"ImageObject\",\"inLanguage\":\"de\",\"@id\":\"https:\/\/www.szenik.eu\/de\/#\/schema\/person\/image\/\",\"url\":\"https:\/\/secure.gravatar.com\/avatar\/1e5f6f691c4a068f4814bda15b8400ca?s=96&d=mm&r=g\",\"contentUrl\":\"https:\/\/secure.gravatar.com\/avatar\/1e5f6f691c4a068f4814bda15b8400ca?s=96&d=mm&r=g\",\"caption\":\"sarahk\"}}]}<\/script>\n<!-- \/ Yoast SEO plugin. -->","yoast_head_json":{"title":"Baden-Badener Osterfestspiele vertiefen ihre europ\u00e4ischen Wurzeln und stellen eine neue K\u00fcnstlergeneration vor\u00a0 - szenik.eu","description":"Baden-Badener Osterfestspiele vertiefen ihre europ\u00e4ischen Wurzeln und stellen eine neue K\u00fcnstlergeneration vor\u00a0","robots":{"index":"index","follow":"follow","max-snippet":"max-snippet:-1","max-image-preview":"max-image-preview:large","max-video-preview":"max-video-preview:-1"},"canonical":"https:\/\/www.szenik.eu\/de\/baden-badener-osterfestspiele-vertiefen-ihre-europaeischen-wurzeln-und-stellen-eine-neue-kuenstlergeneration-vor-64702","og_locale":"de_DE","og_type":"article","og_title":"Baden-Badener Osterfestspiele vertiefen ihre europ\u00e4ischen Wurzeln und stellen eine neue K\u00fcnstlergeneration vor\u00a0 - szenik.eu","og_description":"Baden-Badener Osterfestspiele vertiefen ihre europ\u00e4ischen Wurzeln und stellen eine neue K\u00fcnstlergeneration vor\u00a0","og_url":"https:\/\/www.szenik.eu\/de\/baden-badener-osterfestspiele-vertiefen-ihre-europaeischen-wurzeln-und-stellen-eine-neue-kuenstlergeneration-vor-64702","og_site_name":"szenik","article_publisher":"https:\/\/www.facebook.com\/szenik.eu\/","article_published_time":"2024-02-15T09:42:29+00:00","article_modified_time":"2024-03-12T06:24:22+00:00","og_image":[{"width":1586,"height":1184,"url":"https:\/\/www.szenik.eu\/wp-content\/uploads\/2024\/02\/Konzerthaus_Mallwitz_c-Sima-Dehgani1.jpg","type":"image\/jpeg"}],"author":"sarahk","twitter_card":"summary_large_image","twitter_creator":"@Szenik","twitter_site":"@Szenik","twitter_misc":{"Verfasst von":"sarahk","Gesch\u00e4tzte Lesezeit":"4\u00a0Minuten"},"schema":{"@context":"https:\/\/schema.org","@graph":[{"@type":"Article","@id":"https:\/\/www.szenik.eu\/de\/baden-badener-osterfestspiele-vertiefen-ihre-europaeischen-wurzeln-und-stellen-eine-neue-kuenstlergeneration-vor-64702#article","isPartOf":{"@id":"https:\/\/www.szenik.eu\/de\/baden-badener-osterfestspiele-vertiefen-ihre-europaeischen-wurzeln-und-stellen-eine-neue-kuenstlergeneration-vor-64702"},"author":{"name":"sarahk","@id":"https:\/\/www.szenik.eu\/de\/#\/schema\/person\/81e9d00e9b1306e18e10ca1e4bed6465"},"headline":"Baden-Badener Osterfestspiele vertiefen ihre europ\u00e4ischen Wurzeln und stellen eine neue K\u00fcnstlergeneration vor\u00a0","datePublished":"2024-02-15T09:42:29+00:00","dateModified":"2024-03-12T06:24:22+00:00","mainEntityOfPage":{"@id":"https:\/\/www.szenik.eu\/de\/baden-badener-osterfestspiele-vertiefen-ihre-europaeischen-wurzeln-und-stellen-eine-neue-kuenstlergeneration-vor-64702"},"wordCount":522,"commentCount":0,"publisher":{"@id":"https:\/\/www.szenik.eu\/de\/#organization"},"articleSection":["Kurz &amp; knackig"],"inLanguage":"de","potentialAction":[{"@type":"CommentAction","name":"Comment","target":["https:\/\/www.szenik.eu\/de\/baden-badener-osterfestspiele-vertiefen-ihre-europaeischen-wurzeln-und-stellen-eine-neue-kuenstlergeneration-vor-64702#respond"]}]},{"@type":"WebPage","@id":"https:\/\/www.szenik.eu\/de\/baden-badener-osterfestspiele-vertiefen-ihre-europaeischen-wurzeln-und-stellen-eine-neue-kuenstlergeneration-vor-64702","url":"https:\/\/www.szenik.eu\/de\/baden-badener-osterfestspiele-vertiefen-ihre-europaeischen-wurzeln-und-stellen-eine-neue-kuenstlergeneration-vor-64702","name":"Baden-Badener Osterfestspiele vertiefen ihre europ\u00e4ischen Wurzeln und stellen eine neue K\u00fcnstlergeneration vor\u00a0 - szenik.eu","isPartOf":{"@id":"https:\/\/www.szenik.eu\/de\/#website"},"datePublished":"2024-02-15T09:42:29+00:00","dateModified":"2024-03-12T06:24:22+00:00","description":"Baden-Badener Osterfestspiele vertiefen ihre europ\u00e4ischen Wurzeln und stellen eine neue K\u00fcnstlergeneration vor\u00a0","breadcrumb":{"@id":"https:\/\/www.szenik.eu\/de\/baden-badener-osterfestspiele-vertiefen-ihre-europaeischen-wurzeln-und-stellen-eine-neue-kuenstlergeneration-vor-64702#breadcrumb"},"inLanguage":"de","potentialAction":[{"@type":"ReadAction","target":["https:\/\/www.szenik.eu\/de\/baden-badener-osterfestspiele-vertiefen-ihre-europaeischen-wurzeln-und-stellen-eine-neue-kuenstlergeneration-vor-64702"]}]},{"@type":"BreadcrumbList","@id":"https:\/\/www.szenik.eu\/de\/baden-badener-osterfestspiele-vertiefen-ihre-europaeischen-wurzeln-und-stellen-eine-neue-kuenstlergeneration-vor-64702#breadcrumb","itemListElement":[{"@type":"ListItem","position":1,"name":"Home","item":"https:\/\/www.szenik.eu\/de"},{"@type":"ListItem","position":2,"name":"Baden-Badener Osterfestspiele vertiefen ihre europ\u00e4ischen Wurzeln und stellen eine neue K\u00fcnstlergeneration vor\u00a0"}]},{"@type":"WebSite","@id":"https:\/\/www.szenik.eu\/de\/#website","url":"https:\/\/www.szenik.eu\/de\/","name":"szenik","description":"Le Meilleur des sc\u00e8nes au coeur de l&#039;Europe","publisher":{"@id":"https:\/\/www.szenik.eu\/de\/#organization"},"potentialAction":[{"@type":"SearchAction","target":{"@type":"EntryPoint","urlTemplate":"https:\/\/www.szenik.eu\/de\/?s={search_term_string}"},"query-input":"required name=search_term_string"}],"inLanguage":"de"},{"@type":"Organization","@id":"https:\/\/www.szenik.eu\/de\/#organization","name":"Szenik","url":"https:\/\/www.szenik.eu\/de\/","logo":{"@type":"ImageObject","inLanguage":"de","@id":"https:\/\/www.szenik.eu\/de\/#\/schema\/logo\/image\/","url":"https:\/\/www.szenik.eu\/wp-content\/uploads\/2019\/07\/logo-square.png","contentUrl":"https:\/\/www.szenik.eu\/wp-content\/uploads\/2019\/07\/logo-square.png","width":512,"height":512,"caption":"Szenik"},"image":{"@id":"https:\/\/www.szenik.eu\/de\/#\/schema\/logo\/image\/"},"sameAs":["https:\/\/www.facebook.com\/szenik.eu\/","https:\/\/twitter.com\/Szenik","https:\/\/www.instagram.com\/szenik_magazine\/","https:\/\/www.youtube.com\/user\/SzenikEU\/"]},{"@type":"Person","@id":"https:\/\/www.szenik.eu\/de\/#\/schema\/person\/81e9d00e9b1306e18e10ca1e4bed6465","name":"sarahk","image":{"@type":"ImageObject","inLanguage":"de","@id":"https:\/\/www.szenik.eu\/de\/#\/schema\/person\/image\/","url":"https:\/\/secure.gravatar.com\/avatar\/1e5f6f691c4a068f4814bda15b8400ca?s=96&d=mm&r=g","contentUrl":"https:\/\/secure.gravatar.com\/avatar\/1e5f6f691c4a068f4814bda15b8400ca?s=96&d=mm&r=g","caption":"sarahk"}}]}},"jetpack_featured_media_url":"https:\/\/www.szenik.eu\/wp-content\/uploads\/2024\/02\/Konzerthaus_Mallwitz_c-Sima-Dehgani1.jpg","amp_enabled":true,"_links":{"self":[{"href":"https:\/\/www.szenik.eu\/de\/wp-json\/\/wp\/v2\/posts\/64702"}],"collection":[{"href":"https:\/\/www.szenik.eu\/de\/wp-json\/\/wp\/v2\/posts"}],"about":[{"href":"https:\/\/www.szenik.eu\/de\/wp-json\/\/wp\/v2\/types\/post"}],"author":[{"embeddable":true,"href":"https:\/\/www.szenik.eu\/de\/wp-json\/\/wp\/v2\/users\/1680"}],"replies":[{"embeddable":true,"href":"https:\/\/www.szenik.eu\/de\/wp-json\/\/wp\/v2\/comments?post=64702"}],"version-history":[{"count":3,"href":"https:\/\/www.szenik.eu\/de\/wp-json\/\/wp\/v2\/posts\/64702\/revisions"}],"predecessor-version":[{"id":66181,"href":"https:\/\/www.szenik.eu\/de\/wp-json\/\/wp\/v2\/posts\/64702\/revisions\/66181"}],"wp:featuredmedia":[{"embeddable":true,"href":"https:\/\/www.szenik.eu\/de\/wp-json\/\/wp\/v2\/media\/64705"}],"wp:attachment":[{"href":"https:\/\/www.szenik.eu\/de\/wp-json\/\/wp\/v2\/media?parent=64702"}],"wp:term":[{"taxonomy":"category","embeddable":true,"href":"https:\/\/www.szenik.eu\/de\/wp-json\/\/wp\/v2\/categories?post=64702"},{"taxonomy":"post_tag","embeddable":true,"href":"https:\/\/www.szenik.eu\/de\/wp-json\/\/wp\/v2\/tags?post=64702"}],"curies":[{"name":"wp","href":"https:\/\/api.w.org\/{rel}","templated":true}]}}