{"id":61884,"date":"2023-10-13T11:27:10","date_gmt":"2023-10-13T09:27:10","guid":{"rendered":"https:\/\/www.szenik.eu\/?p=61884\/"},"modified":"2024-03-12T08:01:09","modified_gmt":"2024-03-12T07:01:09","slug":"das-festival-perspectives-sucht-nachfolge-fuer-kuenstlerische-leiterin-sylvie-hamard","status":"publish","type":"post","link":"https:\/\/www.szenik.eu\/de\/das-festival-perspectives-sucht-nachfolge-fuer-kuenstlerische-leiterin-sylvie-hamard-61884","title":{"rendered":"Das Festival PERSPECTIVES sucht Nachfolge f\u00fcr  K\u00fcnstlerische Leiterin Sylvie Hamard"},"content":{"rendered":"\n<p><strong>Interimsl\u00f6sung \u201eEntre deux Perspectives\u201c f\u00fcr 2024 und Ausschreibung f\u00fcr 2025-2027<\/strong><\/p>\n\n\n\n<p>Der Lenkungsausschuss \u201e<a href=\"https:\/\/www.szenik.eu\/de\/perspectives-im-elysee-jahr-die-letzte-ausgabe-von-sylvie-hamard-58199\" target=\"_blank\" rel=\"noreferrer noopener\">Festival PERSPECTIVES<\/a>\u201c hat mit Bedauern und Respekt die Entscheidung der langj\u00e4hrigen Leiterin Sylvie Hamard zur Kenntnis genommen, nach 17 erfolgreichen Jahren die K\u00fcnstlerische Leitung ab 2024 abzugeben. Sylvie Hamard hat das Festival zu dem gemacht, was es heute ist \u2013 zu einem Anziehungspunkt in der Gro\u00dfregion und zu einem Ankerpunkt der deutsch-franz\u00f6sischen kulturellen Zusammenarbeit.<\/p>\n\n\n<div class=\"wp-block-image\">\n<figure class=\"aligncenter size-large is-resized\"><img decoding=\"async\" loading=\"lazy\" src=\"https:\/\/www.szenik.eu\/wp-content\/uploads\/2023\/10\/Sylvie-Hamard_copyright_Gauthier-Brunner-1-768x1024.jpg\" alt=\"\" class=\"wp-image-61887\" width=\"452\" height=\"603\" srcset=\"https:\/\/www.szenik.eu\/wp-content\/uploads\/2023\/10\/Sylvie-Hamard_copyright_Gauthier-Brunner-1-768x1024.jpg 768w, https:\/\/www.szenik.eu\/wp-content\/uploads\/2023\/10\/Sylvie-Hamard_copyright_Gauthier-Brunner-1-225x300.jpg 225w, https:\/\/www.szenik.eu\/wp-content\/uploads\/2023\/10\/Sylvie-Hamard_copyright_Gauthier-Brunner-1-1152x1536.jpg 1152w, https:\/\/www.szenik.eu\/wp-content\/uploads\/2023\/10\/Sylvie-Hamard_copyright_Gauthier-Brunner-1-1536x2048.jpg 1536w, https:\/\/www.szenik.eu\/wp-content\/uploads\/2023\/10\/Sylvie-Hamard_copyright_Gauthier-Brunner-1-750x1000.jpg 750w, https:\/\/www.szenik.eu\/wp-content\/uploads\/2023\/10\/Sylvie-Hamard_copyright_Gauthier-Brunner-1-1140x1520.jpg 1140w, https:\/\/www.szenik.eu\/wp-content\/uploads\/2023\/10\/Sylvie-Hamard_copyright_Gauthier-Brunner-1-scaled.jpg 1920w\" sizes=\"(max-width: 452px) 100vw, 452px\" \/><figcaption class=\"wp-element-caption\">Sylvie Hamard. Copyright : Gauthier Brunner. <\/figcaption><\/figure><\/div>\n\n\n<p>In Sitzungen am 17.07.2023 und am 11.10.2023 hat der Lenkungsausschuss \u00fcber die weiteren Schritte beraten und sich auf das Verfahren verst\u00e4ndigt.<br>Es wurde beschlossen, die K\u00fcnstlerische Leitung f\u00fcr die Festivalausgaben 2025 bis 2027 \u00f6ffentlich auszuschreiben. Eine Findungskommission wird den Lenkungsausschuss und die Stiftung bei der Auswahl einer geeigneten Nachfolge beraten. Die Stiftung f\u00fcr die deutsch-franz\u00f6sische kulturelle Zusammenarbeit als Tr\u00e4ger des Festivals hat&nbsp;<strong><a href=\"https:\/\/www.festival-perspectives.de\/dynamische-inhalte\/newsletter\/pressemitteilung-communique-de-presse-12102023-wichtige-mitteilungen-informations-importantes?mid=263&amp;rid=t_11773&amp;aC=a2837191&amp;jumpurl=0\">die Ausschreibung<\/a><\/strong>&nbsp;heute ver\u00f6ffentlicht.<\/p>\n\n\n\n<p>Der Findungskommission geh\u00f6ren folgende Pers\u00f6nlichkeiten an:<\/p>\n\n\n\n<p>Christelle Augereau, Festival d\u2019Aix<br>Beno\u00eet Bradel, Passages Transfestival, Metz<br>Bodo Busse, Saarl\u00e4ndisches Staatstheater<br>Laura Graser, Rotondes Luxembourg<br>Guido Schumacher, Theater Baden Alsace<br>Der Pr\u00e4sident des D\u00e9partement Moselle oder sein Vertreter<\/p>\n\n\n\n<p>Weiterhin hat der Lenkungsausschuss die Stiftung beauftragt, mit Unterst\u00fctzung eines k\u00fcnstlerischen Beirats das Programm f\u00fcr eine Interimsausgabe \u201eEntre deux Perspectives\u201c vorzubereiten. Daf\u00fcr versicherte er dem Team der Stiftung seine Unterst\u00fctzung.<\/p>\n\n\n\n<p>Der Lenkungsausschuss dient der grenz\u00fcberschreitenden Steuerung rund um das Festival PERSPECTIVES und setzt sich aus Vertretern der drei Kooperationspartner zusammen (D\u00e9partement Moselle, Landeshauptstadt Saarbr\u00fccken und Saarland).<\/p>\n\n\n\n<p>Kulturministerin Christine Streichert-Clivot, Vorsitzende des Stiftungsrates, \u00e4u\u00dferte sich wie folgt:<\/p>\n\n\n\n<p>\u201eDas Festival PERSPECTIVES ist ein kultureller Schatz und Aush\u00e4ngeschild unserer grenz\u00fcberschreitenden Aktivit\u00e4ten. Daher freue ich mich, dass sich nun das Verfahren f\u00fcr die n\u00e4chsten Festivalausgaben konkretisiert hat. Ich vertraue darauf, dass es dem Stiftungsteam mit Unterst\u00fctzung des hierf\u00fcr eingerichteten K\u00fcnstlerischen Beirats gelingt, f\u00fcr 2024 eine gute Interimsausgabe \u201eEntre deux Perspectives\u201c auf die Beine zu stellen.\u201c<\/p>\n\n\n\n<p>Die drei Kooperationspartner, das Saarland, die Landeshauptstadt Saarbr\u00fccken und das D\u00e9partement Moselle, sind zuversichtlich, dass diese attraktive Aufgabe der k\u00fcnstlerischen Leitung viele gute Bewerbungen anziehen wird und das Festival weiterentwickelt werden kann.<\/p>\n\n\n\n<p><strong><a href=\"https:\/\/www.festival-perspectives.de\/fr\/\">festival-perspectives.de <\/a><\/strong><\/p>\n","protected":false},"excerpt":{"rendered":"<p>Interimsl\u00f6sung \u201eEntre deux Perspectives\u201c f\u00fcr 2024 und Ausschreibung f\u00fcr 2025-2027 Der Lenkungsausschuss \u201eFestival PERSPECTIVES\u201c hat mit Bedauern und Respekt die Entscheidung der langj\u00e4hrigen Leiterin Sylvie Hamard zur Kenntnis genommen, nach 17 erfolgreichen Jahren die K\u00fcnstlerische Leitung ab 2024 abzugeben. Sylvie Hamard hat das Festival zu dem gemacht, was es heute ist \u2013 zu einem Anziehungspunkt [&hellip;]<\/p>\n","protected":false},"author":1680,"featured_media":61885,"comment_status":"open","ping_status":"open","sticky":false,"template":"","format":"standard","meta":{"_monsterinsights_skip_tracking":false,"_monsterinsights_sitenote_active":false,"_monsterinsights_sitenote_note":"","_monsterinsights_sitenote_category":0},"categories":[2815],"tags":[],"yoast_head":"<!-- This site is optimized with the Yoast SEO plugin v20.5 - https:\/\/yoast.com\/wordpress\/plugins\/seo\/ -->\n<title>Das Festival PERSPECTIVES sucht Nachfolge f\u00fcr K\u00fcnstlerische Leiterin Sylvie Hamard - szenik.eu<\/title>\n<meta name=\"description\" content=\"Der Lenkungsausschuss \u201eFestival PERSPECTIVES\u201c hat mit Bedauern und Respekt die Entscheidung der langj\u00e4hrigen Leiterin Sylvie Hamard zur Kenntnis genommen, nach 17 erfolgreichen Jahren die K\u00fcnstlerische Leitung ab 2024 abzugeben.\" \/>\n<meta name=\"robots\" content=\"index, follow, max-snippet:-1, max-image-preview:large, max-video-preview:-1\" \/>\n<link rel=\"canonical\" href=\"https:\/\/www.szenik.eu\/de\/das-festival-perspectives-sucht-nachfolge-fuer-kuenstlerische-leiterin-sylvie-hamard-61884\" \/>\n<meta property=\"og:locale\" content=\"de_DE\" \/>\n<meta property=\"og:type\" content=\"article\" \/>\n<meta property=\"og:title\" content=\"Das Festival PERSPECTIVES sucht Nachfolge f\u00fcr K\u00fcnstlerische Leiterin Sylvie Hamard - szenik.eu\" \/>\n<meta property=\"og:description\" content=\"Der Lenkungsausschuss \u201eFestival PERSPECTIVES\u201c hat mit Bedauern und Respekt die Entscheidung der langj\u00e4hrigen Leiterin Sylvie Hamard zur Kenntnis genommen, nach 17 erfolgreichen Jahren die K\u00fcnstlerische Leitung ab 2024 abzugeben.\" \/>\n<meta property=\"og:url\" content=\"https:\/\/www.szenik.eu\/de\/das-festival-perspectives-sucht-nachfolge-fuer-kuenstlerische-leiterin-sylvie-hamard-61884\" \/>\n<meta property=\"og:site_name\" content=\"szenik\" \/>\n<meta property=\"article:publisher\" content=\"https:\/\/www.facebook.com\/szenik.eu\/\" \/>\n<meta property=\"article:published_time\" content=\"2023-10-13T09:27:10+00:00\" \/>\n<meta property=\"article:modified_time\" content=\"2024-03-12T07:01:09+00:00\" \/>\n<meta property=\"og:image\" content=\"https:\/\/www.szenik.eu\/wp-content\/uploads\/2023\/10\/FestivalPERSPECTIVES2018_La-fin-demain_copyright_Oliver-Dietze-scaled.jpg\" \/>\n\t<meta property=\"og:image:width\" content=\"2560\" \/>\n\t<meta property=\"og:image:height\" content=\"1707\" \/>\n\t<meta property=\"og:image:type\" content=\"image\/jpeg\" \/>\n<meta name=\"author\" content=\"sarahk\" \/>\n<meta name=\"twitter:card\" content=\"summary_large_image\" \/>\n<meta name=\"twitter:creator\" content=\"@Szenik\" \/>\n<meta name=\"twitter:site\" content=\"@Szenik\" \/>\n<meta name=\"twitter:label1\" content=\"Verfasst von\" \/>\n\t<meta name=\"twitter:data1\" content=\"sarahk\" \/>\n\t<meta name=\"twitter:label2\" content=\"Gesch\u00e4tzte Lesezeit\" \/>\n\t<meta name=\"twitter:data2\" content=\"2\u00a0Minuten\" \/>\n<script type=\"application\/ld+json\" class=\"yoast-schema-graph\">{\"@context\":\"https:\/\/schema.org\",\"@graph\":[{\"@type\":\"Article\",\"@id\":\"https:\/\/www.szenik.eu\/de\/das-festival-perspectives-sucht-nachfolge-fuer-kuenstlerische-leiterin-sylvie-hamard-61884#article\",\"isPartOf\":{\"@id\":\"https:\/\/www.szenik.eu\/de\/das-festival-perspectives-sucht-nachfolge-fuer-kuenstlerische-leiterin-sylvie-hamard-61884\"},\"author\":{\"name\":\"sarahk\",\"@id\":\"https:\/\/www.szenik.eu\/de\/#\/schema\/person\/81e9d00e9b1306e18e10ca1e4bed6465\"},\"headline\":\"Das Festival PERSPECTIVES sucht Nachfolge f\u00fcr K\u00fcnstlerische Leiterin Sylvie Hamard\",\"datePublished\":\"2023-10-13T09:27:10+00:00\",\"dateModified\":\"2024-03-12T07:01:09+00:00\",\"mainEntityOfPage\":{\"@id\":\"https:\/\/www.szenik.eu\/de\/das-festival-perspectives-sucht-nachfolge-fuer-kuenstlerische-leiterin-sylvie-hamard-61884\"},\"wordCount\":370,\"commentCount\":0,\"publisher\":{\"@id\":\"https:\/\/www.szenik.eu\/de\/#organization\"},\"articleSection\":[\"Kurz &amp; knackig\"],\"inLanguage\":\"de\",\"potentialAction\":[{\"@type\":\"CommentAction\",\"name\":\"Comment\",\"target\":[\"https:\/\/www.szenik.eu\/de\/das-festival-perspectives-sucht-nachfolge-fuer-kuenstlerische-leiterin-sylvie-hamard-61884#respond\"]}]},{\"@type\":\"WebPage\",\"@id\":\"https:\/\/www.szenik.eu\/de\/das-festival-perspectives-sucht-nachfolge-fuer-kuenstlerische-leiterin-sylvie-hamard-61884\",\"url\":\"https:\/\/www.szenik.eu\/de\/das-festival-perspectives-sucht-nachfolge-fuer-kuenstlerische-leiterin-sylvie-hamard-61884\",\"name\":\"Das Festival PERSPECTIVES sucht Nachfolge f\u00fcr K\u00fcnstlerische Leiterin Sylvie Hamard - szenik.eu\",\"isPartOf\":{\"@id\":\"https:\/\/www.szenik.eu\/de\/#website\"},\"datePublished\":\"2023-10-13T09:27:10+00:00\",\"dateModified\":\"2024-03-12T07:01:09+00:00\",\"description\":\"Der Lenkungsausschuss \u201eFestival PERSPECTIVES\u201c hat mit Bedauern und Respekt die Entscheidung der langj\u00e4hrigen Leiterin Sylvie Hamard zur Kenntnis genommen, nach 17 erfolgreichen Jahren die K\u00fcnstlerische Leitung ab 2024 abzugeben.\",\"breadcrumb\":{\"@id\":\"https:\/\/www.szenik.eu\/de\/das-festival-perspectives-sucht-nachfolge-fuer-kuenstlerische-leiterin-sylvie-hamard-61884#breadcrumb\"},\"inLanguage\":\"de\",\"potentialAction\":[{\"@type\":\"ReadAction\",\"target\":[\"https:\/\/www.szenik.eu\/de\/das-festival-perspectives-sucht-nachfolge-fuer-kuenstlerische-leiterin-sylvie-hamard-61884\"]}]},{\"@type\":\"BreadcrumbList\",\"@id\":\"https:\/\/www.szenik.eu\/de\/das-festival-perspectives-sucht-nachfolge-fuer-kuenstlerische-leiterin-sylvie-hamard-61884#breadcrumb\",\"itemListElement\":[{\"@type\":\"ListItem\",\"position\":1,\"name\":\"Home\",\"item\":\"https:\/\/www.szenik.eu\/de\"},{\"@type\":\"ListItem\",\"position\":2,\"name\":\"Das Festival PERSPECTIVES sucht Nachfolge f\u00fcr K\u00fcnstlerische Leiterin Sylvie Hamard\"}]},{\"@type\":\"WebSite\",\"@id\":\"https:\/\/www.szenik.eu\/de\/#website\",\"url\":\"https:\/\/www.szenik.eu\/de\/\",\"name\":\"szenik\",\"description\":\"Le Meilleur des sc\u00e8nes au coeur de l&#039;Europe\",\"publisher\":{\"@id\":\"https:\/\/www.szenik.eu\/de\/#organization\"},\"potentialAction\":[{\"@type\":\"SearchAction\",\"target\":{\"@type\":\"EntryPoint\",\"urlTemplate\":\"https:\/\/www.szenik.eu\/de\/?s={search_term_string}\"},\"query-input\":\"required name=search_term_string\"}],\"inLanguage\":\"de\"},{\"@type\":\"Organization\",\"@id\":\"https:\/\/www.szenik.eu\/de\/#organization\",\"name\":\"Szenik\",\"url\":\"https:\/\/www.szenik.eu\/de\/\",\"logo\":{\"@type\":\"ImageObject\",\"inLanguage\":\"de\",\"@id\":\"https:\/\/www.szenik.eu\/de\/#\/schema\/logo\/image\/\",\"url\":\"https:\/\/www.szenik.eu\/wp-content\/uploads\/2019\/07\/logo-square.png\",\"contentUrl\":\"https:\/\/www.szenik.eu\/wp-content\/uploads\/2019\/07\/logo-square.png\",\"width\":512,\"height\":512,\"caption\":\"Szenik\"},\"image\":{\"@id\":\"https:\/\/www.szenik.eu\/de\/#\/schema\/logo\/image\/\"},\"sameAs\":[\"https:\/\/www.facebook.com\/szenik.eu\/\",\"https:\/\/twitter.com\/Szenik\",\"https:\/\/www.instagram.com\/szenik_magazine\/\",\"https:\/\/www.youtube.com\/user\/SzenikEU\/\"]},{\"@type\":\"Person\",\"@id\":\"https:\/\/www.szenik.eu\/de\/#\/schema\/person\/81e9d00e9b1306e18e10ca1e4bed6465\",\"name\":\"sarahk\",\"image\":{\"@type\":\"ImageObject\",\"inLanguage\":\"de\",\"@id\":\"https:\/\/www.szenik.eu\/de\/#\/schema\/person\/image\/\",\"url\":\"https:\/\/secure.gravatar.com\/avatar\/1e5f6f691c4a068f4814bda15b8400ca?s=96&d=mm&r=g\",\"contentUrl\":\"https:\/\/secure.gravatar.com\/avatar\/1e5f6f691c4a068f4814bda15b8400ca?s=96&d=mm&r=g\",\"caption\":\"sarahk\"}}]}<\/script>\n<!-- \/ Yoast SEO plugin. -->","yoast_head_json":{"title":"Das Festival PERSPECTIVES sucht Nachfolge f\u00fcr K\u00fcnstlerische Leiterin Sylvie Hamard - szenik.eu","description":"Der Lenkungsausschuss \u201eFestival PERSPECTIVES\u201c hat mit Bedauern und Respekt die Entscheidung der langj\u00e4hrigen Leiterin Sylvie Hamard zur Kenntnis genommen, nach 17 erfolgreichen Jahren die K\u00fcnstlerische Leitung ab 2024 abzugeben.","robots":{"index":"index","follow":"follow","max-snippet":"max-snippet:-1","max-image-preview":"max-image-preview:large","max-video-preview":"max-video-preview:-1"},"canonical":"https:\/\/www.szenik.eu\/de\/das-festival-perspectives-sucht-nachfolge-fuer-kuenstlerische-leiterin-sylvie-hamard-61884","og_locale":"de_DE","og_type":"article","og_title":"Das Festival PERSPECTIVES sucht Nachfolge f\u00fcr K\u00fcnstlerische Leiterin Sylvie Hamard - szenik.eu","og_description":"Der Lenkungsausschuss \u201eFestival PERSPECTIVES\u201c hat mit Bedauern und Respekt die Entscheidung der langj\u00e4hrigen Leiterin Sylvie Hamard zur Kenntnis genommen, nach 17 erfolgreichen Jahren die K\u00fcnstlerische Leitung ab 2024 abzugeben.","og_url":"https:\/\/www.szenik.eu\/de\/das-festival-perspectives-sucht-nachfolge-fuer-kuenstlerische-leiterin-sylvie-hamard-61884","og_site_name":"szenik","article_publisher":"https:\/\/www.facebook.com\/szenik.eu\/","article_published_time":"2023-10-13T09:27:10+00:00","article_modified_time":"2024-03-12T07:01:09+00:00","og_image":[{"width":2560,"height":1707,"url":"https:\/\/www.szenik.eu\/wp-content\/uploads\/2023\/10\/FestivalPERSPECTIVES2018_La-fin-demain_copyright_Oliver-Dietze-scaled.jpg","type":"image\/jpeg"}],"author":"sarahk","twitter_card":"summary_large_image","twitter_creator":"@Szenik","twitter_site":"@Szenik","twitter_misc":{"Verfasst von":"sarahk","Gesch\u00e4tzte Lesezeit":"2\u00a0Minuten"},"schema":{"@context":"https:\/\/schema.org","@graph":[{"@type":"Article","@id":"https:\/\/www.szenik.eu\/de\/das-festival-perspectives-sucht-nachfolge-fuer-kuenstlerische-leiterin-sylvie-hamard-61884#article","isPartOf":{"@id":"https:\/\/www.szenik.eu\/de\/das-festival-perspectives-sucht-nachfolge-fuer-kuenstlerische-leiterin-sylvie-hamard-61884"},"author":{"name":"sarahk","@id":"https:\/\/www.szenik.eu\/de\/#\/schema\/person\/81e9d00e9b1306e18e10ca1e4bed6465"},"headline":"Das Festival PERSPECTIVES sucht Nachfolge f\u00fcr K\u00fcnstlerische Leiterin Sylvie Hamard","datePublished":"2023-10-13T09:27:10+00:00","dateModified":"2024-03-12T07:01:09+00:00","mainEntityOfPage":{"@id":"https:\/\/www.szenik.eu\/de\/das-festival-perspectives-sucht-nachfolge-fuer-kuenstlerische-leiterin-sylvie-hamard-61884"},"wordCount":370,"commentCount":0,"publisher":{"@id":"https:\/\/www.szenik.eu\/de\/#organization"},"articleSection":["Kurz &amp; knackig"],"inLanguage":"de","potentialAction":[{"@type":"CommentAction","name":"Comment","target":["https:\/\/www.szenik.eu\/de\/das-festival-perspectives-sucht-nachfolge-fuer-kuenstlerische-leiterin-sylvie-hamard-61884#respond"]}]},{"@type":"WebPage","@id":"https:\/\/www.szenik.eu\/de\/das-festival-perspectives-sucht-nachfolge-fuer-kuenstlerische-leiterin-sylvie-hamard-61884","url":"https:\/\/www.szenik.eu\/de\/das-festival-perspectives-sucht-nachfolge-fuer-kuenstlerische-leiterin-sylvie-hamard-61884","name":"Das Festival PERSPECTIVES sucht Nachfolge f\u00fcr K\u00fcnstlerische Leiterin Sylvie Hamard - szenik.eu","isPartOf":{"@id":"https:\/\/www.szenik.eu\/de\/#website"},"datePublished":"2023-10-13T09:27:10+00:00","dateModified":"2024-03-12T07:01:09+00:00","description":"Der Lenkungsausschuss \u201eFestival PERSPECTIVES\u201c hat mit Bedauern und Respekt die Entscheidung der langj\u00e4hrigen Leiterin Sylvie Hamard zur Kenntnis genommen, nach 17 erfolgreichen Jahren die K\u00fcnstlerische Leitung ab 2024 abzugeben.","breadcrumb":{"@id":"https:\/\/www.szenik.eu\/de\/das-festival-perspectives-sucht-nachfolge-fuer-kuenstlerische-leiterin-sylvie-hamard-61884#breadcrumb"},"inLanguage":"de","potentialAction":[{"@type":"ReadAction","target":["https:\/\/www.szenik.eu\/de\/das-festival-perspectives-sucht-nachfolge-fuer-kuenstlerische-leiterin-sylvie-hamard-61884"]}]},{"@type":"BreadcrumbList","@id":"https:\/\/www.szenik.eu\/de\/das-festival-perspectives-sucht-nachfolge-fuer-kuenstlerische-leiterin-sylvie-hamard-61884#breadcrumb","itemListElement":[{"@type":"ListItem","position":1,"name":"Home","item":"https:\/\/www.szenik.eu\/de"},{"@type":"ListItem","position":2,"name":"Das Festival PERSPECTIVES sucht Nachfolge f\u00fcr K\u00fcnstlerische Leiterin Sylvie Hamard"}]},{"@type":"WebSite","@id":"https:\/\/www.szenik.eu\/de\/#website","url":"https:\/\/www.szenik.eu\/de\/","name":"szenik","description":"Le Meilleur des sc\u00e8nes au coeur de l&#039;Europe","publisher":{"@id":"https:\/\/www.szenik.eu\/de\/#organization"},"potentialAction":[{"@type":"SearchAction","target":{"@type":"EntryPoint","urlTemplate":"https:\/\/www.szenik.eu\/de\/?s={search_term_string}"},"query-input":"required name=search_term_string"}],"inLanguage":"de"},{"@type":"Organization","@id":"https:\/\/www.szenik.eu\/de\/#organization","name":"Szenik","url":"https:\/\/www.szenik.eu\/de\/","logo":{"@type":"ImageObject","inLanguage":"de","@id":"https:\/\/www.szenik.eu\/de\/#\/schema\/logo\/image\/","url":"https:\/\/www.szenik.eu\/wp-content\/uploads\/2019\/07\/logo-square.png","contentUrl":"https:\/\/www.szenik.eu\/wp-content\/uploads\/2019\/07\/logo-square.png","width":512,"height":512,"caption":"Szenik"},"image":{"@id":"https:\/\/www.szenik.eu\/de\/#\/schema\/logo\/image\/"},"sameAs":["https:\/\/www.facebook.com\/szenik.eu\/","https:\/\/twitter.com\/Szenik","https:\/\/www.instagram.com\/szenik_magazine\/","https:\/\/www.youtube.com\/user\/SzenikEU\/"]},{"@type":"Person","@id":"https:\/\/www.szenik.eu\/de\/#\/schema\/person\/81e9d00e9b1306e18e10ca1e4bed6465","name":"sarahk","image":{"@type":"ImageObject","inLanguage":"de","@id":"https:\/\/www.szenik.eu\/de\/#\/schema\/person\/image\/","url":"https:\/\/secure.gravatar.com\/avatar\/1e5f6f691c4a068f4814bda15b8400ca?s=96&d=mm&r=g","contentUrl":"https:\/\/secure.gravatar.com\/avatar\/1e5f6f691c4a068f4814bda15b8400ca?s=96&d=mm&r=g","caption":"sarahk"}}]}},"jetpack_featured_media_url":"https:\/\/www.szenik.eu\/wp-content\/uploads\/2023\/10\/FestivalPERSPECTIVES2018_La-fin-demain_copyright_Oliver-Dietze-scaled.jpg","amp_enabled":true,"_links":{"self":[{"href":"https:\/\/www.szenik.eu\/de\/wp-json\/\/wp\/v2\/posts\/61884"}],"collection":[{"href":"https:\/\/www.szenik.eu\/de\/wp-json\/\/wp\/v2\/posts"}],"about":[{"href":"https:\/\/www.szenik.eu\/de\/wp-json\/\/wp\/v2\/types\/post"}],"author":[{"embeddable":true,"href":"https:\/\/www.szenik.eu\/de\/wp-json\/\/wp\/v2\/users\/1680"}],"replies":[{"embeddable":true,"href":"https:\/\/www.szenik.eu\/de\/wp-json\/\/wp\/v2\/comments?post=61884"}],"version-history":[{"count":2,"href":"https:\/\/www.szenik.eu\/de\/wp-json\/\/wp\/v2\/posts\/61884\/revisions"}],"predecessor-version":[{"id":66208,"href":"https:\/\/www.szenik.eu\/de\/wp-json\/\/wp\/v2\/posts\/61884\/revisions\/66208"}],"wp:featuredmedia":[{"embeddable":true,"href":"https:\/\/www.szenik.eu\/de\/wp-json\/\/wp\/v2\/media\/61885"}],"wp:attachment":[{"href":"https:\/\/www.szenik.eu\/de\/wp-json\/\/wp\/v2\/media?parent=61884"}],"wp:term":[{"taxonomy":"category","embeddable":true,"href":"https:\/\/www.szenik.eu\/de\/wp-json\/\/wp\/v2\/categories?post=61884"},{"taxonomy":"post_tag","embeddable":true,"href":"https:\/\/www.szenik.eu\/de\/wp-json\/\/wp\/v2\/tags?post=61884"}],"curies":[{"name":"wp","href":"https:\/\/api.w.org\/{rel}","templated":true}]}}