{"id":61824,"date":"2023-10-10T15:17:52","date_gmt":"2023-10-10T13:17:52","guid":{"rendered":"https:\/\/www.szenik.eu\/?p=61824\/"},"modified":"2023-10-10T15:18:44","modified_gmt":"2023-10-10T13:18:44","slug":"schweizer-musical-daellebach-kari-in-berlin-mehrfach-ausgezeichnet","status":"publish","type":"post","link":"https:\/\/www.szenik.eu\/de\/schweizer-musical-daellebach-kari-in-berlin-mehrfach-ausgezeichnet-61824","title":{"rendered":"Schweizer Musical &#8222;D\u00e4llebach Kari&#8220; in Berlin mehrfach ausgezeichnet"},"content":{"rendered":"\n<p><strong>Die Thunerseespiele-Eigenproduktion \u201eD\u00e4llebach Kari\u201c r\u00e4umt in Berlin vier Preise ab<\/strong><\/p>\n\n\n\n<p>Gestern Montag feierte die deutschsprachige Musical-Szene im Berliner Theater des Westens die Verleihung des Deutschen Musical Theater Preises 2023. Dabei ergatterte D\u00c4LLEBACH KARI vier Preise und machte die Thunerseespiele zur grossen Gewinnerin des Abends.<\/p>\n\n\n\n<p>Der Deutsche Musical Theater Preis ist einer der wichtigsten B\u00fchnenpreise des deutschsprachigen Raums und die einzige Auszeichnung f\u00fcr deutschsprachige Musicals, die von Profis an Profis verliehen wird. Mit acht Nominationen war die Jubil\u00e4umsproduktion der Thunerseespiele sehr gut vertreten. Das freute auch Freddy Burger, Inhaber der Thunerseespiele: \u00abIch war extrem \u00fcberrascht, dass wir als Schweizer Dialektmusical \u00fcberhaupt f\u00fcr den Deutschen Musical Theater Preis nominiert worden sind.\u00bb Schlussendlich gingen insgesamt vier Preise an die umjubelte Inszenierung von D\u00c4LLEBACH KARI am Thunersee:<\/p>\n\n\n\n<p>\u00b7&nbsp;&nbsp;&nbsp;&nbsp;&nbsp;&nbsp;&nbsp;&nbsp;&nbsp;&nbsp;&nbsp;Bestes Revival<\/p>\n\n\n\n<p>\u00b7&nbsp;&nbsp;&nbsp;&nbsp;&nbsp;&nbsp;&nbsp;&nbsp;&nbsp;&nbsp;&nbsp;Bester Darsteller in einer Hauptrolle (Rolf Sommer als D\u00e4llebach Kari)<\/p>\n\n\n\n<p>\u00b7&nbsp;&nbsp;&nbsp;&nbsp;&nbsp;&nbsp;&nbsp;&nbsp;&nbsp;&nbsp;&nbsp;Bestes B\u00fchnenbild (Charles Quiggin)<\/p>\n\n\n\n<p>\u00b7&nbsp;&nbsp;&nbsp;&nbsp;&nbsp;&nbsp;&nbsp;&nbsp;&nbsp;&nbsp;&nbsp;Bestes Kost\u00fcm- und Maskenbild (Ale\u0161 Vala\u0161ek, Ronald Fahm, Olivia Sieber)<\/p>\n\n\n\n<figure class=\"wp-block-image size-large\"><img decoding=\"async\" loading=\"lazy\" width=\"1024\" height=\"682\" src=\"https:\/\/www.szenik.eu\/wp-content\/uploads\/2023\/10\/DEUTSCHER-MUSICAL-THEATER-PREIS_RolfSommer_Photo\u00a9MorrisMacMatzen_15x10cm-1024x682.jpg\" alt=\"\" class=\"wp-image-61825\" srcset=\"https:\/\/www.szenik.eu\/wp-content\/uploads\/2023\/10\/DEUTSCHER-MUSICAL-THEATER-PREIS_RolfSommer_Photo\u00a9MorrisMacMatzen_15x10cm-1024x682.jpg 1024w, https:\/\/www.szenik.eu\/wp-content\/uploads\/2023\/10\/DEUTSCHER-MUSICAL-THEATER-PREIS_RolfSommer_Photo\u00a9MorrisMacMatzen_15x10cm-300x200.jpg 300w, https:\/\/www.szenik.eu\/wp-content\/uploads\/2023\/10\/DEUTSCHER-MUSICAL-THEATER-PREIS_RolfSommer_Photo\u00a9MorrisMacMatzen_15x10cm-768x512.jpg 768w, https:\/\/www.szenik.eu\/wp-content\/uploads\/2023\/10\/DEUTSCHER-MUSICAL-THEATER-PREIS_RolfSommer_Photo\u00a9MorrisMacMatzen_15x10cm-1536x1024.jpg 1536w, https:\/\/www.szenik.eu\/wp-content\/uploads\/2023\/10\/DEUTSCHER-MUSICAL-THEATER-PREIS_RolfSommer_Photo\u00a9MorrisMacMatzen_15x10cm-750x500.jpg 750w, https:\/\/www.szenik.eu\/wp-content\/uploads\/2023\/10\/DEUTSCHER-MUSICAL-THEATER-PREIS_RolfSommer_Photo\u00a9MorrisMacMatzen_15x10cm-1140x760.jpg 1140w, https:\/\/www.szenik.eu\/wp-content\/uploads\/2023\/10\/DEUTSCHER-MUSICAL-THEATER-PREIS_RolfSommer_Photo\u00a9MorrisMacMatzen_15x10cm.jpg 1772w\" sizes=\"(max-width: 1024px) 100vw, 1024px\" \/><figcaption class=\"wp-element-caption\">Deutscher Musical Theater Preis 2023 &#8211; Die Gala im Theater des Westens in Berlin, am 09.10.2023.  Der Preistr\u00e4ger Rolf Sommer in der Kategorie BESTER DARSTELLER IN EINER HAUPTROLLE  Photo: Deutsche Musical Akademie\/mmacm.com<\/figcaption><\/figure>\n\n\n\n<p>Rolf Sommer spielte den D\u00e4llebach Kari und wurde daf\u00fcr als bester Darsteller in einer Hauptrolle pr\u00e4miert: \u00abIch bin total \u00fcberw\u00e4ltigt vom gestrigen Abend und schwebe immer noch im siebten Himmel. Der Deutsche Musical Theater Preis ist DIE Auszeichnung unserer Branche im deutschsprachigen Raum. Diese als K\u00fcnstler entgegen nehmen zu d\u00fcrfen, f\u00fchlt sich fantastisch an! Die Anerkennung w\u00fcrdigt nebst meiner Leistung auch die Arbeit des Kreativ-Teams, des gesamten Produktionsteams und der Autoren.\u00bb Auch Freddy Burger ist nach der Entgegennahme der Preise \u00fcberw\u00e4ltigt: \u00abIm Februar einen Tony Award f\u00fcr \u00b4Moulin Rouge\u00b4 im Mai einen Prix Walo f\u00fcr \u00b4Oh l\u00e4ck du mir!\u00b4 und jetzt den Deutschen Musical Theater Preis in vier Kategorien f\u00fcr \u00b4D\u00e4llebach Kari\u00b4 \u2013 so etwas habe ich in meinen 60 Berufsjahren noch nie erlebt.\u00bb<\/p>\n\n\n\n<p><strong><a href=\"https:\/\/www.musical.ch\/en\/\">www.musical.ch<\/a><\/strong><\/p>\n\n\n\n<p><strong><a href=\"https:\/\/fbm.ch\/\">www.fbm.ch<\/a><\/strong><\/p>\n","protected":false},"excerpt":{"rendered":"<p>Die Thunerseespiele-Eigenproduktion \u201eD\u00e4llebach Kari\u201c r\u00e4umt in Berlin vier Preise ab Gestern Montag feierte die deutschsprachige Musical-Szene im Berliner Theater des Westens die Verleihung des Deutschen Musical Theater Preises 2023. Dabei ergatterte D\u00c4LLEBACH KARI vier Preise und machte die Thunerseespiele zur grossen Gewinnerin des Abends. Der Deutsche Musical Theater Preis ist einer der wichtigsten B\u00fchnenpreise des [&hellip;]<\/p>\n","protected":false},"author":1680,"featured_media":61827,"comment_status":"open","ping_status":"open","sticky":false,"template":"","format":"standard","meta":{"_monsterinsights_skip_tracking":false,"_monsterinsights_sitenote_active":false,"_monsterinsights_sitenote_note":"","_monsterinsights_sitenote_category":0},"categories":[2815],"tags":[],"yoast_head":"<!-- This site is optimized with the Yoast SEO plugin v20.5 - https:\/\/yoast.com\/wordpress\/plugins\/seo\/ -->\n<title>Schweizer Musical &quot;D\u00e4llebach Kari&quot; in Berlin mehrfach ausgezeichnet - szenik.eu<\/title>\n<meta name=\"description\" content=\"Gestern feierte die deutschsprachige Musical-Szene im Berliner Theater des Westens die Verleihung des Deutschen Musical Theater Preises 2023. Dabei ergatterte D\u00c4LLEBACH KARI vier Preise und machte die Thunerseespiele zur grossen Gewinnerin des Abends.\" \/>\n<meta name=\"robots\" content=\"index, follow, max-snippet:-1, max-image-preview:large, max-video-preview:-1\" \/>\n<link rel=\"canonical\" href=\"https:\/\/www.szenik.eu\/de\/schweizer-musical-daellebach-kari-in-berlin-mehrfach-ausgezeichnet-61824\" \/>\n<meta property=\"og:locale\" content=\"de_DE\" \/>\n<meta property=\"og:type\" content=\"article\" \/>\n<meta property=\"og:title\" content=\"Schweizer Musical &quot;D\u00e4llebach Kari&quot; in Berlin mehrfach ausgezeichnet - szenik.eu\" \/>\n<meta property=\"og:description\" content=\"Gestern feierte die deutschsprachige Musical-Szene im Berliner Theater des Westens die Verleihung des Deutschen Musical Theater Preises 2023. Dabei ergatterte D\u00c4LLEBACH KARI vier Preise und machte die Thunerseespiele zur grossen Gewinnerin des Abends.\" \/>\n<meta property=\"og:url\" content=\"https:\/\/www.szenik.eu\/de\/schweizer-musical-daellebach-kari-in-berlin-mehrfach-ausgezeichnet-61824\" \/>\n<meta property=\"og:site_name\" content=\"szenik\" \/>\n<meta property=\"article:publisher\" content=\"https:\/\/www.facebook.com\/szenik.eu\/\" \/>\n<meta property=\"article:published_time\" content=\"2023-10-10T13:17:52+00:00\" \/>\n<meta property=\"article:modified_time\" content=\"2023-10-10T13:18:44+00:00\" \/>\n<meta property=\"og:image\" content=\"https:\/\/www.szenik.eu\/wp-content\/uploads\/2023\/10\/DEUTSCHER-MUSICAL-THEATER-PREIS_FreddyBurger_MarkusDinhobl_Photo\u00a9MorrisMacMatzen_15x10cm.-jpg-1.jpeg\" \/>\n\t<meta property=\"og:image:width\" content=\"1772\" \/>\n\t<meta property=\"og:image:height\" content=\"1181\" \/>\n\t<meta property=\"og:image:type\" content=\"image\/jpeg\" \/>\n<meta name=\"author\" content=\"sarahk\" \/>\n<meta name=\"twitter:card\" content=\"summary_large_image\" \/>\n<meta name=\"twitter:creator\" content=\"@Szenik\" \/>\n<meta name=\"twitter:site\" content=\"@Szenik\" \/>\n<meta name=\"twitter:label1\" content=\"Verfasst von\" \/>\n\t<meta name=\"twitter:data1\" content=\"sarahk\" \/>\n\t<meta name=\"twitter:label2\" content=\"Gesch\u00e4tzte Lesezeit\" \/>\n\t<meta name=\"twitter:data2\" content=\"2\u00a0Minuten\" \/>\n<script type=\"application\/ld+json\" class=\"yoast-schema-graph\">{\"@context\":\"https:\/\/schema.org\",\"@graph\":[{\"@type\":\"Article\",\"@id\":\"https:\/\/www.szenik.eu\/de\/schweizer-musical-daellebach-kari-in-berlin-mehrfach-ausgezeichnet-61824#article\",\"isPartOf\":{\"@id\":\"https:\/\/www.szenik.eu\/de\/schweizer-musical-daellebach-kari-in-berlin-mehrfach-ausgezeichnet-61824\"},\"author\":{\"name\":\"sarahk\",\"@id\":\"https:\/\/www.szenik.eu\/de\/#\/schema\/person\/81e9d00e9b1306e18e10ca1e4bed6465\"},\"headline\":\"Schweizer Musical &#8222;D\u00e4llebach Kari&#8220; in Berlin mehrfach ausgezeichnet\",\"datePublished\":\"2023-10-10T13:17:52+00:00\",\"dateModified\":\"2023-10-10T13:18:44+00:00\",\"mainEntityOfPage\":{\"@id\":\"https:\/\/www.szenik.eu\/de\/schweizer-musical-daellebach-kari-in-berlin-mehrfach-ausgezeichnet-61824\"},\"wordCount\":388,\"commentCount\":0,\"publisher\":{\"@id\":\"https:\/\/www.szenik.eu\/de\/#organization\"},\"articleSection\":[\"Kurz &amp; knackig\"],\"inLanguage\":\"de\",\"potentialAction\":[{\"@type\":\"CommentAction\",\"name\":\"Comment\",\"target\":[\"https:\/\/www.szenik.eu\/de\/schweizer-musical-daellebach-kari-in-berlin-mehrfach-ausgezeichnet-61824#respond\"]}]},{\"@type\":\"WebPage\",\"@id\":\"https:\/\/www.szenik.eu\/de\/schweizer-musical-daellebach-kari-in-berlin-mehrfach-ausgezeichnet-61824\",\"url\":\"https:\/\/www.szenik.eu\/de\/schweizer-musical-daellebach-kari-in-berlin-mehrfach-ausgezeichnet-61824\",\"name\":\"Schweizer Musical \\\"D\u00e4llebach Kari\\\" in Berlin mehrfach ausgezeichnet - szenik.eu\",\"isPartOf\":{\"@id\":\"https:\/\/www.szenik.eu\/de\/#website\"},\"datePublished\":\"2023-10-10T13:17:52+00:00\",\"dateModified\":\"2023-10-10T13:18:44+00:00\",\"description\":\"Gestern feierte die deutschsprachige Musical-Szene im Berliner Theater des Westens die Verleihung des Deutschen Musical Theater Preises 2023. Dabei ergatterte D\u00c4LLEBACH KARI vier Preise und machte die Thunerseespiele zur grossen Gewinnerin des Abends.\",\"breadcrumb\":{\"@id\":\"https:\/\/www.szenik.eu\/de\/schweizer-musical-daellebach-kari-in-berlin-mehrfach-ausgezeichnet-61824#breadcrumb\"},\"inLanguage\":\"de\",\"potentialAction\":[{\"@type\":\"ReadAction\",\"target\":[\"https:\/\/www.szenik.eu\/de\/schweizer-musical-daellebach-kari-in-berlin-mehrfach-ausgezeichnet-61824\"]}]},{\"@type\":\"BreadcrumbList\",\"@id\":\"https:\/\/www.szenik.eu\/de\/schweizer-musical-daellebach-kari-in-berlin-mehrfach-ausgezeichnet-61824#breadcrumb\",\"itemListElement\":[{\"@type\":\"ListItem\",\"position\":1,\"name\":\"Home\",\"item\":\"https:\/\/www.szenik.eu\/de\"},{\"@type\":\"ListItem\",\"position\":2,\"name\":\"Schweizer Musical \u00ab\u00a0D\u00e4llebach Kari\u00a0\u00bb in Berlin mehrfach ausgezeichnet\"}]},{\"@type\":\"WebSite\",\"@id\":\"https:\/\/www.szenik.eu\/de\/#website\",\"url\":\"https:\/\/www.szenik.eu\/de\/\",\"name\":\"szenik\",\"description\":\"Le Meilleur des sc\u00e8nes au coeur de l&#039;Europe\",\"publisher\":{\"@id\":\"https:\/\/www.szenik.eu\/de\/#organization\"},\"potentialAction\":[{\"@type\":\"SearchAction\",\"target\":{\"@type\":\"EntryPoint\",\"urlTemplate\":\"https:\/\/www.szenik.eu\/de\/?s={search_term_string}\"},\"query-input\":\"required name=search_term_string\"}],\"inLanguage\":\"de\"},{\"@type\":\"Organization\",\"@id\":\"https:\/\/www.szenik.eu\/de\/#organization\",\"name\":\"Szenik\",\"url\":\"https:\/\/www.szenik.eu\/de\/\",\"logo\":{\"@type\":\"ImageObject\",\"inLanguage\":\"de\",\"@id\":\"https:\/\/www.szenik.eu\/de\/#\/schema\/logo\/image\/\",\"url\":\"https:\/\/www.szenik.eu\/wp-content\/uploads\/2019\/07\/logo-square.png\",\"contentUrl\":\"https:\/\/www.szenik.eu\/wp-content\/uploads\/2019\/07\/logo-square.png\",\"width\":512,\"height\":512,\"caption\":\"Szenik\"},\"image\":{\"@id\":\"https:\/\/www.szenik.eu\/de\/#\/schema\/logo\/image\/\"},\"sameAs\":[\"https:\/\/www.facebook.com\/szenik.eu\/\",\"https:\/\/twitter.com\/Szenik\",\"https:\/\/www.instagram.com\/szenik_magazine\/\",\"https:\/\/www.youtube.com\/user\/SzenikEU\/\"]},{\"@type\":\"Person\",\"@id\":\"https:\/\/www.szenik.eu\/de\/#\/schema\/person\/81e9d00e9b1306e18e10ca1e4bed6465\",\"name\":\"sarahk\",\"image\":{\"@type\":\"ImageObject\",\"inLanguage\":\"de\",\"@id\":\"https:\/\/www.szenik.eu\/de\/#\/schema\/person\/image\/\",\"url\":\"https:\/\/secure.gravatar.com\/avatar\/1e5f6f691c4a068f4814bda15b8400ca?s=96&d=mm&r=g\",\"contentUrl\":\"https:\/\/secure.gravatar.com\/avatar\/1e5f6f691c4a068f4814bda15b8400ca?s=96&d=mm&r=g\",\"caption\":\"sarahk\"}}]}<\/script>\n<!-- \/ Yoast SEO plugin. -->","yoast_head_json":{"title":"Schweizer Musical \"D\u00e4llebach Kari\" in Berlin mehrfach ausgezeichnet - szenik.eu","description":"Gestern feierte die deutschsprachige Musical-Szene im Berliner Theater des Westens die Verleihung des Deutschen Musical Theater Preises 2023. Dabei ergatterte D\u00c4LLEBACH KARI vier Preise und machte die Thunerseespiele zur grossen Gewinnerin des Abends.","robots":{"index":"index","follow":"follow","max-snippet":"max-snippet:-1","max-image-preview":"max-image-preview:large","max-video-preview":"max-video-preview:-1"},"canonical":"https:\/\/www.szenik.eu\/de\/schweizer-musical-daellebach-kari-in-berlin-mehrfach-ausgezeichnet-61824","og_locale":"de_DE","og_type":"article","og_title":"Schweizer Musical \"D\u00e4llebach Kari\" in Berlin mehrfach ausgezeichnet - szenik.eu","og_description":"Gestern feierte die deutschsprachige Musical-Szene im Berliner Theater des Westens die Verleihung des Deutschen Musical Theater Preises 2023. Dabei ergatterte D\u00c4LLEBACH KARI vier Preise und machte die Thunerseespiele zur grossen Gewinnerin des Abends.","og_url":"https:\/\/www.szenik.eu\/de\/schweizer-musical-daellebach-kari-in-berlin-mehrfach-ausgezeichnet-61824","og_site_name":"szenik","article_publisher":"https:\/\/www.facebook.com\/szenik.eu\/","article_published_time":"2023-10-10T13:17:52+00:00","article_modified_time":"2023-10-10T13:18:44+00:00","og_image":[{"width":1772,"height":1181,"url":"https:\/\/www.szenik.eu\/wp-content\/uploads\/2023\/10\/DEUTSCHER-MUSICAL-THEATER-PREIS_FreddyBurger_MarkusDinhobl_Photo\u00a9MorrisMacMatzen_15x10cm.-jpg-1.jpeg","type":"image\/jpeg"}],"author":"sarahk","twitter_card":"summary_large_image","twitter_creator":"@Szenik","twitter_site":"@Szenik","twitter_misc":{"Verfasst von":"sarahk","Gesch\u00e4tzte Lesezeit":"2\u00a0Minuten"},"schema":{"@context":"https:\/\/schema.org","@graph":[{"@type":"Article","@id":"https:\/\/www.szenik.eu\/de\/schweizer-musical-daellebach-kari-in-berlin-mehrfach-ausgezeichnet-61824#article","isPartOf":{"@id":"https:\/\/www.szenik.eu\/de\/schweizer-musical-daellebach-kari-in-berlin-mehrfach-ausgezeichnet-61824"},"author":{"name":"sarahk","@id":"https:\/\/www.szenik.eu\/de\/#\/schema\/person\/81e9d00e9b1306e18e10ca1e4bed6465"},"headline":"Schweizer Musical &#8222;D\u00e4llebach Kari&#8220; in Berlin mehrfach ausgezeichnet","datePublished":"2023-10-10T13:17:52+00:00","dateModified":"2023-10-10T13:18:44+00:00","mainEntityOfPage":{"@id":"https:\/\/www.szenik.eu\/de\/schweizer-musical-daellebach-kari-in-berlin-mehrfach-ausgezeichnet-61824"},"wordCount":388,"commentCount":0,"publisher":{"@id":"https:\/\/www.szenik.eu\/de\/#organization"},"articleSection":["Kurz &amp; knackig"],"inLanguage":"de","potentialAction":[{"@type":"CommentAction","name":"Comment","target":["https:\/\/www.szenik.eu\/de\/schweizer-musical-daellebach-kari-in-berlin-mehrfach-ausgezeichnet-61824#respond"]}]},{"@type":"WebPage","@id":"https:\/\/www.szenik.eu\/de\/schweizer-musical-daellebach-kari-in-berlin-mehrfach-ausgezeichnet-61824","url":"https:\/\/www.szenik.eu\/de\/schweizer-musical-daellebach-kari-in-berlin-mehrfach-ausgezeichnet-61824","name":"Schweizer Musical \"D\u00e4llebach Kari\" in Berlin mehrfach ausgezeichnet - szenik.eu","isPartOf":{"@id":"https:\/\/www.szenik.eu\/de\/#website"},"datePublished":"2023-10-10T13:17:52+00:00","dateModified":"2023-10-10T13:18:44+00:00","description":"Gestern feierte die deutschsprachige Musical-Szene im Berliner Theater des Westens die Verleihung des Deutschen Musical Theater Preises 2023. Dabei ergatterte D\u00c4LLEBACH KARI vier Preise und machte die Thunerseespiele zur grossen Gewinnerin des Abends.","breadcrumb":{"@id":"https:\/\/www.szenik.eu\/de\/schweizer-musical-daellebach-kari-in-berlin-mehrfach-ausgezeichnet-61824#breadcrumb"},"inLanguage":"de","potentialAction":[{"@type":"ReadAction","target":["https:\/\/www.szenik.eu\/de\/schweizer-musical-daellebach-kari-in-berlin-mehrfach-ausgezeichnet-61824"]}]},{"@type":"BreadcrumbList","@id":"https:\/\/www.szenik.eu\/de\/schweizer-musical-daellebach-kari-in-berlin-mehrfach-ausgezeichnet-61824#breadcrumb","itemListElement":[{"@type":"ListItem","position":1,"name":"Home","item":"https:\/\/www.szenik.eu\/de"},{"@type":"ListItem","position":2,"name":"Schweizer Musical \u00ab\u00a0D\u00e4llebach Kari\u00a0\u00bb in Berlin mehrfach ausgezeichnet"}]},{"@type":"WebSite","@id":"https:\/\/www.szenik.eu\/de\/#website","url":"https:\/\/www.szenik.eu\/de\/","name":"szenik","description":"Le Meilleur des sc\u00e8nes au coeur de l&#039;Europe","publisher":{"@id":"https:\/\/www.szenik.eu\/de\/#organization"},"potentialAction":[{"@type":"SearchAction","target":{"@type":"EntryPoint","urlTemplate":"https:\/\/www.szenik.eu\/de\/?s={search_term_string}"},"query-input":"required name=search_term_string"}],"inLanguage":"de"},{"@type":"Organization","@id":"https:\/\/www.szenik.eu\/de\/#organization","name":"Szenik","url":"https:\/\/www.szenik.eu\/de\/","logo":{"@type":"ImageObject","inLanguage":"de","@id":"https:\/\/www.szenik.eu\/de\/#\/schema\/logo\/image\/","url":"https:\/\/www.szenik.eu\/wp-content\/uploads\/2019\/07\/logo-square.png","contentUrl":"https:\/\/www.szenik.eu\/wp-content\/uploads\/2019\/07\/logo-square.png","width":512,"height":512,"caption":"Szenik"},"image":{"@id":"https:\/\/www.szenik.eu\/de\/#\/schema\/logo\/image\/"},"sameAs":["https:\/\/www.facebook.com\/szenik.eu\/","https:\/\/twitter.com\/Szenik","https:\/\/www.instagram.com\/szenik_magazine\/","https:\/\/www.youtube.com\/user\/SzenikEU\/"]},{"@type":"Person","@id":"https:\/\/www.szenik.eu\/de\/#\/schema\/person\/81e9d00e9b1306e18e10ca1e4bed6465","name":"sarahk","image":{"@type":"ImageObject","inLanguage":"de","@id":"https:\/\/www.szenik.eu\/de\/#\/schema\/person\/image\/","url":"https:\/\/secure.gravatar.com\/avatar\/1e5f6f691c4a068f4814bda15b8400ca?s=96&d=mm&r=g","contentUrl":"https:\/\/secure.gravatar.com\/avatar\/1e5f6f691c4a068f4814bda15b8400ca?s=96&d=mm&r=g","caption":"sarahk"}}]}},"jetpack_featured_media_url":"https:\/\/www.szenik.eu\/wp-content\/uploads\/2023\/10\/DEUTSCHER-MUSICAL-THEATER-PREIS_FreddyBurger_MarkusDinhobl_Photo\u00a9MorrisMacMatzen_15x10cm.-jpg-1.jpeg","amp_enabled":true,"_links":{"self":[{"href":"https:\/\/www.szenik.eu\/de\/wp-json\/\/wp\/v2\/posts\/61824"}],"collection":[{"href":"https:\/\/www.szenik.eu\/de\/wp-json\/\/wp\/v2\/posts"}],"about":[{"href":"https:\/\/www.szenik.eu\/de\/wp-json\/\/wp\/v2\/types\/post"}],"author":[{"embeddable":true,"href":"https:\/\/www.szenik.eu\/de\/wp-json\/\/wp\/v2\/users\/1680"}],"replies":[{"embeddable":true,"href":"https:\/\/www.szenik.eu\/de\/wp-json\/\/wp\/v2\/comments?post=61824"}],"version-history":[{"count":2,"href":"https:\/\/www.szenik.eu\/de\/wp-json\/\/wp\/v2\/posts\/61824\/revisions"}],"predecessor-version":[{"id":61830,"href":"https:\/\/www.szenik.eu\/de\/wp-json\/\/wp\/v2\/posts\/61824\/revisions\/61830"}],"wp:featuredmedia":[{"embeddable":true,"href":"https:\/\/www.szenik.eu\/de\/wp-json\/\/wp\/v2\/media\/61827"}],"wp:attachment":[{"href":"https:\/\/www.szenik.eu\/de\/wp-json\/\/wp\/v2\/media?parent=61824"}],"wp:term":[{"taxonomy":"category","embeddable":true,"href":"https:\/\/www.szenik.eu\/de\/wp-json\/\/wp\/v2\/categories?post=61824"},{"taxonomy":"post_tag","embeddable":true,"href":"https:\/\/www.szenik.eu\/de\/wp-json\/\/wp\/v2\/tags?post=61824"}],"curies":[{"name":"wp","href":"https:\/\/api.w.org\/{rel}","templated":true}]}}