{"id":61305,"date":"2023-09-18T08:42:05","date_gmt":"2023-09-18T06:42:05","guid":{"rendered":"https:\/\/www.szenik.eu\/?p=61305\/"},"modified":"2024-03-12T11:32:04","modified_gmt":"2024-03-12T10:32:04","slug":"hemmersdorf-pop-festival-edition-nr-4-verschwimmen","status":"publish","type":"post","link":"https:\/\/www.szenik.eu\/de\/hemmersdorf-pop-festival-edition-nr-4-verschwimmen-61305","title":{"rendered":"Hemmersdorf POP Festival Edition Nr.4 &#8211; Verschwimmen"},"content":{"rendered":"\n<p>Wir leben unter den gleichen Wolken.<br>Erleben die gleichen Schatten.<br>Wo Grenzen verschwunden sind und Eins in das Andere u\u0308bergeht.<br>Wo die Sprachen keine Rolle mehr spielen, da zeigen wir die gleiche Leidenschaft.<br>Grenzu\u0308berschreitende Liebe fu\u0308r die Musik und zur Region.<br>In dieser Region in der das friedliche Europa lebendig und allt\u00e4gliche Wirklichkeit ist. Die<br>deutsch-franz\u00f6sische Freundschaft ganz besonders ausgepr\u00e4gt ist, hier treffen auch<br>Welten der Musik zusammen. Hier verschwimmen die Grenzen der Theorie. Ein<br>Auseinanderhalten von \u201eernster\u201c Musik und \u201eUnterhaltungsmusik\u201c findet keine<br>Beachtung mehr.<br>Hier treffen sich Hase und Igel bei Nacht und Pop und Klassik um Neues zu schaffen.<br>Dabei ist es allen Beteiligten ernst, es ist wundersch\u00f6n ernst und herrlich begeisternd.<br>Das Hemmersdorf POP Festival ist ein positiver Ort der Transformation, der Teilhabe an<br>Kultur und Impulsgeber zur Entwicklung des l\u00e4ndlichen Raums. Es verbindet Kunst und<br>Landschaft, Menschen und Sprachen und schert sich nicht um Grenzen. <\/p>\n\n\n\n<p>Wir denken u\u0308ber eine strukturschwache Region hinaus. Hemmersdorf POP ist ein Weg,<br>der getragen von Mut und Optimismus beschritten wird. Die dauerhafte Verankerung ist<br>eine Frage des Vertrauens und eine wichtige Frage an politische Entscheidungstr\u00e4ger.<br>Das Hemmersdorf POP Festival 2023 ist st\u00e4rker denn je grenzu\u0308berschreitend, es beh\u00e4lt<br>mehr Teilnahme-M\u00f6glichkeiten bereit und es bietet ein fantastisches internationales und<br>handverlesenes Musik-Programm. Die Dramaturgie holt den Besucher am Eingang des<br>Ortes ab und fu\u0308hrt ihn durch T\u00e4ler und u\u0308ber Hu\u0308gel. Er wird den Emotionen ausgesetzt<br>und am Ende lassen wir ihn an einem anderen besseren Ort wieder raus.<br>Hemmersdorf POP Festival vom 26.10. \u2013 28.10.2023<br>Orte: Hemmersdorf (Gemeinde Rehlingen-Siersburg) &amp; Guerstling (Departement<br>Moselle).<br>Das Musik-Programm:<br>Lou Agathe (FR) | Rachael Dadd (UK) | A.S.Fanning (IE) | Niels Frevert (DE) |<br>Dobrawa Czocher (PL) | JFDR (IS) | Niklas Paschburg (DE) &amp; Guest |<br>The Brums (BE) | Me In The Forest (DE) | Alicia Edelwei\u00df (AT) |<br>M\u00e4nnergesangverein Hemmersdorf (DE) | Lisa Morgenstern (DE) |<br>B\u00e9atrice M\u00e9lissa (FR) | The Irrepressibles (UK) | Fl\u00e8che Love (CH) | Marcel (BE) |<br>Soundklassiker by DJ Hansi \u2026<\/p>\n\n\n\n<figure class=\"wp-block-embed is-type-video is-provider-youtube wp-block-embed-youtube wp-embed-aspect-16-9 wp-has-aspect-ratio\"><div class=\"wp-block-embed__wrapper\">\n<div class=\"jeg_video_container jeg_video_content\"><iframe loading=\"lazy\" title=\"HEMMERSDORF POP Festival 2023\" width=\"500\" height=\"281\" src=\"https:\/\/www.youtube.com\/embed\/videoseries?list=PLBAV9QoR0P0kLaXE80AQcDaSsFdg-A_IY\" frameborder=\"0\" allow=\"accelerometer; autoplay; clipboard-write; encrypted-media; gyroscope; picture-in-picture; web-share\" allowfullscreen><\/iframe><\/div>\n<\/div><\/figure>\n\n\n\n<p>Sonstige Programm-Punkte u.a.<br>Podiums-Diskussion<br>Transformation &#8211; kulturelle Teilhabe &#8211; grenzu\u0308berschreitende Kooperation ist die<br>\u00dcberschrift einer Podiums-Diskussion, die am ersten Festival-Tag ansteht. G\u00e4ste sind<br>u.a. Joshua Pawlak (Bu\u0308rgermeister Gemeinde Rehlingen-Siersburg), Armel Chabane<br>(Maire de Bouzonville, Pr\u00e9sident CCB3F, Vice-Pr\u00e9sident D\u00e9partement de la Moselle),<br>Prof. Stefan Ochs (HTW, Pr\u00e4-IBA), Thomas Roscheck (Conseiller Municipal, ALCG und<br>Hemmersdorf POP F\u00f6rderverein)\u2026<br>Singing workshop mit Rachael Dadd.<br>Die Teilnehmer k\u00f6nnen unmittelbar danach das Gelernte und Geprobte mit Rachael auf<br>der Bu\u0308hne auffu\u0308hren.<br>Tickets<br>Zun\u00e4chst gibt es den Festivalpass, der fu\u0308r alle 3 Tage gilt.<br>Dieser kostet 60 EUR (zzgl. VVK-Gebu\u0308hren) und ist u\u0308ber den Hemmersdorf POP Shop<br>erh\u00e4ltlich: Ticket-Link: https:\/\/tinyurl.com\/4kr3ad8y bzw. www.hemmersdorfpop.de<br>Ebenso k\u00f6nnen Tickets an den bekannten Vorverkaufs-Stellen von Reservix\/Ad-Ticket<br>gekauft werden.<\/p>\n\n\n\n<p>Vorverkaufs-Start Montag 18.09. &#8211; 08:00h.<br>Tages-Tickets werden fru\u0308hestens ab dem 05.10., sofern Kapazit\u00e4t, erh\u00e4ltlich sein.<br>Ab dann wird auch das jeweilige Tagesprogramm im Detail verku\u0308ndet.<\/p>\n\n\n\n<p>Veranstalter HOTELLOUNGE ica -&gt; <a href=\"https:\/\/hotellounge.de\/\" target=\"_blank\" rel=\"noreferrer noopener\">www.hotellounge.de <\/a><\/p>\n","protected":false},"excerpt":{"rendered":"<p>Wir leben unter den gleichen Wolken.Erleben die gleichen Schatten.Wo Grenzen verschwunden sind und Eins in das Andere u\u0308bergeht.Wo die Sprachen keine Rolle mehr spielen, da zeigen wir die gleiche Leidenschaft.Grenzu\u0308berschreitende Liebe fu\u0308r die Musik und zur Region.In dieser Region in der das friedliche Europa lebendig und allt\u00e4gliche Wirklichkeit ist. Diedeutsch-franz\u00f6sische Freundschaft ganz besonders ausgepr\u00e4gt ist, [&hellip;]<\/p>\n","protected":false},"author":1680,"featured_media":61306,"comment_status":"open","ping_status":"open","sticky":false,"template":"","format":"standard","meta":{"_monsterinsights_skip_tracking":false,"_monsterinsights_sitenote_active":false,"_monsterinsights_sitenote_note":"","_monsterinsights_sitenote_category":0},"categories":[2815],"tags":[],"yoast_head":"<!-- This site is optimized with the Yoast SEO plugin v20.5 - https:\/\/yoast.com\/wordpress\/plugins\/seo\/ -->\n<title>Hemmersdorf POP Festival Edition Nr.4 - szenik.eu<\/title>\n<meta name=\"robots\" content=\"index, follow, max-snippet:-1, max-image-preview:large, max-video-preview:-1\" \/>\n<link rel=\"canonical\" href=\"https:\/\/www.szenik.eu\/de\/hemmersdorf-pop-festival-edition-nr-4-verschwimmen-61305\" \/>\n<meta property=\"og:locale\" content=\"de_DE\" \/>\n<meta property=\"og:type\" content=\"article\" \/>\n<meta property=\"og:title\" content=\"Hemmersdorf POP Festival Edition Nr.4 - szenik.eu\" \/>\n<meta property=\"og:description\" content=\"Wir leben unter den gleichen Wolken.Erleben die gleichen Schatten.Wo Grenzen verschwunden sind und Eins in das Andere u\u0308bergeht.Wo die Sprachen keine Rolle mehr spielen, da zeigen wir die gleiche Leidenschaft.Grenzu\u0308berschreitende Liebe fu\u0308r die Musik und zur Region.In dieser Region in der das friedliche Europa lebendig und allt\u00e4gliche Wirklichkeit ist. Diedeutsch-franz\u00f6sische Freundschaft ganz besonders ausgepr\u00e4gt ist, [&hellip;]\" \/>\n<meta property=\"og:url\" content=\"https:\/\/www.szenik.eu\/de\/hemmersdorf-pop-festival-edition-nr-4-verschwimmen-61305\" \/>\n<meta property=\"og:site_name\" content=\"szenik\" \/>\n<meta property=\"article:publisher\" content=\"https:\/\/www.facebook.com\/szenik.eu\/\" \/>\n<meta property=\"article:published_time\" content=\"2023-09-18T06:42:05+00:00\" \/>\n<meta property=\"article:modified_time\" content=\"2024-03-12T10:32:04+00:00\" \/>\n<meta property=\"og:image\" content=\"https:\/\/www.szenik.eu\/wp-content\/uploads\/2023\/09\/Marcel_Pressfoto_CreditMathieuTeissier-scaled.jpg\" \/>\n\t<meta property=\"og:image:width\" content=\"2560\" \/>\n\t<meta property=\"og:image:height\" content=\"1707\" \/>\n\t<meta property=\"og:image:type\" content=\"image\/jpeg\" \/>\n<meta name=\"author\" content=\"sarahk\" \/>\n<meta name=\"twitter:card\" content=\"summary_large_image\" \/>\n<meta name=\"twitter:creator\" content=\"@Szenik\" \/>\n<meta name=\"twitter:site\" content=\"@Szenik\" \/>\n<meta name=\"twitter:label1\" content=\"Verfasst von\" \/>\n\t<meta name=\"twitter:data1\" content=\"sarahk\" \/>\n\t<meta name=\"twitter:label2\" content=\"Gesch\u00e4tzte Lesezeit\" \/>\n\t<meta name=\"twitter:data2\" content=\"3\u00a0Minuten\" \/>\n<script type=\"application\/ld+json\" class=\"yoast-schema-graph\">{\"@context\":\"https:\/\/schema.org\",\"@graph\":[{\"@type\":\"Article\",\"@id\":\"https:\/\/www.szenik.eu\/de\/hemmersdorf-pop-festival-edition-nr-4-verschwimmen-61305#article\",\"isPartOf\":{\"@id\":\"https:\/\/www.szenik.eu\/de\/hemmersdorf-pop-festival-edition-nr-4-verschwimmen-61305\"},\"author\":{\"name\":\"sarahk\",\"@id\":\"https:\/\/www.szenik.eu\/de\/#\/schema\/person\/81e9d00e9b1306e18e10ca1e4bed6465\"},\"headline\":\"Hemmersdorf POP Festival Edition Nr.4 &#8211; Verschwimmen\",\"datePublished\":\"2023-09-18T06:42:05+00:00\",\"dateModified\":\"2024-03-12T10:32:04+00:00\",\"mainEntityOfPage\":{\"@id\":\"https:\/\/www.szenik.eu\/de\/hemmersdorf-pop-festival-edition-nr-4-verschwimmen-61305\"},\"wordCount\":510,\"commentCount\":0,\"publisher\":{\"@id\":\"https:\/\/www.szenik.eu\/de\/#organization\"},\"articleSection\":[\"Kurz &amp; knackig\"],\"inLanguage\":\"de\",\"potentialAction\":[{\"@type\":\"CommentAction\",\"name\":\"Comment\",\"target\":[\"https:\/\/www.szenik.eu\/de\/hemmersdorf-pop-festival-edition-nr-4-verschwimmen-61305#respond\"]}]},{\"@type\":\"WebPage\",\"@id\":\"https:\/\/www.szenik.eu\/de\/hemmersdorf-pop-festival-edition-nr-4-verschwimmen-61305\",\"url\":\"https:\/\/www.szenik.eu\/de\/hemmersdorf-pop-festival-edition-nr-4-verschwimmen-61305\",\"name\":\"Hemmersdorf POP Festival Edition Nr.4 - szenik.eu\",\"isPartOf\":{\"@id\":\"https:\/\/www.szenik.eu\/de\/#website\"},\"datePublished\":\"2023-09-18T06:42:05+00:00\",\"dateModified\":\"2024-03-12T10:32:04+00:00\",\"breadcrumb\":{\"@id\":\"https:\/\/www.szenik.eu\/de\/hemmersdorf-pop-festival-edition-nr-4-verschwimmen-61305#breadcrumb\"},\"inLanguage\":\"de\",\"potentialAction\":[{\"@type\":\"ReadAction\",\"target\":[\"https:\/\/www.szenik.eu\/de\/hemmersdorf-pop-festival-edition-nr-4-verschwimmen-61305\"]}]},{\"@type\":\"BreadcrumbList\",\"@id\":\"https:\/\/www.szenik.eu\/de\/hemmersdorf-pop-festival-edition-nr-4-verschwimmen-61305#breadcrumb\",\"itemListElement\":[{\"@type\":\"ListItem\",\"position\":1,\"name\":\"Home\",\"item\":\"https:\/\/www.szenik.eu\/de\"},{\"@type\":\"ListItem\",\"position\":2,\"name\":\"Hemmersdorf POP Festival Edition Nr.4 &#8211; Verschwimmen\"}]},{\"@type\":\"WebSite\",\"@id\":\"https:\/\/www.szenik.eu\/de\/#website\",\"url\":\"https:\/\/www.szenik.eu\/de\/\",\"name\":\"szenik\",\"description\":\"Le Meilleur des sc\u00e8nes au coeur de l&#039;Europe\",\"publisher\":{\"@id\":\"https:\/\/www.szenik.eu\/de\/#organization\"},\"potentialAction\":[{\"@type\":\"SearchAction\",\"target\":{\"@type\":\"EntryPoint\",\"urlTemplate\":\"https:\/\/www.szenik.eu\/de\/?s={search_term_string}\"},\"query-input\":\"required name=search_term_string\"}],\"inLanguage\":\"de\"},{\"@type\":\"Organization\",\"@id\":\"https:\/\/www.szenik.eu\/de\/#organization\",\"name\":\"Szenik\",\"url\":\"https:\/\/www.szenik.eu\/de\/\",\"logo\":{\"@type\":\"ImageObject\",\"inLanguage\":\"de\",\"@id\":\"https:\/\/www.szenik.eu\/de\/#\/schema\/logo\/image\/\",\"url\":\"https:\/\/www.szenik.eu\/wp-content\/uploads\/2019\/07\/logo-square.png\",\"contentUrl\":\"https:\/\/www.szenik.eu\/wp-content\/uploads\/2019\/07\/logo-square.png\",\"width\":512,\"height\":512,\"caption\":\"Szenik\"},\"image\":{\"@id\":\"https:\/\/www.szenik.eu\/de\/#\/schema\/logo\/image\/\"},\"sameAs\":[\"https:\/\/www.facebook.com\/szenik.eu\/\",\"https:\/\/twitter.com\/Szenik\",\"https:\/\/www.instagram.com\/szenik_magazine\/\",\"https:\/\/www.youtube.com\/user\/SzenikEU\/\"]},{\"@type\":\"Person\",\"@id\":\"https:\/\/www.szenik.eu\/de\/#\/schema\/person\/81e9d00e9b1306e18e10ca1e4bed6465\",\"name\":\"sarahk\",\"image\":{\"@type\":\"ImageObject\",\"inLanguage\":\"de\",\"@id\":\"https:\/\/www.szenik.eu\/de\/#\/schema\/person\/image\/\",\"url\":\"https:\/\/secure.gravatar.com\/avatar\/1e5f6f691c4a068f4814bda15b8400ca?s=96&d=mm&r=g\",\"contentUrl\":\"https:\/\/secure.gravatar.com\/avatar\/1e5f6f691c4a068f4814bda15b8400ca?s=96&d=mm&r=g\",\"caption\":\"sarahk\"}}]}<\/script>\n<!-- \/ Yoast SEO plugin. -->","yoast_head_json":{"title":"Hemmersdorf POP Festival Edition Nr.4 - szenik.eu","robots":{"index":"index","follow":"follow","max-snippet":"max-snippet:-1","max-image-preview":"max-image-preview:large","max-video-preview":"max-video-preview:-1"},"canonical":"https:\/\/www.szenik.eu\/de\/hemmersdorf-pop-festival-edition-nr-4-verschwimmen-61305","og_locale":"de_DE","og_type":"article","og_title":"Hemmersdorf POP Festival Edition Nr.4 - szenik.eu","og_description":"Wir leben unter den gleichen Wolken.Erleben die gleichen Schatten.Wo Grenzen verschwunden sind und Eins in das Andere u\u0308bergeht.Wo die Sprachen keine Rolle mehr spielen, da zeigen wir die gleiche Leidenschaft.Grenzu\u0308berschreitende Liebe fu\u0308r die Musik und zur Region.In dieser Region in der das friedliche Europa lebendig und allt\u00e4gliche Wirklichkeit ist. Diedeutsch-franz\u00f6sische Freundschaft ganz besonders ausgepr\u00e4gt ist, [&hellip;]","og_url":"https:\/\/www.szenik.eu\/de\/hemmersdorf-pop-festival-edition-nr-4-verschwimmen-61305","og_site_name":"szenik","article_publisher":"https:\/\/www.facebook.com\/szenik.eu\/","article_published_time":"2023-09-18T06:42:05+00:00","article_modified_time":"2024-03-12T10:32:04+00:00","og_image":[{"width":2560,"height":1707,"url":"https:\/\/www.szenik.eu\/wp-content\/uploads\/2023\/09\/Marcel_Pressfoto_CreditMathieuTeissier-scaled.jpg","type":"image\/jpeg"}],"author":"sarahk","twitter_card":"summary_large_image","twitter_creator":"@Szenik","twitter_site":"@Szenik","twitter_misc":{"Verfasst von":"sarahk","Gesch\u00e4tzte Lesezeit":"3\u00a0Minuten"},"schema":{"@context":"https:\/\/schema.org","@graph":[{"@type":"Article","@id":"https:\/\/www.szenik.eu\/de\/hemmersdorf-pop-festival-edition-nr-4-verschwimmen-61305#article","isPartOf":{"@id":"https:\/\/www.szenik.eu\/de\/hemmersdorf-pop-festival-edition-nr-4-verschwimmen-61305"},"author":{"name":"sarahk","@id":"https:\/\/www.szenik.eu\/de\/#\/schema\/person\/81e9d00e9b1306e18e10ca1e4bed6465"},"headline":"Hemmersdorf POP Festival Edition Nr.4 &#8211; Verschwimmen","datePublished":"2023-09-18T06:42:05+00:00","dateModified":"2024-03-12T10:32:04+00:00","mainEntityOfPage":{"@id":"https:\/\/www.szenik.eu\/de\/hemmersdorf-pop-festival-edition-nr-4-verschwimmen-61305"},"wordCount":510,"commentCount":0,"publisher":{"@id":"https:\/\/www.szenik.eu\/de\/#organization"},"articleSection":["Kurz &amp; knackig"],"inLanguage":"de","potentialAction":[{"@type":"CommentAction","name":"Comment","target":["https:\/\/www.szenik.eu\/de\/hemmersdorf-pop-festival-edition-nr-4-verschwimmen-61305#respond"]}]},{"@type":"WebPage","@id":"https:\/\/www.szenik.eu\/de\/hemmersdorf-pop-festival-edition-nr-4-verschwimmen-61305","url":"https:\/\/www.szenik.eu\/de\/hemmersdorf-pop-festival-edition-nr-4-verschwimmen-61305","name":"Hemmersdorf POP Festival Edition Nr.4 - szenik.eu","isPartOf":{"@id":"https:\/\/www.szenik.eu\/de\/#website"},"datePublished":"2023-09-18T06:42:05+00:00","dateModified":"2024-03-12T10:32:04+00:00","breadcrumb":{"@id":"https:\/\/www.szenik.eu\/de\/hemmersdorf-pop-festival-edition-nr-4-verschwimmen-61305#breadcrumb"},"inLanguage":"de","potentialAction":[{"@type":"ReadAction","target":["https:\/\/www.szenik.eu\/de\/hemmersdorf-pop-festival-edition-nr-4-verschwimmen-61305"]}]},{"@type":"BreadcrumbList","@id":"https:\/\/www.szenik.eu\/de\/hemmersdorf-pop-festival-edition-nr-4-verschwimmen-61305#breadcrumb","itemListElement":[{"@type":"ListItem","position":1,"name":"Home","item":"https:\/\/www.szenik.eu\/de"},{"@type":"ListItem","position":2,"name":"Hemmersdorf POP Festival Edition Nr.4 &#8211; Verschwimmen"}]},{"@type":"WebSite","@id":"https:\/\/www.szenik.eu\/de\/#website","url":"https:\/\/www.szenik.eu\/de\/","name":"szenik","description":"Le Meilleur des sc\u00e8nes au coeur de l&#039;Europe","publisher":{"@id":"https:\/\/www.szenik.eu\/de\/#organization"},"potentialAction":[{"@type":"SearchAction","target":{"@type":"EntryPoint","urlTemplate":"https:\/\/www.szenik.eu\/de\/?s={search_term_string}"},"query-input":"required name=search_term_string"}],"inLanguage":"de"},{"@type":"Organization","@id":"https:\/\/www.szenik.eu\/de\/#organization","name":"Szenik","url":"https:\/\/www.szenik.eu\/de\/","logo":{"@type":"ImageObject","inLanguage":"de","@id":"https:\/\/www.szenik.eu\/de\/#\/schema\/logo\/image\/","url":"https:\/\/www.szenik.eu\/wp-content\/uploads\/2019\/07\/logo-square.png","contentUrl":"https:\/\/www.szenik.eu\/wp-content\/uploads\/2019\/07\/logo-square.png","width":512,"height":512,"caption":"Szenik"},"image":{"@id":"https:\/\/www.szenik.eu\/de\/#\/schema\/logo\/image\/"},"sameAs":["https:\/\/www.facebook.com\/szenik.eu\/","https:\/\/twitter.com\/Szenik","https:\/\/www.instagram.com\/szenik_magazine\/","https:\/\/www.youtube.com\/user\/SzenikEU\/"]},{"@type":"Person","@id":"https:\/\/www.szenik.eu\/de\/#\/schema\/person\/81e9d00e9b1306e18e10ca1e4bed6465","name":"sarahk","image":{"@type":"ImageObject","inLanguage":"de","@id":"https:\/\/www.szenik.eu\/de\/#\/schema\/person\/image\/","url":"https:\/\/secure.gravatar.com\/avatar\/1e5f6f691c4a068f4814bda15b8400ca?s=96&d=mm&r=g","contentUrl":"https:\/\/secure.gravatar.com\/avatar\/1e5f6f691c4a068f4814bda15b8400ca?s=96&d=mm&r=g","caption":"sarahk"}}]}},"jetpack_featured_media_url":"https:\/\/www.szenik.eu\/wp-content\/uploads\/2023\/09\/Marcel_Pressfoto_CreditMathieuTeissier-scaled.jpg","amp_enabled":true,"_links":{"self":[{"href":"https:\/\/www.szenik.eu\/de\/wp-json\/\/wp\/v2\/posts\/61305"}],"collection":[{"href":"https:\/\/www.szenik.eu\/de\/wp-json\/\/wp\/v2\/posts"}],"about":[{"href":"https:\/\/www.szenik.eu\/de\/wp-json\/\/wp\/v2\/types\/post"}],"author":[{"embeddable":true,"href":"https:\/\/www.szenik.eu\/de\/wp-json\/\/wp\/v2\/users\/1680"}],"replies":[{"embeddable":true,"href":"https:\/\/www.szenik.eu\/de\/wp-json\/\/wp\/v2\/comments?post=61305"}],"version-history":[{"count":2,"href":"https:\/\/www.szenik.eu\/de\/wp-json\/\/wp\/v2\/posts\/61305\/revisions"}],"predecessor-version":[{"id":66267,"href":"https:\/\/www.szenik.eu\/de\/wp-json\/\/wp\/v2\/posts\/61305\/revisions\/66267"}],"wp:featuredmedia":[{"embeddable":true,"href":"https:\/\/www.szenik.eu\/de\/wp-json\/\/wp\/v2\/media\/61306"}],"wp:attachment":[{"href":"https:\/\/www.szenik.eu\/de\/wp-json\/\/wp\/v2\/media?parent=61305"}],"wp:term":[{"taxonomy":"category","embeddable":true,"href":"https:\/\/www.szenik.eu\/de\/wp-json\/\/wp\/v2\/categories?post=61305"},{"taxonomy":"post_tag","embeddable":true,"href":"https:\/\/www.szenik.eu\/de\/wp-json\/\/wp\/v2\/tags?post=61305"}],"curies":[{"name":"wp","href":"https:\/\/api.w.org\/{rel}","templated":true}]}}