{"id":60370,"date":"2023-08-17T12:21:15","date_gmt":"2023-08-17T10:21:15","guid":{"rendered":"https:\/\/www.szenik.eu\/?p=60370\/"},"modified":"2023-08-21T09:59:27","modified_gmt":"2023-08-21T07:59:27","slug":"sinfonieorchester-basel-mit-preis-der-deutschen-schallplattenkritik-ausgezeichnet","status":"publish","type":"post","link":"https:\/\/www.szenik.eu\/de\/sinfonieorchester-basel-mit-preis-der-deutschen-schallplattenkritik-ausgezeichnet-60370","title":{"rendered":"Sinfonieorchester Basel mit Preis der deutschen Schallplattenkritik ausgezeichnet"},"content":{"rendered":"\n<p>Sinfonieorchester Basel erh\u00e4lt den begehrten Preis der deutschen Schallplattenkritik<br><br>Das Sinfonieorchester Basel, unter der Leitung von Chefdirigent Ivor Bolton, hat eine<br>herausragende Auszeichnung errungen: Die CD-Aufnahme Camille Saint-Sa\u00ebns: Po\u00e8mes<br>Symphoniques\u203a wurde in der Kategorie \u2039Orchestermusik und Konzerte\u203a mit dem<br>angesehenen Preis der deutschen Schallplattenkritik pr\u00e4miert.<br><br>Peter Stieber, Pr\u00e4sidiumsmitglied des Deutschen Musikrat und Vorsitzender des<br>Bundesfachausschusses Medien in Deutschland, \u00e4usserte sich fu\u0308r die Jury \u2039Orchestermusik\u203a,<br>enthusiastisch: \u00abIvor Bolton, seit 2016 Chef des Sinfonieorchesters Basel, hat das franz\u00f6sische<br>Repertoire mit gro\u00dfem Erfolg stark akzentuiert. Die vorliegende CD mit drei weniger bekannten und zwei bekannteren Symphonischen Dichtungen von Saint-Saens ist eine \u00e4u\u00dferst gelungene Huldigung zum 100. Geburtstag des Komponisten. Werke wie \u00bbPhaeton\u00ab oder \u00bbLa<br>Jeunesse d\u2019Hercule\u00ab sind erstaunlicherweise im Konzertsaal selten zu h\u00f6ren. Das Ergebnis ist<br>eine in allen Facetten u\u0308berzeugende Produktion: kontrastreich, transparent und schlank im<br>Klang mit farbenreicher Ausdrucksskala.\u00bb<br><br>Der Preis der deutschen Schallplattenkritik wu\u0308rdigt Spitzenleistungen im Musik- und<br>Medienbereich und wird von einer renommierten Jury aus Musikkritiker<em>innen und Journalist<\/em>innen aus Deutschland, \u00d6sterreich und der Schweiz vergeben. Insgesamt 156 Kritiker-Juror*innen, unterteilt in 32 Fach-Jurys, haben im vergangenen QuartalNeuver\u00f6ffentlichungen des Tontr\u00e4germarktes gesichtet und 258 Titel in die engere Auswahl aufgenommen. Von diesen erstklassigen Nominierungen wurden schlie\u00dflich 30 Titel in die begehrte Bestenliste aufgenommen.<br><br>Die Auszeichnung mit dem Preis der deutschen Schallplattenkritik stellt eine bedeutende<br>Ehrung fu\u0308r das Sinfonieorchester Basel und Ivor Bolton dar. Die enge Zusammenarbeit<br>zwischen dem Orchester und dem Dirigenten hat zu einer aussergew\u00f6hnlichen musikalischen<br>Interpretation gefu\u0308hrt, die nun auf dieser preisgekr\u00f6nten Aufnahme festgehalten ist.<br>Das Sinfonieorchester Basel und Ivor Bolton m\u00f6chten ihren Dank dem Verein Preis der<br>deutschen Schallplattenkritik sowie der engagierten Fach-Jury \u2039Orchestermusik\u203a aussprechen,<br>die diese wichtige Anerkennung erm\u00f6glicht haben. Diese Ehrung erfu\u0308llt sowohl das Orchester<br>als auch den Dirigenten mit gro\u00dfer Freude und Stolz.<br><br>Die CD \u2039Camille Saint-Sa\u00ebns: Po\u00e8mes Symphoniques\u203a ist am 5. Mai 2023 beim Schweizer<br>Klassiklabel Prospero Classical erschienen.<\/p>\n\n\n\n<hr class=\"wp-block-separator has-alpha-channel-opacity\"\/>\n\n\n\n<p><strong><a href=\"https:\/\/www.sinfonieorchesterbasel.ch\/de.html\" target=\"_blank\" rel=\"noreferrer noopener\">sinfonieorchesterbasel.ch<\/a><\/strong><\/p>\n","protected":false},"excerpt":{"rendered":"<p>Sinfonieorchester Basel erh\u00e4lt den begehrten Preis der deutschen Schallplattenkritik Das Sinfonieorchester Basel, unter der Leitung von Chefdirigent Ivor Bolton, hat eineherausragende Auszeichnung errungen: Die CD-Aufnahme Camille Saint-Sa\u00ebns: Po\u00e8mesSymphoniques\u203a wurde in der Kategorie \u2039Orchestermusik und Konzerte\u203a mit demangesehenen Preis der deutschen Schallplattenkritik pr\u00e4miert. Peter Stieber, Pr\u00e4sidiumsmitglied des Deutschen Musikrat und Vorsitzender desBundesfachausschusses Medien in Deutschland, \u00e4usserte [&hellip;]<\/p>\n","protected":false},"author":1680,"featured_media":60491,"comment_status":"open","ping_status":"open","sticky":false,"template":"","format":"standard","meta":{"_monsterinsights_skip_tracking":false,"_monsterinsights_sitenote_active":false,"_monsterinsights_sitenote_note":"","_monsterinsights_sitenote_category":0},"categories":[2815],"tags":[2278,2259,6458],"yoast_head":"<!-- This site is optimized with the Yoast SEO plugin v20.5 - https:\/\/yoast.com\/wordpress\/plugins\/seo\/ -->\n<title>Sinfonieorchester Basel mit Preis der deutschen Schallplattenkritik ausgezeichnet - szenik.eu<\/title>\n<meta name=\"description\" content=\"Sinfonieorchester Basel erh\u00e4lt den begehrten Preis der deutschen Schallplattenkritik\" \/>\n<meta name=\"robots\" content=\"index, follow, max-snippet:-1, max-image-preview:large, max-video-preview:-1\" \/>\n<link rel=\"canonical\" href=\"https:\/\/www.szenik.eu\/de\/sinfonieorchester-basel-mit-preis-der-deutschen-schallplattenkritik-ausgezeichnet-60370\" \/>\n<meta property=\"og:locale\" content=\"de_DE\" \/>\n<meta property=\"og:type\" content=\"article\" \/>\n<meta property=\"og:title\" content=\"Sinfonieorchester Basel mit Preis der deutschen Schallplattenkritik ausgezeichnet - szenik.eu\" \/>\n<meta property=\"og:description\" content=\"Sinfonieorchester Basel erh\u00e4lt den begehrten Preis der deutschen Schallplattenkritik\" \/>\n<meta property=\"og:url\" content=\"https:\/\/www.szenik.eu\/de\/sinfonieorchester-basel-mit-preis-der-deutschen-schallplattenkritik-ausgezeichnet-60370\" \/>\n<meta property=\"og:site_name\" content=\"szenik\" \/>\n<meta property=\"article:publisher\" content=\"https:\/\/www.facebook.com\/szenik.eu\/\" \/>\n<meta property=\"article:published_time\" content=\"2023-08-17T10:21:15+00:00\" \/>\n<meta property=\"article:modified_time\" content=\"2023-08-21T07:59:27+00:00\" \/>\n<meta property=\"og:image\" content=\"https:\/\/www.szenik.eu\/wp-content\/uploads\/2023\/08\/Sinfonieorchester-Basel-2022-\u00a9-Pia-Clodi-Peaches-Mi-nt-scaled-1.webp\" \/>\n\t<meta property=\"og:image:width\" content=\"2560\" \/>\n\t<meta property=\"og:image:height\" content=\"1466\" \/>\n\t<meta property=\"og:image:type\" content=\"image\/webp\" \/>\n<meta name=\"author\" content=\"sarahk\" \/>\n<meta name=\"twitter:card\" content=\"summary_large_image\" \/>\n<meta name=\"twitter:creator\" content=\"@Szenik\" \/>\n<meta name=\"twitter:site\" content=\"@Szenik\" \/>\n<meta name=\"twitter:label1\" content=\"Verfasst von\" \/>\n\t<meta name=\"twitter:data1\" content=\"sarahk\" \/>\n\t<meta name=\"twitter:label2\" content=\"Gesch\u00e4tzte Lesezeit\" \/>\n\t<meta name=\"twitter:data2\" content=\"2\u00a0Minuten\" \/>\n<script type=\"application\/ld+json\" class=\"yoast-schema-graph\">{\"@context\":\"https:\/\/schema.org\",\"@graph\":[{\"@type\":\"Article\",\"@id\":\"https:\/\/www.szenik.eu\/de\/sinfonieorchester-basel-mit-preis-der-deutschen-schallplattenkritik-ausgezeichnet-60370#article\",\"isPartOf\":{\"@id\":\"https:\/\/www.szenik.eu\/de\/sinfonieorchester-basel-mit-preis-der-deutschen-schallplattenkritik-ausgezeichnet-60370\"},\"author\":{\"name\":\"sarahk\",\"@id\":\"https:\/\/www.szenik.eu\/de\/#\/schema\/person\/81e9d00e9b1306e18e10ca1e4bed6465\"},\"headline\":\"Sinfonieorchester Basel mit Preis der deutschen Schallplattenkritik ausgezeichnet\",\"datePublished\":\"2023-08-17T10:21:15+00:00\",\"dateModified\":\"2023-08-21T07:59:27+00:00\",\"mainEntityOfPage\":{\"@id\":\"https:\/\/www.szenik.eu\/de\/sinfonieorchester-basel-mit-preis-der-deutschen-schallplattenkritik-ausgezeichnet-60370\"},\"wordCount\":318,\"commentCount\":0,\"publisher\":{\"@id\":\"https:\/\/www.szenik.eu\/de\/#organization\"},\"keywords\":[\"Basel\",\"Klassik\",\"Sinfonieorchester Basel\"],\"articleSection\":[\"Kurz &amp; knackig\"],\"inLanguage\":\"de\",\"potentialAction\":[{\"@type\":\"CommentAction\",\"name\":\"Comment\",\"target\":[\"https:\/\/www.szenik.eu\/de\/sinfonieorchester-basel-mit-preis-der-deutschen-schallplattenkritik-ausgezeichnet-60370#respond\"]}]},{\"@type\":\"WebPage\",\"@id\":\"https:\/\/www.szenik.eu\/de\/sinfonieorchester-basel-mit-preis-der-deutschen-schallplattenkritik-ausgezeichnet-60370\",\"url\":\"https:\/\/www.szenik.eu\/de\/sinfonieorchester-basel-mit-preis-der-deutschen-schallplattenkritik-ausgezeichnet-60370\",\"name\":\"Sinfonieorchester Basel mit Preis der deutschen Schallplattenkritik ausgezeichnet - szenik.eu\",\"isPartOf\":{\"@id\":\"https:\/\/www.szenik.eu\/de\/#website\"},\"datePublished\":\"2023-08-17T10:21:15+00:00\",\"dateModified\":\"2023-08-21T07:59:27+00:00\",\"description\":\"Sinfonieorchester Basel erh\u00e4lt den begehrten Preis der deutschen Schallplattenkritik\",\"breadcrumb\":{\"@id\":\"https:\/\/www.szenik.eu\/de\/sinfonieorchester-basel-mit-preis-der-deutschen-schallplattenkritik-ausgezeichnet-60370#breadcrumb\"},\"inLanguage\":\"de\",\"potentialAction\":[{\"@type\":\"ReadAction\",\"target\":[\"https:\/\/www.szenik.eu\/de\/sinfonieorchester-basel-mit-preis-der-deutschen-schallplattenkritik-ausgezeichnet-60370\"]}]},{\"@type\":\"BreadcrumbList\",\"@id\":\"https:\/\/www.szenik.eu\/de\/sinfonieorchester-basel-mit-preis-der-deutschen-schallplattenkritik-ausgezeichnet-60370#breadcrumb\",\"itemListElement\":[{\"@type\":\"ListItem\",\"position\":1,\"name\":\"Home\",\"item\":\"https:\/\/www.szenik.eu\/de\"},{\"@type\":\"ListItem\",\"position\":2,\"name\":\"Sinfonieorchester Basel mit Preis der deutschen Schallplattenkritik ausgezeichnet\"}]},{\"@type\":\"WebSite\",\"@id\":\"https:\/\/www.szenik.eu\/de\/#website\",\"url\":\"https:\/\/www.szenik.eu\/de\/\",\"name\":\"szenik\",\"description\":\"Le Meilleur des sc\u00e8nes au coeur de l&#039;Europe\",\"publisher\":{\"@id\":\"https:\/\/www.szenik.eu\/de\/#organization\"},\"potentialAction\":[{\"@type\":\"SearchAction\",\"target\":{\"@type\":\"EntryPoint\",\"urlTemplate\":\"https:\/\/www.szenik.eu\/de\/?s={search_term_string}\"},\"query-input\":\"required name=search_term_string\"}],\"inLanguage\":\"de\"},{\"@type\":\"Organization\",\"@id\":\"https:\/\/www.szenik.eu\/de\/#organization\",\"name\":\"Szenik\",\"url\":\"https:\/\/www.szenik.eu\/de\/\",\"logo\":{\"@type\":\"ImageObject\",\"inLanguage\":\"de\",\"@id\":\"https:\/\/www.szenik.eu\/de\/#\/schema\/logo\/image\/\",\"url\":\"https:\/\/www.szenik.eu\/wp-content\/uploads\/2019\/07\/logo-square.png\",\"contentUrl\":\"https:\/\/www.szenik.eu\/wp-content\/uploads\/2019\/07\/logo-square.png\",\"width\":512,\"height\":512,\"caption\":\"Szenik\"},\"image\":{\"@id\":\"https:\/\/www.szenik.eu\/de\/#\/schema\/logo\/image\/\"},\"sameAs\":[\"https:\/\/www.facebook.com\/szenik.eu\/\",\"https:\/\/twitter.com\/Szenik\",\"https:\/\/www.instagram.com\/szenik_magazine\/\",\"https:\/\/www.youtube.com\/user\/SzenikEU\/\"]},{\"@type\":\"Person\",\"@id\":\"https:\/\/www.szenik.eu\/de\/#\/schema\/person\/81e9d00e9b1306e18e10ca1e4bed6465\",\"name\":\"sarahk\",\"image\":{\"@type\":\"ImageObject\",\"inLanguage\":\"de\",\"@id\":\"https:\/\/www.szenik.eu\/de\/#\/schema\/person\/image\/\",\"url\":\"https:\/\/secure.gravatar.com\/avatar\/1e5f6f691c4a068f4814bda15b8400ca?s=96&d=mm&r=g\",\"contentUrl\":\"https:\/\/secure.gravatar.com\/avatar\/1e5f6f691c4a068f4814bda15b8400ca?s=96&d=mm&r=g\",\"caption\":\"sarahk\"}}]}<\/script>\n<!-- \/ Yoast SEO plugin. -->","yoast_head_json":{"title":"Sinfonieorchester Basel mit Preis der deutschen Schallplattenkritik ausgezeichnet - szenik.eu","description":"Sinfonieorchester Basel erh\u00e4lt den begehrten Preis der deutschen Schallplattenkritik","robots":{"index":"index","follow":"follow","max-snippet":"max-snippet:-1","max-image-preview":"max-image-preview:large","max-video-preview":"max-video-preview:-1"},"canonical":"https:\/\/www.szenik.eu\/de\/sinfonieorchester-basel-mit-preis-der-deutschen-schallplattenkritik-ausgezeichnet-60370","og_locale":"de_DE","og_type":"article","og_title":"Sinfonieorchester Basel mit Preis der deutschen Schallplattenkritik ausgezeichnet - szenik.eu","og_description":"Sinfonieorchester Basel erh\u00e4lt den begehrten Preis der deutschen Schallplattenkritik","og_url":"https:\/\/www.szenik.eu\/de\/sinfonieorchester-basel-mit-preis-der-deutschen-schallplattenkritik-ausgezeichnet-60370","og_site_name":"szenik","article_publisher":"https:\/\/www.facebook.com\/szenik.eu\/","article_published_time":"2023-08-17T10:21:15+00:00","article_modified_time":"2023-08-21T07:59:27+00:00","og_image":[{"width":2560,"height":1466,"url":"https:\/\/www.szenik.eu\/wp-content\/uploads\/2023\/08\/Sinfonieorchester-Basel-2022-\u00a9-Pia-Clodi-Peaches-Mi-nt-scaled-1.webp","type":"image\/webp"}],"author":"sarahk","twitter_card":"summary_large_image","twitter_creator":"@Szenik","twitter_site":"@Szenik","twitter_misc":{"Verfasst von":"sarahk","Gesch\u00e4tzte Lesezeit":"2\u00a0Minuten"},"schema":{"@context":"https:\/\/schema.org","@graph":[{"@type":"Article","@id":"https:\/\/www.szenik.eu\/de\/sinfonieorchester-basel-mit-preis-der-deutschen-schallplattenkritik-ausgezeichnet-60370#article","isPartOf":{"@id":"https:\/\/www.szenik.eu\/de\/sinfonieorchester-basel-mit-preis-der-deutschen-schallplattenkritik-ausgezeichnet-60370"},"author":{"name":"sarahk","@id":"https:\/\/www.szenik.eu\/de\/#\/schema\/person\/81e9d00e9b1306e18e10ca1e4bed6465"},"headline":"Sinfonieorchester Basel mit Preis der deutschen Schallplattenkritik ausgezeichnet","datePublished":"2023-08-17T10:21:15+00:00","dateModified":"2023-08-21T07:59:27+00:00","mainEntityOfPage":{"@id":"https:\/\/www.szenik.eu\/de\/sinfonieorchester-basel-mit-preis-der-deutschen-schallplattenkritik-ausgezeichnet-60370"},"wordCount":318,"commentCount":0,"publisher":{"@id":"https:\/\/www.szenik.eu\/de\/#organization"},"keywords":["Basel","Klassik","Sinfonieorchester Basel"],"articleSection":["Kurz &amp; knackig"],"inLanguage":"de","potentialAction":[{"@type":"CommentAction","name":"Comment","target":["https:\/\/www.szenik.eu\/de\/sinfonieorchester-basel-mit-preis-der-deutschen-schallplattenkritik-ausgezeichnet-60370#respond"]}]},{"@type":"WebPage","@id":"https:\/\/www.szenik.eu\/de\/sinfonieorchester-basel-mit-preis-der-deutschen-schallplattenkritik-ausgezeichnet-60370","url":"https:\/\/www.szenik.eu\/de\/sinfonieorchester-basel-mit-preis-der-deutschen-schallplattenkritik-ausgezeichnet-60370","name":"Sinfonieorchester Basel mit Preis der deutschen Schallplattenkritik ausgezeichnet - szenik.eu","isPartOf":{"@id":"https:\/\/www.szenik.eu\/de\/#website"},"datePublished":"2023-08-17T10:21:15+00:00","dateModified":"2023-08-21T07:59:27+00:00","description":"Sinfonieorchester Basel erh\u00e4lt den begehrten Preis der deutschen Schallplattenkritik","breadcrumb":{"@id":"https:\/\/www.szenik.eu\/de\/sinfonieorchester-basel-mit-preis-der-deutschen-schallplattenkritik-ausgezeichnet-60370#breadcrumb"},"inLanguage":"de","potentialAction":[{"@type":"ReadAction","target":["https:\/\/www.szenik.eu\/de\/sinfonieorchester-basel-mit-preis-der-deutschen-schallplattenkritik-ausgezeichnet-60370"]}]},{"@type":"BreadcrumbList","@id":"https:\/\/www.szenik.eu\/de\/sinfonieorchester-basel-mit-preis-der-deutschen-schallplattenkritik-ausgezeichnet-60370#breadcrumb","itemListElement":[{"@type":"ListItem","position":1,"name":"Home","item":"https:\/\/www.szenik.eu\/de"},{"@type":"ListItem","position":2,"name":"Sinfonieorchester Basel mit Preis der deutschen Schallplattenkritik ausgezeichnet"}]},{"@type":"WebSite","@id":"https:\/\/www.szenik.eu\/de\/#website","url":"https:\/\/www.szenik.eu\/de\/","name":"szenik","description":"Le Meilleur des sc\u00e8nes au coeur de l&#039;Europe","publisher":{"@id":"https:\/\/www.szenik.eu\/de\/#organization"},"potentialAction":[{"@type":"SearchAction","target":{"@type":"EntryPoint","urlTemplate":"https:\/\/www.szenik.eu\/de\/?s={search_term_string}"},"query-input":"required name=search_term_string"}],"inLanguage":"de"},{"@type":"Organization","@id":"https:\/\/www.szenik.eu\/de\/#organization","name":"Szenik","url":"https:\/\/www.szenik.eu\/de\/","logo":{"@type":"ImageObject","inLanguage":"de","@id":"https:\/\/www.szenik.eu\/de\/#\/schema\/logo\/image\/","url":"https:\/\/www.szenik.eu\/wp-content\/uploads\/2019\/07\/logo-square.png","contentUrl":"https:\/\/www.szenik.eu\/wp-content\/uploads\/2019\/07\/logo-square.png","width":512,"height":512,"caption":"Szenik"},"image":{"@id":"https:\/\/www.szenik.eu\/de\/#\/schema\/logo\/image\/"},"sameAs":["https:\/\/www.facebook.com\/szenik.eu\/","https:\/\/twitter.com\/Szenik","https:\/\/www.instagram.com\/szenik_magazine\/","https:\/\/www.youtube.com\/user\/SzenikEU\/"]},{"@type":"Person","@id":"https:\/\/www.szenik.eu\/de\/#\/schema\/person\/81e9d00e9b1306e18e10ca1e4bed6465","name":"sarahk","image":{"@type":"ImageObject","inLanguage":"de","@id":"https:\/\/www.szenik.eu\/de\/#\/schema\/person\/image\/","url":"https:\/\/secure.gravatar.com\/avatar\/1e5f6f691c4a068f4814bda15b8400ca?s=96&d=mm&r=g","contentUrl":"https:\/\/secure.gravatar.com\/avatar\/1e5f6f691c4a068f4814bda15b8400ca?s=96&d=mm&r=g","caption":"sarahk"}}]}},"jetpack_featured_media_url":"https:\/\/www.szenik.eu\/wp-content\/uploads\/2023\/08\/Sinfonieorchester-Basel-2022-\u00a9-Pia-Clodi-Peaches-Mi-nt-scaled-1.webp","amp_enabled":true,"_links":{"self":[{"href":"https:\/\/www.szenik.eu\/de\/wp-json\/\/wp\/v2\/posts\/60370"}],"collection":[{"href":"https:\/\/www.szenik.eu\/de\/wp-json\/\/wp\/v2\/posts"}],"about":[{"href":"https:\/\/www.szenik.eu\/de\/wp-json\/\/wp\/v2\/types\/post"}],"author":[{"embeddable":true,"href":"https:\/\/www.szenik.eu\/de\/wp-json\/\/wp\/v2\/users\/1680"}],"replies":[{"embeddable":true,"href":"https:\/\/www.szenik.eu\/de\/wp-json\/\/wp\/v2\/comments?post=60370"}],"version-history":[{"count":3,"href":"https:\/\/www.szenik.eu\/de\/wp-json\/\/wp\/v2\/posts\/60370\/revisions"}],"predecessor-version":[{"id":60378,"href":"https:\/\/www.szenik.eu\/de\/wp-json\/\/wp\/v2\/posts\/60370\/revisions\/60378"}],"wp:featuredmedia":[{"embeddable":true,"href":"https:\/\/www.szenik.eu\/de\/wp-json\/\/wp\/v2\/media\/60491"}],"wp:attachment":[{"href":"https:\/\/www.szenik.eu\/de\/wp-json\/\/wp\/v2\/media?parent=60370"}],"wp:term":[{"taxonomy":"category","embeddable":true,"href":"https:\/\/www.szenik.eu\/de\/wp-json\/\/wp\/v2\/categories?post=60370"},{"taxonomy":"post_tag","embeddable":true,"href":"https:\/\/www.szenik.eu\/de\/wp-json\/\/wp\/v2\/tags?post=60370"}],"curies":[{"name":"wp","href":"https:\/\/api.w.org\/{rel}","templated":true}]}}