{"id":57067,"date":"2022-12-08T14:10:05","date_gmt":"2022-12-08T13:10:05","guid":{"rendered":"https:\/\/www.szenik.eu\/?p=57067\/"},"modified":"2022-12-08T14:10:06","modified_gmt":"2022-12-08T13:10:06","slug":"stuttgarter-ballett-i-premiere-und-livestream-noverre-junge-choreographen-2023","status":"publish","type":"post","link":"https:\/\/www.szenik.eu\/de\/stuttgarter-ballett-i-premiere-und-livestream-noverre-junge-choreographen-2023-57067","title":{"rendered":"Stuttgarter Ballett I Premiere und Livestream: NOVERRE JUNGE CHOREOGRAPHEN 2023"},"content":{"rendered":"\n<h2>Am Sonntag, den 21. Januar 2023 sowie Sonntag, den 22. Januar 2023 findet die allj\u00e4hrliche Veranstaltung <em>Noverre: Junge Choreographen<\/em> im Schauspielhaus statt. Die Premiere des abends wird am 21. Januar im Livestream auf YouTube und der Webseite des Stuttgarter Balletts \u00fcbertragen. Er wird anschlie\u00dfend bis zum 29. Januar 2023 als Video-on-Demand verf\u00fcgbar sein. <\/h2>\n\n\n\n<div style=\"height:100px\" aria-hidden=\"true\" class=\"wp-block-spacer\"><\/div>\n\n\n\n<p>Pressemitteilung<\/p>\n\n\n\n<div style=\"height:100px\" aria-hidden=\"true\" class=\"wp-block-spacer\"><\/div>\n\n\n\n<p>Die Beteiligung an Noverre:Junge Choreographen ist freiwillig. Angemeldet haben sich aus dem Stuttgarter Ballett die T\u00e4nzer <strong>Timoor Afshar, Emanuele Babici, Adrian Oldenburger<\/strong> und <strong>Martino Semenzato<\/strong>. Aus 26 Bewerbungen wurden durch Intendant Tamas Detrich und Projektverantwortliche Sonia Santiago vier G\u00e4ste ausgew\u00e4hlt: <strong>Anne Jung<\/strong> aus Frankfurt, <strong>Nnamdi Nwagwu<\/strong> aus Rotterdam, <strong>Maya Popova <\/strong>aus Israel und <strong>Lucyna Zwolinska<\/strong> aus Saarbr\u00fccken. Das Format &#8222;Junge Choreographen&#8220; wurde im Jahr 1961 ins Leben gerufen und gilt als erste Plattform f\u00fcr ChoreographInnenf\u00f6rderung weltweit. Junge NachwuchschoreographInnen des Stuttgarter Balletts sowie aus dem Um-und Ausland bekommen hier die Chance ihre Werke auf der B\u00fchne zu pr\u00e4sentieren. Ber\u00fchmte Choreographen wie John Neumeier, Jir\u00ed Kyli\u00e1n, William Forsythe, Christian Spuck, Marco Goecke und Demis Volpi haben bei <em>Noverre<\/em> ihre ersten choreographischen Schritte gemacht. Noverre bietet jungen ChoreographInnen die M\u00f6glichkeit sich auszuprobieren und erste Erfahrungen in der kreativen Arbeit zu sammeln &#8211; und das Alles ohne den Druck eines Erfolges. <\/p>\n\n\n\n<p>Der kostenlose Livestream wird Dank der EnBW, langj\u00e4hriger Unterst\u00fctzer des Stuttgarter Balletts und Partner von <em>Noverre: Junge Choreographen<\/em>, erm\u00f6glicht. <\/p>\n\n\n\n<div style=\"height:100px\" aria-hidden=\"true\" class=\"wp-block-spacer\"><\/div>\n\n\n\n<div class=\"is-layout-flex wp-block-buttons\">\n<div class=\"wp-block-button aligncenter\"><a class=\"wp-block-button__link has-black-color has-luminous-vivid-amber-background-color has-text-color has-background wp-element-button\" href=\"https:\/\/www.stuttgarter-ballett.de\" target=\"_blank\" rel=\"noreferrer noopener\">Zur Webseite des Stuttgarter Balletts<\/a><\/div>\n<\/div>\n\n\n\n<div style=\"height:100px\" aria-hidden=\"true\" class=\"wp-block-spacer\"><\/div>\n\n\n\n<p class=\"has-small-font-size\">Foto: \u00a9 Stuttgarter Ballett<\/p>\n\n\n\n<div style=\"height:100px\" aria-hidden=\"true\" class=\"wp-block-spacer\"><\/div>\n","protected":false},"excerpt":{"rendered":"<p>Am Sonntag, den 21. Januar 2023 sowie Sonntag, den 22. Januar 2023 findet die allj\u00e4hrliche Veranstaltung Noverre: Junge Choreographen im Schauspielhaus statt. Die Premiere des abends wird am 21. Januar im Livestream auf YouTube und der Webseite des Stuttgarter Balletts \u00fcbertragen. Er wird anschlie\u00dfend bis zum 29. Januar 2023 als Video-on-Demand verf\u00fcgbar sein. Pressemitteilung Die [&hellip;]<\/p>\n","protected":false},"author":1,"featured_media":57068,"comment_status":"open","ping_status":"open","sticky":false,"template":"","format":"standard","meta":{"_monsterinsights_skip_tracking":false,"_monsterinsights_sitenote_active":false,"_monsterinsights_sitenote_note":"","_monsterinsights_sitenote_category":0},"categories":[2815,53,10359],"tags":[10888,21879,21877,21882,21878,21881,21880,2219,10886],"yoast_head":"<!-- This site is optimized with the Yoast SEO plugin v20.5 - https:\/\/yoast.com\/wordpress\/plugins\/seo\/ -->\n<title>NOVERRE JUNGE CHOREOGRAPHEN des Stuttgarter Balletts I szenik<\/title>\n<meta name=\"description\" content=\"Am 21. Januar sowie 22. Januar 2023 findet die allj\u00e4hrliche Veranstaltung Noverre: Junge Choreographen im Schauspielhaus statt.\" \/>\n<meta name=\"robots\" content=\"index, follow, max-snippet:-1, max-image-preview:large, max-video-preview:-1\" \/>\n<link rel=\"canonical\" href=\"https:\/\/www.szenik.eu\/de\/stuttgarter-ballett-i-premiere-und-livestream-noverre-junge-choreographen-2023-57067\" \/>\n<meta property=\"og:locale\" content=\"de_DE\" \/>\n<meta property=\"og:type\" content=\"article\" \/>\n<meta property=\"og:title\" content=\"NOVERRE JUNGE CHOREOGRAPHEN des Stuttgarter Balletts I szenik\" \/>\n<meta property=\"og:description\" content=\"Am 21. Januar sowie 22. Januar 2023 findet die allj\u00e4hrliche Veranstaltung Noverre: Junge Choreographen im Schauspielhaus statt.\" \/>\n<meta property=\"og:url\" content=\"https:\/\/www.szenik.eu\/de\/stuttgarter-ballett-i-premiere-und-livestream-noverre-junge-choreographen-2023-57067\" \/>\n<meta property=\"og:site_name\" content=\"szenik\" \/>\n<meta property=\"article:publisher\" content=\"https:\/\/www.facebook.com\/szenik.eu\/\" \/>\n<meta property=\"article:published_time\" content=\"2022-12-08T13:10:05+00:00\" \/>\n<meta property=\"article:modified_time\" content=\"2022-12-08T13:10:06+00:00\" \/>\n<meta property=\"og:image\" content=\"https:\/\/www.szenik.eu\/wp-content\/uploads\/2022\/12\/Foto-1-scaled.jpg\" \/>\n\t<meta property=\"og:image:width\" content=\"2560\" \/>\n\t<meta property=\"og:image:height\" content=\"1776\" \/>\n\t<meta property=\"og:image:type\" content=\"image\/jpeg\" \/>\n<meta name=\"author\" content=\"szenik\" \/>\n<meta name=\"twitter:card\" content=\"summary_large_image\" \/>\n<meta name=\"twitter:creator\" content=\"@Szenik\" \/>\n<meta name=\"twitter:site\" content=\"@Szenik\" \/>\n<meta name=\"twitter:label1\" content=\"Verfasst von\" \/>\n\t<meta name=\"twitter:data1\" content=\"szenik\" \/>\n\t<meta name=\"twitter:label2\" content=\"Gesch\u00e4tzte Lesezeit\" \/>\n\t<meta name=\"twitter:data2\" content=\"2\u00a0Minuten\" \/>\n<script type=\"application\/ld+json\" class=\"yoast-schema-graph\">{\"@context\":\"https:\/\/schema.org\",\"@graph\":[{\"@type\":\"Article\",\"@id\":\"https:\/\/www.szenik.eu\/de\/stuttgarter-ballett-i-premiere-und-livestream-noverre-junge-choreographen-2023-57067#article\",\"isPartOf\":{\"@id\":\"https:\/\/www.szenik.eu\/de\/stuttgarter-ballett-i-premiere-und-livestream-noverre-junge-choreographen-2023-57067\"},\"author\":{\"name\":\"szenik\",\"@id\":\"https:\/\/www.szenik.eu\/de\/#\/schema\/person\/15f73f175b41bad194837490339d48fb\"},\"headline\":\"Stuttgarter Ballett I Premiere und Livestream: NOVERRE JUNGE CHOREOGRAPHEN 2023\",\"datePublished\":\"2022-12-08T13:10:05+00:00\",\"dateModified\":\"2022-12-08T13:10:06+00:00\",\"mainEntityOfPage\":{\"@id\":\"https:\/\/www.szenik.eu\/de\/stuttgarter-ballett-i-premiere-und-livestream-noverre-junge-choreographen-2023-57067\"},\"wordCount\":246,\"commentCount\":0,\"publisher\":{\"@id\":\"https:\/\/www.szenik.eu\/de\/#organization\"},\"keywords\":[\"Adrian Oldenburger\",\"Anne Jung\",\"Emanuele Babici\",\"Lucyna Zwolinska\",\"Martino Semenzato\",\"Maya Popova\",\"Nnamdi Nwagwu\",\"Stuttgarter Ballett\",\"Timoor Afshar\"],\"articleSection\":[\"Kurz &amp; knackig\",\"Magazin\",\"TV \/ Streaming\"],\"inLanguage\":\"de\",\"potentialAction\":[{\"@type\":\"CommentAction\",\"name\":\"Comment\",\"target\":[\"https:\/\/www.szenik.eu\/de\/stuttgarter-ballett-i-premiere-und-livestream-noverre-junge-choreographen-2023-57067#respond\"]}]},{\"@type\":\"WebPage\",\"@id\":\"https:\/\/www.szenik.eu\/de\/stuttgarter-ballett-i-premiere-und-livestream-noverre-junge-choreographen-2023-57067\",\"url\":\"https:\/\/www.szenik.eu\/de\/stuttgarter-ballett-i-premiere-und-livestream-noverre-junge-choreographen-2023-57067\",\"name\":\"NOVERRE JUNGE CHOREOGRAPHEN des Stuttgarter Balletts I szenik\",\"isPartOf\":{\"@id\":\"https:\/\/www.szenik.eu\/de\/#website\"},\"datePublished\":\"2022-12-08T13:10:05+00:00\",\"dateModified\":\"2022-12-08T13:10:06+00:00\",\"description\":\"Am 21. Januar sowie 22. Januar 2023 findet die allj\u00e4hrliche Veranstaltung Noverre: Junge Choreographen im Schauspielhaus statt.\",\"breadcrumb\":{\"@id\":\"https:\/\/www.szenik.eu\/de\/stuttgarter-ballett-i-premiere-und-livestream-noverre-junge-choreographen-2023-57067#breadcrumb\"},\"inLanguage\":\"de\",\"potentialAction\":[{\"@type\":\"ReadAction\",\"target\":[\"https:\/\/www.szenik.eu\/de\/stuttgarter-ballett-i-premiere-und-livestream-noverre-junge-choreographen-2023-57067\"]}]},{\"@type\":\"BreadcrumbList\",\"@id\":\"https:\/\/www.szenik.eu\/de\/stuttgarter-ballett-i-premiere-und-livestream-noverre-junge-choreographen-2023-57067#breadcrumb\",\"itemListElement\":[{\"@type\":\"ListItem\",\"position\":1,\"name\":\"Home\",\"item\":\"https:\/\/www.szenik.eu\/de\"},{\"@type\":\"ListItem\",\"position\":2,\"name\":\"Stuttgarter Ballett I Premiere und Livestream: NOVERRE JUNGE CHOREOGRAPHEN 2023\"}]},{\"@type\":\"WebSite\",\"@id\":\"https:\/\/www.szenik.eu\/de\/#website\",\"url\":\"https:\/\/www.szenik.eu\/de\/\",\"name\":\"szenik\",\"description\":\"Le Meilleur des sc\u00e8nes au coeur de l&#039;Europe\",\"publisher\":{\"@id\":\"https:\/\/www.szenik.eu\/de\/#organization\"},\"potentialAction\":[{\"@type\":\"SearchAction\",\"target\":{\"@type\":\"EntryPoint\",\"urlTemplate\":\"https:\/\/www.szenik.eu\/de\/?s={search_term_string}\"},\"query-input\":\"required name=search_term_string\"}],\"inLanguage\":\"de\"},{\"@type\":\"Organization\",\"@id\":\"https:\/\/www.szenik.eu\/de\/#organization\",\"name\":\"Szenik\",\"url\":\"https:\/\/www.szenik.eu\/de\/\",\"logo\":{\"@type\":\"ImageObject\",\"inLanguage\":\"de\",\"@id\":\"https:\/\/www.szenik.eu\/de\/#\/schema\/logo\/image\/\",\"url\":\"https:\/\/www.szenik.eu\/wp-content\/uploads\/2019\/07\/logo-square.png\",\"contentUrl\":\"https:\/\/www.szenik.eu\/wp-content\/uploads\/2019\/07\/logo-square.png\",\"width\":512,\"height\":512,\"caption\":\"Szenik\"},\"image\":{\"@id\":\"https:\/\/www.szenik.eu\/de\/#\/schema\/logo\/image\/\"},\"sameAs\":[\"https:\/\/www.facebook.com\/szenik.eu\/\",\"https:\/\/twitter.com\/Szenik\",\"https:\/\/www.instagram.com\/szenik_magazine\/\",\"https:\/\/www.youtube.com\/user\/SzenikEU\/\"]},{\"@type\":\"Person\",\"@id\":\"https:\/\/www.szenik.eu\/de\/#\/schema\/person\/15f73f175b41bad194837490339d48fb\",\"name\":\"szenik\",\"image\":{\"@type\":\"ImageObject\",\"inLanguage\":\"de\",\"@id\":\"https:\/\/www.szenik.eu\/de\/#\/schema\/person\/image\/\",\"url\":\"https:\/\/secure.gravatar.com\/avatar\/d1c4f19522a624a4eaa5e6c03e22370b?s=96&d=mm&r=g\",\"contentUrl\":\"https:\/\/secure.gravatar.com\/avatar\/d1c4f19522a624a4eaa5e6c03e22370b?s=96&d=mm&r=g\",\"caption\":\"szenik\"}}]}<\/script>\n<!-- \/ Yoast SEO plugin. -->","yoast_head_json":{"title":"NOVERRE JUNGE CHOREOGRAPHEN des Stuttgarter Balletts I szenik","description":"Am 21. Januar sowie 22. Januar 2023 findet die allj\u00e4hrliche Veranstaltung Noverre: Junge Choreographen im Schauspielhaus statt.","robots":{"index":"index","follow":"follow","max-snippet":"max-snippet:-1","max-image-preview":"max-image-preview:large","max-video-preview":"max-video-preview:-1"},"canonical":"https:\/\/www.szenik.eu\/de\/stuttgarter-ballett-i-premiere-und-livestream-noverre-junge-choreographen-2023-57067","og_locale":"de_DE","og_type":"article","og_title":"NOVERRE JUNGE CHOREOGRAPHEN des Stuttgarter Balletts I szenik","og_description":"Am 21. Januar sowie 22. Januar 2023 findet die allj\u00e4hrliche Veranstaltung Noverre: Junge Choreographen im Schauspielhaus statt.","og_url":"https:\/\/www.szenik.eu\/de\/stuttgarter-ballett-i-premiere-und-livestream-noverre-junge-choreographen-2023-57067","og_site_name":"szenik","article_publisher":"https:\/\/www.facebook.com\/szenik.eu\/","article_published_time":"2022-12-08T13:10:05+00:00","article_modified_time":"2022-12-08T13:10:06+00:00","og_image":[{"width":2560,"height":1776,"url":"https:\/\/www.szenik.eu\/wp-content\/uploads\/2022\/12\/Foto-1-scaled.jpg","type":"image\/jpeg"}],"author":"szenik","twitter_card":"summary_large_image","twitter_creator":"@Szenik","twitter_site":"@Szenik","twitter_misc":{"Verfasst von":"szenik","Gesch\u00e4tzte Lesezeit":"2\u00a0Minuten"},"schema":{"@context":"https:\/\/schema.org","@graph":[{"@type":"Article","@id":"https:\/\/www.szenik.eu\/de\/stuttgarter-ballett-i-premiere-und-livestream-noverre-junge-choreographen-2023-57067#article","isPartOf":{"@id":"https:\/\/www.szenik.eu\/de\/stuttgarter-ballett-i-premiere-und-livestream-noverre-junge-choreographen-2023-57067"},"author":{"name":"szenik","@id":"https:\/\/www.szenik.eu\/de\/#\/schema\/person\/15f73f175b41bad194837490339d48fb"},"headline":"Stuttgarter Ballett I Premiere und Livestream: NOVERRE JUNGE CHOREOGRAPHEN 2023","datePublished":"2022-12-08T13:10:05+00:00","dateModified":"2022-12-08T13:10:06+00:00","mainEntityOfPage":{"@id":"https:\/\/www.szenik.eu\/de\/stuttgarter-ballett-i-premiere-und-livestream-noverre-junge-choreographen-2023-57067"},"wordCount":246,"commentCount":0,"publisher":{"@id":"https:\/\/www.szenik.eu\/de\/#organization"},"keywords":["Adrian Oldenburger","Anne Jung","Emanuele Babici","Lucyna Zwolinska","Martino Semenzato","Maya Popova","Nnamdi Nwagwu","Stuttgarter Ballett","Timoor Afshar"],"articleSection":["Kurz &amp; knackig","Magazin","TV \/ Streaming"],"inLanguage":"de","potentialAction":[{"@type":"CommentAction","name":"Comment","target":["https:\/\/www.szenik.eu\/de\/stuttgarter-ballett-i-premiere-und-livestream-noverre-junge-choreographen-2023-57067#respond"]}]},{"@type":"WebPage","@id":"https:\/\/www.szenik.eu\/de\/stuttgarter-ballett-i-premiere-und-livestream-noverre-junge-choreographen-2023-57067","url":"https:\/\/www.szenik.eu\/de\/stuttgarter-ballett-i-premiere-und-livestream-noverre-junge-choreographen-2023-57067","name":"NOVERRE JUNGE CHOREOGRAPHEN des Stuttgarter Balletts I szenik","isPartOf":{"@id":"https:\/\/www.szenik.eu\/de\/#website"},"datePublished":"2022-12-08T13:10:05+00:00","dateModified":"2022-12-08T13:10:06+00:00","description":"Am 21. Januar sowie 22. Januar 2023 findet die allj\u00e4hrliche Veranstaltung Noverre: Junge Choreographen im Schauspielhaus statt.","breadcrumb":{"@id":"https:\/\/www.szenik.eu\/de\/stuttgarter-ballett-i-premiere-und-livestream-noverre-junge-choreographen-2023-57067#breadcrumb"},"inLanguage":"de","potentialAction":[{"@type":"ReadAction","target":["https:\/\/www.szenik.eu\/de\/stuttgarter-ballett-i-premiere-und-livestream-noverre-junge-choreographen-2023-57067"]}]},{"@type":"BreadcrumbList","@id":"https:\/\/www.szenik.eu\/de\/stuttgarter-ballett-i-premiere-und-livestream-noverre-junge-choreographen-2023-57067#breadcrumb","itemListElement":[{"@type":"ListItem","position":1,"name":"Home","item":"https:\/\/www.szenik.eu\/de"},{"@type":"ListItem","position":2,"name":"Stuttgarter Ballett I Premiere und Livestream: NOVERRE JUNGE CHOREOGRAPHEN 2023"}]},{"@type":"WebSite","@id":"https:\/\/www.szenik.eu\/de\/#website","url":"https:\/\/www.szenik.eu\/de\/","name":"szenik","description":"Le Meilleur des sc\u00e8nes au coeur de l&#039;Europe","publisher":{"@id":"https:\/\/www.szenik.eu\/de\/#organization"},"potentialAction":[{"@type":"SearchAction","target":{"@type":"EntryPoint","urlTemplate":"https:\/\/www.szenik.eu\/de\/?s={search_term_string}"},"query-input":"required name=search_term_string"}],"inLanguage":"de"},{"@type":"Organization","@id":"https:\/\/www.szenik.eu\/de\/#organization","name":"Szenik","url":"https:\/\/www.szenik.eu\/de\/","logo":{"@type":"ImageObject","inLanguage":"de","@id":"https:\/\/www.szenik.eu\/de\/#\/schema\/logo\/image\/","url":"https:\/\/www.szenik.eu\/wp-content\/uploads\/2019\/07\/logo-square.png","contentUrl":"https:\/\/www.szenik.eu\/wp-content\/uploads\/2019\/07\/logo-square.png","width":512,"height":512,"caption":"Szenik"},"image":{"@id":"https:\/\/www.szenik.eu\/de\/#\/schema\/logo\/image\/"},"sameAs":["https:\/\/www.facebook.com\/szenik.eu\/","https:\/\/twitter.com\/Szenik","https:\/\/www.instagram.com\/szenik_magazine\/","https:\/\/www.youtube.com\/user\/SzenikEU\/"]},{"@type":"Person","@id":"https:\/\/www.szenik.eu\/de\/#\/schema\/person\/15f73f175b41bad194837490339d48fb","name":"szenik","image":{"@type":"ImageObject","inLanguage":"de","@id":"https:\/\/www.szenik.eu\/de\/#\/schema\/person\/image\/","url":"https:\/\/secure.gravatar.com\/avatar\/d1c4f19522a624a4eaa5e6c03e22370b?s=96&d=mm&r=g","contentUrl":"https:\/\/secure.gravatar.com\/avatar\/d1c4f19522a624a4eaa5e6c03e22370b?s=96&d=mm&r=g","caption":"szenik"}}]}},"jetpack_featured_media_url":"https:\/\/www.szenik.eu\/wp-content\/uploads\/2022\/12\/Foto-1-scaled.jpg","amp_enabled":true,"_links":{"self":[{"href":"https:\/\/www.szenik.eu\/de\/wp-json\/\/wp\/v2\/posts\/57067"}],"collection":[{"href":"https:\/\/www.szenik.eu\/de\/wp-json\/\/wp\/v2\/posts"}],"about":[{"href":"https:\/\/www.szenik.eu\/de\/wp-json\/\/wp\/v2\/types\/post"}],"author":[{"embeddable":true,"href":"https:\/\/www.szenik.eu\/de\/wp-json\/\/wp\/v2\/users\/1"}],"replies":[{"embeddable":true,"href":"https:\/\/www.szenik.eu\/de\/wp-json\/\/wp\/v2\/comments?post=57067"}],"version-history":[{"count":1,"href":"https:\/\/www.szenik.eu\/de\/wp-json\/\/wp\/v2\/posts\/57067\/revisions"}],"predecessor-version":[{"id":57070,"href":"https:\/\/www.szenik.eu\/de\/wp-json\/\/wp\/v2\/posts\/57067\/revisions\/57070"}],"wp:featuredmedia":[{"embeddable":true,"href":"https:\/\/www.szenik.eu\/de\/wp-json\/\/wp\/v2\/media\/57068"}],"wp:attachment":[{"href":"https:\/\/www.szenik.eu\/de\/wp-json\/\/wp\/v2\/media?parent=57067"}],"wp:term":[{"taxonomy":"category","embeddable":true,"href":"https:\/\/www.szenik.eu\/de\/wp-json\/\/wp\/v2\/categories?post=57067"},{"taxonomy":"post_tag","embeddable":true,"href":"https:\/\/www.szenik.eu\/de\/wp-json\/\/wp\/v2\/tags?post=57067"}],"curies":[{"name":"wp","href":"https:\/\/api.w.org\/{rel}","templated":true}]}}