{"id":56831,"date":"2022-11-28T11:36:24","date_gmt":"2022-11-28T10:36:24","guid":{"rendered":"https:\/\/www.szenik.eu\/?p=56831\/"},"modified":"2022-11-28T11:36:25","modified_gmt":"2022-11-28T10:36:25","slug":"das-theaterfestival-imaginale-feiert-nach-corona-pause-endlich-seine-achte-ausgabe","status":"publish","type":"post","link":"https:\/\/www.szenik.eu\/de\/das-theaterfestival-imaginale-feiert-nach-corona-pause-endlich-seine-achte-ausgabe-56831","title":{"rendered":"<strong>Das Theaterfestival IMAGINALE feiert nach Corona-Pause endlich seine achte Ausgabe<\/strong>"},"content":{"rendered":"\n<h2>Vom\u00a0<strong>02. bis 12. Februar 2023\u00a0<\/strong>pr\u00e4sentiert die IMAGINALE in Stuttgart, Mannheim, Heilbronn, Eppingen, Schorndorf und Ludwigsburg internationales Figurentheater im Grenzbereich zu Tanz, Musiktheater, Performance und Digitalkunst. Ab heute startet der Vorverkauf f\u00fcr das gesamte Festival auf\u00a0<strong>www.imaginale.net<\/strong>.<\/h2>\n\n\n\n<div style=\"height:100px\" aria-hidden=\"true\" class=\"wp-block-spacer\"><\/div>\n\n\n\n<p><em>Pressemitteilung<\/em><\/p>\n\n\n\n<div style=\"height:100px\" aria-hidden=\"true\" class=\"wp-block-spacer\"><\/div>\n\n\n\n<p>Die Imaginale findet seit 2008 in insgesamt sechs Baden-W\u00fcrttembergischen St\u00e4dten statt und geh\u00f6rt zu den gr\u00f6\u00dften deutschen Festivals im Bereich Figuren- und Objekttheater. Im Rahmen ihrer achten Ausgabe pr\u00e4sentiert die IMAGINALE renommierte und aufstrebende Ensembles und Solist*innen aus Deutschland, Frankreich, Norwegen, Spanien, Israel, D\u00e4nemark, Belgien, El Salvador, Gro\u00dfbritannien, Schweiz, Slowenien, Litauen, Niederlanden und \u00d6sterreich.<\/p>\n\n\n\n<p>Nachdem das Festival 2022 aufgrund der anhaltenden Corona-Pandemie abgesagt werden musste, konnte das Programm von den Veranstaltern (<a href=\"https:\/\/www.fitz-stuttgart.de\" target=\"_blank\" rel=\"noreferrer noopener\">FITZ Stuttgar<\/a>t, <a href=\"https:\/\/www.nationaltheater-mannheim.de\" target=\"_blank\" rel=\"noreferrer noopener\">Junges NTM<\/a> und<a href=\"https:\/\/altefeuerwache.com\" target=\"_blank\" rel=\"noreferrer noopener\"> Alte Feuerwache Mannheim<\/a>) erfolgreich ins neue Jahr verschoben werden. Auf das Mannheimer Publikum wartet ein vielseitiges Angebot f\u00fcr Kinder und Erwachsene von insgesamt 13 Ensembles, die an 24 Terminen in den R\u00e4umlichkeiten der Alten Feuerwache und des Jungen Nationaltheaters ihre Produktionen zeigen. Das Festival wird am\u00a0<strong>02. Februar um 20 Uhr in der Alten Feuerwache\u00a0<\/strong>mit der Deutschland- Premiere des St\u00fcckes \u201eOder doch?\u201c vom Duo \u201eRaum 305\u201c alias Moritz Haase und Jarnoth er\u00f6ffnet.<\/p>\n\n\n\n<p>\u201eDie IMAGINALE ist eines der faszinierendsten Programme der Alten Feuerwache. Uns erwarten spannend-galaktisch bis d\u00fcster-ekstatische Veranstaltungen beeindruckender K\u00fcnstler*innen aus ganz verschiedenen L\u00e4ndern. Ich freue mich unglaublich, die IMAGINALE als neuer Gesch\u00e4ftsf\u00fchrer der Alten Feuerwache Mannheim erstmals begleiten und er\u00f6ffnen zu d\u00fcrfen.\u201c,&nbsp;<strong>Christian Handrich, Gesch\u00e4ftsf\u00fchrer der Alten Feuerwache Mannheim.<\/strong><\/p>\n\n\n\n<p>\u201eIch freue mich ganz besonders dar\u00fcber, dass wir f\u00fcr unser junges Publikum das bisher inter- nationalste Programm zusammengestellt haben, seit ich dieses wunderbare Festival gemeinsam mit der Dramaturgie des JNTM, dem FITZ und der Alten Feuerwache kuratieren darf. Gerade auf die erstmals pr\u00e4sentierten Kolleg*innen aus Ljubljana mit ihrer Produktion ,Akvarij \/ Aquarium\u2018, freue ich mich besonders. Kinder und Familien k\u00f6nnen in dieser Ausgabe auch mitmachen: In den Schul- und Familienworkshops der ,Akademie der Zerst\u00f6rung\u2018 werden Dinge nicht nur zum Leben erweckt, sondern d\u00fcrfen auch ein lustvolles Ende finden.,\u201c&nbsp;<strong>Ulrike St\u00f6ck, Intendantin Junges NTM.<\/strong><\/p>\n\n\n\n<p>Vom\u00a0<strong>02. bis 12. Februar 2023\u00a0<\/strong>pr\u00e4sentiert die IMAGINALE in Stuttgart, Mannheim, Heilbronn, Eppingen, Schorndorf und Ludwigsburg internationales Figurentheater im Grenzbereich zu Tanz, Musiktheater, Performance und Digitalkunst. Ab heute startet der Vorverkauf f\u00fcr das gesamte Festival auf\u00a0<strong>www.imaginale.net<\/strong>.<\/p>\n\n\n\n<div style=\"height:100px\" aria-hidden=\"true\" class=\"wp-block-spacer\"><\/div>\n\n\n\n<div class=\"is-layout-flex wp-block-buttons\">\n<div class=\"wp-block-button aligncenter\"><a class=\"wp-block-button__link has-black-color has-luminous-vivid-amber-background-color has-text-color has-background wp-element-button\" href=\"https:\/\/imaginale.net\" target=\"_blank\" rel=\"noreferrer noopener\">Zur Webseite des Festivals<\/a><\/div>\n<\/div>\n\n\n\n<div style=\"height:100px\" aria-hidden=\"true\" class=\"wp-block-spacer\"><\/div>\n\n\n\n<p class=\"has-small-font-size\">Bild: Festivalgrafik <\/p>\n\n\n\n<div style=\"height:100px\" aria-hidden=\"true\" class=\"wp-block-spacer\"><\/div>\n","protected":false},"excerpt":{"rendered":"<p>Vom\u00a002. bis 12. Februar 2023\u00a0pr\u00e4sentiert die IMAGINALE in Stuttgart, Mannheim, Heilbronn, Eppingen, Schorndorf und Ludwigsburg internationales Figurentheater im Grenzbereich zu Tanz, Musiktheater, Performance und Digitalkunst. Ab heute startet der Vorverkauf f\u00fcr das gesamte Festival auf\u00a0www.imaginale.net. Pressemitteilung Die Imaginale findet seit 2008 in insgesamt sechs Baden-W\u00fcrttembergischen St\u00e4dten statt und geh\u00f6rt zu den gr\u00f6\u00dften deutschen Festivals im [&hellip;]<\/p>\n","protected":false},"author":1,"featured_media":56832,"comment_status":"open","ping_status":"open","sticky":false,"template":"","format":"standard","meta":{"_monsterinsights_skip_tracking":false,"_monsterinsights_sitenote_active":false,"_monsterinsights_sitenote_note":"","_monsterinsights_sitenote_category":0},"categories":[2815,53],"tags":[21806,21807,3304],"yoast_head":"<!-- This site is optimized with the Yoast SEO plugin v20.5 - https:\/\/yoast.com\/wordpress\/plugins\/seo\/ -->\n<title>IMAGINALE \u2013 vom 2. bis 12.Februar 2023 in Baden-W\u00fcrttemberg I szenik<\/title>\n<meta name=\"description\" content=\"Vom\u00a002. bis 12. Februar 2023\u00a0pr\u00e4sentiert die IMAGINALE internationales Figurentheater im Grenzbereich zu Tanz, Performance und Digitalkunst.\" \/>\n<meta name=\"robots\" content=\"index, follow, max-snippet:-1, max-image-preview:large, max-video-preview:-1\" \/>\n<link rel=\"canonical\" href=\"https:\/\/www.szenik.eu\/de\/das-theaterfestival-imaginale-feiert-nach-corona-pause-endlich-seine-achte-ausgabe-56831\" \/>\n<meta property=\"og:locale\" content=\"de_DE\" \/>\n<meta property=\"og:type\" content=\"article\" \/>\n<meta property=\"og:title\" content=\"IMAGINALE \u2013 vom 2. bis 12.Februar 2023 in Baden-W\u00fcrttemberg I szenik\" \/>\n<meta property=\"og:description\" content=\"Vom\u00a002. bis 12. Februar 2023\u00a0pr\u00e4sentiert die IMAGINALE internationales Figurentheater im Grenzbereich zu Tanz, Performance und Digitalkunst.\" \/>\n<meta property=\"og:url\" content=\"https:\/\/www.szenik.eu\/de\/das-theaterfestival-imaginale-feiert-nach-corona-pause-endlich-seine-achte-ausgabe-56831\" \/>\n<meta property=\"og:site_name\" content=\"szenik\" \/>\n<meta property=\"article:publisher\" content=\"https:\/\/www.facebook.com\/szenik.eu\/\" \/>\n<meta property=\"article:published_time\" content=\"2022-11-28T10:36:24+00:00\" \/>\n<meta property=\"article:modified_time\" content=\"2022-11-28T10:36:25+00:00\" \/>\n<meta property=\"og:image\" content=\"https:\/\/www.szenik.eu\/wp-content\/uploads\/2022\/11\/Capture-decran-2022-11-28-a-11.30.27.png\" \/>\n\t<meta property=\"og:image:width\" content=\"1077\" \/>\n\t<meta property=\"og:image:height\" content=\"627\" \/>\n\t<meta property=\"og:image:type\" content=\"image\/png\" \/>\n<meta name=\"author\" content=\"szenik\" \/>\n<meta name=\"twitter:card\" content=\"summary_large_image\" \/>\n<meta name=\"twitter:creator\" content=\"@Szenik\" \/>\n<meta name=\"twitter:site\" content=\"@Szenik\" \/>\n<meta name=\"twitter:label1\" content=\"Verfasst von\" \/>\n\t<meta name=\"twitter:data1\" content=\"szenik\" \/>\n\t<meta name=\"twitter:label2\" content=\"Gesch\u00e4tzte Lesezeit\" \/>\n\t<meta name=\"twitter:data2\" content=\"2\u00a0Minuten\" \/>\n<script type=\"application\/ld+json\" class=\"yoast-schema-graph\">{\"@context\":\"https:\/\/schema.org\",\"@graph\":[{\"@type\":\"Article\",\"@id\":\"https:\/\/www.szenik.eu\/de\/das-theaterfestival-imaginale-feiert-nach-corona-pause-endlich-seine-achte-ausgabe-56831#article\",\"isPartOf\":{\"@id\":\"https:\/\/www.szenik.eu\/de\/das-theaterfestival-imaginale-feiert-nach-corona-pause-endlich-seine-achte-ausgabe-56831\"},\"author\":{\"name\":\"szenik\",\"@id\":\"https:\/\/www.szenik.eu\/de\/#\/schema\/person\/15f73f175b41bad194837490339d48fb\"},\"headline\":\"Das Theaterfestival IMAGINALE feiert nach Corona-Pause endlich seine achte Ausgabe\",\"datePublished\":\"2022-11-28T10:36:24+00:00\",\"dateModified\":\"2022-11-28T10:36:25+00:00\",\"mainEntityOfPage\":{\"@id\":\"https:\/\/www.szenik.eu\/de\/das-theaterfestival-imaginale-feiert-nach-corona-pause-endlich-seine-achte-ausgabe-56831\"},\"wordCount\":409,\"commentCount\":0,\"publisher\":{\"@id\":\"https:\/\/www.szenik.eu\/de\/#organization\"},\"keywords\":[\"Alte Feuerwache Mannheim\",\"Fitz Stuttgart\",\"Nationaltheater Mannheim\"],\"articleSection\":[\"Kurz &amp; knackig\",\"Magazin\"],\"inLanguage\":\"de\",\"potentialAction\":[{\"@type\":\"CommentAction\",\"name\":\"Comment\",\"target\":[\"https:\/\/www.szenik.eu\/de\/das-theaterfestival-imaginale-feiert-nach-corona-pause-endlich-seine-achte-ausgabe-56831#respond\"]}]},{\"@type\":\"WebPage\",\"@id\":\"https:\/\/www.szenik.eu\/de\/das-theaterfestival-imaginale-feiert-nach-corona-pause-endlich-seine-achte-ausgabe-56831\",\"url\":\"https:\/\/www.szenik.eu\/de\/das-theaterfestival-imaginale-feiert-nach-corona-pause-endlich-seine-achte-ausgabe-56831\",\"name\":\"IMAGINALE \u2013 vom 2. bis 12.Februar 2023 in Baden-W\u00fcrttemberg I szenik\",\"isPartOf\":{\"@id\":\"https:\/\/www.szenik.eu\/de\/#website\"},\"datePublished\":\"2022-11-28T10:36:24+00:00\",\"dateModified\":\"2022-11-28T10:36:25+00:00\",\"description\":\"Vom\u00a002. bis 12. Februar 2023\u00a0pr\u00e4sentiert die IMAGINALE internationales Figurentheater im Grenzbereich zu Tanz, Performance und Digitalkunst.\",\"breadcrumb\":{\"@id\":\"https:\/\/www.szenik.eu\/de\/das-theaterfestival-imaginale-feiert-nach-corona-pause-endlich-seine-achte-ausgabe-56831#breadcrumb\"},\"inLanguage\":\"de\",\"potentialAction\":[{\"@type\":\"ReadAction\",\"target\":[\"https:\/\/www.szenik.eu\/de\/das-theaterfestival-imaginale-feiert-nach-corona-pause-endlich-seine-achte-ausgabe-56831\"]}]},{\"@type\":\"BreadcrumbList\",\"@id\":\"https:\/\/www.szenik.eu\/de\/das-theaterfestival-imaginale-feiert-nach-corona-pause-endlich-seine-achte-ausgabe-56831#breadcrumb\",\"itemListElement\":[{\"@type\":\"ListItem\",\"position\":1,\"name\":\"Home\",\"item\":\"https:\/\/www.szenik.eu\/de\"},{\"@type\":\"ListItem\",\"position\":2,\"name\":\"Das Theaterfestival IMAGINALE feiert nach Corona-Pause endlich seine achte Ausgabe\"}]},{\"@type\":\"WebSite\",\"@id\":\"https:\/\/www.szenik.eu\/de\/#website\",\"url\":\"https:\/\/www.szenik.eu\/de\/\",\"name\":\"szenik\",\"description\":\"Le Meilleur des sc\u00e8nes au coeur de l&#039;Europe\",\"publisher\":{\"@id\":\"https:\/\/www.szenik.eu\/de\/#organization\"},\"potentialAction\":[{\"@type\":\"SearchAction\",\"target\":{\"@type\":\"EntryPoint\",\"urlTemplate\":\"https:\/\/www.szenik.eu\/de\/?s={search_term_string}\"},\"query-input\":\"required name=search_term_string\"}],\"inLanguage\":\"de\"},{\"@type\":\"Organization\",\"@id\":\"https:\/\/www.szenik.eu\/de\/#organization\",\"name\":\"Szenik\",\"url\":\"https:\/\/www.szenik.eu\/de\/\",\"logo\":{\"@type\":\"ImageObject\",\"inLanguage\":\"de\",\"@id\":\"https:\/\/www.szenik.eu\/de\/#\/schema\/logo\/image\/\",\"url\":\"https:\/\/www.szenik.eu\/wp-content\/uploads\/2019\/07\/logo-square.png\",\"contentUrl\":\"https:\/\/www.szenik.eu\/wp-content\/uploads\/2019\/07\/logo-square.png\",\"width\":512,\"height\":512,\"caption\":\"Szenik\"},\"image\":{\"@id\":\"https:\/\/www.szenik.eu\/de\/#\/schema\/logo\/image\/\"},\"sameAs\":[\"https:\/\/www.facebook.com\/szenik.eu\/\",\"https:\/\/twitter.com\/Szenik\",\"https:\/\/www.instagram.com\/szenik_magazine\/\",\"https:\/\/www.youtube.com\/user\/SzenikEU\/\"]},{\"@type\":\"Person\",\"@id\":\"https:\/\/www.szenik.eu\/de\/#\/schema\/person\/15f73f175b41bad194837490339d48fb\",\"name\":\"szenik\",\"image\":{\"@type\":\"ImageObject\",\"inLanguage\":\"de\",\"@id\":\"https:\/\/www.szenik.eu\/de\/#\/schema\/person\/image\/\",\"url\":\"https:\/\/secure.gravatar.com\/avatar\/d1c4f19522a624a4eaa5e6c03e22370b?s=96&d=mm&r=g\",\"contentUrl\":\"https:\/\/secure.gravatar.com\/avatar\/d1c4f19522a624a4eaa5e6c03e22370b?s=96&d=mm&r=g\",\"caption\":\"szenik\"}}]}<\/script>\n<!-- \/ Yoast SEO plugin. -->","yoast_head_json":{"title":"IMAGINALE \u2013 vom 2. bis 12.Februar 2023 in Baden-W\u00fcrttemberg I szenik","description":"Vom\u00a002. bis 12. Februar 2023\u00a0pr\u00e4sentiert die IMAGINALE internationales Figurentheater im Grenzbereich zu Tanz, Performance und Digitalkunst.","robots":{"index":"index","follow":"follow","max-snippet":"max-snippet:-1","max-image-preview":"max-image-preview:large","max-video-preview":"max-video-preview:-1"},"canonical":"https:\/\/www.szenik.eu\/de\/das-theaterfestival-imaginale-feiert-nach-corona-pause-endlich-seine-achte-ausgabe-56831","og_locale":"de_DE","og_type":"article","og_title":"IMAGINALE \u2013 vom 2. bis 12.Februar 2023 in Baden-W\u00fcrttemberg I szenik","og_description":"Vom\u00a002. bis 12. Februar 2023\u00a0pr\u00e4sentiert die IMAGINALE internationales Figurentheater im Grenzbereich zu Tanz, Performance und Digitalkunst.","og_url":"https:\/\/www.szenik.eu\/de\/das-theaterfestival-imaginale-feiert-nach-corona-pause-endlich-seine-achte-ausgabe-56831","og_site_name":"szenik","article_publisher":"https:\/\/www.facebook.com\/szenik.eu\/","article_published_time":"2022-11-28T10:36:24+00:00","article_modified_time":"2022-11-28T10:36:25+00:00","og_image":[{"width":1077,"height":627,"url":"https:\/\/www.szenik.eu\/wp-content\/uploads\/2022\/11\/Capture-decran-2022-11-28-a-11.30.27.png","type":"image\/png"}],"author":"szenik","twitter_card":"summary_large_image","twitter_creator":"@Szenik","twitter_site":"@Szenik","twitter_misc":{"Verfasst von":"szenik","Gesch\u00e4tzte Lesezeit":"2\u00a0Minuten"},"schema":{"@context":"https:\/\/schema.org","@graph":[{"@type":"Article","@id":"https:\/\/www.szenik.eu\/de\/das-theaterfestival-imaginale-feiert-nach-corona-pause-endlich-seine-achte-ausgabe-56831#article","isPartOf":{"@id":"https:\/\/www.szenik.eu\/de\/das-theaterfestival-imaginale-feiert-nach-corona-pause-endlich-seine-achte-ausgabe-56831"},"author":{"name":"szenik","@id":"https:\/\/www.szenik.eu\/de\/#\/schema\/person\/15f73f175b41bad194837490339d48fb"},"headline":"Das Theaterfestival IMAGINALE feiert nach Corona-Pause endlich seine achte Ausgabe","datePublished":"2022-11-28T10:36:24+00:00","dateModified":"2022-11-28T10:36:25+00:00","mainEntityOfPage":{"@id":"https:\/\/www.szenik.eu\/de\/das-theaterfestival-imaginale-feiert-nach-corona-pause-endlich-seine-achte-ausgabe-56831"},"wordCount":409,"commentCount":0,"publisher":{"@id":"https:\/\/www.szenik.eu\/de\/#organization"},"keywords":["Alte Feuerwache Mannheim","Fitz Stuttgart","Nationaltheater Mannheim"],"articleSection":["Kurz &amp; knackig","Magazin"],"inLanguage":"de","potentialAction":[{"@type":"CommentAction","name":"Comment","target":["https:\/\/www.szenik.eu\/de\/das-theaterfestival-imaginale-feiert-nach-corona-pause-endlich-seine-achte-ausgabe-56831#respond"]}]},{"@type":"WebPage","@id":"https:\/\/www.szenik.eu\/de\/das-theaterfestival-imaginale-feiert-nach-corona-pause-endlich-seine-achte-ausgabe-56831","url":"https:\/\/www.szenik.eu\/de\/das-theaterfestival-imaginale-feiert-nach-corona-pause-endlich-seine-achte-ausgabe-56831","name":"IMAGINALE \u2013 vom 2. bis 12.Februar 2023 in Baden-W\u00fcrttemberg I szenik","isPartOf":{"@id":"https:\/\/www.szenik.eu\/de\/#website"},"datePublished":"2022-11-28T10:36:24+00:00","dateModified":"2022-11-28T10:36:25+00:00","description":"Vom\u00a002. bis 12. Februar 2023\u00a0pr\u00e4sentiert die IMAGINALE internationales Figurentheater im Grenzbereich zu Tanz, Performance und Digitalkunst.","breadcrumb":{"@id":"https:\/\/www.szenik.eu\/de\/das-theaterfestival-imaginale-feiert-nach-corona-pause-endlich-seine-achte-ausgabe-56831#breadcrumb"},"inLanguage":"de","potentialAction":[{"@type":"ReadAction","target":["https:\/\/www.szenik.eu\/de\/das-theaterfestival-imaginale-feiert-nach-corona-pause-endlich-seine-achte-ausgabe-56831"]}]},{"@type":"BreadcrumbList","@id":"https:\/\/www.szenik.eu\/de\/das-theaterfestival-imaginale-feiert-nach-corona-pause-endlich-seine-achte-ausgabe-56831#breadcrumb","itemListElement":[{"@type":"ListItem","position":1,"name":"Home","item":"https:\/\/www.szenik.eu\/de"},{"@type":"ListItem","position":2,"name":"Das Theaterfestival IMAGINALE feiert nach Corona-Pause endlich seine achte Ausgabe"}]},{"@type":"WebSite","@id":"https:\/\/www.szenik.eu\/de\/#website","url":"https:\/\/www.szenik.eu\/de\/","name":"szenik","description":"Le Meilleur des sc\u00e8nes au coeur de l&#039;Europe","publisher":{"@id":"https:\/\/www.szenik.eu\/de\/#organization"},"potentialAction":[{"@type":"SearchAction","target":{"@type":"EntryPoint","urlTemplate":"https:\/\/www.szenik.eu\/de\/?s={search_term_string}"},"query-input":"required name=search_term_string"}],"inLanguage":"de"},{"@type":"Organization","@id":"https:\/\/www.szenik.eu\/de\/#organization","name":"Szenik","url":"https:\/\/www.szenik.eu\/de\/","logo":{"@type":"ImageObject","inLanguage":"de","@id":"https:\/\/www.szenik.eu\/de\/#\/schema\/logo\/image\/","url":"https:\/\/www.szenik.eu\/wp-content\/uploads\/2019\/07\/logo-square.png","contentUrl":"https:\/\/www.szenik.eu\/wp-content\/uploads\/2019\/07\/logo-square.png","width":512,"height":512,"caption":"Szenik"},"image":{"@id":"https:\/\/www.szenik.eu\/de\/#\/schema\/logo\/image\/"},"sameAs":["https:\/\/www.facebook.com\/szenik.eu\/","https:\/\/twitter.com\/Szenik","https:\/\/www.instagram.com\/szenik_magazine\/","https:\/\/www.youtube.com\/user\/SzenikEU\/"]},{"@type":"Person","@id":"https:\/\/www.szenik.eu\/de\/#\/schema\/person\/15f73f175b41bad194837490339d48fb","name":"szenik","image":{"@type":"ImageObject","inLanguage":"de","@id":"https:\/\/www.szenik.eu\/de\/#\/schema\/person\/image\/","url":"https:\/\/secure.gravatar.com\/avatar\/d1c4f19522a624a4eaa5e6c03e22370b?s=96&d=mm&r=g","contentUrl":"https:\/\/secure.gravatar.com\/avatar\/d1c4f19522a624a4eaa5e6c03e22370b?s=96&d=mm&r=g","caption":"szenik"}}]}},"jetpack_featured_media_url":"https:\/\/www.szenik.eu\/wp-content\/uploads\/2022\/11\/Capture-decran-2022-11-28-a-11.30.27.png","amp_enabled":true,"_links":{"self":[{"href":"https:\/\/www.szenik.eu\/de\/wp-json\/\/wp\/v2\/posts\/56831"}],"collection":[{"href":"https:\/\/www.szenik.eu\/de\/wp-json\/\/wp\/v2\/posts"}],"about":[{"href":"https:\/\/www.szenik.eu\/de\/wp-json\/\/wp\/v2\/types\/post"}],"author":[{"embeddable":true,"href":"https:\/\/www.szenik.eu\/de\/wp-json\/\/wp\/v2\/users\/1"}],"replies":[{"embeddable":true,"href":"https:\/\/www.szenik.eu\/de\/wp-json\/\/wp\/v2\/comments?post=56831"}],"version-history":[{"count":1,"href":"https:\/\/www.szenik.eu\/de\/wp-json\/\/wp\/v2\/posts\/56831\/revisions"}],"predecessor-version":[{"id":56834,"href":"https:\/\/www.szenik.eu\/de\/wp-json\/\/wp\/v2\/posts\/56831\/revisions\/56834"}],"wp:featuredmedia":[{"embeddable":true,"href":"https:\/\/www.szenik.eu\/de\/wp-json\/\/wp\/v2\/media\/56832"}],"wp:attachment":[{"href":"https:\/\/www.szenik.eu\/de\/wp-json\/\/wp\/v2\/media?parent=56831"}],"wp:term":[{"taxonomy":"category","embeddable":true,"href":"https:\/\/www.szenik.eu\/de\/wp-json\/\/wp\/v2\/categories?post=56831"},{"taxonomy":"post_tag","embeddable":true,"href":"https:\/\/www.szenik.eu\/de\/wp-json\/\/wp\/v2\/tags?post=56831"}],"curies":[{"name":"wp","href":"https:\/\/api.w.org\/{rel}","templated":true}]}}