{"id":55975,"date":"2022-10-13T10:53:17","date_gmt":"2022-10-13T08:53:17","guid":{"rendered":"https:\/\/www.szenik.eu\/workshop-une-aventure-journalistique-avec-szenik-dans-le-cadre-du-festival-primeurs-2022-55975"},"modified":"2023-04-11T17:14:41","modified_gmt":"2023-04-11T15:14:41","slug":"workshop-une-aventure-journalistique-avec-szenik-dans-le-cadre-du-festival-primeurs-2022","status":"publish","type":"post","link":"https:\/\/www.szenik.eu\/de\/workshop-une-aventure-journalistique-avec-szenik-dans-le-cadre-du-festival-primeurs-2022-55975","title":{"rendered":"Workshop: Ein journalistisches Abenteuer mit szenik im Rahmen des Festival Primeurs 2022"},"content":{"rendered":"\n<h2>Anl\u00e4sslich der 16. Ausgabe des Festival Primeurs l\u00e4dt szenik Sie zu einem Journalismus-Workshop ein! Eine gute Gelegenheit, das Festivalteam und die eingeladenen K\u00fcnstler:innen kennenzulernen sowie seine ersten Schritte als Journalist:in zu machen. Unser Team wird Sie bei der Erstellung eines redaktionellen Inhaltes begleiten und Ihnen somit das Festival auf eine andere Weise zeigen. <\/h2>\n\n\n\n<div style=\"height:100px\" aria-hidden=\"true\" class=\"wp-block-spacer\"><\/div>\n\n\n\n<p>Das Festival Primeurs, Festival der frankophonen Gegenwartsdramatik, l\u00e4dt in diesem Jahr, mit ergreifend aktuellen Texten und dem neuen Beaujolais, zu seiner 16. Ausgabe ein. Im <a href=\"https:\/\/www.staatstheater.saarland\" target=\"_blank\" rel=\"noreferrer noopener\">Saarl\u00e4ndischen Staatstheater<\/a> und im <a href=\"https:\/\/carreau-forbach.com\" target=\"_blank\" rel=\"noreferrer noopener\">Carreau, Sc\u00e8ne nationale de&nbsp;Forbach&nbsp;et de l&#8217;Est mosellan<\/a> stattfindend, pr\u00e4sentiert Primeurs sechs neue St\u00fccke des frankophonen Theaters (unter anderem von Delphine Hecquet, Alexandra Badea, Tiphaine Raffier) und bietet zudem ein Symposium zur Theater\u00fcbersetzung an. <\/p>\n\n\n\n<p><strong>Weitere Informationen: <a href=\"https:\/\/www.festivalprimeurs.eu\/fr\/\" target=\"_blank\" rel=\"noreferrer noopener\">www.festivalprimeurs.eu<\/a><\/strong><\/p>\n\n\n\n<div style=\"height:30px\" aria-hidden=\"true\" class=\"wp-block-spacer\"><\/div>\n\n\n\n<p class=\"has-text-align-center has-background has-medium-font-size\" style=\"background-color:#cee5f2\"><strong>Workshop<em> Ein journalistisches Abenteuer <\/em><\/strong><\/p>\n\n\n\n<div style=\"height:10px\" aria-hidden=\"true\" class=\"wp-block-spacer\"><\/div>\n\n\n\n<p>Unser Workshop findet am 19. November 2022 in der Villa Europa und der Alten Feuerwache in Saarbr\u00fccken statt. Wir beginnen am Vormittag bei einer Tasse Kaffee und werden daraufhin unsere Speicherkarten und Notizbl\u00f6cke mit interessanten Worten &amp; Begegnungen f\u00fcllen. Die Teilnehmer:innen werden in zwei Gruppen eingeteilt (Anf\u00e4nger:innen und Fortgeschrittene) und werden von unserm Team begleitet. Gemeinsam tauchen wir in das Tagesprogramm des Festivals ein und erstellen dazu einen redaktionellen Inhalt. <\/p>\n\n\n\n<p>Ob Student:in, Theateramateur:in oder neugierige:r Theaterbesucher:in: Jede Person ist uns willkommen! <strong>Das genaue Programm des Workshops wird demn\u00e4chst auf dieser Seite und in unseren sozialen Netzwerken ver\u00f6ffentlicht<em>.<\/em><\/strong><\/p>\n\n\n\n<div style=\"height:10px\" aria-hidden=\"true\" class=\"wp-block-spacer\"><\/div>\n\n\n\n<h4>Das Festivalprogramm des 19. November 2022 <\/h4>\n\n\n\n<div style=\"height:10px\" aria-hidden=\"true\" class=\"wp-block-spacer\"><\/div>\n\n\n\n<p>15H30 I Villa Europa: Symposium <em><strong>Ein Jetzt (er)schreiben: Zeitzeugenschaft in der frankophonen Gegenwartsdramatik<\/strong><\/em> mit den Autor:innen &amp; \u00dcbersetzer:innen des Festival Primeurs <br>19h00 I Alte Feuerwache: <strong><strong>Aus dem Schatten: Thiaroye<\/strong> <\/strong>von Alexandra Badea | \u00dcbersetzung Frank Weigand <br>21h00 I Alte Feuerwache: <strong>La r\u00e9ponse des Hommes&nbsp;<\/strong>von Tiphaine Raffier | \u00dcbersetzung Franziska Baur<\/p>\n\n\n\n<div style=\"height:10px\" aria-hidden=\"true\" class=\"wp-block-spacer\"><\/div>\n\n\n\n<h4>Praktische Informationen<\/h4>\n\n\n\n<div style=\"height:10px\" aria-hidden=\"true\" class=\"wp-block-spacer\"><\/div>\n\n\n\n<p>Wann: <strong>Am 19. November 2022<\/strong><br>Wo: <strong>\u00c0 la Villa Europa , Kohlweg 7, 66123 Saarbr\u00fccken<\/strong><br>Uhrzeit: <strong>Von 10 Uhr bis 18 Uhr<\/strong><br>Sprache des Workshops: <strong>Deutsch, Franz\u00f6sisch<\/strong><br>Bitte bringen Sie mit: <strong>einen Stift, ein Notizblock, Ihr Mobiltelefon (und das Ladeger\u00e4t \ud83d\ude09), \u00fcberschwappende Neugier und nicht aufzuhaltende Kreativit\u00e4t! <\/strong><br>Anmeldung bis zum <strong>14. November 2022<\/strong> per Mail an: <a href=\"mailto:redaction@szenik.eu\">redaction@szenik.eu<\/a> (mit einer kleiner Pr\u00e4sentation Ihrer Person sowie ein paar Worten zu Ihrer Motivation am Workshop teilzunehmen. Bitte geben Sie an, falls Sie schon Erfahrungen im Journalismus haben.)<\/p>\n\n\n\n<div style=\"height:100px\" aria-hidden=\"true\" class=\"wp-block-spacer\"><\/div>\n\n\n\n<h2 class=\"has-text-align-center\">Bis bald! <\/h2>\n\n\n\n<div style=\"height:100px\" aria-hidden=\"true\" class=\"wp-block-spacer\"><\/div>\n\n\n\n<p class=\"has-small-font-size\">Bild: szenik<\/p>\n\n\n\n<div style=\"height:100px\" aria-hidden=\"true\" class=\"wp-block-spacer\"><\/div>\n","protected":false},"excerpt":{"rendered":"<p>Anl\u00e4sslich der 16. Ausgabe des Festival Primeurs l\u00e4dt szenik Sie zu einem Journalismus-Workshop ein! Eine gute Gelegenheit, das Festivalteam und die eingeladenen K\u00fcnstler:innen kennenzulernen sowie seine ersten Schritte als Journalist:in zu machen. Unser Team wird Sie bei der Erstellung eines redaktionellen Inhaltes begleiten und Ihnen somit das Festival auf eine andere Weise zeigen. Das Festival [&hellip;]<\/p>\n","protected":false},"author":1,"featured_media":56001,"comment_status":"open","ping_status":"open","sticky":false,"template":"","format":"standard","meta":{"_monsterinsights_skip_tracking":false,"_monsterinsights_sitenote_active":false,"_monsterinsights_sitenote_note":"","_monsterinsights_sitenote_category":0},"categories":[2815,53],"tags":[6493,6354],"yoast_head":"<!-- This site is optimized with the Yoast SEO plugin v20.5 - https:\/\/yoast.com\/wordpress\/plugins\/seo\/ -->\n<title>Festival Primeurs: Szenik bietet ein journalistisches Abenteuer an I szenik<\/title>\n<meta name=\"description\" content=\"Unser Team wird Sie bei der Erstellung eines redaktionellen Inhaltes begleiten und Ihnen somit das Festival auf eine andere Weise zeigen.\" \/>\n<meta name=\"robots\" content=\"index, follow, max-snippet:-1, max-image-preview:large, max-video-preview:-1\" \/>\n<link rel=\"canonical\" href=\"https:\/\/www.szenik.eu\/de\/workshop-une-aventure-journalistique-avec-szenik-dans-le-cadre-du-festival-primeurs-2022-55975\" \/>\n<meta property=\"og:locale\" content=\"de_DE\" \/>\n<meta property=\"og:type\" content=\"article\" \/>\n<meta property=\"og:title\" content=\"Festival Primeurs: Szenik bietet ein journalistisches Abenteuer an I szenik\" \/>\n<meta property=\"og:description\" content=\"Unser Team wird Sie bei der Erstellung eines redaktionellen Inhaltes begleiten und Ihnen somit das Festival auf eine andere Weise zeigen.\" \/>\n<meta property=\"og:url\" content=\"https:\/\/www.szenik.eu\/de\/workshop-une-aventure-journalistique-avec-szenik-dans-le-cadre-du-festival-primeurs-2022-55975\" \/>\n<meta property=\"og:site_name\" content=\"szenik\" \/>\n<meta property=\"article:publisher\" content=\"https:\/\/www.facebook.com\/szenik.eu\/\" \/>\n<meta property=\"article:published_time\" content=\"2022-10-13T08:53:17+00:00\" \/>\n<meta property=\"article:modified_time\" content=\"2023-04-11T15:14:41+00:00\" \/>\n<meta property=\"og:image\" content=\"https:\/\/www.szenik.eu\/wp-content\/uploads\/2022\/10\/bdc48df7-136d-9e44-90f2-8fc35a8ec728.jpg\" \/>\n\t<meta property=\"og:image:width\" content=\"1280\" \/>\n\t<meta property=\"og:image:height\" content=\"720\" \/>\n\t<meta property=\"og:image:type\" content=\"image\/jpeg\" \/>\n<meta name=\"author\" content=\"szenik\" \/>\n<meta name=\"twitter:card\" content=\"summary_large_image\" \/>\n<meta name=\"twitter:creator\" content=\"@Szenik\" \/>\n<meta name=\"twitter:site\" content=\"@Szenik\" \/>\n<meta name=\"twitter:label1\" content=\"Verfasst von\" \/>\n\t<meta name=\"twitter:data1\" content=\"szenik\" \/>\n\t<meta name=\"twitter:label2\" content=\"Gesch\u00e4tzte Lesezeit\" \/>\n\t<meta name=\"twitter:data2\" content=\"2\u00a0Minuten\" \/>\n<script type=\"application\/ld+json\" class=\"yoast-schema-graph\">{\"@context\":\"https:\/\/schema.org\",\"@graph\":[{\"@type\":\"Article\",\"@id\":\"https:\/\/www.szenik.eu\/de\/workshop-une-aventure-journalistique-avec-szenik-dans-le-cadre-du-festival-primeurs-2022-55975#article\",\"isPartOf\":{\"@id\":\"https:\/\/www.szenik.eu\/de\/workshop-une-aventure-journalistique-avec-szenik-dans-le-cadre-du-festival-primeurs-2022-55975\"},\"author\":{\"name\":\"szenik\",\"@id\":\"https:\/\/www.szenik.eu\/de\/#\/schema\/person\/15f73f175b41bad194837490339d48fb\"},\"headline\":\"Workshop: Ein journalistisches Abenteuer mit szenik im Rahmen des Festival Primeurs 2022\",\"datePublished\":\"2022-10-13T08:53:17+00:00\",\"dateModified\":\"2023-04-11T15:14:41+00:00\",\"mainEntityOfPage\":{\"@id\":\"https:\/\/www.szenik.eu\/de\/workshop-une-aventure-journalistique-avec-szenik-dans-le-cadre-du-festival-primeurs-2022-55975\"},\"wordCount\":399,\"commentCount\":0,\"publisher\":{\"@id\":\"https:\/\/www.szenik.eu\/de\/#organization\"},\"keywords\":[\"le carreau\",\"Saarl\u00e4ndisches Staatstheater\"],\"articleSection\":[\"Kurz &amp; knackig\",\"Magazin\"],\"inLanguage\":\"de\",\"potentialAction\":[{\"@type\":\"CommentAction\",\"name\":\"Comment\",\"target\":[\"https:\/\/www.szenik.eu\/de\/workshop-une-aventure-journalistique-avec-szenik-dans-le-cadre-du-festival-primeurs-2022-55975#respond\"]}]},{\"@type\":\"WebPage\",\"@id\":\"https:\/\/www.szenik.eu\/de\/workshop-une-aventure-journalistique-avec-szenik-dans-le-cadre-du-festival-primeurs-2022-55975\",\"url\":\"https:\/\/www.szenik.eu\/de\/workshop-une-aventure-journalistique-avec-szenik-dans-le-cadre-du-festival-primeurs-2022-55975\",\"name\":\"Festival Primeurs: Szenik bietet ein journalistisches Abenteuer an I szenik\",\"isPartOf\":{\"@id\":\"https:\/\/www.szenik.eu\/de\/#website\"},\"datePublished\":\"2022-10-13T08:53:17+00:00\",\"dateModified\":\"2023-04-11T15:14:41+00:00\",\"description\":\"Unser Team wird Sie bei der Erstellung eines redaktionellen Inhaltes begleiten und Ihnen somit das Festival auf eine andere Weise zeigen.\",\"breadcrumb\":{\"@id\":\"https:\/\/www.szenik.eu\/de\/workshop-une-aventure-journalistique-avec-szenik-dans-le-cadre-du-festival-primeurs-2022-55975#breadcrumb\"},\"inLanguage\":\"de\",\"potentialAction\":[{\"@type\":\"ReadAction\",\"target\":[\"https:\/\/www.szenik.eu\/de\/workshop-une-aventure-journalistique-avec-szenik-dans-le-cadre-du-festival-primeurs-2022-55975\"]}]},{\"@type\":\"BreadcrumbList\",\"@id\":\"https:\/\/www.szenik.eu\/de\/workshop-une-aventure-journalistique-avec-szenik-dans-le-cadre-du-festival-primeurs-2022-55975#breadcrumb\",\"itemListElement\":[{\"@type\":\"ListItem\",\"position\":1,\"name\":\"Home\",\"item\":\"https:\/\/www.szenik.eu\/de\"},{\"@type\":\"ListItem\",\"position\":2,\"name\":\"Workshop: Ein journalistisches Abenteuer mit szenik im Rahmen des Festival Primeurs 2022\"}]},{\"@type\":\"WebSite\",\"@id\":\"https:\/\/www.szenik.eu\/de\/#website\",\"url\":\"https:\/\/www.szenik.eu\/de\/\",\"name\":\"szenik\",\"description\":\"Le Meilleur des sc\u00e8nes au coeur de l&#039;Europe\",\"publisher\":{\"@id\":\"https:\/\/www.szenik.eu\/de\/#organization\"},\"potentialAction\":[{\"@type\":\"SearchAction\",\"target\":{\"@type\":\"EntryPoint\",\"urlTemplate\":\"https:\/\/www.szenik.eu\/de\/?s={search_term_string}\"},\"query-input\":\"required name=search_term_string\"}],\"inLanguage\":\"de\"},{\"@type\":\"Organization\",\"@id\":\"https:\/\/www.szenik.eu\/de\/#organization\",\"name\":\"Szenik\",\"url\":\"https:\/\/www.szenik.eu\/de\/\",\"logo\":{\"@type\":\"ImageObject\",\"inLanguage\":\"de\",\"@id\":\"https:\/\/www.szenik.eu\/de\/#\/schema\/logo\/image\/\",\"url\":\"https:\/\/www.szenik.eu\/wp-content\/uploads\/2019\/07\/logo-square.png\",\"contentUrl\":\"https:\/\/www.szenik.eu\/wp-content\/uploads\/2019\/07\/logo-square.png\",\"width\":512,\"height\":512,\"caption\":\"Szenik\"},\"image\":{\"@id\":\"https:\/\/www.szenik.eu\/de\/#\/schema\/logo\/image\/\"},\"sameAs\":[\"https:\/\/www.facebook.com\/szenik.eu\/\",\"https:\/\/twitter.com\/Szenik\",\"https:\/\/www.instagram.com\/szenik_magazine\/\",\"https:\/\/www.youtube.com\/user\/SzenikEU\/\"]},{\"@type\":\"Person\",\"@id\":\"https:\/\/www.szenik.eu\/de\/#\/schema\/person\/15f73f175b41bad194837490339d48fb\",\"name\":\"szenik\",\"image\":{\"@type\":\"ImageObject\",\"inLanguage\":\"de\",\"@id\":\"https:\/\/www.szenik.eu\/de\/#\/schema\/person\/image\/\",\"url\":\"https:\/\/secure.gravatar.com\/avatar\/d1c4f19522a624a4eaa5e6c03e22370b?s=96&d=mm&r=g\",\"contentUrl\":\"https:\/\/secure.gravatar.com\/avatar\/d1c4f19522a624a4eaa5e6c03e22370b?s=96&d=mm&r=g\",\"caption\":\"szenik\"}}]}<\/script>\n<!-- \/ Yoast SEO plugin. -->","yoast_head_json":{"title":"Festival Primeurs: Szenik bietet ein journalistisches Abenteuer an I szenik","description":"Unser Team wird Sie bei der Erstellung eines redaktionellen Inhaltes begleiten und Ihnen somit das Festival auf eine andere Weise zeigen.","robots":{"index":"index","follow":"follow","max-snippet":"max-snippet:-1","max-image-preview":"max-image-preview:large","max-video-preview":"max-video-preview:-1"},"canonical":"https:\/\/www.szenik.eu\/de\/workshop-une-aventure-journalistique-avec-szenik-dans-le-cadre-du-festival-primeurs-2022-55975","og_locale":"de_DE","og_type":"article","og_title":"Festival Primeurs: Szenik bietet ein journalistisches Abenteuer an I szenik","og_description":"Unser Team wird Sie bei der Erstellung eines redaktionellen Inhaltes begleiten und Ihnen somit das Festival auf eine andere Weise zeigen.","og_url":"https:\/\/www.szenik.eu\/de\/workshop-une-aventure-journalistique-avec-szenik-dans-le-cadre-du-festival-primeurs-2022-55975","og_site_name":"szenik","article_publisher":"https:\/\/www.facebook.com\/szenik.eu\/","article_published_time":"2022-10-13T08:53:17+00:00","article_modified_time":"2023-04-11T15:14:41+00:00","og_image":[{"width":1280,"height":720,"url":"https:\/\/www.szenik.eu\/wp-content\/uploads\/2022\/10\/bdc48df7-136d-9e44-90f2-8fc35a8ec728.jpg","type":"image\/jpeg"}],"author":"szenik","twitter_card":"summary_large_image","twitter_creator":"@Szenik","twitter_site":"@Szenik","twitter_misc":{"Verfasst von":"szenik","Gesch\u00e4tzte Lesezeit":"2\u00a0Minuten"},"schema":{"@context":"https:\/\/schema.org","@graph":[{"@type":"Article","@id":"https:\/\/www.szenik.eu\/de\/workshop-une-aventure-journalistique-avec-szenik-dans-le-cadre-du-festival-primeurs-2022-55975#article","isPartOf":{"@id":"https:\/\/www.szenik.eu\/de\/workshop-une-aventure-journalistique-avec-szenik-dans-le-cadre-du-festival-primeurs-2022-55975"},"author":{"name":"szenik","@id":"https:\/\/www.szenik.eu\/de\/#\/schema\/person\/15f73f175b41bad194837490339d48fb"},"headline":"Workshop: Ein journalistisches Abenteuer mit szenik im Rahmen des Festival Primeurs 2022","datePublished":"2022-10-13T08:53:17+00:00","dateModified":"2023-04-11T15:14:41+00:00","mainEntityOfPage":{"@id":"https:\/\/www.szenik.eu\/de\/workshop-une-aventure-journalistique-avec-szenik-dans-le-cadre-du-festival-primeurs-2022-55975"},"wordCount":399,"commentCount":0,"publisher":{"@id":"https:\/\/www.szenik.eu\/de\/#organization"},"keywords":["le carreau","Saarl\u00e4ndisches Staatstheater"],"articleSection":["Kurz &amp; knackig","Magazin"],"inLanguage":"de","potentialAction":[{"@type":"CommentAction","name":"Comment","target":["https:\/\/www.szenik.eu\/de\/workshop-une-aventure-journalistique-avec-szenik-dans-le-cadre-du-festival-primeurs-2022-55975#respond"]}]},{"@type":"WebPage","@id":"https:\/\/www.szenik.eu\/de\/workshop-une-aventure-journalistique-avec-szenik-dans-le-cadre-du-festival-primeurs-2022-55975","url":"https:\/\/www.szenik.eu\/de\/workshop-une-aventure-journalistique-avec-szenik-dans-le-cadre-du-festival-primeurs-2022-55975","name":"Festival Primeurs: Szenik bietet ein journalistisches Abenteuer an I szenik","isPartOf":{"@id":"https:\/\/www.szenik.eu\/de\/#website"},"datePublished":"2022-10-13T08:53:17+00:00","dateModified":"2023-04-11T15:14:41+00:00","description":"Unser Team wird Sie bei der Erstellung eines redaktionellen Inhaltes begleiten und Ihnen somit das Festival auf eine andere Weise zeigen.","breadcrumb":{"@id":"https:\/\/www.szenik.eu\/de\/workshop-une-aventure-journalistique-avec-szenik-dans-le-cadre-du-festival-primeurs-2022-55975#breadcrumb"},"inLanguage":"de","potentialAction":[{"@type":"ReadAction","target":["https:\/\/www.szenik.eu\/de\/workshop-une-aventure-journalistique-avec-szenik-dans-le-cadre-du-festival-primeurs-2022-55975"]}]},{"@type":"BreadcrumbList","@id":"https:\/\/www.szenik.eu\/de\/workshop-une-aventure-journalistique-avec-szenik-dans-le-cadre-du-festival-primeurs-2022-55975#breadcrumb","itemListElement":[{"@type":"ListItem","position":1,"name":"Home","item":"https:\/\/www.szenik.eu\/de"},{"@type":"ListItem","position":2,"name":"Workshop: Ein journalistisches Abenteuer mit szenik im Rahmen des Festival Primeurs 2022"}]},{"@type":"WebSite","@id":"https:\/\/www.szenik.eu\/de\/#website","url":"https:\/\/www.szenik.eu\/de\/","name":"szenik","description":"Le Meilleur des sc\u00e8nes au coeur de l&#039;Europe","publisher":{"@id":"https:\/\/www.szenik.eu\/de\/#organization"},"potentialAction":[{"@type":"SearchAction","target":{"@type":"EntryPoint","urlTemplate":"https:\/\/www.szenik.eu\/de\/?s={search_term_string}"},"query-input":"required name=search_term_string"}],"inLanguage":"de"},{"@type":"Organization","@id":"https:\/\/www.szenik.eu\/de\/#organization","name":"Szenik","url":"https:\/\/www.szenik.eu\/de\/","logo":{"@type":"ImageObject","inLanguage":"de","@id":"https:\/\/www.szenik.eu\/de\/#\/schema\/logo\/image\/","url":"https:\/\/www.szenik.eu\/wp-content\/uploads\/2019\/07\/logo-square.png","contentUrl":"https:\/\/www.szenik.eu\/wp-content\/uploads\/2019\/07\/logo-square.png","width":512,"height":512,"caption":"Szenik"},"image":{"@id":"https:\/\/www.szenik.eu\/de\/#\/schema\/logo\/image\/"},"sameAs":["https:\/\/www.facebook.com\/szenik.eu\/","https:\/\/twitter.com\/Szenik","https:\/\/www.instagram.com\/szenik_magazine\/","https:\/\/www.youtube.com\/user\/SzenikEU\/"]},{"@type":"Person","@id":"https:\/\/www.szenik.eu\/de\/#\/schema\/person\/15f73f175b41bad194837490339d48fb","name":"szenik","image":{"@type":"ImageObject","inLanguage":"de","@id":"https:\/\/www.szenik.eu\/de\/#\/schema\/person\/image\/","url":"https:\/\/secure.gravatar.com\/avatar\/d1c4f19522a624a4eaa5e6c03e22370b?s=96&d=mm&r=g","contentUrl":"https:\/\/secure.gravatar.com\/avatar\/d1c4f19522a624a4eaa5e6c03e22370b?s=96&d=mm&r=g","caption":"szenik"}}]}},"jetpack_featured_media_url":"https:\/\/www.szenik.eu\/wp-content\/uploads\/2022\/10\/bdc48df7-136d-9e44-90f2-8fc35a8ec728.jpg","amp_enabled":true,"_links":{"self":[{"href":"https:\/\/www.szenik.eu\/de\/wp-json\/\/wp\/v2\/posts\/55975"}],"collection":[{"href":"https:\/\/www.szenik.eu\/de\/wp-json\/\/wp\/v2\/posts"}],"about":[{"href":"https:\/\/www.szenik.eu\/de\/wp-json\/\/wp\/v2\/types\/post"}],"author":[{"embeddable":true,"href":"https:\/\/www.szenik.eu\/de\/wp-json\/\/wp\/v2\/users\/1"}],"replies":[{"embeddable":true,"href":"https:\/\/www.szenik.eu\/de\/wp-json\/\/wp\/v2\/comments?post=55975"}],"version-history":[{"count":6,"href":"https:\/\/www.szenik.eu\/de\/wp-json\/\/wp\/v2\/posts\/55975\/revisions"}],"predecessor-version":[{"id":56019,"href":"https:\/\/www.szenik.eu\/de\/wp-json\/\/wp\/v2\/posts\/55975\/revisions\/56019"}],"wp:featuredmedia":[{"embeddable":true,"href":"https:\/\/www.szenik.eu\/de\/wp-json\/\/wp\/v2\/media\/56001"}],"wp:attachment":[{"href":"https:\/\/www.szenik.eu\/de\/wp-json\/\/wp\/v2\/media?parent=55975"}],"wp:term":[{"taxonomy":"category","embeddable":true,"href":"https:\/\/www.szenik.eu\/de\/wp-json\/\/wp\/v2\/categories?post=55975"},{"taxonomy":"post_tag","embeddable":true,"href":"https:\/\/www.szenik.eu\/de\/wp-json\/\/wp\/v2\/tags?post=55975"}],"curies":[{"name":"wp","href":"https:\/\/api.w.org\/{rel}","templated":true}]}}