{"id":55833,"date":"2022-10-07T09:44:52","date_gmt":"2022-10-07T07:44:52","guid":{"rendered":"https:\/\/www.szenik.eu\/?p=55833\/"},"modified":"2022-10-07T09:44:54","modified_gmt":"2022-10-07T07:44:54","slug":"stadtensemble-am-nationaltheater-mannheim-als-motor-fuer-veraenderung-gefoerdert","status":"publish","type":"post","link":"https:\/\/www.szenik.eu\/de\/stadtensemble-am-nationaltheater-mannheim-als-motor-fuer-veraenderung-gefoerdert-55833","title":{"rendered":"Stadtensemble am Nationaltheater Mannheim als Motor f\u00fcr Ver\u00e4nderung gef\u00f6rdert"},"content":{"rendered":"\n<p><img decoding=\"async\" loading=\"lazy\" src=\"blob:https:\/\/www.szenik.eu\/4f63e786-bec1-4619-bbf3-84a7058d4b65\" alt=\"page1image3765488\" width=\"450.670000\" height=\"13.440000\"><\/p>\n\n\n\n<h2>Das Zentrum f\u00fcr Kulturelle Teilhabe Baden-W\u00fcrttemberg (ZfKT) f\u00f6rdert den Ausbau der Arbeit und die wissenschaftliche Begleitung des Stadtensembles am Nationaltheater Mannheim \u00fcber eine Projektlaufzeit von 2022-2024 mit einer F\u00f6rdersumme von 188.100 Euro.<\/h2>\n\n\n\n<div style=\"height:100px\" aria-hidden=\"true\" class=\"wp-block-spacer\"><\/div>\n\n\n\n<p><em>Pressemitteilung<\/em><\/p>\n\n\n\n<div style=\"height:100px\" aria-hidden=\"true\" class=\"wp-block-spacer\"><\/div>\n\n\n\n<p>\u201eDas Zentrum f\u00fcr Kulturelle\u00a0Teilhabe erm\u00f6glicht dem Nationaltheater Mannheim in einem mehrstufigen Evaluierungs-Verfahren herauszufinden, wie sein Stadtensemble und die dort geleistete Arbeit sich auf die Institution Theater auswirken. Das ist gut so, denn Partizipation ist kein Selbstzweck, sondern soll Neues ansto\u00dfen und \u00fcberraschende Perspektiven erm\u00f6glichen\u201c, sagte Kunststaatssekret\u00e4r Arne Braun.<\/p>\n\n\n\n<p>\u201eKulturinstitutionen stehen vor der Herausforderung,\u00a0sich so zu wandeln, dass sie interessante und relevante Orte\u00a0f\u00fcr ein breites Publikum bleiben\u201c, sagte Dr. Birte Werner, Leiterin\u00a0des ZfKT. \u201eMit der F\u00f6rderung unterst\u00fctzen wir das Stadtensemble, dessen Arbeit w\u00e4hrend\u00a0der Projektlaufzeit evaluiert und wissenschaftlich belgeitet werden soll. Uns interessiert, ob die nachhaltige k\u00fcnstlerische Zusammenarbeit des Nationaltheaters mit B\u00fcrger*innen im Stadtensemble Ver\u00e4nderungen im Theater als Ganzes ansto\u00dfen kann.\u201c\u00a0Geplant ist auch eine Anschluss-F\u00f6rderung, um die Ergebnisse aus der Projektlaufzeit mit der Fachwelt diskutieren und das Stadtensemble als m\u00f6gliches Modell f\u00fcr andere H\u00e4user vorstellen zu k\u00f6nnen.<\/p>\n\n\n\n<p>Das seit 2018 t\u00e4tige Mannheimer Stadtensemble ist als Abteilung der Sparte Schauspiel entstanden und f\u00fchrt die Mannheimer \u201eB\u00fcrgerb\u00fchne\u201c des Nationaltheater Mannheim (NTM) fort.&nbsp;Das Ensemble mit rund 35 Mitwirkenden ist vielf\u00e4ltig und spiegelt die breite Mannheimer Stadtgesellschaft: Verschiedenen Biografien, geografische, ethnische oder religi\u00f6se Hintergr\u00fcnde und Erfahrungen, verschiedene kulturelle Bed\u00fcrfnisse und Vorlieben flie\u00dfen in die Themenwahl und das k\u00fcnstlerische Arbeiten ein. Das Ensemble ist ein nachhaltiges Bindeglied zwischen Theater und Stadt.<\/p>\n\n\n\n<p>Beata Anna Schmutz, k\u00fcnstlerische Leiterin Mannheimer Stadtensemble: \u201eIch bedanke mich sehr f\u00fcr die F\u00f6rderung des Zentrums f\u00fcr Kulturelle Teilhabe Baden-W\u00fcrttemberg! Es ist f\u00fcr uns ein bedeutsames Zeichen der Wertsch\u00e4tzung unserer bisherigen Arbeit und eine Investition in zuk\u00fcnftige Strukturen. Wir k\u00f6nnen uns dadurch weiter organisatorisch und k\u00fcnstlerisch entwickeln. So haben wir mehr M\u00f6glichkeiten Kunstbeziehungen mit Menschen zu stiften und einen lebendigen Austausch mit und \u00fcber Kunst in unserer Stadt zu f\u00f6rdern.\u201c<\/p>\n\n\n\n<p>Christian Holtzhauer, Intendant Schauspiel und K\u00fcnstlerischer Leiter Internationale Schillertage: \u201eF\u00fcr mich ist die Kunst der Vermittlung eine zentrale Aufgabe eines \u00f6ffentlich gef\u00f6rderten Theaters, die alle Bev\u00f6lkerungsgruppen der Stadt betrifft. Es geht dabei um nicht weniger als das Recht aller B\u00fcrger*innen auf eine aktive Teilhabe an Kunst und damit an Gesellschaft. Daher freue ich mich au\u00dferordentlich \u00fcber die finanzielle Unterst\u00fctzung unseres 2018 gegr\u00fcndeten Mannheimer Stadtensembles durch das Zentrum f\u00fcr Kulturelle Teilhabe Baden-W\u00fcrttemberg.\u201c<\/p>\n\n\n\n<div style=\"height:100px\" aria-hidden=\"true\" class=\"wp-block-spacer\"><\/div>\n\n\n\n<div class=\"is-layout-flex wp-block-buttons\">\n<div class=\"wp-block-button aligncenter\"><a class=\"wp-block-button__link has-black-color has-luminous-vivid-amber-background-color has-text-color has-background\" href=\"https:\/\/www.nationaltheater-mannheim.de\/de\/mannheimer-stadtensemble\/allgemein.php\" target=\"_blank\" rel=\"noreferrer noopener\">Weitere Informationen zum Mannheimer Stadtensemble<\/a><\/div>\n<\/div>\n\n\n\n<div style=\"height:100px\" aria-hidden=\"true\" class=\"wp-block-spacer\"><\/div>\n\n\n\n<p class=\"has-small-font-size\">Foto: Christian Kleiner<\/p>\n\n\n\n<div style=\"height:100px\" aria-hidden=\"true\" class=\"wp-block-spacer\"><\/div>\n","protected":false},"excerpt":{"rendered":"<p>Das Zentrum f\u00fcr Kulturelle Teilhabe Baden-W\u00fcrttemberg (ZfKT) f\u00f6rdert den Ausbau der Arbeit und die wissenschaftliche Begleitung des Stadtensembles am Nationaltheater Mannheim \u00fcber eine Projektlaufzeit von 2022-2024 mit einer F\u00f6rdersumme von 188.100 Euro. Pressemitteilung \u201eDas Zentrum f\u00fcr Kulturelle\u00a0Teilhabe erm\u00f6glicht dem Nationaltheater Mannheim in einem mehrstufigen Evaluierungs-Verfahren herauszufinden, wie sein Stadtensemble und die dort geleistete Arbeit sich [&hellip;]<\/p>\n","protected":false},"author":1,"featured_media":55834,"comment_status":"open","ping_status":"open","sticky":false,"template":"","format":"standard","meta":{"_monsterinsights_skip_tracking":false,"_monsterinsights_sitenote_active":false,"_monsterinsights_sitenote_note":"","_monsterinsights_sitenote_category":0},"categories":[2815,53],"tags":[3304],"yoast_head":"<!-- This site is optimized with the Yoast SEO plugin v20.5 - https:\/\/yoast.com\/wordpress\/plugins\/seo\/ -->\n<title>Stadtensemble am NTM als Motor f\u00fcr Ver\u00e4nderung gef\u00f6rdert I szenik<\/title>\n<meta name=\"description\" content=\"Das Zentrum f\u00fcr Kulturelle Teilhabe Baden-W\u00fcrttemberg f\u00f6rdert den Ausbau der Arbeit des Stadtensembles am Nationaltheater Mannheim.\" \/>\n<meta name=\"robots\" content=\"index, follow, max-snippet:-1, max-image-preview:large, max-video-preview:-1\" \/>\n<link rel=\"canonical\" href=\"https:\/\/www.szenik.eu\/de\/stadtensemble-am-nationaltheater-mannheim-als-motor-fuer-veraenderung-gefoerdert-55833\" \/>\n<meta property=\"og:locale\" content=\"de_DE\" \/>\n<meta property=\"og:type\" content=\"article\" \/>\n<meta property=\"og:title\" content=\"Stadtensemble am NTM als Motor f\u00fcr Ver\u00e4nderung gef\u00f6rdert I szenik\" \/>\n<meta property=\"og:description\" content=\"Das Zentrum f\u00fcr Kulturelle Teilhabe Baden-W\u00fcrttemberg f\u00f6rdert den Ausbau der Arbeit des Stadtensembles am Nationaltheater Mannheim.\" \/>\n<meta property=\"og:url\" content=\"https:\/\/www.szenik.eu\/de\/stadtensemble-am-nationaltheater-mannheim-als-motor-fuer-veraenderung-gefoerdert-55833\" \/>\n<meta property=\"og:site_name\" content=\"szenik\" \/>\n<meta property=\"article:publisher\" content=\"https:\/\/www.facebook.com\/szenik.eu\/\" \/>\n<meta property=\"article:published_time\" content=\"2022-10-07T07:44:52+00:00\" \/>\n<meta property=\"article:modified_time\" content=\"2022-10-07T07:44:54+00:00\" \/>\n<meta property=\"og:image\" content=\"https:\/\/www.szenik.eu\/wp-content\/uploads\/2022\/10\/13674_sth9_fassade_2019_blanco_medium.jpg\" \/>\n\t<meta property=\"og:image:width\" content=\"836\" \/>\n\t<meta property=\"og:image:height\" content=\"430\" \/>\n\t<meta property=\"og:image:type\" content=\"image\/jpeg\" \/>\n<meta name=\"author\" content=\"szenik\" \/>\n<meta name=\"twitter:card\" content=\"summary_large_image\" \/>\n<meta name=\"twitter:creator\" content=\"@Szenik\" \/>\n<meta name=\"twitter:site\" content=\"@Szenik\" \/>\n<meta name=\"twitter:label1\" content=\"Verfasst von\" \/>\n\t<meta name=\"twitter:data1\" content=\"szenik\" \/>\n\t<meta name=\"twitter:label2\" content=\"Gesch\u00e4tzte Lesezeit\" \/>\n\t<meta name=\"twitter:data2\" content=\"3\u00a0Minuten\" \/>\n<script type=\"application\/ld+json\" class=\"yoast-schema-graph\">{\"@context\":\"https:\/\/schema.org\",\"@graph\":[{\"@type\":\"Article\",\"@id\":\"https:\/\/www.szenik.eu\/de\/stadtensemble-am-nationaltheater-mannheim-als-motor-fuer-veraenderung-gefoerdert-55833#article\",\"isPartOf\":{\"@id\":\"https:\/\/www.szenik.eu\/de\/stadtensemble-am-nationaltheater-mannheim-als-motor-fuer-veraenderung-gefoerdert-55833\"},\"author\":{\"name\":\"szenik\",\"@id\":\"https:\/\/www.szenik.eu\/de\/#\/schema\/person\/15f73f175b41bad194837490339d48fb\"},\"headline\":\"Stadtensemble am Nationaltheater Mannheim als Motor f\u00fcr Ver\u00e4nderung gef\u00f6rdert\",\"datePublished\":\"2022-10-07T07:44:52+00:00\",\"dateModified\":\"2022-10-07T07:44:54+00:00\",\"mainEntityOfPage\":{\"@id\":\"https:\/\/www.szenik.eu\/de\/stadtensemble-am-nationaltheater-mannheim-als-motor-fuer-veraenderung-gefoerdert-55833\"},\"wordCount\":458,\"commentCount\":0,\"publisher\":{\"@id\":\"https:\/\/www.szenik.eu\/de\/#organization\"},\"keywords\":[\"Nationaltheater Mannheim\"],\"articleSection\":[\"Kurz &amp; knackig\",\"Magazin\"],\"inLanguage\":\"de\",\"potentialAction\":[{\"@type\":\"CommentAction\",\"name\":\"Comment\",\"target\":[\"https:\/\/www.szenik.eu\/de\/stadtensemble-am-nationaltheater-mannheim-als-motor-fuer-veraenderung-gefoerdert-55833#respond\"]}]},{\"@type\":\"WebPage\",\"@id\":\"https:\/\/www.szenik.eu\/de\/stadtensemble-am-nationaltheater-mannheim-als-motor-fuer-veraenderung-gefoerdert-55833\",\"url\":\"https:\/\/www.szenik.eu\/de\/stadtensemble-am-nationaltheater-mannheim-als-motor-fuer-veraenderung-gefoerdert-55833\",\"name\":\"Stadtensemble am NTM als Motor f\u00fcr Ver\u00e4nderung gef\u00f6rdert I szenik\",\"isPartOf\":{\"@id\":\"https:\/\/www.szenik.eu\/de\/#website\"},\"datePublished\":\"2022-10-07T07:44:52+00:00\",\"dateModified\":\"2022-10-07T07:44:54+00:00\",\"description\":\"Das Zentrum f\u00fcr Kulturelle Teilhabe Baden-W\u00fcrttemberg f\u00f6rdert den Ausbau der Arbeit des Stadtensembles am Nationaltheater Mannheim.\",\"breadcrumb\":{\"@id\":\"https:\/\/www.szenik.eu\/de\/stadtensemble-am-nationaltheater-mannheim-als-motor-fuer-veraenderung-gefoerdert-55833#breadcrumb\"},\"inLanguage\":\"de\",\"potentialAction\":[{\"@type\":\"ReadAction\",\"target\":[\"https:\/\/www.szenik.eu\/de\/stadtensemble-am-nationaltheater-mannheim-als-motor-fuer-veraenderung-gefoerdert-55833\"]}]},{\"@type\":\"BreadcrumbList\",\"@id\":\"https:\/\/www.szenik.eu\/de\/stadtensemble-am-nationaltheater-mannheim-als-motor-fuer-veraenderung-gefoerdert-55833#breadcrumb\",\"itemListElement\":[{\"@type\":\"ListItem\",\"position\":1,\"name\":\"Home\",\"item\":\"https:\/\/www.szenik.eu\/de\"},{\"@type\":\"ListItem\",\"position\":2,\"name\":\"Stadtensemble am Nationaltheater Mannheim als Motor f\u00fcr Ver\u00e4nderung gef\u00f6rdert\"}]},{\"@type\":\"WebSite\",\"@id\":\"https:\/\/www.szenik.eu\/de\/#website\",\"url\":\"https:\/\/www.szenik.eu\/de\/\",\"name\":\"szenik\",\"description\":\"Le Meilleur des sc\u00e8nes au coeur de l&#039;Europe\",\"publisher\":{\"@id\":\"https:\/\/www.szenik.eu\/de\/#organization\"},\"potentialAction\":[{\"@type\":\"SearchAction\",\"target\":{\"@type\":\"EntryPoint\",\"urlTemplate\":\"https:\/\/www.szenik.eu\/de\/?s={search_term_string}\"},\"query-input\":\"required name=search_term_string\"}],\"inLanguage\":\"de\"},{\"@type\":\"Organization\",\"@id\":\"https:\/\/www.szenik.eu\/de\/#organization\",\"name\":\"Szenik\",\"url\":\"https:\/\/www.szenik.eu\/de\/\",\"logo\":{\"@type\":\"ImageObject\",\"inLanguage\":\"de\",\"@id\":\"https:\/\/www.szenik.eu\/de\/#\/schema\/logo\/image\/\",\"url\":\"https:\/\/www.szenik.eu\/wp-content\/uploads\/2019\/07\/logo-square.png\",\"contentUrl\":\"https:\/\/www.szenik.eu\/wp-content\/uploads\/2019\/07\/logo-square.png\",\"width\":512,\"height\":512,\"caption\":\"Szenik\"},\"image\":{\"@id\":\"https:\/\/www.szenik.eu\/de\/#\/schema\/logo\/image\/\"},\"sameAs\":[\"https:\/\/www.facebook.com\/szenik.eu\/\",\"https:\/\/twitter.com\/Szenik\",\"https:\/\/www.instagram.com\/szenik_magazine\/\",\"https:\/\/www.youtube.com\/user\/SzenikEU\/\"]},{\"@type\":\"Person\",\"@id\":\"https:\/\/www.szenik.eu\/de\/#\/schema\/person\/15f73f175b41bad194837490339d48fb\",\"name\":\"szenik\",\"image\":{\"@type\":\"ImageObject\",\"inLanguage\":\"de\",\"@id\":\"https:\/\/www.szenik.eu\/de\/#\/schema\/person\/image\/\",\"url\":\"https:\/\/secure.gravatar.com\/avatar\/d1c4f19522a624a4eaa5e6c03e22370b?s=96&d=mm&r=g\",\"contentUrl\":\"https:\/\/secure.gravatar.com\/avatar\/d1c4f19522a624a4eaa5e6c03e22370b?s=96&d=mm&r=g\",\"caption\":\"szenik\"}}]}<\/script>\n<!-- \/ Yoast SEO plugin. -->","yoast_head_json":{"title":"Stadtensemble am NTM als Motor f\u00fcr Ver\u00e4nderung gef\u00f6rdert I szenik","description":"Das Zentrum f\u00fcr Kulturelle Teilhabe Baden-W\u00fcrttemberg f\u00f6rdert den Ausbau der Arbeit des Stadtensembles am Nationaltheater Mannheim.","robots":{"index":"index","follow":"follow","max-snippet":"max-snippet:-1","max-image-preview":"max-image-preview:large","max-video-preview":"max-video-preview:-1"},"canonical":"https:\/\/www.szenik.eu\/de\/stadtensemble-am-nationaltheater-mannheim-als-motor-fuer-veraenderung-gefoerdert-55833","og_locale":"de_DE","og_type":"article","og_title":"Stadtensemble am NTM als Motor f\u00fcr Ver\u00e4nderung gef\u00f6rdert I szenik","og_description":"Das Zentrum f\u00fcr Kulturelle Teilhabe Baden-W\u00fcrttemberg f\u00f6rdert den Ausbau der Arbeit des Stadtensembles am Nationaltheater Mannheim.","og_url":"https:\/\/www.szenik.eu\/de\/stadtensemble-am-nationaltheater-mannheim-als-motor-fuer-veraenderung-gefoerdert-55833","og_site_name":"szenik","article_publisher":"https:\/\/www.facebook.com\/szenik.eu\/","article_published_time":"2022-10-07T07:44:52+00:00","article_modified_time":"2022-10-07T07:44:54+00:00","og_image":[{"width":836,"height":430,"url":"https:\/\/www.szenik.eu\/wp-content\/uploads\/2022\/10\/13674_sth9_fassade_2019_blanco_medium.jpg","type":"image\/jpeg"}],"author":"szenik","twitter_card":"summary_large_image","twitter_creator":"@Szenik","twitter_site":"@Szenik","twitter_misc":{"Verfasst von":"szenik","Gesch\u00e4tzte Lesezeit":"3\u00a0Minuten"},"schema":{"@context":"https:\/\/schema.org","@graph":[{"@type":"Article","@id":"https:\/\/www.szenik.eu\/de\/stadtensemble-am-nationaltheater-mannheim-als-motor-fuer-veraenderung-gefoerdert-55833#article","isPartOf":{"@id":"https:\/\/www.szenik.eu\/de\/stadtensemble-am-nationaltheater-mannheim-als-motor-fuer-veraenderung-gefoerdert-55833"},"author":{"name":"szenik","@id":"https:\/\/www.szenik.eu\/de\/#\/schema\/person\/15f73f175b41bad194837490339d48fb"},"headline":"Stadtensemble am Nationaltheater Mannheim als Motor f\u00fcr Ver\u00e4nderung gef\u00f6rdert","datePublished":"2022-10-07T07:44:52+00:00","dateModified":"2022-10-07T07:44:54+00:00","mainEntityOfPage":{"@id":"https:\/\/www.szenik.eu\/de\/stadtensemble-am-nationaltheater-mannheim-als-motor-fuer-veraenderung-gefoerdert-55833"},"wordCount":458,"commentCount":0,"publisher":{"@id":"https:\/\/www.szenik.eu\/de\/#organization"},"keywords":["Nationaltheater Mannheim"],"articleSection":["Kurz &amp; knackig","Magazin"],"inLanguage":"de","potentialAction":[{"@type":"CommentAction","name":"Comment","target":["https:\/\/www.szenik.eu\/de\/stadtensemble-am-nationaltheater-mannheim-als-motor-fuer-veraenderung-gefoerdert-55833#respond"]}]},{"@type":"WebPage","@id":"https:\/\/www.szenik.eu\/de\/stadtensemble-am-nationaltheater-mannheim-als-motor-fuer-veraenderung-gefoerdert-55833","url":"https:\/\/www.szenik.eu\/de\/stadtensemble-am-nationaltheater-mannheim-als-motor-fuer-veraenderung-gefoerdert-55833","name":"Stadtensemble am NTM als Motor f\u00fcr Ver\u00e4nderung gef\u00f6rdert I szenik","isPartOf":{"@id":"https:\/\/www.szenik.eu\/de\/#website"},"datePublished":"2022-10-07T07:44:52+00:00","dateModified":"2022-10-07T07:44:54+00:00","description":"Das Zentrum f\u00fcr Kulturelle Teilhabe Baden-W\u00fcrttemberg f\u00f6rdert den Ausbau der Arbeit des Stadtensembles am Nationaltheater Mannheim.","breadcrumb":{"@id":"https:\/\/www.szenik.eu\/de\/stadtensemble-am-nationaltheater-mannheim-als-motor-fuer-veraenderung-gefoerdert-55833#breadcrumb"},"inLanguage":"de","potentialAction":[{"@type":"ReadAction","target":["https:\/\/www.szenik.eu\/de\/stadtensemble-am-nationaltheater-mannheim-als-motor-fuer-veraenderung-gefoerdert-55833"]}]},{"@type":"BreadcrumbList","@id":"https:\/\/www.szenik.eu\/de\/stadtensemble-am-nationaltheater-mannheim-als-motor-fuer-veraenderung-gefoerdert-55833#breadcrumb","itemListElement":[{"@type":"ListItem","position":1,"name":"Home","item":"https:\/\/www.szenik.eu\/de"},{"@type":"ListItem","position":2,"name":"Stadtensemble am Nationaltheater Mannheim als Motor f\u00fcr Ver\u00e4nderung gef\u00f6rdert"}]},{"@type":"WebSite","@id":"https:\/\/www.szenik.eu\/de\/#website","url":"https:\/\/www.szenik.eu\/de\/","name":"szenik","description":"Le Meilleur des sc\u00e8nes au coeur de l&#039;Europe","publisher":{"@id":"https:\/\/www.szenik.eu\/de\/#organization"},"potentialAction":[{"@type":"SearchAction","target":{"@type":"EntryPoint","urlTemplate":"https:\/\/www.szenik.eu\/de\/?s={search_term_string}"},"query-input":"required name=search_term_string"}],"inLanguage":"de"},{"@type":"Organization","@id":"https:\/\/www.szenik.eu\/de\/#organization","name":"Szenik","url":"https:\/\/www.szenik.eu\/de\/","logo":{"@type":"ImageObject","inLanguage":"de","@id":"https:\/\/www.szenik.eu\/de\/#\/schema\/logo\/image\/","url":"https:\/\/www.szenik.eu\/wp-content\/uploads\/2019\/07\/logo-square.png","contentUrl":"https:\/\/www.szenik.eu\/wp-content\/uploads\/2019\/07\/logo-square.png","width":512,"height":512,"caption":"Szenik"},"image":{"@id":"https:\/\/www.szenik.eu\/de\/#\/schema\/logo\/image\/"},"sameAs":["https:\/\/www.facebook.com\/szenik.eu\/","https:\/\/twitter.com\/Szenik","https:\/\/www.instagram.com\/szenik_magazine\/","https:\/\/www.youtube.com\/user\/SzenikEU\/"]},{"@type":"Person","@id":"https:\/\/www.szenik.eu\/de\/#\/schema\/person\/15f73f175b41bad194837490339d48fb","name":"szenik","image":{"@type":"ImageObject","inLanguage":"de","@id":"https:\/\/www.szenik.eu\/de\/#\/schema\/person\/image\/","url":"https:\/\/secure.gravatar.com\/avatar\/d1c4f19522a624a4eaa5e6c03e22370b?s=96&d=mm&r=g","contentUrl":"https:\/\/secure.gravatar.com\/avatar\/d1c4f19522a624a4eaa5e6c03e22370b?s=96&d=mm&r=g","caption":"szenik"}}]}},"jetpack_featured_media_url":"https:\/\/www.szenik.eu\/wp-content\/uploads\/2022\/10\/13674_sth9_fassade_2019_blanco_medium.jpg","amp_enabled":true,"_links":{"self":[{"href":"https:\/\/www.szenik.eu\/de\/wp-json\/\/wp\/v2\/posts\/55833"}],"collection":[{"href":"https:\/\/www.szenik.eu\/de\/wp-json\/\/wp\/v2\/posts"}],"about":[{"href":"https:\/\/www.szenik.eu\/de\/wp-json\/\/wp\/v2\/types\/post"}],"author":[{"embeddable":true,"href":"https:\/\/www.szenik.eu\/de\/wp-json\/\/wp\/v2\/users\/1"}],"replies":[{"embeddable":true,"href":"https:\/\/www.szenik.eu\/de\/wp-json\/\/wp\/v2\/comments?post=55833"}],"version-history":[{"count":1,"href":"https:\/\/www.szenik.eu\/de\/wp-json\/\/wp\/v2\/posts\/55833\/revisions"}],"predecessor-version":[{"id":55836,"href":"https:\/\/www.szenik.eu\/de\/wp-json\/\/wp\/v2\/posts\/55833\/revisions\/55836"}],"wp:featuredmedia":[{"embeddable":true,"href":"https:\/\/www.szenik.eu\/de\/wp-json\/\/wp\/v2\/media\/55834"}],"wp:attachment":[{"href":"https:\/\/www.szenik.eu\/de\/wp-json\/\/wp\/v2\/media?parent=55833"}],"wp:term":[{"taxonomy":"category","embeddable":true,"href":"https:\/\/www.szenik.eu\/de\/wp-json\/\/wp\/v2\/categories?post=55833"},{"taxonomy":"post_tag","embeddable":true,"href":"https:\/\/www.szenik.eu\/de\/wp-json\/\/wp\/v2\/tags?post=55833"}],"curies":[{"name":"wp","href":"https:\/\/api.w.org\/{rel}","templated":true}]}}