{"id":55540,"date":"2022-09-28T15:03:54","date_gmt":"2022-09-28T13:03:54","guid":{"rendered":"https:\/\/www.szenik.eu\/?p=55540\/"},"modified":"2022-09-29T09:06:00","modified_gmt":"2022-09-29T07:06:00","slug":"maillon-die-europaeisches-darstellende-kunst-bereitet-seine-oekologische-revolution-in-strassburg-vor","status":"publish","type":"post","link":"https:\/\/www.szenik.eu\/de\/maillon-die-europaeisches-darstellende-kunst-bereitet-seine-oekologische-revolution-in-strassburg-vor-55540","title":{"rendered":"Die europ\u00e4isches darstellende Kunst bereitet ihre \u00f6kologische Revolution im Stra\u00dfburger Maillon vor!"},"content":{"rendered":"\n<h2>Das Europ\u00e4ische Forum <a href=\"https:\/\/www.maillon.eu\/spectacle\/987\/forum-europeen\" target=\"_blank\" rel=\"noreferrer noopener\"><em><strong>Wh<\/strong><\/em><strong><em>ere to land, embedding european performing arts in the new climat regime<\/em><\/strong><\/a>, findet im Maillon am 5. und 6. Oktober 2022 statt. <strong>Verschiedene Veranstaltungen k\u00f6nnen von Privatpersonen besucht werden und werden in den sozialen Netzwerken des Maillon live \u00fcbertragen. <\/strong><\/h2>\n\n\n\n<div style=\"height:124px\" aria-hidden=\"true\" class=\"wp-block-spacer\"><\/div>\n\n\n\n<p><strong>PROGRAMM<\/strong><br>\u2192 2 Tage Konferenz und Workshops<br>\u2192 100 Fachleute aus dem Bereich der darstellenden K\u00fcnste<br>\u2192 10 europ\u00e4ische Expertinnen und Experten<br>\u2192 1 Plan mit konkreten Ma\u00dfnahmen in den n\u00e4chsten 5 Jahren<\/p>\n\n\n\n<div style=\"height:116px\" aria-hidden=\"true\" class=\"wp-block-spacer\"><\/div>\n\n\n\n<p>Die \u00f6kologische Dringlichkeit setzt einen tiefgreifenden Paradigmenwechsel voraus, der alle Bereiche der menschlichen Aktivit\u00e4t fordert. Der Kultursektor ist dabei genauso gefordert wie alle anderen Sektoren. Er ist ein gro\u00dfer Verbraucher in den prim\u00e4ren Sektoren der Treibhausgasemissionen (Verkehr, Energie, Landwirtschaft usw.) und muss sich umstellen, um nicht kurzfristig einen \u00dcbergang zu erleiden, der umso heftiger ausf\u00e4llt, je weniger er durchdacht und gew\u00e4hlt wurde.<br>Dies ist die \u00dcberzeugung von Hunderten von europ\u00e4ischen Kulturschaffenden, die seit Januar 2022 im Rahmen der Initiative Where to land zusammengekommen sind.<\/p>\n\n\n\n<p>Die Initiative begann mit einem europ\u00e4ischen Dialog, der den Transfer von Fachwissen und Erfahrungen zwischen nationalen und lokalen Realit\u00e4ten erm\u00f6glichen sollte, die sich auf unterschiedliche Weise mit der Frage der \u00f6kologischen Umlenkung besch\u00e4ftigen. Die Perspektive von Where to land ist jedoch vor allem handlungsorientiert. Sie zielt darauf ab, ein Bezugssystem f\u00fcr individuelle und systemische Ma\u00dfnahmen aufzubauen, um die notwendige Transformation herbeizuf\u00fchren. Sie wird auch die notwendigen Entwicklungen der \u00f6ffentlichen Politik formulieren, um den Sektor handlungsf\u00e4hig zu machen.<\/p>\n\n\n\n<p>Wie kann man sich die Kulturgeb\u00e4ude von morgen vorstellen? Wie kann man das kreative Schaffen unter dem Gesichtspunkt des \u00d6ko-Designs und der \u00d6ko-Produktion betrachten, ohne die Freiheit der K\u00fcnstler zu beschneiden? Wie kann man das Touring auf vern\u00fcnftige Weise organisieren? Die Mobilit\u00e4t des Publikums \u00fcberdenken? Die Auswirkungen der digitalen Kultur auf die Umwelt verringern? Wie kann eine \u00f6kologische Planung sowohl auf lokaler als auch auf europ\u00e4ischer Ebene organisiert werden?<\/p>\n\n\n\n<p>Um diese Fragen herum werden sich rund 100 Experten f\u00fcr den \u00f6kologischen Wandel, politische Akteure und Fachleute aus dem Bereich der darstellenden K\u00fcnste (K\u00fcnstler, Leiter von Einrichtungen&#8230;) aus ganz Europa versammeln.<\/p>\n\n\n\n<p>In Plenarsitzungen und partizipativen thematischen Workshops werden sie Werkzeuge f\u00fcr eine verantwortungsvolle Kulturproduktion entwerfen und diskutieren, die Achsen einer notwendigen Reorganisation des Kultursektors aufzeigen und Empfehlungen f\u00fcr die Politik ausarbeiten, um die Akteur :innen zu unterst\u00fctzen und den aktuellen \u00f6kologischen Herausforderungen gerecht zu werden.<br><\/p>\n\n\n\n<div style=\"height:19px\" aria-hidden=\"true\" class=\"wp-block-spacer\"><\/div>\n\n\n\n<h4 class=\"has-vivid-cyan-blue-color has-text-color\"><strong>WORKSHOPS<\/strong><\/h4>\n\n\n\n<p><br><strong>Workshop 1<\/strong> <strong>:<\/strong> Mobilit\u00e4t von K\u00fcnstlern und anderen Kulturschaffenden &#8211; Marie Le Sourd, On the Move (BE)<br><strong>Workshop 2 :<\/strong> Mobilit\u00e4t des Publikums &#8211; Samuel Valensi, The Shift Project (FR)<br><strong>Workshop 3 : <\/strong>Geb\u00e4ude, Energie &#8211; Caro Overy, Creative Carbon Scotland (SCO)<br><strong>Workshop 4 :<\/strong> Kreislaufwirtschaft und \u00d6kodesign &#8211; Thierry Leonardi, Berater (FR)<br><strong>Workshop 5 :<\/strong> K\u00fcnstlerisches Schaffen und neue Narrative &#8211; Christophe Meierhans, K\u00fcnstler (SW)<br><strong>Workshop 6 :<\/strong> Nachhaltige Digitalisierung \u2013 Robert Gabriel, Metamine (DE)<br><strong>Workshop 7 :<\/strong> Methodik der Fussabdruckmessung &#8211; Nadia Mirabella, Chloe Sustainability (SP)<br><strong>Workshop 8 : <\/strong>Ausbildung der Akteur:innen &#8211; Chiara Badiali, Julie\u2019s Bicycle (GB)<br><strong>Workshop 9 :<\/strong> Auf der Suche nach einem ressourcenschonendem Modell \u2013 Mladen Domazet, Institute for Political Ecology Zagreb (CRO)<br><strong>Workshop 10 :<\/strong> Den \u00dcbergang des Sektors der darstellenden K\u00fcnste auf europ\u00e4ischer Ebene steuern &#8211; Ben Twist, Creative Carbon Scotland (SCO)<\/p>\n\n\n\n<div style=\"height:100px\" aria-hidden=\"true\" class=\"wp-block-spacer\"><\/div>\n\n\n\n<h4 class=\"has-text-align-center\"><strong>Das ganze Programm auf der Website des Maillon &#8211; Th\u00e9\u00e2tre de Strasbourg &#8211; Sc\u00e8ne Europ\u00e9enne: <a href=\"https:\/\/www.maillon.eu\/de\/spectacle\/988\/europaeisches-forum\" target=\"_blank\" rel=\"noreferrer noopener\">www.maillon.eu<\/a><\/strong><\/h4>\n\n\n\n<div style=\"height:160px\" aria-hidden=\"true\" class=\"wp-block-spacer\"><\/div>\n","protected":false},"excerpt":{"rendered":"<p>Das Europ\u00e4ische Forum Where to land, embedding european performing arts in the new climat regime, findet im Maillon am 5. und 6. Oktober 2022 statt. Verschiedene Veranstaltungen k\u00f6nnen von Privatpersonen besucht werden und werden in den sozialen Netzwerken des Maillon live \u00fcbertragen. PROGRAMM\u2192 2 Tage Konferenz und Workshops\u2192 100 Fachleute aus dem Bereich der darstellenden [&hellip;]<\/p>\n","protected":false},"author":1,"featured_media":55527,"comment_status":"open","ping_status":"open","sticky":false,"template":"","format":"standard","meta":{"_monsterinsights_skip_tracking":false,"_monsterinsights_sitenote_active":false,"_monsterinsights_sitenote_note":"","_monsterinsights_sitenote_category":0},"categories":[2815,53],"tags":[21359,21360,21361,21362,21363,21364,21365,21366,10385,21367,21368,21369,21370,21371,21372,21373,21374,21375],"yoast_head":"<!-- This site is optimized with the Yoast SEO plugin v20.5 - https:\/\/yoast.com\/wordpress\/plugins\/seo\/ -->\n<title>Europ\u00e4isches Forum Where to land am 5. und 6.10. im Maillon | szenik<\/title>\n<meta name=\"description\" content=\"Where to land im Maillon: Die europ\u00e4isches darstellende Kunst bereitet ihre \u00f6kologische Revolution in Stra\u00dfburg vor!\" \/>\n<meta name=\"robots\" content=\"index, follow, max-snippet:-1, max-image-preview:large, max-video-preview:-1\" \/>\n<link rel=\"canonical\" href=\"https:\/\/www.szenik.eu\/de\/maillon-die-europaeisches-darstellende-kunst-bereitet-seine-oekologische-revolution-in-strassburg-vor-55540\" \/>\n<meta property=\"og:locale\" content=\"de_DE\" \/>\n<meta property=\"og:type\" content=\"article\" \/>\n<meta property=\"og:title\" content=\"Europ\u00e4isches Forum Where to land am 5. und 6.10. im Maillon | szenik\" \/>\n<meta property=\"og:description\" content=\"Where to land im Maillon: Die europ\u00e4isches darstellende Kunst bereitet ihre \u00f6kologische Revolution in Stra\u00dfburg vor!\" \/>\n<meta property=\"og:url\" content=\"https:\/\/www.szenik.eu\/de\/maillon-die-europaeisches-darstellende-kunst-bereitet-seine-oekologische-revolution-in-strassburg-vor-55540\" \/>\n<meta property=\"og:site_name\" content=\"szenik\" \/>\n<meta property=\"article:publisher\" content=\"https:\/\/www.facebook.com\/szenik.eu\/\" \/>\n<meta property=\"article:published_time\" content=\"2022-09-28T13:03:54+00:00\" \/>\n<meta property=\"article:modified_time\" content=\"2022-09-29T07:06:00+00:00\" \/>\n<meta property=\"og:image\" content=\"https:\/\/www.szenik.eu\/wp-content\/uploads\/2022\/09\/Capture-de\u0301cran-2022-09-28-a\u0300-14.26.21.png\" \/>\n\t<meta property=\"og:image:width\" content=\"781\" \/>\n\t<meta property=\"og:image:height\" content=\"598\" \/>\n\t<meta property=\"og:image:type\" content=\"image\/png\" \/>\n<meta name=\"author\" content=\"szenik\" \/>\n<meta name=\"twitter:card\" content=\"summary_large_image\" \/>\n<meta name=\"twitter:creator\" content=\"@Szenik\" \/>\n<meta name=\"twitter:site\" content=\"@Szenik\" \/>\n<meta name=\"twitter:label1\" content=\"Verfasst von\" \/>\n\t<meta name=\"twitter:data1\" content=\"szenik\" \/>\n\t<meta name=\"twitter:label2\" content=\"Gesch\u00e4tzte Lesezeit\" \/>\n\t<meta name=\"twitter:data2\" content=\"3\u00a0Minuten\" \/>\n<script type=\"application\/ld+json\" class=\"yoast-schema-graph\">{\"@context\":\"https:\/\/schema.org\",\"@graph\":[{\"@type\":\"Article\",\"@id\":\"https:\/\/www.szenik.eu\/de\/maillon-die-europaeisches-darstellende-kunst-bereitet-seine-oekologische-revolution-in-strassburg-vor-55540#article\",\"isPartOf\":{\"@id\":\"https:\/\/www.szenik.eu\/de\/maillon-die-europaeisches-darstellende-kunst-bereitet-seine-oekologische-revolution-in-strassburg-vor-55540\"},\"author\":{\"name\":\"szenik\",\"@id\":\"https:\/\/www.szenik.eu\/de\/#\/schema\/person\/15f73f175b41bad194837490339d48fb\"},\"headline\":\"Die europ\u00e4isches darstellende Kunst bereitet ihre \u00f6kologische Revolution im Stra\u00dfburger Maillon vor!\",\"datePublished\":\"2022-09-28T13:03:54+00:00\",\"dateModified\":\"2022-09-29T07:06:00+00:00\",\"mainEntityOfPage\":{\"@id\":\"https:\/\/www.szenik.eu\/de\/maillon-die-europaeisches-darstellende-kunst-bereitet-seine-oekologische-revolution-in-strassburg-vor-55540\"},\"wordCount\":562,\"commentCount\":0,\"publisher\":{\"@id\":\"https:\/\/www.szenik.eu\/de\/#organization\"},\"keywords\":[\"Caro Overy\",\"Chiari Badiali\",\"Chloe Sustainability\",\"Christophe Meierhans\",\"Creative Carbon Scotland\",\"Giada Calvano\",\"Iphigenia Taxopoulou\",\"Julie&#039;s Bycicle\",\"Maillon\",\"Marie Le Sourd\",\"Metamine\",\"mitos21\",\"MLADEN DOMAZET\",\"Nadia Mirabella\",\"On the move\",\"Robert Gabriel\",\"Samuel Valensi\",\"Thierry Leonardi\"],\"articleSection\":[\"Kurz &amp; knackig\",\"Magazin\"],\"inLanguage\":\"de\",\"potentialAction\":[{\"@type\":\"CommentAction\",\"name\":\"Comment\",\"target\":[\"https:\/\/www.szenik.eu\/de\/maillon-die-europaeisches-darstellende-kunst-bereitet-seine-oekologische-revolution-in-strassburg-vor-55540#respond\"]}]},{\"@type\":\"WebPage\",\"@id\":\"https:\/\/www.szenik.eu\/de\/maillon-die-europaeisches-darstellende-kunst-bereitet-seine-oekologische-revolution-in-strassburg-vor-55540\",\"url\":\"https:\/\/www.szenik.eu\/de\/maillon-die-europaeisches-darstellende-kunst-bereitet-seine-oekologische-revolution-in-strassburg-vor-55540\",\"name\":\"Europ\u00e4isches Forum Where to land am 5. und 6.10. im Maillon | szenik\",\"isPartOf\":{\"@id\":\"https:\/\/www.szenik.eu\/de\/#website\"},\"datePublished\":\"2022-09-28T13:03:54+00:00\",\"dateModified\":\"2022-09-29T07:06:00+00:00\",\"description\":\"Where to land im Maillon: Die europ\u00e4isches darstellende Kunst bereitet ihre \u00f6kologische Revolution in Stra\u00dfburg vor!\",\"breadcrumb\":{\"@id\":\"https:\/\/www.szenik.eu\/de\/maillon-die-europaeisches-darstellende-kunst-bereitet-seine-oekologische-revolution-in-strassburg-vor-55540#breadcrumb\"},\"inLanguage\":\"de\",\"potentialAction\":[{\"@type\":\"ReadAction\",\"target\":[\"https:\/\/www.szenik.eu\/de\/maillon-die-europaeisches-darstellende-kunst-bereitet-seine-oekologische-revolution-in-strassburg-vor-55540\"]}]},{\"@type\":\"BreadcrumbList\",\"@id\":\"https:\/\/www.szenik.eu\/de\/maillon-die-europaeisches-darstellende-kunst-bereitet-seine-oekologische-revolution-in-strassburg-vor-55540#breadcrumb\",\"itemListElement\":[{\"@type\":\"ListItem\",\"position\":1,\"name\":\"Home\",\"item\":\"https:\/\/www.szenik.eu\/de\"},{\"@type\":\"ListItem\",\"position\":2,\"name\":\"Die europ\u00e4isches darstellende Kunst bereitet ihre \u00f6kologische Revolution im Stra\u00dfburger Maillon vor!\"}]},{\"@type\":\"WebSite\",\"@id\":\"https:\/\/www.szenik.eu\/de\/#website\",\"url\":\"https:\/\/www.szenik.eu\/de\/\",\"name\":\"szenik\",\"description\":\"Le Meilleur des sc\u00e8nes au coeur de l&#039;Europe\",\"publisher\":{\"@id\":\"https:\/\/www.szenik.eu\/de\/#organization\"},\"potentialAction\":[{\"@type\":\"SearchAction\",\"target\":{\"@type\":\"EntryPoint\",\"urlTemplate\":\"https:\/\/www.szenik.eu\/de\/?s={search_term_string}\"},\"query-input\":\"required name=search_term_string\"}],\"inLanguage\":\"de\"},{\"@type\":\"Organization\",\"@id\":\"https:\/\/www.szenik.eu\/de\/#organization\",\"name\":\"Szenik\",\"url\":\"https:\/\/www.szenik.eu\/de\/\",\"logo\":{\"@type\":\"ImageObject\",\"inLanguage\":\"de\",\"@id\":\"https:\/\/www.szenik.eu\/de\/#\/schema\/logo\/image\/\",\"url\":\"https:\/\/www.szenik.eu\/wp-content\/uploads\/2019\/07\/logo-square.png\",\"contentUrl\":\"https:\/\/www.szenik.eu\/wp-content\/uploads\/2019\/07\/logo-square.png\",\"width\":512,\"height\":512,\"caption\":\"Szenik\"},\"image\":{\"@id\":\"https:\/\/www.szenik.eu\/de\/#\/schema\/logo\/image\/\"},\"sameAs\":[\"https:\/\/www.facebook.com\/szenik.eu\/\",\"https:\/\/twitter.com\/Szenik\",\"https:\/\/www.instagram.com\/szenik_magazine\/\",\"https:\/\/www.youtube.com\/user\/SzenikEU\/\"]},{\"@type\":\"Person\",\"@id\":\"https:\/\/www.szenik.eu\/de\/#\/schema\/person\/15f73f175b41bad194837490339d48fb\",\"name\":\"szenik\",\"image\":{\"@type\":\"ImageObject\",\"inLanguage\":\"de\",\"@id\":\"https:\/\/www.szenik.eu\/de\/#\/schema\/person\/image\/\",\"url\":\"https:\/\/secure.gravatar.com\/avatar\/d1c4f19522a624a4eaa5e6c03e22370b?s=96&d=mm&r=g\",\"contentUrl\":\"https:\/\/secure.gravatar.com\/avatar\/d1c4f19522a624a4eaa5e6c03e22370b?s=96&d=mm&r=g\",\"caption\":\"szenik\"}}]}<\/script>\n<!-- \/ Yoast SEO plugin. -->","yoast_head_json":{"title":"Europ\u00e4isches Forum Where to land am 5. und 6.10. im Maillon | szenik","description":"Where to land im Maillon: Die europ\u00e4isches darstellende Kunst bereitet ihre \u00f6kologische Revolution in Stra\u00dfburg vor!","robots":{"index":"index","follow":"follow","max-snippet":"max-snippet:-1","max-image-preview":"max-image-preview:large","max-video-preview":"max-video-preview:-1"},"canonical":"https:\/\/www.szenik.eu\/de\/maillon-die-europaeisches-darstellende-kunst-bereitet-seine-oekologische-revolution-in-strassburg-vor-55540","og_locale":"de_DE","og_type":"article","og_title":"Europ\u00e4isches Forum Where to land am 5. und 6.10. im Maillon | szenik","og_description":"Where to land im Maillon: Die europ\u00e4isches darstellende Kunst bereitet ihre \u00f6kologische Revolution in Stra\u00dfburg vor!","og_url":"https:\/\/www.szenik.eu\/de\/maillon-die-europaeisches-darstellende-kunst-bereitet-seine-oekologische-revolution-in-strassburg-vor-55540","og_site_name":"szenik","article_publisher":"https:\/\/www.facebook.com\/szenik.eu\/","article_published_time":"2022-09-28T13:03:54+00:00","article_modified_time":"2022-09-29T07:06:00+00:00","og_image":[{"width":781,"height":598,"url":"https:\/\/www.szenik.eu\/wp-content\/uploads\/2022\/09\/Capture-de\u0301cran-2022-09-28-a\u0300-14.26.21.png","type":"image\/png"}],"author":"szenik","twitter_card":"summary_large_image","twitter_creator":"@Szenik","twitter_site":"@Szenik","twitter_misc":{"Verfasst von":"szenik","Gesch\u00e4tzte Lesezeit":"3\u00a0Minuten"},"schema":{"@context":"https:\/\/schema.org","@graph":[{"@type":"Article","@id":"https:\/\/www.szenik.eu\/de\/maillon-die-europaeisches-darstellende-kunst-bereitet-seine-oekologische-revolution-in-strassburg-vor-55540#article","isPartOf":{"@id":"https:\/\/www.szenik.eu\/de\/maillon-die-europaeisches-darstellende-kunst-bereitet-seine-oekologische-revolution-in-strassburg-vor-55540"},"author":{"name":"szenik","@id":"https:\/\/www.szenik.eu\/de\/#\/schema\/person\/15f73f175b41bad194837490339d48fb"},"headline":"Die europ\u00e4isches darstellende Kunst bereitet ihre \u00f6kologische Revolution im Stra\u00dfburger Maillon vor!","datePublished":"2022-09-28T13:03:54+00:00","dateModified":"2022-09-29T07:06:00+00:00","mainEntityOfPage":{"@id":"https:\/\/www.szenik.eu\/de\/maillon-die-europaeisches-darstellende-kunst-bereitet-seine-oekologische-revolution-in-strassburg-vor-55540"},"wordCount":562,"commentCount":0,"publisher":{"@id":"https:\/\/www.szenik.eu\/de\/#organization"},"keywords":["Caro Overy","Chiari Badiali","Chloe Sustainability","Christophe Meierhans","Creative Carbon Scotland","Giada Calvano","Iphigenia Taxopoulou","Julie&#039;s Bycicle","Maillon","Marie Le Sourd","Metamine","mitos21","MLADEN DOMAZET","Nadia Mirabella","On the move","Robert Gabriel","Samuel Valensi","Thierry Leonardi"],"articleSection":["Kurz &amp; knackig","Magazin"],"inLanguage":"de","potentialAction":[{"@type":"CommentAction","name":"Comment","target":["https:\/\/www.szenik.eu\/de\/maillon-die-europaeisches-darstellende-kunst-bereitet-seine-oekologische-revolution-in-strassburg-vor-55540#respond"]}]},{"@type":"WebPage","@id":"https:\/\/www.szenik.eu\/de\/maillon-die-europaeisches-darstellende-kunst-bereitet-seine-oekologische-revolution-in-strassburg-vor-55540","url":"https:\/\/www.szenik.eu\/de\/maillon-die-europaeisches-darstellende-kunst-bereitet-seine-oekologische-revolution-in-strassburg-vor-55540","name":"Europ\u00e4isches Forum Where to land am 5. und 6.10. im Maillon | szenik","isPartOf":{"@id":"https:\/\/www.szenik.eu\/de\/#website"},"datePublished":"2022-09-28T13:03:54+00:00","dateModified":"2022-09-29T07:06:00+00:00","description":"Where to land im Maillon: Die europ\u00e4isches darstellende Kunst bereitet ihre \u00f6kologische Revolution in Stra\u00dfburg vor!","breadcrumb":{"@id":"https:\/\/www.szenik.eu\/de\/maillon-die-europaeisches-darstellende-kunst-bereitet-seine-oekologische-revolution-in-strassburg-vor-55540#breadcrumb"},"inLanguage":"de","potentialAction":[{"@type":"ReadAction","target":["https:\/\/www.szenik.eu\/de\/maillon-die-europaeisches-darstellende-kunst-bereitet-seine-oekologische-revolution-in-strassburg-vor-55540"]}]},{"@type":"BreadcrumbList","@id":"https:\/\/www.szenik.eu\/de\/maillon-die-europaeisches-darstellende-kunst-bereitet-seine-oekologische-revolution-in-strassburg-vor-55540#breadcrumb","itemListElement":[{"@type":"ListItem","position":1,"name":"Home","item":"https:\/\/www.szenik.eu\/de"},{"@type":"ListItem","position":2,"name":"Die europ\u00e4isches darstellende Kunst bereitet ihre \u00f6kologische Revolution im Stra\u00dfburger Maillon vor!"}]},{"@type":"WebSite","@id":"https:\/\/www.szenik.eu\/de\/#website","url":"https:\/\/www.szenik.eu\/de\/","name":"szenik","description":"Le Meilleur des sc\u00e8nes au coeur de l&#039;Europe","publisher":{"@id":"https:\/\/www.szenik.eu\/de\/#organization"},"potentialAction":[{"@type":"SearchAction","target":{"@type":"EntryPoint","urlTemplate":"https:\/\/www.szenik.eu\/de\/?s={search_term_string}"},"query-input":"required name=search_term_string"}],"inLanguage":"de"},{"@type":"Organization","@id":"https:\/\/www.szenik.eu\/de\/#organization","name":"Szenik","url":"https:\/\/www.szenik.eu\/de\/","logo":{"@type":"ImageObject","inLanguage":"de","@id":"https:\/\/www.szenik.eu\/de\/#\/schema\/logo\/image\/","url":"https:\/\/www.szenik.eu\/wp-content\/uploads\/2019\/07\/logo-square.png","contentUrl":"https:\/\/www.szenik.eu\/wp-content\/uploads\/2019\/07\/logo-square.png","width":512,"height":512,"caption":"Szenik"},"image":{"@id":"https:\/\/www.szenik.eu\/de\/#\/schema\/logo\/image\/"},"sameAs":["https:\/\/www.facebook.com\/szenik.eu\/","https:\/\/twitter.com\/Szenik","https:\/\/www.instagram.com\/szenik_magazine\/","https:\/\/www.youtube.com\/user\/SzenikEU\/"]},{"@type":"Person","@id":"https:\/\/www.szenik.eu\/de\/#\/schema\/person\/15f73f175b41bad194837490339d48fb","name":"szenik","image":{"@type":"ImageObject","inLanguage":"de","@id":"https:\/\/www.szenik.eu\/de\/#\/schema\/person\/image\/","url":"https:\/\/secure.gravatar.com\/avatar\/d1c4f19522a624a4eaa5e6c03e22370b?s=96&d=mm&r=g","contentUrl":"https:\/\/secure.gravatar.com\/avatar\/d1c4f19522a624a4eaa5e6c03e22370b?s=96&d=mm&r=g","caption":"szenik"}}]}},"jetpack_featured_media_url":"https:\/\/www.szenik.eu\/wp-content\/uploads\/2022\/09\/Capture-de\u0301cran-2022-09-28-a\u0300-14.26.21.png","amp_enabled":true,"_links":{"self":[{"href":"https:\/\/www.szenik.eu\/de\/wp-json\/\/wp\/v2\/posts\/55540"}],"collection":[{"href":"https:\/\/www.szenik.eu\/de\/wp-json\/\/wp\/v2\/posts"}],"about":[{"href":"https:\/\/www.szenik.eu\/de\/wp-json\/\/wp\/v2\/types\/post"}],"author":[{"embeddable":true,"href":"https:\/\/www.szenik.eu\/de\/wp-json\/\/wp\/v2\/users\/1"}],"replies":[{"embeddable":true,"href":"https:\/\/www.szenik.eu\/de\/wp-json\/\/wp\/v2\/comments?post=55540"}],"version-history":[{"count":13,"href":"https:\/\/www.szenik.eu\/de\/wp-json\/\/wp\/v2\/posts\/55540\/revisions"}],"predecessor-version":[{"id":55581,"href":"https:\/\/www.szenik.eu\/de\/wp-json\/\/wp\/v2\/posts\/55540\/revisions\/55581"}],"wp:featuredmedia":[{"embeddable":true,"href":"https:\/\/www.szenik.eu\/de\/wp-json\/\/wp\/v2\/media\/55527"}],"wp:attachment":[{"href":"https:\/\/www.szenik.eu\/de\/wp-json\/\/wp\/v2\/media?parent=55540"}],"wp:term":[{"taxonomy":"category","embeddable":true,"href":"https:\/\/www.szenik.eu\/de\/wp-json\/\/wp\/v2\/categories?post=55540"},{"taxonomy":"post_tag","embeddable":true,"href":"https:\/\/www.szenik.eu\/de\/wp-json\/\/wp\/v2\/tags?post=55540"}],"curies":[{"name":"wp","href":"https:\/\/api.w.org\/{rel}","templated":true}]}}