{"id":55147,"date":"2022-09-14T15:47:12","date_gmt":"2022-09-14T13:47:12","guid":{"rendered":"https:\/\/www.szenik.eu\/?p=55147\/"},"modified":"2022-09-14T15:47:14","modified_gmt":"2022-09-14T13:47:14","slug":"youth-europe-music-junge-musikerinnen-aus-drei-laendern-spielen-fuer-den-frieden","status":"publish","type":"post","link":"https:\/\/www.szenik.eu\/de\/youth-europe-music-junge-musikerinnen-aus-drei-laendern-spielen-fuer-den-frieden-55147","title":{"rendered":"Youth. Europe. Music. : Junge Musiker:innen aus drei L\u00e4ndern spielen f\u00fcr den Frieden"},"content":{"rendered":"\n<h2>Jugend, Europa, Musik. Drei gro\u00dfe Begriffe umrei\u00dfen ein au\u00dfergew\u00f6hnliches internationales Projekt, dessen Name auf Englisch folglich lautet: \u201eYouth. Europe. Music.\u201c Das Projekt bringt junge Menschen aus Deutschland, Polen und Frankreich \u00fcber Grenzen hinweg zusammen. Und das mittels der universellen Sprache der Musik: Alle musizieren in einem gemeinsamen Orchester. Sozusagen als \u201eWeimarer Dreieck der Jugend \u2013 musikalisch belebt\u201c.<\/h2>\n\n\n\n<div style=\"height:100px\" aria-hidden=\"true\" class=\"wp-block-spacer\"><\/div>\n\n\n\n<p>F\u00fcr dieses mehrteilige Projekt haben sich die Kreismusikschule S\u00fcdliche Weinstra\u00dfe in Tr\u00e4gerschaft des Landkreises S\u00fcdliche Weinstra\u00dfe, die Ecole Municipale des Arts de Wissembourg und die Staatliche Musikschule in O\u015bwi\u0119cim, Polen, sowie die Arbeitsstelle \u201eMenschenrechtsbildung\u201c am Fachbereich 6: Kultur- und Sozialwissenschaften der Universit\u00e4t Koblenz-Landau (Campus Landau) und die Stiftung f\u00fcr die Internationale Jugendbegegnungsst\u00e4tte in O\u015bwi\u0119cim\/Auschwitz (Polen) zusammengeschlossen. Adrian Rinck, Leiter der Kreismusikschule S\u00fcdliche Weinstra\u00dfe, und Prof. Dr. Matthias Bahr von der Universit\u00e4t in Landau sind auf deutscher Seite die treibenden Kr\u00e4fte, die das Konzept entwickelt haben.<\/p>\n\n\n\n<div style=\"height:100px\" aria-hidden=\"true\" class=\"wp-block-spacer\"><\/div>\n\n\n\n<div class=\"is-layout-flex wp-block-buttons\">\n<div class=\"wp-block-button aligncenter\"><a class=\"wp-block-button__link has-black-color has-luminous-vivid-amber-background-color has-text-color has-background\" href=\"https:\/\/youth-europe-music.eu\" target=\"_blank\" rel=\"noreferrer noopener\">Weitere Informationen<\/a><\/div>\n<\/div>\n\n\n\n<div style=\"height:100px\" aria-hidden=\"true\" class=\"wp-block-spacer\"><\/div>\n\n\n\n<p class=\"has-small-font-size\">Interview: C. Lef\u00e8vre <br>Schnitt: j. le goff <br>Am 5. September 2022, La Nef &#8211; Wissembourg <br>Foto: Wolfgang Urbany<\/p>\n\n\n\n<div style=\"height:100px\" aria-hidden=\"true\" class=\"wp-block-spacer\"><\/div>\n","protected":false},"excerpt":{"rendered":"<p>Jugend, Europa, Musik. Drei gro\u00dfe Begriffe umrei\u00dfen ein au\u00dfergew\u00f6hnliches internationales Projekt, dessen Name auf Englisch folglich lautet: \u201eYouth. Europe. Music.\u201c Das Projekt bringt junge Menschen aus Deutschland, Polen und Frankreich \u00fcber Grenzen hinweg zusammen. Und das mittels der universellen Sprache der Musik: Alle musizieren in einem gemeinsamen Orchester. Sozusagen als \u201eWeimarer Dreieck der Jugend \u2013 [&hellip;]<\/p>\n","protected":false},"author":1,"featured_media":55148,"comment_status":"open","ping_status":"open","sticky":false,"template":"","format":"standard","meta":{"_monsterinsights_skip_tracking":false,"_monsterinsights_sitenote_active":false,"_monsterinsights_sitenote_note":"","_monsterinsights_sitenote_category":0},"categories":[53,73],"tags":[21233,21232,21234,21235],"yoast_head":"<!-- This site is optimized with the Yoast SEO plugin v20.5 - https:\/\/yoast.com\/wordpress\/plugins\/seo\/ -->\n<title>Youth. Europe. Music. : Junge Musiker spielen f\u00fcr den Frieden I szenik<\/title>\n<meta name=\"description\" content=\"Das Projekt bringt Menschen aus Deutschland, Polen und Frankreich \u00fcber Grenzen hinweg zusammen. Und das mittels der Sprache der Musik.\" \/>\n<meta name=\"robots\" content=\"index, follow, max-snippet:-1, max-image-preview:large, max-video-preview:-1\" \/>\n<link rel=\"canonical\" href=\"https:\/\/www.szenik.eu\/de\/youth-europe-music-junge-musikerinnen-aus-drei-laendern-spielen-fuer-den-frieden-55147\" \/>\n<meta property=\"og:locale\" content=\"de_DE\" \/>\n<meta property=\"og:type\" content=\"article\" \/>\n<meta property=\"og:title\" content=\"Youth. Europe. Music. : Junge Musiker spielen f\u00fcr den Frieden I szenik\" \/>\n<meta property=\"og:description\" content=\"Das Projekt bringt Menschen aus Deutschland, Polen und Frankreich \u00fcber Grenzen hinweg zusammen. Und das mittels der Sprache der Musik.\" \/>\n<meta property=\"og:url\" content=\"https:\/\/www.szenik.eu\/de\/youth-europe-music-junge-musikerinnen-aus-drei-laendern-spielen-fuer-den-frieden-55147\" \/>\n<meta property=\"og:site_name\" content=\"szenik\" \/>\n<meta property=\"article:publisher\" content=\"https:\/\/www.facebook.com\/szenik.eu\/\" \/>\n<meta property=\"article:published_time\" content=\"2022-09-14T13:47:12+00:00\" \/>\n<meta property=\"article:modified_time\" content=\"2022-09-14T13:47:14+00:00\" \/>\n<meta property=\"og:image\" content=\"https:\/\/www.szenik.eu\/wp-content\/uploads\/2022\/09\/Youth-Europe-Music_NL.jpg\" \/>\n\t<meta property=\"og:image:width\" content=\"1280\" \/>\n\t<meta property=\"og:image:height\" content=\"720\" \/>\n\t<meta property=\"og:image:type\" content=\"image\/jpeg\" \/>\n<meta name=\"author\" content=\"szenik\" \/>\n<meta name=\"twitter:card\" content=\"summary_large_image\" \/>\n<meta name=\"twitter:creator\" content=\"@Szenik\" \/>\n<meta name=\"twitter:site\" content=\"@Szenik\" \/>\n<meta name=\"twitter:label1\" content=\"Verfasst von\" \/>\n\t<meta name=\"twitter:data1\" content=\"szenik\" \/>\n\t<meta name=\"twitter:label2\" content=\"Gesch\u00e4tzte Lesezeit\" \/>\n\t<meta name=\"twitter:data2\" content=\"1\u00a0Minute\" \/>\n<script type=\"application\/ld+json\" class=\"yoast-schema-graph\">{\"@context\":\"https:\/\/schema.org\",\"@graph\":[{\"@type\":\"Article\",\"@id\":\"https:\/\/www.szenik.eu\/de\/youth-europe-music-junge-musikerinnen-aus-drei-laendern-spielen-fuer-den-frieden-55147#article\",\"isPartOf\":{\"@id\":\"https:\/\/www.szenik.eu\/de\/youth-europe-music-junge-musikerinnen-aus-drei-laendern-spielen-fuer-den-frieden-55147\"},\"author\":{\"name\":\"szenik\",\"@id\":\"https:\/\/www.szenik.eu\/de\/#\/schema\/person\/15f73f175b41bad194837490339d48fb\"},\"headline\":\"Youth. Europe. Music. : Junge Musiker:innen aus drei L\u00e4ndern spielen f\u00fcr den Frieden\",\"datePublished\":\"2022-09-14T13:47:12+00:00\",\"dateModified\":\"2022-09-14T13:47:14+00:00\",\"mainEntityOfPage\":{\"@id\":\"https:\/\/www.szenik.eu\/de\/youth-europe-music-junge-musikerinnen-aus-drei-laendern-spielen-fuer-den-frieden-55147\"},\"wordCount\":196,\"commentCount\":0,\"publisher\":{\"@id\":\"https:\/\/www.szenik.eu\/de\/#organization\"},\"keywords\":[\"Ecole Municipale des Arts de Wissembourg\",\"Kreismusikschule S\u00fcdliche Weinstra\u00dfe\",\"O\u015bwi\u0119cim\",\"Universit\u00e4t Koblenz-Landau\"],\"articleSection\":[\"Magazin\",\"Portr\u00e4ts und Gespr\u00e4che\"],\"inLanguage\":\"de\",\"potentialAction\":[{\"@type\":\"CommentAction\",\"name\":\"Comment\",\"target\":[\"https:\/\/www.szenik.eu\/de\/youth-europe-music-junge-musikerinnen-aus-drei-laendern-spielen-fuer-den-frieden-55147#respond\"]}]},{\"@type\":\"WebPage\",\"@id\":\"https:\/\/www.szenik.eu\/de\/youth-europe-music-junge-musikerinnen-aus-drei-laendern-spielen-fuer-den-frieden-55147\",\"url\":\"https:\/\/www.szenik.eu\/de\/youth-europe-music-junge-musikerinnen-aus-drei-laendern-spielen-fuer-den-frieden-55147\",\"name\":\"Youth. Europe. Music. : Junge Musiker spielen f\u00fcr den Frieden I szenik\",\"isPartOf\":{\"@id\":\"https:\/\/www.szenik.eu\/de\/#website\"},\"datePublished\":\"2022-09-14T13:47:12+00:00\",\"dateModified\":\"2022-09-14T13:47:14+00:00\",\"description\":\"Das Projekt bringt Menschen aus Deutschland, Polen und Frankreich \u00fcber Grenzen hinweg zusammen. Und das mittels der Sprache der Musik.\",\"breadcrumb\":{\"@id\":\"https:\/\/www.szenik.eu\/de\/youth-europe-music-junge-musikerinnen-aus-drei-laendern-spielen-fuer-den-frieden-55147#breadcrumb\"},\"inLanguage\":\"de\",\"potentialAction\":[{\"@type\":\"ReadAction\",\"target\":[\"https:\/\/www.szenik.eu\/de\/youth-europe-music-junge-musikerinnen-aus-drei-laendern-spielen-fuer-den-frieden-55147\"]}]},{\"@type\":\"BreadcrumbList\",\"@id\":\"https:\/\/www.szenik.eu\/de\/youth-europe-music-junge-musikerinnen-aus-drei-laendern-spielen-fuer-den-frieden-55147#breadcrumb\",\"itemListElement\":[{\"@type\":\"ListItem\",\"position\":1,\"name\":\"Home\",\"item\":\"https:\/\/www.szenik.eu\/de\"},{\"@type\":\"ListItem\",\"position\":2,\"name\":\"Youth. Europe. Music. : Junge Musiker:innen aus drei L\u00e4ndern spielen f\u00fcr den Frieden\"}]},{\"@type\":\"WebSite\",\"@id\":\"https:\/\/www.szenik.eu\/de\/#website\",\"url\":\"https:\/\/www.szenik.eu\/de\/\",\"name\":\"szenik\",\"description\":\"Le Meilleur des sc\u00e8nes au coeur de l&#039;Europe\",\"publisher\":{\"@id\":\"https:\/\/www.szenik.eu\/de\/#organization\"},\"potentialAction\":[{\"@type\":\"SearchAction\",\"target\":{\"@type\":\"EntryPoint\",\"urlTemplate\":\"https:\/\/www.szenik.eu\/de\/?s={search_term_string}\"},\"query-input\":\"required name=search_term_string\"}],\"inLanguage\":\"de\"},{\"@type\":\"Organization\",\"@id\":\"https:\/\/www.szenik.eu\/de\/#organization\",\"name\":\"Szenik\",\"url\":\"https:\/\/www.szenik.eu\/de\/\",\"logo\":{\"@type\":\"ImageObject\",\"inLanguage\":\"de\",\"@id\":\"https:\/\/www.szenik.eu\/de\/#\/schema\/logo\/image\/\",\"url\":\"https:\/\/www.szenik.eu\/wp-content\/uploads\/2019\/07\/logo-square.png\",\"contentUrl\":\"https:\/\/www.szenik.eu\/wp-content\/uploads\/2019\/07\/logo-square.png\",\"width\":512,\"height\":512,\"caption\":\"Szenik\"},\"image\":{\"@id\":\"https:\/\/www.szenik.eu\/de\/#\/schema\/logo\/image\/\"},\"sameAs\":[\"https:\/\/www.facebook.com\/szenik.eu\/\",\"https:\/\/twitter.com\/Szenik\",\"https:\/\/www.instagram.com\/szenik_magazine\/\",\"https:\/\/www.youtube.com\/user\/SzenikEU\/\"]},{\"@type\":\"Person\",\"@id\":\"https:\/\/www.szenik.eu\/de\/#\/schema\/person\/15f73f175b41bad194837490339d48fb\",\"name\":\"szenik\",\"image\":{\"@type\":\"ImageObject\",\"inLanguage\":\"de\",\"@id\":\"https:\/\/www.szenik.eu\/de\/#\/schema\/person\/image\/\",\"url\":\"https:\/\/secure.gravatar.com\/avatar\/d1c4f19522a624a4eaa5e6c03e22370b?s=96&d=mm&r=g\",\"contentUrl\":\"https:\/\/secure.gravatar.com\/avatar\/d1c4f19522a624a4eaa5e6c03e22370b?s=96&d=mm&r=g\",\"caption\":\"szenik\"}}]}<\/script>\n<!-- \/ Yoast SEO plugin. -->","yoast_head_json":{"title":"Youth. Europe. Music. : Junge Musiker spielen f\u00fcr den Frieden I szenik","description":"Das Projekt bringt Menschen aus Deutschland, Polen und Frankreich \u00fcber Grenzen hinweg zusammen. Und das mittels der Sprache der Musik.","robots":{"index":"index","follow":"follow","max-snippet":"max-snippet:-1","max-image-preview":"max-image-preview:large","max-video-preview":"max-video-preview:-1"},"canonical":"https:\/\/www.szenik.eu\/de\/youth-europe-music-junge-musikerinnen-aus-drei-laendern-spielen-fuer-den-frieden-55147","og_locale":"de_DE","og_type":"article","og_title":"Youth. Europe. Music. : Junge Musiker spielen f\u00fcr den Frieden I szenik","og_description":"Das Projekt bringt Menschen aus Deutschland, Polen und Frankreich \u00fcber Grenzen hinweg zusammen. Und das mittels der Sprache der Musik.","og_url":"https:\/\/www.szenik.eu\/de\/youth-europe-music-junge-musikerinnen-aus-drei-laendern-spielen-fuer-den-frieden-55147","og_site_name":"szenik","article_publisher":"https:\/\/www.facebook.com\/szenik.eu\/","article_published_time":"2022-09-14T13:47:12+00:00","article_modified_time":"2022-09-14T13:47:14+00:00","og_image":[{"width":1280,"height":720,"url":"https:\/\/www.szenik.eu\/wp-content\/uploads\/2022\/09\/Youth-Europe-Music_NL.jpg","type":"image\/jpeg"}],"author":"szenik","twitter_card":"summary_large_image","twitter_creator":"@Szenik","twitter_site":"@Szenik","twitter_misc":{"Verfasst von":"szenik","Gesch\u00e4tzte Lesezeit":"1\u00a0Minute"},"schema":{"@context":"https:\/\/schema.org","@graph":[{"@type":"Article","@id":"https:\/\/www.szenik.eu\/de\/youth-europe-music-junge-musikerinnen-aus-drei-laendern-spielen-fuer-den-frieden-55147#article","isPartOf":{"@id":"https:\/\/www.szenik.eu\/de\/youth-europe-music-junge-musikerinnen-aus-drei-laendern-spielen-fuer-den-frieden-55147"},"author":{"name":"szenik","@id":"https:\/\/www.szenik.eu\/de\/#\/schema\/person\/15f73f175b41bad194837490339d48fb"},"headline":"Youth. Europe. Music. : Junge Musiker:innen aus drei L\u00e4ndern spielen f\u00fcr den Frieden","datePublished":"2022-09-14T13:47:12+00:00","dateModified":"2022-09-14T13:47:14+00:00","mainEntityOfPage":{"@id":"https:\/\/www.szenik.eu\/de\/youth-europe-music-junge-musikerinnen-aus-drei-laendern-spielen-fuer-den-frieden-55147"},"wordCount":196,"commentCount":0,"publisher":{"@id":"https:\/\/www.szenik.eu\/de\/#organization"},"keywords":["Ecole Municipale des Arts de Wissembourg","Kreismusikschule S\u00fcdliche Weinstra\u00dfe","O\u015bwi\u0119cim","Universit\u00e4t Koblenz-Landau"],"articleSection":["Magazin","Portr\u00e4ts und Gespr\u00e4che"],"inLanguage":"de","potentialAction":[{"@type":"CommentAction","name":"Comment","target":["https:\/\/www.szenik.eu\/de\/youth-europe-music-junge-musikerinnen-aus-drei-laendern-spielen-fuer-den-frieden-55147#respond"]}]},{"@type":"WebPage","@id":"https:\/\/www.szenik.eu\/de\/youth-europe-music-junge-musikerinnen-aus-drei-laendern-spielen-fuer-den-frieden-55147","url":"https:\/\/www.szenik.eu\/de\/youth-europe-music-junge-musikerinnen-aus-drei-laendern-spielen-fuer-den-frieden-55147","name":"Youth. Europe. Music. : Junge Musiker spielen f\u00fcr den Frieden I szenik","isPartOf":{"@id":"https:\/\/www.szenik.eu\/de\/#website"},"datePublished":"2022-09-14T13:47:12+00:00","dateModified":"2022-09-14T13:47:14+00:00","description":"Das Projekt bringt Menschen aus Deutschland, Polen und Frankreich \u00fcber Grenzen hinweg zusammen. Und das mittels der Sprache der Musik.","breadcrumb":{"@id":"https:\/\/www.szenik.eu\/de\/youth-europe-music-junge-musikerinnen-aus-drei-laendern-spielen-fuer-den-frieden-55147#breadcrumb"},"inLanguage":"de","potentialAction":[{"@type":"ReadAction","target":["https:\/\/www.szenik.eu\/de\/youth-europe-music-junge-musikerinnen-aus-drei-laendern-spielen-fuer-den-frieden-55147"]}]},{"@type":"BreadcrumbList","@id":"https:\/\/www.szenik.eu\/de\/youth-europe-music-junge-musikerinnen-aus-drei-laendern-spielen-fuer-den-frieden-55147#breadcrumb","itemListElement":[{"@type":"ListItem","position":1,"name":"Home","item":"https:\/\/www.szenik.eu\/de"},{"@type":"ListItem","position":2,"name":"Youth. Europe. Music. : Junge Musiker:innen aus drei L\u00e4ndern spielen f\u00fcr den Frieden"}]},{"@type":"WebSite","@id":"https:\/\/www.szenik.eu\/de\/#website","url":"https:\/\/www.szenik.eu\/de\/","name":"szenik","description":"Le Meilleur des sc\u00e8nes au coeur de l&#039;Europe","publisher":{"@id":"https:\/\/www.szenik.eu\/de\/#organization"},"potentialAction":[{"@type":"SearchAction","target":{"@type":"EntryPoint","urlTemplate":"https:\/\/www.szenik.eu\/de\/?s={search_term_string}"},"query-input":"required name=search_term_string"}],"inLanguage":"de"},{"@type":"Organization","@id":"https:\/\/www.szenik.eu\/de\/#organization","name":"Szenik","url":"https:\/\/www.szenik.eu\/de\/","logo":{"@type":"ImageObject","inLanguage":"de","@id":"https:\/\/www.szenik.eu\/de\/#\/schema\/logo\/image\/","url":"https:\/\/www.szenik.eu\/wp-content\/uploads\/2019\/07\/logo-square.png","contentUrl":"https:\/\/www.szenik.eu\/wp-content\/uploads\/2019\/07\/logo-square.png","width":512,"height":512,"caption":"Szenik"},"image":{"@id":"https:\/\/www.szenik.eu\/de\/#\/schema\/logo\/image\/"},"sameAs":["https:\/\/www.facebook.com\/szenik.eu\/","https:\/\/twitter.com\/Szenik","https:\/\/www.instagram.com\/szenik_magazine\/","https:\/\/www.youtube.com\/user\/SzenikEU\/"]},{"@type":"Person","@id":"https:\/\/www.szenik.eu\/de\/#\/schema\/person\/15f73f175b41bad194837490339d48fb","name":"szenik","image":{"@type":"ImageObject","inLanguage":"de","@id":"https:\/\/www.szenik.eu\/de\/#\/schema\/person\/image\/","url":"https:\/\/secure.gravatar.com\/avatar\/d1c4f19522a624a4eaa5e6c03e22370b?s=96&d=mm&r=g","contentUrl":"https:\/\/secure.gravatar.com\/avatar\/d1c4f19522a624a4eaa5e6c03e22370b?s=96&d=mm&r=g","caption":"szenik"}}]}},"jetpack_featured_media_url":"https:\/\/www.szenik.eu\/wp-content\/uploads\/2022\/09\/Youth-Europe-Music_NL.jpg","amp_enabled":true,"_links":{"self":[{"href":"https:\/\/www.szenik.eu\/de\/wp-json\/\/wp\/v2\/posts\/55147"}],"collection":[{"href":"https:\/\/www.szenik.eu\/de\/wp-json\/\/wp\/v2\/posts"}],"about":[{"href":"https:\/\/www.szenik.eu\/de\/wp-json\/\/wp\/v2\/types\/post"}],"author":[{"embeddable":true,"href":"https:\/\/www.szenik.eu\/de\/wp-json\/\/wp\/v2\/users\/1"}],"replies":[{"embeddable":true,"href":"https:\/\/www.szenik.eu\/de\/wp-json\/\/wp\/v2\/comments?post=55147"}],"version-history":[{"count":1,"href":"https:\/\/www.szenik.eu\/de\/wp-json\/\/wp\/v2\/posts\/55147\/revisions"}],"predecessor-version":[{"id":55150,"href":"https:\/\/www.szenik.eu\/de\/wp-json\/\/wp\/v2\/posts\/55147\/revisions\/55150"}],"wp:featuredmedia":[{"embeddable":true,"href":"https:\/\/www.szenik.eu\/de\/wp-json\/\/wp\/v2\/media\/55148"}],"wp:attachment":[{"href":"https:\/\/www.szenik.eu\/de\/wp-json\/\/wp\/v2\/media?parent=55147"}],"wp:term":[{"taxonomy":"category","embeddable":true,"href":"https:\/\/www.szenik.eu\/de\/wp-json\/\/wp\/v2\/categories?post=55147"},{"taxonomy":"post_tag","embeddable":true,"href":"https:\/\/www.szenik.eu\/de\/wp-json\/\/wp\/v2\/tags?post=55147"}],"curies":[{"name":"wp","href":"https:\/\/api.w.org\/{rel}","templated":true}]}}