{"id":53823,"date":"2022-08-11T15:01:19","date_gmt":"2022-08-11T13:01:19","guid":{"rendered":"https:\/\/www.szenik.eu\/?p=53823\/"},"modified":"2022-08-11T15:01:21","modified_gmt":"2022-08-11T13:01:21","slug":"fondation-beyeler-lanciert-freitagabendprogramm-zum-25-jaehrigen-jubilaeum","status":"publish","type":"post","link":"https:\/\/www.szenik.eu\/de\/fondation-beyeler-lanciert-freitagabendprogramm-zum-25-jaehrigen-jubilaeum-53823","title":{"rendered":"Fondation Beyeler lanciert Freitagabendprogramm zum 25-j\u00e4hrigen Jubil\u00e4um"},"content":{"rendered":"\n<h2>Anl\u00e4sslich ihres 25-j\u00e4hrigen Bestehens bleibt die Fondation Beyeler vom 16. September bis 16. Dezember 2022 jeden Freitagabend bis 22 Uhr ge\u00f6ffnet. In Zusammenarbeit mit dem Institut Kunst Gender Natur der Hochschule f\u00fcr Gestaltung und Kunst FHNW in Basel l\u00e4dt das Museum an 14 Abenden zu \u00abFriday Beyeler\u00bb ein. Unter dem Titel\u00a0\u00abI Hear a New World \u2013 14 Miaows of the Future\u00bb\u00a0verwandeln Studierende und K\u00fcnstler:innen, die am Institut lehren, das Museumsfoyer in eine kreative Plattform f\u00fcr zeitgen\u00f6ssische Kunst mit Live-Performances, Filmen, Talks sowie Musik, Poesie und Tanz.<\/h2>\n\n\n\n<div style=\"height:100px\" aria-hidden=\"true\" class=\"wp-block-spacer\"><\/div>\n\n\n\n<p><em>Medienmitteilung<\/em><\/p>\n\n\n\n<div style=\"height:100px\" aria-hidden=\"true\" class=\"wp-block-spacer\"><\/div>\n\n\n\n<p>Gemeinsam mit Chus Mart\u00ednez, Leiterin des <a href=\"https:\/\/www.fhnw.ch\/de\/die-fhnw\/hochschulen\/hgk\/institut-kunst-gender-natur\" target=\"_blank\" rel=\"noreferrer noopener\">Instituts Kunst Gender Natur<\/a>, realisieren die Studierenden ein eigens f\u00fcr die Fondation Beyeler konzipiertes Programm, wobei jede der 14 Abendveranstaltungen als ein kleines Performance-Festival verstanden werden kann. <\/p>\n\n\n\n<p>Inspiriert durch das ehemalige Katzenmuseum, das sich bis 1994 auf dem Gel\u00e4nde der Fondation Beyeler befand, verbindet \u00abI Hear a New World \u2013 14 Miaows of the Future\u00bb Kunst, Geschichte, Poesie, Musik, Performance und Tanz. Das Programm des Institut Kunst Gender Natur befasst sich mit der Liebe zur Kunst und damit, wie Kunst viele unterschiedliche Welten vereinen kann. Sie bietet Erfahrungsr\u00e4ume, die offener und weiter sind als jene, die der Alltag bereith\u00e4lt.\u00a0Von Covid \u00fcber die andauernden Kriege bis hin zur Klimakrise \u2013 unser Leben wird zunehmend gepr\u00e4gt von Erz\u00e4hlungen und Bildern der Aussichtslosigkeit, von eingeschr\u00e4nkten Wegen, kleiner werdenden Welten und Verknappungen. <\/p>\n\n\n\n<p>Mit \u00abI Hear a New World \u2013 14 Miaows of the Future\u00bb thematisiert das Institut Kunst Gender Natur, wie Kunst und Kunstschaffende Kreativit\u00e4t, Fantasie und die Vorstellung von einer gemeinsamen hoffnungsvollen Zukunft anzuregen verm\u00f6gen. \u00abEine neue Welt zu h\u00f6ren\u00bb bedeutet in diesem Zusammenhang, offen und empf\u00e4nglich zu sein, sich auf die Kunstwerke und K\u00fcnstler:innen einzulassen und ein Gef\u00fchl von Gemeinschaft zu entwickeln, welches Einsamkeit und Angst in den Hintergrund treten l\u00e4sst.<\/p>\n\n\n\n<p>\u00abI Hear a New World \u2013 14 Miaows of the Future\u00bb pr\u00e4sentiert Beitr\u00e4ge von <strong>Raffaela Boss, Noa und Lara Castro, Hana El-Sagini, Gerome Gadient, Alma Herrmann, Astrit Ismaeli, Ana Jikia, Elise Lammer, Quinn Latimer, Floris Maniscalco, Claire Masset, Laurie Mlodzik, Anina M\u00fcller, Ingo Niermann, Jacob Otth, Joan Pall\u00e9, Pauline Quartco, Filipa Ramos, Nelson Schaub, Fabio Sonego, Charlotte von Engelberg und Hannah Weinberger<\/strong>.<\/p>\n\n\n\n<p>W\u00e4hrend der \u00abFriday Beyeler\u00bb-Veranstaltungen bleiben das gesamte Museum, das Restaurant und der Park der Fondation Beyeler ge\u00f6ffnet. Besuchende k\u00f6nnen an einzelnen Darbietungen teilnehmen, die aktuellen Ausstellungen erleben oder einfach im Park verweilen. Das Kaminzimmer des \u00abBeyeler Restaurant im Park\u00bb verwandelt sich jeweils in eine Cocktailbar, das Restaurant h\u00e4lt ein kulinarisches Angebot von Snacks bis zu Abendessen bereit.<\/p>\n\n\n\n<p>Die \u00abFriday Beyeler\u00bb sind im Museumseintritt inbegriffen und k\u00f6nnen ohne Anmeldung besucht werden. Sie finden vom 16. September bis 16. Dezember 2022 jeweils am Freitagabend von 18 bis 22 Uhr im Foyer der Fondation Beyeler statt.<\/p>\n\n\n\n<div style=\"height:100px\" aria-hidden=\"true\" class=\"wp-block-spacer\"><\/div>\n\n\n\n<div class=\"is-layout-flex wp-block-buttons\">\n<div class=\"wp-block-button aligncenter\"><a class=\"wp-block-button__link has-black-color has-luminous-vivid-amber-background-color has-text-color has-background\" href=\"https:\/\/www.fondationbeyeler.ch\/besuch\" target=\"_blank\" rel=\"noreferrer noopener\">Weitere Informationen<\/a><\/div>\n<\/div>\n\n\n\n<div style=\"height:100px\" aria-hidden=\"true\" class=\"wp-block-spacer\"><\/div>\n\n\n\n<p class=\"has-small-font-size\">Foto: Mark Niedermann<\/p>\n\n\n\n<div style=\"height:100px\" aria-hidden=\"true\" class=\"wp-block-spacer\"><\/div>\n","protected":false},"excerpt":{"rendered":"<p>Anl\u00e4sslich ihres 25-j\u00e4hrigen Bestehens bleibt die Fondation Beyeler vom 16. September bis 16. Dezember 2022 jeden Freitagabend bis 22 Uhr ge\u00f6ffnet. In Zusammenarbeit mit dem Institut Kunst Gender Natur der Hochschule f\u00fcr Gestaltung und Kunst FHNW in Basel l\u00e4dt das Museum an 14 Abenden zu \u00abFriday Beyeler\u00bb ein. Unter dem Titel\u00a0\u00abI Hear a New World [&hellip;]<\/p>\n","protected":false},"author":1,"featured_media":53824,"comment_status":"open","ping_status":"open","sticky":false,"template":"","format":"standard","meta":{"_monsterinsights_skip_tracking":false,"_monsterinsights_sitenote_active":false,"_monsterinsights_sitenote_note":"","_monsterinsights_sitenote_category":0},"categories":[2815,53],"tags":[7478],"yoast_head":"<!-- This site is optimized with the Yoast SEO plugin v20.5 - https:\/\/yoast.com\/wordpress\/plugins\/seo\/ -->\n<title>Fondation Beyeler lanciert Freitagabendprogramm I szenik<\/title>\n<meta name=\"description\" content=\"Anl\u00e4sslich ihres 25-j\u00e4hrigen Bestehens bleibt die Fondation Beyeler vom 16. September bis 16. Dezember jeden Freitagabend ge\u00f6ffnet.\" \/>\n<meta name=\"robots\" content=\"index, follow, max-snippet:-1, max-image-preview:large, max-video-preview:-1\" \/>\n<link rel=\"canonical\" href=\"https:\/\/www.szenik.eu\/de\/fondation-beyeler-lanciert-freitagabendprogramm-zum-25-jaehrigen-jubilaeum-53823\" \/>\n<meta property=\"og:locale\" content=\"de_DE\" \/>\n<meta property=\"og:type\" content=\"article\" \/>\n<meta property=\"og:title\" content=\"Fondation Beyeler lanciert Freitagabendprogramm I szenik\" \/>\n<meta property=\"og:description\" content=\"Anl\u00e4sslich ihres 25-j\u00e4hrigen Bestehens bleibt die Fondation Beyeler vom 16. September bis 16. Dezember jeden Freitagabend ge\u00f6ffnet.\" \/>\n<meta property=\"og:url\" content=\"https:\/\/www.szenik.eu\/de\/fondation-beyeler-lanciert-freitagabendprogramm-zum-25-jaehrigen-jubilaeum-53823\" \/>\n<meta property=\"og:site_name\" content=\"szenik\" \/>\n<meta property=\"article:publisher\" content=\"https:\/\/www.facebook.com\/szenik.eu\/\" \/>\n<meta property=\"article:published_time\" content=\"2022-08-11T13:01:19+00:00\" \/>\n<meta property=\"article:modified_time\" content=\"2022-08-11T13:01:21+00:00\" \/>\n<meta property=\"og:image\" content=\"https:\/\/www.szenik.eu\/wp-content\/uploads\/2022\/08\/Capture-decran-2022-08-11-a-14.53.37.png\" \/>\n\t<meta property=\"og:image:width\" content=\"977\" \/>\n\t<meta property=\"og:image:height\" content=\"727\" \/>\n\t<meta property=\"og:image:type\" content=\"image\/png\" \/>\n<meta name=\"author\" content=\"szenik\" \/>\n<meta name=\"twitter:card\" content=\"summary_large_image\" \/>\n<meta name=\"twitter:creator\" content=\"@Szenik\" \/>\n<meta name=\"twitter:site\" content=\"@Szenik\" \/>\n<meta name=\"twitter:label1\" content=\"Verfasst von\" \/>\n\t<meta name=\"twitter:data1\" content=\"szenik\" \/>\n\t<meta name=\"twitter:label2\" content=\"Gesch\u00e4tzte Lesezeit\" \/>\n\t<meta name=\"twitter:data2\" content=\"3\u00a0Minuten\" \/>\n<script type=\"application\/ld+json\" class=\"yoast-schema-graph\">{\"@context\":\"https:\/\/schema.org\",\"@graph\":[{\"@type\":\"Article\",\"@id\":\"https:\/\/www.szenik.eu\/de\/fondation-beyeler-lanciert-freitagabendprogramm-zum-25-jaehrigen-jubilaeum-53823#article\",\"isPartOf\":{\"@id\":\"https:\/\/www.szenik.eu\/de\/fondation-beyeler-lanciert-freitagabendprogramm-zum-25-jaehrigen-jubilaeum-53823\"},\"author\":{\"name\":\"szenik\",\"@id\":\"https:\/\/www.szenik.eu\/de\/#\/schema\/person\/15f73f175b41bad194837490339d48fb\"},\"headline\":\"Fondation Beyeler lanciert Freitagabendprogramm zum 25-j\u00e4hrigen Jubil\u00e4um\",\"datePublished\":\"2022-08-11T13:01:19+00:00\",\"dateModified\":\"2022-08-11T13:01:21+00:00\",\"mainEntityOfPage\":{\"@id\":\"https:\/\/www.szenik.eu\/de\/fondation-beyeler-lanciert-freitagabendprogramm-zum-25-jaehrigen-jubilaeum-53823\"},\"wordCount\":477,\"commentCount\":0,\"publisher\":{\"@id\":\"https:\/\/www.szenik.eu\/de\/#organization\"},\"keywords\":[\"Fondation Beyeler\"],\"articleSection\":[\"Kurz &amp; knackig\",\"Magazin\"],\"inLanguage\":\"de\",\"potentialAction\":[{\"@type\":\"CommentAction\",\"name\":\"Comment\",\"target\":[\"https:\/\/www.szenik.eu\/de\/fondation-beyeler-lanciert-freitagabendprogramm-zum-25-jaehrigen-jubilaeum-53823#respond\"]}]},{\"@type\":\"WebPage\",\"@id\":\"https:\/\/www.szenik.eu\/de\/fondation-beyeler-lanciert-freitagabendprogramm-zum-25-jaehrigen-jubilaeum-53823\",\"url\":\"https:\/\/www.szenik.eu\/de\/fondation-beyeler-lanciert-freitagabendprogramm-zum-25-jaehrigen-jubilaeum-53823\",\"name\":\"Fondation Beyeler lanciert Freitagabendprogramm I szenik\",\"isPartOf\":{\"@id\":\"https:\/\/www.szenik.eu\/de\/#website\"},\"datePublished\":\"2022-08-11T13:01:19+00:00\",\"dateModified\":\"2022-08-11T13:01:21+00:00\",\"description\":\"Anl\u00e4sslich ihres 25-j\u00e4hrigen Bestehens bleibt die Fondation Beyeler vom 16. September bis 16. Dezember jeden Freitagabend ge\u00f6ffnet.\",\"breadcrumb\":{\"@id\":\"https:\/\/www.szenik.eu\/de\/fondation-beyeler-lanciert-freitagabendprogramm-zum-25-jaehrigen-jubilaeum-53823#breadcrumb\"},\"inLanguage\":\"de\",\"potentialAction\":[{\"@type\":\"ReadAction\",\"target\":[\"https:\/\/www.szenik.eu\/de\/fondation-beyeler-lanciert-freitagabendprogramm-zum-25-jaehrigen-jubilaeum-53823\"]}]},{\"@type\":\"BreadcrumbList\",\"@id\":\"https:\/\/www.szenik.eu\/de\/fondation-beyeler-lanciert-freitagabendprogramm-zum-25-jaehrigen-jubilaeum-53823#breadcrumb\",\"itemListElement\":[{\"@type\":\"ListItem\",\"position\":1,\"name\":\"Home\",\"item\":\"https:\/\/www.szenik.eu\/de\"},{\"@type\":\"ListItem\",\"position\":2,\"name\":\"Fondation Beyeler lanciert Freitagabendprogramm zum 25-j\u00e4hrigen Jubil\u00e4um\"}]},{\"@type\":\"WebSite\",\"@id\":\"https:\/\/www.szenik.eu\/de\/#website\",\"url\":\"https:\/\/www.szenik.eu\/de\/\",\"name\":\"szenik\",\"description\":\"Le Meilleur des sc\u00e8nes au coeur de l&#039;Europe\",\"publisher\":{\"@id\":\"https:\/\/www.szenik.eu\/de\/#organization\"},\"potentialAction\":[{\"@type\":\"SearchAction\",\"target\":{\"@type\":\"EntryPoint\",\"urlTemplate\":\"https:\/\/www.szenik.eu\/de\/?s={search_term_string}\"},\"query-input\":\"required name=search_term_string\"}],\"inLanguage\":\"de\"},{\"@type\":\"Organization\",\"@id\":\"https:\/\/www.szenik.eu\/de\/#organization\",\"name\":\"Szenik\",\"url\":\"https:\/\/www.szenik.eu\/de\/\",\"logo\":{\"@type\":\"ImageObject\",\"inLanguage\":\"de\",\"@id\":\"https:\/\/www.szenik.eu\/de\/#\/schema\/logo\/image\/\",\"url\":\"https:\/\/www.szenik.eu\/wp-content\/uploads\/2019\/07\/logo-square.png\",\"contentUrl\":\"https:\/\/www.szenik.eu\/wp-content\/uploads\/2019\/07\/logo-square.png\",\"width\":512,\"height\":512,\"caption\":\"Szenik\"},\"image\":{\"@id\":\"https:\/\/www.szenik.eu\/de\/#\/schema\/logo\/image\/\"},\"sameAs\":[\"https:\/\/www.facebook.com\/szenik.eu\/\",\"https:\/\/twitter.com\/Szenik\",\"https:\/\/www.instagram.com\/szenik_magazine\/\",\"https:\/\/www.youtube.com\/user\/SzenikEU\/\"]},{\"@type\":\"Person\",\"@id\":\"https:\/\/www.szenik.eu\/de\/#\/schema\/person\/15f73f175b41bad194837490339d48fb\",\"name\":\"szenik\",\"image\":{\"@type\":\"ImageObject\",\"inLanguage\":\"de\",\"@id\":\"https:\/\/www.szenik.eu\/de\/#\/schema\/person\/image\/\",\"url\":\"https:\/\/secure.gravatar.com\/avatar\/d1c4f19522a624a4eaa5e6c03e22370b?s=96&d=mm&r=g\",\"contentUrl\":\"https:\/\/secure.gravatar.com\/avatar\/d1c4f19522a624a4eaa5e6c03e22370b?s=96&d=mm&r=g\",\"caption\":\"szenik\"}}]}<\/script>\n<!-- \/ Yoast SEO plugin. -->","yoast_head_json":{"title":"Fondation Beyeler lanciert Freitagabendprogramm I szenik","description":"Anl\u00e4sslich ihres 25-j\u00e4hrigen Bestehens bleibt die Fondation Beyeler vom 16. September bis 16. Dezember jeden Freitagabend ge\u00f6ffnet.","robots":{"index":"index","follow":"follow","max-snippet":"max-snippet:-1","max-image-preview":"max-image-preview:large","max-video-preview":"max-video-preview:-1"},"canonical":"https:\/\/www.szenik.eu\/de\/fondation-beyeler-lanciert-freitagabendprogramm-zum-25-jaehrigen-jubilaeum-53823","og_locale":"de_DE","og_type":"article","og_title":"Fondation Beyeler lanciert Freitagabendprogramm I szenik","og_description":"Anl\u00e4sslich ihres 25-j\u00e4hrigen Bestehens bleibt die Fondation Beyeler vom 16. September bis 16. Dezember jeden Freitagabend ge\u00f6ffnet.","og_url":"https:\/\/www.szenik.eu\/de\/fondation-beyeler-lanciert-freitagabendprogramm-zum-25-jaehrigen-jubilaeum-53823","og_site_name":"szenik","article_publisher":"https:\/\/www.facebook.com\/szenik.eu\/","article_published_time":"2022-08-11T13:01:19+00:00","article_modified_time":"2022-08-11T13:01:21+00:00","og_image":[{"width":977,"height":727,"url":"https:\/\/www.szenik.eu\/wp-content\/uploads\/2022\/08\/Capture-decran-2022-08-11-a-14.53.37.png","type":"image\/png"}],"author":"szenik","twitter_card":"summary_large_image","twitter_creator":"@Szenik","twitter_site":"@Szenik","twitter_misc":{"Verfasst von":"szenik","Gesch\u00e4tzte Lesezeit":"3\u00a0Minuten"},"schema":{"@context":"https:\/\/schema.org","@graph":[{"@type":"Article","@id":"https:\/\/www.szenik.eu\/de\/fondation-beyeler-lanciert-freitagabendprogramm-zum-25-jaehrigen-jubilaeum-53823#article","isPartOf":{"@id":"https:\/\/www.szenik.eu\/de\/fondation-beyeler-lanciert-freitagabendprogramm-zum-25-jaehrigen-jubilaeum-53823"},"author":{"name":"szenik","@id":"https:\/\/www.szenik.eu\/de\/#\/schema\/person\/15f73f175b41bad194837490339d48fb"},"headline":"Fondation Beyeler lanciert Freitagabendprogramm zum 25-j\u00e4hrigen Jubil\u00e4um","datePublished":"2022-08-11T13:01:19+00:00","dateModified":"2022-08-11T13:01:21+00:00","mainEntityOfPage":{"@id":"https:\/\/www.szenik.eu\/de\/fondation-beyeler-lanciert-freitagabendprogramm-zum-25-jaehrigen-jubilaeum-53823"},"wordCount":477,"commentCount":0,"publisher":{"@id":"https:\/\/www.szenik.eu\/de\/#organization"},"keywords":["Fondation Beyeler"],"articleSection":["Kurz &amp; knackig","Magazin"],"inLanguage":"de","potentialAction":[{"@type":"CommentAction","name":"Comment","target":["https:\/\/www.szenik.eu\/de\/fondation-beyeler-lanciert-freitagabendprogramm-zum-25-jaehrigen-jubilaeum-53823#respond"]}]},{"@type":"WebPage","@id":"https:\/\/www.szenik.eu\/de\/fondation-beyeler-lanciert-freitagabendprogramm-zum-25-jaehrigen-jubilaeum-53823","url":"https:\/\/www.szenik.eu\/de\/fondation-beyeler-lanciert-freitagabendprogramm-zum-25-jaehrigen-jubilaeum-53823","name":"Fondation Beyeler lanciert Freitagabendprogramm I szenik","isPartOf":{"@id":"https:\/\/www.szenik.eu\/de\/#website"},"datePublished":"2022-08-11T13:01:19+00:00","dateModified":"2022-08-11T13:01:21+00:00","description":"Anl\u00e4sslich ihres 25-j\u00e4hrigen Bestehens bleibt die Fondation Beyeler vom 16. September bis 16. Dezember jeden Freitagabend ge\u00f6ffnet.","breadcrumb":{"@id":"https:\/\/www.szenik.eu\/de\/fondation-beyeler-lanciert-freitagabendprogramm-zum-25-jaehrigen-jubilaeum-53823#breadcrumb"},"inLanguage":"de","potentialAction":[{"@type":"ReadAction","target":["https:\/\/www.szenik.eu\/de\/fondation-beyeler-lanciert-freitagabendprogramm-zum-25-jaehrigen-jubilaeum-53823"]}]},{"@type":"BreadcrumbList","@id":"https:\/\/www.szenik.eu\/de\/fondation-beyeler-lanciert-freitagabendprogramm-zum-25-jaehrigen-jubilaeum-53823#breadcrumb","itemListElement":[{"@type":"ListItem","position":1,"name":"Home","item":"https:\/\/www.szenik.eu\/de"},{"@type":"ListItem","position":2,"name":"Fondation Beyeler lanciert Freitagabendprogramm zum 25-j\u00e4hrigen Jubil\u00e4um"}]},{"@type":"WebSite","@id":"https:\/\/www.szenik.eu\/de\/#website","url":"https:\/\/www.szenik.eu\/de\/","name":"szenik","description":"Le Meilleur des sc\u00e8nes au coeur de l&#039;Europe","publisher":{"@id":"https:\/\/www.szenik.eu\/de\/#organization"},"potentialAction":[{"@type":"SearchAction","target":{"@type":"EntryPoint","urlTemplate":"https:\/\/www.szenik.eu\/de\/?s={search_term_string}"},"query-input":"required name=search_term_string"}],"inLanguage":"de"},{"@type":"Organization","@id":"https:\/\/www.szenik.eu\/de\/#organization","name":"Szenik","url":"https:\/\/www.szenik.eu\/de\/","logo":{"@type":"ImageObject","inLanguage":"de","@id":"https:\/\/www.szenik.eu\/de\/#\/schema\/logo\/image\/","url":"https:\/\/www.szenik.eu\/wp-content\/uploads\/2019\/07\/logo-square.png","contentUrl":"https:\/\/www.szenik.eu\/wp-content\/uploads\/2019\/07\/logo-square.png","width":512,"height":512,"caption":"Szenik"},"image":{"@id":"https:\/\/www.szenik.eu\/de\/#\/schema\/logo\/image\/"},"sameAs":["https:\/\/www.facebook.com\/szenik.eu\/","https:\/\/twitter.com\/Szenik","https:\/\/www.instagram.com\/szenik_magazine\/","https:\/\/www.youtube.com\/user\/SzenikEU\/"]},{"@type":"Person","@id":"https:\/\/www.szenik.eu\/de\/#\/schema\/person\/15f73f175b41bad194837490339d48fb","name":"szenik","image":{"@type":"ImageObject","inLanguage":"de","@id":"https:\/\/www.szenik.eu\/de\/#\/schema\/person\/image\/","url":"https:\/\/secure.gravatar.com\/avatar\/d1c4f19522a624a4eaa5e6c03e22370b?s=96&d=mm&r=g","contentUrl":"https:\/\/secure.gravatar.com\/avatar\/d1c4f19522a624a4eaa5e6c03e22370b?s=96&d=mm&r=g","caption":"szenik"}}]}},"jetpack_featured_media_url":"https:\/\/www.szenik.eu\/wp-content\/uploads\/2022\/08\/Capture-decran-2022-08-11-a-14.53.37.png","amp_enabled":true,"_links":{"self":[{"href":"https:\/\/www.szenik.eu\/de\/wp-json\/\/wp\/v2\/posts\/53823"}],"collection":[{"href":"https:\/\/www.szenik.eu\/de\/wp-json\/\/wp\/v2\/posts"}],"about":[{"href":"https:\/\/www.szenik.eu\/de\/wp-json\/\/wp\/v2\/types\/post"}],"author":[{"embeddable":true,"href":"https:\/\/www.szenik.eu\/de\/wp-json\/\/wp\/v2\/users\/1"}],"replies":[{"embeddable":true,"href":"https:\/\/www.szenik.eu\/de\/wp-json\/\/wp\/v2\/comments?post=53823"}],"version-history":[{"count":1,"href":"https:\/\/www.szenik.eu\/de\/wp-json\/\/wp\/v2\/posts\/53823\/revisions"}],"predecessor-version":[{"id":53826,"href":"https:\/\/www.szenik.eu\/de\/wp-json\/\/wp\/v2\/posts\/53823\/revisions\/53826"}],"wp:featuredmedia":[{"embeddable":true,"href":"https:\/\/www.szenik.eu\/de\/wp-json\/\/wp\/v2\/media\/53824"}],"wp:attachment":[{"href":"https:\/\/www.szenik.eu\/de\/wp-json\/\/wp\/v2\/media?parent=53823"}],"wp:term":[{"taxonomy":"category","embeddable":true,"href":"https:\/\/www.szenik.eu\/de\/wp-json\/\/wp\/v2\/categories?post=53823"},{"taxonomy":"post_tag","embeddable":true,"href":"https:\/\/www.szenik.eu\/de\/wp-json\/\/wp\/v2\/tags?post=53823"}],"curies":[{"name":"wp","href":"https:\/\/api.w.org\/{rel}","templated":true}]}}