{"id":52906,"date":"2022-07-26T16:40:55","date_gmt":"2022-07-26T14:40:55","guid":{"rendered":"https:\/\/www.szenik.eu\/avishai-cohen-trio-en-session-privee-au-maillon-pour-arte-concert-52906"},"modified":"2022-07-26T16:43:01","modified_gmt":"2022-07-26T14:43:01","slug":"avishai-cohen-trio-en-session-privee-au-maillon-pour-arte-concert","status":"publish","type":"post","link":"https:\/\/www.szenik.eu\/de\/avishai-cohen-trio-en-session-privee-au-maillon-pour-arte-concert-52906","title":{"rendered":"Avishai Cohen Trio in einer privaten Konzertsession im Stra\u00dfburger Maillon f\u00fcr ARTE Concert"},"content":{"rendered":"\n<h2>Sind Sie bereit zu grooven? Der Star-Kontrabassist <a href=\"https:\/\/avishaicohen.com\" target=\"_blank\" rel=\"noreferrer noopener\">Avishai Cohen<\/a> ist mit seinem Trio im Rahmen einer privaten Session zu erleben! Zusammen mit dem Pianisten <a href=\"https:\/\/www.elchinshirinov.com\" target=\"_blank\" rel=\"noreferrer noopener\">Elchin Shirinov<\/a> und der Schlagzeugerin Roni Kaspi pr\u00e4sentiert der Jazzmusiker hier seine neuesten St\u00fccke.<\/h2>\n\n\n\n<div style=\"height:100px\" aria-hidden=\"true\" class=\"wp-block-spacer\"><\/div>\n\n\n\n<p class=\"has-small-font-size\">Captation au \/ Aufnahme im Maillon, Th\u00e9\u00e2tre de Strasbourg &#8211; Sc\u00e8ne europ\u00e9enne <br>Le \/ am 21.11.2021 <br>R\u00e9alisation \/ TV-Regie: Colin Laurent I Ozango Productions<\/p>\n\n\n\n<div style=\"height:100px\" aria-hidden=\"true\" class=\"wp-block-spacer\"><\/div>\n","protected":false},"excerpt":{"rendered":"<p>Sind Sie bereit zu grooven? Der Star-Kontrabassist Avishai Cohen ist mit seinem Trio im Rahmen einer privaten Session zu erleben! Zusammen mit dem Pianisten Elchin Shirinov und der Schlagzeugerin Roni Kaspi pr\u00e4sentiert der Jazzmusiker hier seine neuesten St\u00fccke. Captation au \/ Aufnahme im Maillon, Th\u00e9\u00e2tre de Strasbourg &#8211; Sc\u00e8ne europ\u00e9enne Le \/ am 21.11.2021 R\u00e9alisation [&hellip;]<\/p>\n","protected":false},"author":1,"featured_media":52904,"comment_status":"open","ping_status":"open","sticky":false,"template":"","format":"standard","meta":{"_monsterinsights_skip_tracking":false,"_monsterinsights_sitenote_active":false,"_monsterinsights_sitenote_note":"","_monsterinsights_sitenote_category":0},"categories":[2465,55],"tags":[19850,19867,19868,10385,19869],"yoast_head":"<!-- This site is optimized with the Yoast SEO plugin v20.5 - https:\/\/yoast.com\/wordpress\/plugins\/seo\/ -->\n<title>Replay: Avishai Cohen Trio im Stra\u00dfburger Maillon I szenik<\/title>\n<meta name=\"description\" content=\"Zusammen mit dem Pianisten Elchin Shirinov und der Schlagzeugerin Roni Kaspi pr\u00e4sentiert Avishai Cohen hier seine neuesten St\u00fccke.\" \/>\n<meta name=\"robots\" content=\"index, follow, max-snippet:-1, max-image-preview:large, max-video-preview:-1\" \/>\n<link rel=\"canonical\" href=\"https:\/\/www.szenik.eu\/de\/avishai-cohen-trio-en-session-privee-au-maillon-pour-arte-concert-52906\" \/>\n<meta property=\"og:locale\" content=\"de_DE\" \/>\n<meta property=\"og:type\" content=\"article\" \/>\n<meta property=\"og:title\" content=\"Replay: Avishai Cohen Trio im Stra\u00dfburger Maillon I szenik\" \/>\n<meta property=\"og:description\" content=\"Zusammen mit dem Pianisten Elchin Shirinov und der Schlagzeugerin Roni Kaspi pr\u00e4sentiert Avishai Cohen hier seine neuesten St\u00fccke.\" \/>\n<meta property=\"og:url\" content=\"https:\/\/www.szenik.eu\/de\/avishai-cohen-trio-en-session-privee-au-maillon-pour-arte-concert-52906\" \/>\n<meta property=\"og:site_name\" content=\"szenik\" \/>\n<meta property=\"article:publisher\" content=\"https:\/\/www.facebook.com\/szenik.eu\/\" \/>\n<meta property=\"article:published_time\" content=\"2022-07-26T14:40:55+00:00\" \/>\n<meta property=\"article:modified_time\" content=\"2022-07-26T14:43:01+00:00\" \/>\n<meta property=\"og:image\" content=\"https:\/\/www.szenik.eu\/wp-content\/uploads\/2022\/07\/Capture-decran-2022-07-26-a-16.36.37.png\" \/>\n\t<meta property=\"og:image:width\" content=\"1414\" \/>\n\t<meta property=\"og:image:height\" content=\"695\" \/>\n\t<meta property=\"og:image:type\" content=\"image\/png\" \/>\n<meta name=\"author\" content=\"szenik\" \/>\n<meta name=\"twitter:card\" content=\"summary_large_image\" \/>\n<meta name=\"twitter:creator\" content=\"@Szenik\" \/>\n<meta name=\"twitter:site\" content=\"@Szenik\" \/>\n<meta name=\"twitter:label1\" content=\"Verfasst von\" \/>\n\t<meta name=\"twitter:data1\" content=\"szenik\" \/>\n\t<meta name=\"twitter:label2\" content=\"Gesch\u00e4tzte Lesezeit\" \/>\n\t<meta name=\"twitter:data2\" content=\"1\u00a0Minute\" \/>\n<script type=\"application\/ld+json\" class=\"yoast-schema-graph\">{\"@context\":\"https:\/\/schema.org\",\"@graph\":[{\"@type\":\"Article\",\"@id\":\"https:\/\/www.szenik.eu\/de\/avishai-cohen-trio-en-session-privee-au-maillon-pour-arte-concert-52906#article\",\"isPartOf\":{\"@id\":\"https:\/\/www.szenik.eu\/de\/avishai-cohen-trio-en-session-privee-au-maillon-pour-arte-concert-52906\"},\"author\":{\"name\":\"szenik\",\"@id\":\"https:\/\/www.szenik.eu\/de\/#\/schema\/person\/15f73f175b41bad194837490339d48fb\"},\"headline\":\"Avishai Cohen Trio in einer privaten Konzertsession im Stra\u00dfburger Maillon f\u00fcr ARTE Concert\",\"datePublished\":\"2022-07-26T14:40:55+00:00\",\"dateModified\":\"2022-07-26T14:43:01+00:00\",\"mainEntityOfPage\":{\"@id\":\"https:\/\/www.szenik.eu\/de\/avishai-cohen-trio-en-session-privee-au-maillon-pour-arte-concert-52906\"},\"wordCount\":79,\"commentCount\":0,\"publisher\":{\"@id\":\"https:\/\/www.szenik.eu\/de\/#organization\"},\"keywords\":[\"Arte\",\"Avishai Cohen\",\"Elchin Shirinov\",\"Maillon\",\"Roni Kaspi\"],\"articleSection\":[\"Jazz\",\"Szenik Live\"],\"inLanguage\":\"de\",\"potentialAction\":[{\"@type\":\"CommentAction\",\"name\":\"Comment\",\"target\":[\"https:\/\/www.szenik.eu\/de\/avishai-cohen-trio-en-session-privee-au-maillon-pour-arte-concert-52906#respond\"]}]},{\"@type\":\"WebPage\",\"@id\":\"https:\/\/www.szenik.eu\/de\/avishai-cohen-trio-en-session-privee-au-maillon-pour-arte-concert-52906\",\"url\":\"https:\/\/www.szenik.eu\/de\/avishai-cohen-trio-en-session-privee-au-maillon-pour-arte-concert-52906\",\"name\":\"Replay: Avishai Cohen Trio im Stra\u00dfburger Maillon I szenik\",\"isPartOf\":{\"@id\":\"https:\/\/www.szenik.eu\/de\/#website\"},\"datePublished\":\"2022-07-26T14:40:55+00:00\",\"dateModified\":\"2022-07-26T14:43:01+00:00\",\"description\":\"Zusammen mit dem Pianisten Elchin Shirinov und der Schlagzeugerin Roni Kaspi pr\u00e4sentiert Avishai Cohen hier seine neuesten St\u00fccke.\",\"breadcrumb\":{\"@id\":\"https:\/\/www.szenik.eu\/de\/avishai-cohen-trio-en-session-privee-au-maillon-pour-arte-concert-52906#breadcrumb\"},\"inLanguage\":\"de\",\"potentialAction\":[{\"@type\":\"ReadAction\",\"target\":[\"https:\/\/www.szenik.eu\/de\/avishai-cohen-trio-en-session-privee-au-maillon-pour-arte-concert-52906\"]}]},{\"@type\":\"BreadcrumbList\",\"@id\":\"https:\/\/www.szenik.eu\/de\/avishai-cohen-trio-en-session-privee-au-maillon-pour-arte-concert-52906#breadcrumb\",\"itemListElement\":[{\"@type\":\"ListItem\",\"position\":1,\"name\":\"Home\",\"item\":\"https:\/\/www.szenik.eu\/de\"},{\"@type\":\"ListItem\",\"position\":2,\"name\":\"Avishai Cohen Trio in einer privaten Konzertsession im Stra\u00dfburger Maillon f\u00fcr ARTE Concert\"}]},{\"@type\":\"WebSite\",\"@id\":\"https:\/\/www.szenik.eu\/de\/#website\",\"url\":\"https:\/\/www.szenik.eu\/de\/\",\"name\":\"szenik\",\"description\":\"Le Meilleur des sc\u00e8nes au coeur de l&#039;Europe\",\"publisher\":{\"@id\":\"https:\/\/www.szenik.eu\/de\/#organization\"},\"potentialAction\":[{\"@type\":\"SearchAction\",\"target\":{\"@type\":\"EntryPoint\",\"urlTemplate\":\"https:\/\/www.szenik.eu\/de\/?s={search_term_string}\"},\"query-input\":\"required name=search_term_string\"}],\"inLanguage\":\"de\"},{\"@type\":\"Organization\",\"@id\":\"https:\/\/www.szenik.eu\/de\/#organization\",\"name\":\"Szenik\",\"url\":\"https:\/\/www.szenik.eu\/de\/\",\"logo\":{\"@type\":\"ImageObject\",\"inLanguage\":\"de\",\"@id\":\"https:\/\/www.szenik.eu\/de\/#\/schema\/logo\/image\/\",\"url\":\"https:\/\/www.szenik.eu\/wp-content\/uploads\/2019\/07\/logo-square.png\",\"contentUrl\":\"https:\/\/www.szenik.eu\/wp-content\/uploads\/2019\/07\/logo-square.png\",\"width\":512,\"height\":512,\"caption\":\"Szenik\"},\"image\":{\"@id\":\"https:\/\/www.szenik.eu\/de\/#\/schema\/logo\/image\/\"},\"sameAs\":[\"https:\/\/www.facebook.com\/szenik.eu\/\",\"https:\/\/twitter.com\/Szenik\",\"https:\/\/www.instagram.com\/szenik_magazine\/\",\"https:\/\/www.youtube.com\/user\/SzenikEU\/\"]},{\"@type\":\"Person\",\"@id\":\"https:\/\/www.szenik.eu\/de\/#\/schema\/person\/15f73f175b41bad194837490339d48fb\",\"name\":\"szenik\",\"image\":{\"@type\":\"ImageObject\",\"inLanguage\":\"de\",\"@id\":\"https:\/\/www.szenik.eu\/de\/#\/schema\/person\/image\/\",\"url\":\"https:\/\/secure.gravatar.com\/avatar\/d1c4f19522a624a4eaa5e6c03e22370b?s=96&d=mm&r=g\",\"contentUrl\":\"https:\/\/secure.gravatar.com\/avatar\/d1c4f19522a624a4eaa5e6c03e22370b?s=96&d=mm&r=g\",\"caption\":\"szenik\"}}]}<\/script>\n<!-- \/ Yoast SEO plugin. -->","yoast_head_json":{"title":"Replay: Avishai Cohen Trio im Stra\u00dfburger Maillon I szenik","description":"Zusammen mit dem Pianisten Elchin Shirinov und der Schlagzeugerin Roni Kaspi pr\u00e4sentiert Avishai Cohen hier seine neuesten St\u00fccke.","robots":{"index":"index","follow":"follow","max-snippet":"max-snippet:-1","max-image-preview":"max-image-preview:large","max-video-preview":"max-video-preview:-1"},"canonical":"https:\/\/www.szenik.eu\/de\/avishai-cohen-trio-en-session-privee-au-maillon-pour-arte-concert-52906","og_locale":"de_DE","og_type":"article","og_title":"Replay: Avishai Cohen Trio im Stra\u00dfburger Maillon I szenik","og_description":"Zusammen mit dem Pianisten Elchin Shirinov und der Schlagzeugerin Roni Kaspi pr\u00e4sentiert Avishai Cohen hier seine neuesten St\u00fccke.","og_url":"https:\/\/www.szenik.eu\/de\/avishai-cohen-trio-en-session-privee-au-maillon-pour-arte-concert-52906","og_site_name":"szenik","article_publisher":"https:\/\/www.facebook.com\/szenik.eu\/","article_published_time":"2022-07-26T14:40:55+00:00","article_modified_time":"2022-07-26T14:43:01+00:00","og_image":[{"width":1414,"height":695,"url":"https:\/\/www.szenik.eu\/wp-content\/uploads\/2022\/07\/Capture-decran-2022-07-26-a-16.36.37.png","type":"image\/png"}],"author":"szenik","twitter_card":"summary_large_image","twitter_creator":"@Szenik","twitter_site":"@Szenik","twitter_misc":{"Verfasst von":"szenik","Gesch\u00e4tzte Lesezeit":"1\u00a0Minute"},"schema":{"@context":"https:\/\/schema.org","@graph":[{"@type":"Article","@id":"https:\/\/www.szenik.eu\/de\/avishai-cohen-trio-en-session-privee-au-maillon-pour-arte-concert-52906#article","isPartOf":{"@id":"https:\/\/www.szenik.eu\/de\/avishai-cohen-trio-en-session-privee-au-maillon-pour-arte-concert-52906"},"author":{"name":"szenik","@id":"https:\/\/www.szenik.eu\/de\/#\/schema\/person\/15f73f175b41bad194837490339d48fb"},"headline":"Avishai Cohen Trio in einer privaten Konzertsession im Stra\u00dfburger Maillon f\u00fcr ARTE Concert","datePublished":"2022-07-26T14:40:55+00:00","dateModified":"2022-07-26T14:43:01+00:00","mainEntityOfPage":{"@id":"https:\/\/www.szenik.eu\/de\/avishai-cohen-trio-en-session-privee-au-maillon-pour-arte-concert-52906"},"wordCount":79,"commentCount":0,"publisher":{"@id":"https:\/\/www.szenik.eu\/de\/#organization"},"keywords":["Arte","Avishai Cohen","Elchin Shirinov","Maillon","Roni Kaspi"],"articleSection":["Jazz","Szenik Live"],"inLanguage":"de","potentialAction":[{"@type":"CommentAction","name":"Comment","target":["https:\/\/www.szenik.eu\/de\/avishai-cohen-trio-en-session-privee-au-maillon-pour-arte-concert-52906#respond"]}]},{"@type":"WebPage","@id":"https:\/\/www.szenik.eu\/de\/avishai-cohen-trio-en-session-privee-au-maillon-pour-arte-concert-52906","url":"https:\/\/www.szenik.eu\/de\/avishai-cohen-trio-en-session-privee-au-maillon-pour-arte-concert-52906","name":"Replay: Avishai Cohen Trio im Stra\u00dfburger Maillon I szenik","isPartOf":{"@id":"https:\/\/www.szenik.eu\/de\/#website"},"datePublished":"2022-07-26T14:40:55+00:00","dateModified":"2022-07-26T14:43:01+00:00","description":"Zusammen mit dem Pianisten Elchin Shirinov und der Schlagzeugerin Roni Kaspi pr\u00e4sentiert Avishai Cohen hier seine neuesten St\u00fccke.","breadcrumb":{"@id":"https:\/\/www.szenik.eu\/de\/avishai-cohen-trio-en-session-privee-au-maillon-pour-arte-concert-52906#breadcrumb"},"inLanguage":"de","potentialAction":[{"@type":"ReadAction","target":["https:\/\/www.szenik.eu\/de\/avishai-cohen-trio-en-session-privee-au-maillon-pour-arte-concert-52906"]}]},{"@type":"BreadcrumbList","@id":"https:\/\/www.szenik.eu\/de\/avishai-cohen-trio-en-session-privee-au-maillon-pour-arte-concert-52906#breadcrumb","itemListElement":[{"@type":"ListItem","position":1,"name":"Home","item":"https:\/\/www.szenik.eu\/de"},{"@type":"ListItem","position":2,"name":"Avishai Cohen Trio in einer privaten Konzertsession im Stra\u00dfburger Maillon f\u00fcr ARTE Concert"}]},{"@type":"WebSite","@id":"https:\/\/www.szenik.eu\/de\/#website","url":"https:\/\/www.szenik.eu\/de\/","name":"szenik","description":"Le Meilleur des sc\u00e8nes au coeur de l&#039;Europe","publisher":{"@id":"https:\/\/www.szenik.eu\/de\/#organization"},"potentialAction":[{"@type":"SearchAction","target":{"@type":"EntryPoint","urlTemplate":"https:\/\/www.szenik.eu\/de\/?s={search_term_string}"},"query-input":"required name=search_term_string"}],"inLanguage":"de"},{"@type":"Organization","@id":"https:\/\/www.szenik.eu\/de\/#organization","name":"Szenik","url":"https:\/\/www.szenik.eu\/de\/","logo":{"@type":"ImageObject","inLanguage":"de","@id":"https:\/\/www.szenik.eu\/de\/#\/schema\/logo\/image\/","url":"https:\/\/www.szenik.eu\/wp-content\/uploads\/2019\/07\/logo-square.png","contentUrl":"https:\/\/www.szenik.eu\/wp-content\/uploads\/2019\/07\/logo-square.png","width":512,"height":512,"caption":"Szenik"},"image":{"@id":"https:\/\/www.szenik.eu\/de\/#\/schema\/logo\/image\/"},"sameAs":["https:\/\/www.facebook.com\/szenik.eu\/","https:\/\/twitter.com\/Szenik","https:\/\/www.instagram.com\/szenik_magazine\/","https:\/\/www.youtube.com\/user\/SzenikEU\/"]},{"@type":"Person","@id":"https:\/\/www.szenik.eu\/de\/#\/schema\/person\/15f73f175b41bad194837490339d48fb","name":"szenik","image":{"@type":"ImageObject","inLanguage":"de","@id":"https:\/\/www.szenik.eu\/de\/#\/schema\/person\/image\/","url":"https:\/\/secure.gravatar.com\/avatar\/d1c4f19522a624a4eaa5e6c03e22370b?s=96&d=mm&r=g","contentUrl":"https:\/\/secure.gravatar.com\/avatar\/d1c4f19522a624a4eaa5e6c03e22370b?s=96&d=mm&r=g","caption":"szenik"}}]}},"jetpack_featured_media_url":"https:\/\/www.szenik.eu\/wp-content\/uploads\/2022\/07\/Capture-decran-2022-07-26-a-16.36.37.png","amp_enabled":true,"_links":{"self":[{"href":"https:\/\/www.szenik.eu\/de\/wp-json\/\/wp\/v2\/posts\/52906"}],"collection":[{"href":"https:\/\/www.szenik.eu\/de\/wp-json\/\/wp\/v2\/posts"}],"about":[{"href":"https:\/\/www.szenik.eu\/de\/wp-json\/\/wp\/v2\/types\/post"}],"author":[{"embeddable":true,"href":"https:\/\/www.szenik.eu\/de\/wp-json\/\/wp\/v2\/users\/1"}],"replies":[{"embeddable":true,"href":"https:\/\/www.szenik.eu\/de\/wp-json\/\/wp\/v2\/comments?post=52906"}],"version-history":[{"count":1,"href":"https:\/\/www.szenik.eu\/de\/wp-json\/\/wp\/v2\/posts\/52906\/revisions"}],"predecessor-version":[{"id":52908,"href":"https:\/\/www.szenik.eu\/de\/wp-json\/\/wp\/v2\/posts\/52906\/revisions\/52908"}],"wp:featuredmedia":[{"embeddable":true,"href":"https:\/\/www.szenik.eu\/de\/wp-json\/\/wp\/v2\/media\/52904"}],"wp:attachment":[{"href":"https:\/\/www.szenik.eu\/de\/wp-json\/\/wp\/v2\/media?parent=52906"}],"wp:term":[{"taxonomy":"category","embeddable":true,"href":"https:\/\/www.szenik.eu\/de\/wp-json\/\/wp\/v2\/categories?post=52906"},{"taxonomy":"post_tag","embeddable":true,"href":"https:\/\/www.szenik.eu\/de\/wp-json\/\/wp\/v2\/tags?post=52906"}],"curies":[{"name":"wp","href":"https:\/\/api.w.org\/{rel}","templated":true}]}}