{"id":52856,"date":"2022-07-26T14:43:36","date_gmt":"2022-07-26T12:43:36","guid":{"rendered":"https:\/\/www.szenik.eu\/christophe-imbs-foryourowngood-julien-lourau-i-festival-arte-concert-strasbourg-52856"},"modified":"2022-07-26T14:53:47","modified_gmt":"2022-07-26T12:53:47","slug":"christophe-imbs-foryourowngood-julien-lourau-i-festival-arte-concert-strasbourg","status":"publish","type":"post","link":"https:\/\/www.szenik.eu\/de\/christophe-imbs-foryourowngood-julien-lourau-i-festival-arte-concert-strasbourg-52856","title":{"rendered":"Christophe Imbs &#8222;For Your Own Good!&#8220; + Julien Lourau I  Festival Arte Concert Strasbourg"},"content":{"rendered":"\n<h2>Der Pianist-Komponist Christophe Imbs (ForYourOwnGood!) schlie\u00dft sich mit dem Saxofonisten Julien Lourau f\u00fcr eine musikalische und stil\u00fcbergreifende Kooperation aus rohen und dichten Kl\u00e4ngen zusammen.<\/h2>\n\n\n\n<div style=\"height:100px\" aria-hidden=\"true\" class=\"wp-block-spacer\"><\/div>\n\n\n\n<p>Mit <br><a href=\"https:\/\/www.christopheimbs.com\" target=\"_blank\" rel=\"noreferrer noopener\">Christoph Imbs<\/a> &#8211; Piano I <a href=\"https:\/\/www.annepaceo.com\" target=\"_blank\" rel=\"noreferrer noopener\">Anne Paceo<\/a> &#8211; Schlagzeug I Joan Eche-Puig &#8211; Bass I Julien Loureau &#8211; Saxofon<\/p>\n\n\n\n<div style=\"height:100px\" aria-hidden=\"true\" class=\"wp-block-spacer\"><\/div>\n\n\n\n<p class=\"has-small-font-size\">R\u00e9alisation \/ TV-Regie: Adeline Chahin <br>Libelo Productions <br>Captation dans le cadre du \/ Aufnahme im Rahmen des Festival Arte Concert Strasbourg 2020<\/p>\n\n\n\n<div style=\"height:100px\" aria-hidden=\"true\" class=\"wp-block-spacer\"><\/div>\n","protected":false},"excerpt":{"rendered":"<p>Der Pianist-Komponist Christophe Imbs (ForYourOwnGood!) schlie\u00dft sich mit dem Saxofonisten Julien Lourau f\u00fcr eine musikalische und stil\u00fcbergreifende Kooperation aus rohen und dichten Kl\u00e4ngen zusammen. Mit Christoph Imbs &#8211; Piano I Anne Paceo &#8211; Schlagzeug I Joan Eche-Puig &#8211; Bass I Julien Loureau &#8211; Saxofon R\u00e9alisation \/ TV-Regie: Adeline Chahin Libelo Productions Captation dans le cadre [&hellip;]<\/p>\n","protected":false},"author":1,"featured_media":52853,"comment_status":"open","ping_status":"open","sticky":false,"template":"","format":"standard","meta":{"_monsterinsights_skip_tracking":false,"_monsterinsights_sitenote_active":false,"_monsterinsights_sitenote_note":"","_monsterinsights_sitenote_category":0},"categories":[2465,55],"tags":[19849,19850,19851,6420,19852,19853],"yoast_head":"<!-- This site is optimized with the Yoast SEO plugin v20.5 - https:\/\/yoast.com\/wordpress\/plugins\/seo\/ -->\n<title>Christophe Imbs &quot;ForYourOwnGood!&quot; + Julien Lourau im Replay I szenik<\/title>\n<meta name=\"description\" content=\"Christophe Imbs schlie\u00dft sich mit Julien Lourau f\u00fcr eine stil\u00fcbergreifende Kooperation aus rohen und dichten Kl\u00e4ngen zusammen.\" \/>\n<meta name=\"robots\" content=\"index, follow, max-snippet:-1, max-image-preview:large, max-video-preview:-1\" \/>\n<link rel=\"canonical\" href=\"https:\/\/www.szenik.eu\/de\/christophe-imbs-foryourowngood-julien-lourau-i-festival-arte-concert-strasbourg-52856\" \/>\n<meta property=\"og:locale\" content=\"de_DE\" \/>\n<meta property=\"og:type\" content=\"article\" \/>\n<meta property=\"og:title\" content=\"Christophe Imbs &quot;ForYourOwnGood!&quot; + Julien Lourau im Replay I szenik\" \/>\n<meta property=\"og:description\" content=\"Christophe Imbs schlie\u00dft sich mit Julien Lourau f\u00fcr eine stil\u00fcbergreifende Kooperation aus rohen und dichten Kl\u00e4ngen zusammen.\" \/>\n<meta property=\"og:url\" content=\"https:\/\/www.szenik.eu\/de\/christophe-imbs-foryourowngood-julien-lourau-i-festival-arte-concert-strasbourg-52856\" \/>\n<meta property=\"og:site_name\" content=\"szenik\" \/>\n<meta property=\"article:publisher\" content=\"https:\/\/www.facebook.com\/szenik.eu\/\" \/>\n<meta property=\"article:published_time\" content=\"2022-07-26T12:43:36+00:00\" \/>\n<meta property=\"article:modified_time\" content=\"2022-07-26T12:53:47+00:00\" \/>\n<meta property=\"og:image\" content=\"https:\/\/www.szenik.eu\/wp-content\/uploads\/2022\/07\/Capture-decran-2022-07-26-a-14.37.46.png\" \/>\n\t<meta property=\"og:image:width\" content=\"1405\" \/>\n\t<meta property=\"og:image:height\" content=\"728\" \/>\n\t<meta property=\"og:image:type\" content=\"image\/png\" \/>\n<meta name=\"author\" content=\"szenik\" \/>\n<meta name=\"twitter:card\" content=\"summary_large_image\" \/>\n<meta name=\"twitter:creator\" content=\"@Szenik\" \/>\n<meta name=\"twitter:site\" content=\"@Szenik\" \/>\n<meta name=\"twitter:label1\" content=\"Verfasst von\" \/>\n\t<meta name=\"twitter:data1\" content=\"szenik\" \/>\n\t<meta name=\"twitter:label2\" content=\"Gesch\u00e4tzte Lesezeit\" \/>\n\t<meta name=\"twitter:data2\" content=\"1\u00a0Minute\" \/>\n<script type=\"application\/ld+json\" class=\"yoast-schema-graph\">{\"@context\":\"https:\/\/schema.org\",\"@graph\":[{\"@type\":\"Article\",\"@id\":\"https:\/\/www.szenik.eu\/de\/christophe-imbs-foryourowngood-julien-lourau-i-festival-arte-concert-strasbourg-52856#article\",\"isPartOf\":{\"@id\":\"https:\/\/www.szenik.eu\/de\/christophe-imbs-foryourowngood-julien-lourau-i-festival-arte-concert-strasbourg-52856\"},\"author\":{\"name\":\"szenik\",\"@id\":\"https:\/\/www.szenik.eu\/de\/#\/schema\/person\/15f73f175b41bad194837490339d48fb\"},\"headline\":\"Christophe Imbs &#8222;For Your Own Good!&#8220; + Julien Lourau I Festival Arte Concert Strasbourg\",\"datePublished\":\"2022-07-26T12:43:36+00:00\",\"dateModified\":\"2022-07-26T12:53:47+00:00\",\"mainEntityOfPage\":{\"@id\":\"https:\/\/www.szenik.eu\/de\/christophe-imbs-foryourowngood-julien-lourau-i-festival-arte-concert-strasbourg-52856\"},\"wordCount\":81,\"commentCount\":0,\"publisher\":{\"@id\":\"https:\/\/www.szenik.eu\/de\/#organization\"},\"keywords\":[\"Anne Paceo\",\"Arte\",\"Christophe Imbs\",\"Jazzdor\",\"Joan Eche-Puig\",\"Julien Loureau\"],\"articleSection\":[\"Jazz\",\"Szenik Live\"],\"inLanguage\":\"de\",\"potentialAction\":[{\"@type\":\"CommentAction\",\"name\":\"Comment\",\"target\":[\"https:\/\/www.szenik.eu\/de\/christophe-imbs-foryourowngood-julien-lourau-i-festival-arte-concert-strasbourg-52856#respond\"]}]},{\"@type\":\"WebPage\",\"@id\":\"https:\/\/www.szenik.eu\/de\/christophe-imbs-foryourowngood-julien-lourau-i-festival-arte-concert-strasbourg-52856\",\"url\":\"https:\/\/www.szenik.eu\/de\/christophe-imbs-foryourowngood-julien-lourau-i-festival-arte-concert-strasbourg-52856\",\"name\":\"Christophe Imbs \\\"ForYourOwnGood!\\\" + Julien Lourau im Replay I szenik\",\"isPartOf\":{\"@id\":\"https:\/\/www.szenik.eu\/de\/#website\"},\"datePublished\":\"2022-07-26T12:43:36+00:00\",\"dateModified\":\"2022-07-26T12:53:47+00:00\",\"description\":\"Christophe Imbs schlie\u00dft sich mit Julien Lourau f\u00fcr eine stil\u00fcbergreifende Kooperation aus rohen und dichten Kl\u00e4ngen zusammen.\",\"breadcrumb\":{\"@id\":\"https:\/\/www.szenik.eu\/de\/christophe-imbs-foryourowngood-julien-lourau-i-festival-arte-concert-strasbourg-52856#breadcrumb\"},\"inLanguage\":\"de\",\"potentialAction\":[{\"@type\":\"ReadAction\",\"target\":[\"https:\/\/www.szenik.eu\/de\/christophe-imbs-foryourowngood-julien-lourau-i-festival-arte-concert-strasbourg-52856\"]}]},{\"@type\":\"BreadcrumbList\",\"@id\":\"https:\/\/www.szenik.eu\/de\/christophe-imbs-foryourowngood-julien-lourau-i-festival-arte-concert-strasbourg-52856#breadcrumb\",\"itemListElement\":[{\"@type\":\"ListItem\",\"position\":1,\"name\":\"Home\",\"item\":\"https:\/\/www.szenik.eu\/de\"},{\"@type\":\"ListItem\",\"position\":2,\"name\":\"Christophe Imbs &#8222;For Your Own Good!&#8220; + Julien Lourau I Festival Arte Concert Strasbourg\"}]},{\"@type\":\"WebSite\",\"@id\":\"https:\/\/www.szenik.eu\/de\/#website\",\"url\":\"https:\/\/www.szenik.eu\/de\/\",\"name\":\"szenik\",\"description\":\"Le Meilleur des sc\u00e8nes au coeur de l&#039;Europe\",\"publisher\":{\"@id\":\"https:\/\/www.szenik.eu\/de\/#organization\"},\"potentialAction\":[{\"@type\":\"SearchAction\",\"target\":{\"@type\":\"EntryPoint\",\"urlTemplate\":\"https:\/\/www.szenik.eu\/de\/?s={search_term_string}\"},\"query-input\":\"required name=search_term_string\"}],\"inLanguage\":\"de\"},{\"@type\":\"Organization\",\"@id\":\"https:\/\/www.szenik.eu\/de\/#organization\",\"name\":\"Szenik\",\"url\":\"https:\/\/www.szenik.eu\/de\/\",\"logo\":{\"@type\":\"ImageObject\",\"inLanguage\":\"de\",\"@id\":\"https:\/\/www.szenik.eu\/de\/#\/schema\/logo\/image\/\",\"url\":\"https:\/\/www.szenik.eu\/wp-content\/uploads\/2019\/07\/logo-square.png\",\"contentUrl\":\"https:\/\/www.szenik.eu\/wp-content\/uploads\/2019\/07\/logo-square.png\",\"width\":512,\"height\":512,\"caption\":\"Szenik\"},\"image\":{\"@id\":\"https:\/\/www.szenik.eu\/de\/#\/schema\/logo\/image\/\"},\"sameAs\":[\"https:\/\/www.facebook.com\/szenik.eu\/\",\"https:\/\/twitter.com\/Szenik\",\"https:\/\/www.instagram.com\/szenik_magazine\/\",\"https:\/\/www.youtube.com\/user\/SzenikEU\/\"]},{\"@type\":\"Person\",\"@id\":\"https:\/\/www.szenik.eu\/de\/#\/schema\/person\/15f73f175b41bad194837490339d48fb\",\"name\":\"szenik\",\"image\":{\"@type\":\"ImageObject\",\"inLanguage\":\"de\",\"@id\":\"https:\/\/www.szenik.eu\/de\/#\/schema\/person\/image\/\",\"url\":\"https:\/\/secure.gravatar.com\/avatar\/d1c4f19522a624a4eaa5e6c03e22370b?s=96&d=mm&r=g\",\"contentUrl\":\"https:\/\/secure.gravatar.com\/avatar\/d1c4f19522a624a4eaa5e6c03e22370b?s=96&d=mm&r=g\",\"caption\":\"szenik\"}}]}<\/script>\n<!-- \/ Yoast SEO plugin. -->","yoast_head_json":{"title":"Christophe Imbs \"ForYourOwnGood!\" + Julien Lourau im Replay I szenik","description":"Christophe Imbs schlie\u00dft sich mit Julien Lourau f\u00fcr eine stil\u00fcbergreifende Kooperation aus rohen und dichten Kl\u00e4ngen zusammen.","robots":{"index":"index","follow":"follow","max-snippet":"max-snippet:-1","max-image-preview":"max-image-preview:large","max-video-preview":"max-video-preview:-1"},"canonical":"https:\/\/www.szenik.eu\/de\/christophe-imbs-foryourowngood-julien-lourau-i-festival-arte-concert-strasbourg-52856","og_locale":"de_DE","og_type":"article","og_title":"Christophe Imbs \"ForYourOwnGood!\" + Julien Lourau im Replay I szenik","og_description":"Christophe Imbs schlie\u00dft sich mit Julien Lourau f\u00fcr eine stil\u00fcbergreifende Kooperation aus rohen und dichten Kl\u00e4ngen zusammen.","og_url":"https:\/\/www.szenik.eu\/de\/christophe-imbs-foryourowngood-julien-lourau-i-festival-arte-concert-strasbourg-52856","og_site_name":"szenik","article_publisher":"https:\/\/www.facebook.com\/szenik.eu\/","article_published_time":"2022-07-26T12:43:36+00:00","article_modified_time":"2022-07-26T12:53:47+00:00","og_image":[{"width":1405,"height":728,"url":"https:\/\/www.szenik.eu\/wp-content\/uploads\/2022\/07\/Capture-decran-2022-07-26-a-14.37.46.png","type":"image\/png"}],"author":"szenik","twitter_card":"summary_large_image","twitter_creator":"@Szenik","twitter_site":"@Szenik","twitter_misc":{"Verfasst von":"szenik","Gesch\u00e4tzte Lesezeit":"1\u00a0Minute"},"schema":{"@context":"https:\/\/schema.org","@graph":[{"@type":"Article","@id":"https:\/\/www.szenik.eu\/de\/christophe-imbs-foryourowngood-julien-lourau-i-festival-arte-concert-strasbourg-52856#article","isPartOf":{"@id":"https:\/\/www.szenik.eu\/de\/christophe-imbs-foryourowngood-julien-lourau-i-festival-arte-concert-strasbourg-52856"},"author":{"name":"szenik","@id":"https:\/\/www.szenik.eu\/de\/#\/schema\/person\/15f73f175b41bad194837490339d48fb"},"headline":"Christophe Imbs &#8222;For Your Own Good!&#8220; + Julien Lourau I Festival Arte Concert Strasbourg","datePublished":"2022-07-26T12:43:36+00:00","dateModified":"2022-07-26T12:53:47+00:00","mainEntityOfPage":{"@id":"https:\/\/www.szenik.eu\/de\/christophe-imbs-foryourowngood-julien-lourau-i-festival-arte-concert-strasbourg-52856"},"wordCount":81,"commentCount":0,"publisher":{"@id":"https:\/\/www.szenik.eu\/de\/#organization"},"keywords":["Anne Paceo","Arte","Christophe Imbs","Jazzdor","Joan Eche-Puig","Julien Loureau"],"articleSection":["Jazz","Szenik Live"],"inLanguage":"de","potentialAction":[{"@type":"CommentAction","name":"Comment","target":["https:\/\/www.szenik.eu\/de\/christophe-imbs-foryourowngood-julien-lourau-i-festival-arte-concert-strasbourg-52856#respond"]}]},{"@type":"WebPage","@id":"https:\/\/www.szenik.eu\/de\/christophe-imbs-foryourowngood-julien-lourau-i-festival-arte-concert-strasbourg-52856","url":"https:\/\/www.szenik.eu\/de\/christophe-imbs-foryourowngood-julien-lourau-i-festival-arte-concert-strasbourg-52856","name":"Christophe Imbs \"ForYourOwnGood!\" + Julien Lourau im Replay I szenik","isPartOf":{"@id":"https:\/\/www.szenik.eu\/de\/#website"},"datePublished":"2022-07-26T12:43:36+00:00","dateModified":"2022-07-26T12:53:47+00:00","description":"Christophe Imbs schlie\u00dft sich mit Julien Lourau f\u00fcr eine stil\u00fcbergreifende Kooperation aus rohen und dichten Kl\u00e4ngen zusammen.","breadcrumb":{"@id":"https:\/\/www.szenik.eu\/de\/christophe-imbs-foryourowngood-julien-lourau-i-festival-arte-concert-strasbourg-52856#breadcrumb"},"inLanguage":"de","potentialAction":[{"@type":"ReadAction","target":["https:\/\/www.szenik.eu\/de\/christophe-imbs-foryourowngood-julien-lourau-i-festival-arte-concert-strasbourg-52856"]}]},{"@type":"BreadcrumbList","@id":"https:\/\/www.szenik.eu\/de\/christophe-imbs-foryourowngood-julien-lourau-i-festival-arte-concert-strasbourg-52856#breadcrumb","itemListElement":[{"@type":"ListItem","position":1,"name":"Home","item":"https:\/\/www.szenik.eu\/de"},{"@type":"ListItem","position":2,"name":"Christophe Imbs &#8222;For Your Own Good!&#8220; + Julien Lourau I Festival Arte Concert Strasbourg"}]},{"@type":"WebSite","@id":"https:\/\/www.szenik.eu\/de\/#website","url":"https:\/\/www.szenik.eu\/de\/","name":"szenik","description":"Le Meilleur des sc\u00e8nes au coeur de l&#039;Europe","publisher":{"@id":"https:\/\/www.szenik.eu\/de\/#organization"},"potentialAction":[{"@type":"SearchAction","target":{"@type":"EntryPoint","urlTemplate":"https:\/\/www.szenik.eu\/de\/?s={search_term_string}"},"query-input":"required name=search_term_string"}],"inLanguage":"de"},{"@type":"Organization","@id":"https:\/\/www.szenik.eu\/de\/#organization","name":"Szenik","url":"https:\/\/www.szenik.eu\/de\/","logo":{"@type":"ImageObject","inLanguage":"de","@id":"https:\/\/www.szenik.eu\/de\/#\/schema\/logo\/image\/","url":"https:\/\/www.szenik.eu\/wp-content\/uploads\/2019\/07\/logo-square.png","contentUrl":"https:\/\/www.szenik.eu\/wp-content\/uploads\/2019\/07\/logo-square.png","width":512,"height":512,"caption":"Szenik"},"image":{"@id":"https:\/\/www.szenik.eu\/de\/#\/schema\/logo\/image\/"},"sameAs":["https:\/\/www.facebook.com\/szenik.eu\/","https:\/\/twitter.com\/Szenik","https:\/\/www.instagram.com\/szenik_magazine\/","https:\/\/www.youtube.com\/user\/SzenikEU\/"]},{"@type":"Person","@id":"https:\/\/www.szenik.eu\/de\/#\/schema\/person\/15f73f175b41bad194837490339d48fb","name":"szenik","image":{"@type":"ImageObject","inLanguage":"de","@id":"https:\/\/www.szenik.eu\/de\/#\/schema\/person\/image\/","url":"https:\/\/secure.gravatar.com\/avatar\/d1c4f19522a624a4eaa5e6c03e22370b?s=96&d=mm&r=g","contentUrl":"https:\/\/secure.gravatar.com\/avatar\/d1c4f19522a624a4eaa5e6c03e22370b?s=96&d=mm&r=g","caption":"szenik"}}]}},"jetpack_featured_media_url":"https:\/\/www.szenik.eu\/wp-content\/uploads\/2022\/07\/Capture-decran-2022-07-26-a-14.37.46.png","amp_enabled":true,"_links":{"self":[{"href":"https:\/\/www.szenik.eu\/de\/wp-json\/\/wp\/v2\/posts\/52856"}],"collection":[{"href":"https:\/\/www.szenik.eu\/de\/wp-json\/\/wp\/v2\/posts"}],"about":[{"href":"https:\/\/www.szenik.eu\/de\/wp-json\/\/wp\/v2\/types\/post"}],"author":[{"embeddable":true,"href":"https:\/\/www.szenik.eu\/de\/wp-json\/\/wp\/v2\/users\/1"}],"replies":[{"embeddable":true,"href":"https:\/\/www.szenik.eu\/de\/wp-json\/\/wp\/v2\/comments?post=52856"}],"version-history":[{"count":1,"href":"https:\/\/www.szenik.eu\/de\/wp-json\/\/wp\/v2\/posts\/52856\/revisions"}],"predecessor-version":[{"id":52859,"href":"https:\/\/www.szenik.eu\/de\/wp-json\/\/wp\/v2\/posts\/52856\/revisions\/52859"}],"wp:featuredmedia":[{"embeddable":true,"href":"https:\/\/www.szenik.eu\/de\/wp-json\/\/wp\/v2\/media\/52853"}],"wp:attachment":[{"href":"https:\/\/www.szenik.eu\/de\/wp-json\/\/wp\/v2\/media?parent=52856"}],"wp:term":[{"taxonomy":"category","embeddable":true,"href":"https:\/\/www.szenik.eu\/de\/wp-json\/\/wp\/v2\/categories?post=52856"},{"taxonomy":"post_tag","embeddable":true,"href":"https:\/\/www.szenik.eu\/de\/wp-json\/\/wp\/v2\/tags?post=52856"}],"curies":[{"name":"wp","href":"https:\/\/api.w.org\/{rel}","templated":true}]}}