{"id":52095,"date":"2022-07-01T20:04:07","date_gmt":"2022-07-01T18:04:07","guid":{"rendered":"https:\/\/www.szenik.eu\/?p=52095\/"},"modified":"2022-07-01T20:04:08","modified_gmt":"2022-07-01T18:04:08","slug":"sebastien-rouland-bleibt-generalmusikdirektor-des-saarlaendischen-staatstheaters-vertrag-um-vier-spielzeiten-verlaengert","status":"publish","type":"post","link":"https:\/\/www.szenik.eu\/de\/sebastien-rouland-bleibt-generalmusikdirektor-des-saarlaendischen-staatstheaters-vertrag-um-vier-spielzeiten-verlaengert-52095","title":{"rendered":"S\u00e9bastien Rouland bleibt Generalmusikdirektor des Saarl\u00e4ndischen Staatstheaters: Vertrag um vier Spielzeiten verl\u00e4ngert"},"content":{"rendered":"\n<h2>S\u00e9bastien Rouland bleibt Generalmusikdirektor (GMD) des Saarl\u00e4ndischen Staatstheaters: Der franz\u00f6sische Dirigent, der als GMD seit 2018\/2019 die musikalische Entwicklung des Opernensembles und des Saarl\u00e4ndischen Staatsorchesters ma\u00dfgeblich pr\u00e4gt, hat seinen Vertrag\u00a0bis 2025\/2026\u00a0verl\u00e4ngert.<\/h2>\n\n\n\n<div style=\"height:100px\" aria-hidden=\"true\" class=\"wp-block-spacer\"><\/div>\n\n\n\n<p><em>Pressemitteilung<\/em><\/p>\n\n\n\n<div style=\"height:100px\" aria-hidden=\"true\" class=\"wp-block-spacer\"><\/div>\n\n\n\n<p>\u00bbIch freue mich au\u00dferordentlich, dass wir Sebastien Rouland f\u00fcr vorerst weitere vier Spielzeiten gewinnen konnten\u00bb, so Generalintendant Bodo Busse. \u00bbSeine stilistisch vielf\u00e4ltige musikalische Arbeit mit dem Saarl\u00e4ndische Staatsorchester und dem Opernensemble, die diese Spielzeit unter anderem mit H\u00e4ndels&nbsp;\u203aAlcina\u2039, Wagners&nbsp;\u203aTristan und Isolde\u2039&nbsp;und zuletzt Bizets&nbsp;\u203aCarmen\u2039&nbsp;auch \u00fcberregional f\u00fcr Furore gesorgt haben, zeigt sich auch in den von ihm gestalteten Sinfoniekonzerten. Sein analytisches Feingesp\u00fcr f\u00fcr klangliche Raffinesse, melodische Eleganz, rhythmische Pr\u00e4zision und Transparenz verbinden sich mit emotionaler Kraft und einer au\u00dfergew\u00f6hnlichen menschlichen Integrit\u00e4t, die ihn zu einem gro\u00dfen Gewinn f\u00fcr unser Haus machen. Mit S\u00e9bastien Rouland haben wir einen herausragenden, international gefragten Dirigenten, mit dem wir nun auch ab n\u00e4chster Spielzeit das Mammutprojekt des&nbsp;\u203aRing des Nibelungen\u2039&nbsp;stemmen k\u00f6nnen.\u00ab<\/p>\n\n\n\n<p>\u00bbDie Arbeit mit dem Saarl\u00e4ndischen Staatsorchester ist einfach wunderbar\u00ab, schw\u00e4rmt S\u00e9bastien Rouland, der \u00fcber die Vertragsverl\u00e4ngerung nicht lange nachdenken musste. \u00bbBei uns herrscht eine unglaublich tolle und produktive Atmosph\u00e4re: Es ist immer wieder eine Freude, mit diesen talentierten Musikerinnen und Musikern zusammenzuarbeiten, weil wir alle dasselbe Ziel verfolgen und an einem Strang ziehen.\u00ab<\/p>\n\n\n\n<p>Roulands gro\u00dfes Ziel f\u00fcr die n\u00e4chsten Jahre: das Niveau des Orchesters kontinuierlich weiter steigern und den Klangk\u00f6rper \u00fcber die Grenzen der Region hinaus bekannt machen. Zusammen mit Orchestermanager Alfred Korn, der seinen Vertrag ebenfalls verl\u00e4ngert hat, plant er f\u00fcr die Zukunft zunehmend mehr nationale wie internationale Gastspiele. \u00bbDas Saarl\u00e4ndische Staatsorchester spielt auf h\u00f6chstem Niveau: Alle sollen h\u00f6ren, was wir hier im Saarland f\u00fcr ein tolles Orchester haben\u00ab, so Rouland.<\/p>\n\n\n\n<p>F\u00fcr das n\u00e4chste Jahr liegt schon eine Einladung in die&nbsp;Tonhalle Z\u00fcrich vor, und in Paris ist das Saarl\u00e4ndische Staatsorchester gleich zwei Mal zu Gast:&nbsp;einmal in der \u00c9glise de la Madeleine (15. Juli 2023), einmal in der Op\u00e9ra royal du ch\u00e2teau de Versailles (29. Mai 2023). In Versailles erklingt eine konzertante Version des \u00bbRheingolds\u00ab \u2013 und diese Auff\u00fchrung wird nicht die einzige bleiben: Nach und nach sollen dort alle Teile des \u00bbRings\u00ab erklingen. H\u00f6hepunkt ist dann 2026 ein mehrt\u00e4giges Wagner-Konzert, bei alle vier Teile des Wagner`schen Zyklus` innerhalb weniger Tage zu h\u00f6ren sind.<\/p>\n\n\n\n<p>Und noch aus einem anderen Grund bleibt Rouland gern in Saarbr\u00fccken: \u00bbF\u00fcr mich und meine Familie ist hier der ideale Ort, um zu leben und zu arbeiten. Man ist schnell in Frankreich, aber auch in Luxemburg oder in der Schweiz, das ist einfach perfekt.\u00ab<\/p>\n\n\n\n<div style=\"height:100px\" aria-hidden=\"true\" class=\"wp-block-spacer\"><\/div>\n\n\n\n<div class=\"is-layout-flex wp-block-buttons\">\n<div class=\"wp-block-button aligncenter\"><a class=\"wp-block-button__link has-black-color has-luminous-vivid-amber-background-color has-text-color has-background\" href=\"https:\/\/www.staatstheater.saarland\" target=\"_blank\" rel=\"noreferrer noopener\">Zur Webseite des Saarl\u00e4ndischen Staatstheaters<\/a><\/div>\n<\/div>\n\n\n\n<div style=\"height:100px\" aria-hidden=\"true\" class=\"wp-block-spacer\"><\/div>\n\n\n\n<p class=\"has-small-font-size\">Foto: S\u00e9bastien Rouland_(c)Honkphoto<\/p>\n\n\n\n<div style=\"height:100px\" aria-hidden=\"true\" class=\"wp-block-spacer\"><\/div>\n","protected":false},"excerpt":{"rendered":"<p>S\u00e9bastien Rouland bleibt Generalmusikdirektor (GMD) des Saarl\u00e4ndischen Staatstheaters: Der franz\u00f6sische Dirigent, der als GMD seit 2018\/2019 die musikalische Entwicklung des Opernensembles und des Saarl\u00e4ndischen Staatsorchesters ma\u00dfgeblich pr\u00e4gt, hat seinen Vertrag\u00a0bis 2025\/2026\u00a0verl\u00e4ngert. Pressemitteilung \u00bbIch freue mich au\u00dferordentlich, dass wir Sebastien Rouland f\u00fcr vorerst weitere vier Spielzeiten gewinnen konnten\u00bb, so Generalintendant Bodo Busse. \u00bbSeine stilistisch vielf\u00e4ltige musikalische [&hellip;]<\/p>\n","protected":false},"author":1,"featured_media":52096,"comment_status":"open","ping_status":"open","sticky":false,"template":"","format":"standard","meta":{"_monsterinsights_skip_tracking":false,"_monsterinsights_sitenote_active":false,"_monsterinsights_sitenote_note":"","_monsterinsights_sitenote_category":0},"categories":[2815,53],"tags":[6354,19406],"yoast_head":"<!-- This site is optimized with the Yoast SEO plugin v20.5 - https:\/\/yoast.com\/wordpress\/plugins\/seo\/ -->\n<title>S\u00e9bastien Rouland bleibt am Saarl\u00e4ndischen Staatstheater I szenik<\/title>\n<meta name=\"description\" content=\"Roulands gro\u00dfes Ziel f\u00fcr die n\u00e4chsten Jahre: das Niveau des Orchesters weiter steigern und \u00fcber die Grenzen der Region hinaus bekannt machen.\" \/>\n<meta name=\"robots\" content=\"index, follow, max-snippet:-1, max-image-preview:large, max-video-preview:-1\" \/>\n<link rel=\"canonical\" href=\"https:\/\/www.szenik.eu\/de\/sebastien-rouland-bleibt-generalmusikdirektor-des-saarlaendischen-staatstheaters-vertrag-um-vier-spielzeiten-verlaengert-52095\" \/>\n<meta property=\"og:locale\" content=\"de_DE\" \/>\n<meta property=\"og:type\" content=\"article\" \/>\n<meta property=\"og:title\" content=\"S\u00e9bastien Rouland bleibt am Saarl\u00e4ndischen Staatstheater I szenik\" \/>\n<meta property=\"og:description\" content=\"Roulands gro\u00dfes Ziel f\u00fcr die n\u00e4chsten Jahre: das Niveau des Orchesters weiter steigern und \u00fcber die Grenzen der Region hinaus bekannt machen.\" \/>\n<meta property=\"og:url\" content=\"https:\/\/www.szenik.eu\/de\/sebastien-rouland-bleibt-generalmusikdirektor-des-saarlaendischen-staatstheaters-vertrag-um-vier-spielzeiten-verlaengert-52095\" \/>\n<meta property=\"og:site_name\" content=\"szenik\" \/>\n<meta property=\"article:publisher\" content=\"https:\/\/www.facebook.com\/szenik.eu\/\" \/>\n<meta property=\"article:published_time\" content=\"2022-07-01T18:04:07+00:00\" \/>\n<meta property=\"article:modified_time\" content=\"2022-07-01T18:04:08+00:00\" \/>\n<meta property=\"og:image\" content=\"https:\/\/www.szenik.eu\/wp-content\/uploads\/2022\/07\/Capture-decran-2022-07-01-a-20.01.05.png\" \/>\n\t<meta property=\"og:image:width\" content=\"1161\" \/>\n\t<meta property=\"og:image:height\" content=\"727\" \/>\n\t<meta property=\"og:image:type\" content=\"image\/png\" \/>\n<meta name=\"author\" content=\"szenik\" \/>\n<meta name=\"twitter:card\" content=\"summary_large_image\" \/>\n<meta name=\"twitter:creator\" content=\"@Szenik\" \/>\n<meta name=\"twitter:site\" content=\"@Szenik\" \/>\n<meta name=\"twitter:label1\" content=\"Verfasst von\" \/>\n\t<meta name=\"twitter:data1\" content=\"szenik\" \/>\n\t<meta name=\"twitter:label2\" content=\"Gesch\u00e4tzte Lesezeit\" \/>\n\t<meta name=\"twitter:data2\" content=\"3\u00a0Minuten\" \/>\n<script type=\"application\/ld+json\" class=\"yoast-schema-graph\">{\"@context\":\"https:\/\/schema.org\",\"@graph\":[{\"@type\":\"Article\",\"@id\":\"https:\/\/www.szenik.eu\/de\/sebastien-rouland-bleibt-generalmusikdirektor-des-saarlaendischen-staatstheaters-vertrag-um-vier-spielzeiten-verlaengert-52095#article\",\"isPartOf\":{\"@id\":\"https:\/\/www.szenik.eu\/de\/sebastien-rouland-bleibt-generalmusikdirektor-des-saarlaendischen-staatstheaters-vertrag-um-vier-spielzeiten-verlaengert-52095\"},\"author\":{\"name\":\"szenik\",\"@id\":\"https:\/\/www.szenik.eu\/de\/#\/schema\/person\/15f73f175b41bad194837490339d48fb\"},\"headline\":\"S\u00e9bastien Rouland bleibt Generalmusikdirektor des Saarl\u00e4ndischen Staatstheaters: Vertrag um vier Spielzeiten verl\u00e4ngert\",\"datePublished\":\"2022-07-01T18:04:07+00:00\",\"dateModified\":\"2022-07-01T18:04:08+00:00\",\"mainEntityOfPage\":{\"@id\":\"https:\/\/www.szenik.eu\/de\/sebastien-rouland-bleibt-generalmusikdirektor-des-saarlaendischen-staatstheaters-vertrag-um-vier-spielzeiten-verlaengert-52095\"},\"wordCount\":494,\"commentCount\":0,\"publisher\":{\"@id\":\"https:\/\/www.szenik.eu\/de\/#organization\"},\"keywords\":[\"Saarl\u00e4ndisches Staatstheater\",\"S\u00e9bastien Rouland\"],\"articleSection\":[\"Kurz &amp; knackig\",\"Magazin\"],\"inLanguage\":\"de\",\"potentialAction\":[{\"@type\":\"CommentAction\",\"name\":\"Comment\",\"target\":[\"https:\/\/www.szenik.eu\/de\/sebastien-rouland-bleibt-generalmusikdirektor-des-saarlaendischen-staatstheaters-vertrag-um-vier-spielzeiten-verlaengert-52095#respond\"]}]},{\"@type\":\"WebPage\",\"@id\":\"https:\/\/www.szenik.eu\/de\/sebastien-rouland-bleibt-generalmusikdirektor-des-saarlaendischen-staatstheaters-vertrag-um-vier-spielzeiten-verlaengert-52095\",\"url\":\"https:\/\/www.szenik.eu\/de\/sebastien-rouland-bleibt-generalmusikdirektor-des-saarlaendischen-staatstheaters-vertrag-um-vier-spielzeiten-verlaengert-52095\",\"name\":\"S\u00e9bastien Rouland bleibt am Saarl\u00e4ndischen Staatstheater I szenik\",\"isPartOf\":{\"@id\":\"https:\/\/www.szenik.eu\/de\/#website\"},\"datePublished\":\"2022-07-01T18:04:07+00:00\",\"dateModified\":\"2022-07-01T18:04:08+00:00\",\"description\":\"Roulands gro\u00dfes Ziel f\u00fcr die n\u00e4chsten Jahre: das Niveau des Orchesters weiter steigern und \u00fcber die Grenzen der Region hinaus bekannt machen.\",\"breadcrumb\":{\"@id\":\"https:\/\/www.szenik.eu\/de\/sebastien-rouland-bleibt-generalmusikdirektor-des-saarlaendischen-staatstheaters-vertrag-um-vier-spielzeiten-verlaengert-52095#breadcrumb\"},\"inLanguage\":\"de\",\"potentialAction\":[{\"@type\":\"ReadAction\",\"target\":[\"https:\/\/www.szenik.eu\/de\/sebastien-rouland-bleibt-generalmusikdirektor-des-saarlaendischen-staatstheaters-vertrag-um-vier-spielzeiten-verlaengert-52095\"]}]},{\"@type\":\"BreadcrumbList\",\"@id\":\"https:\/\/www.szenik.eu\/de\/sebastien-rouland-bleibt-generalmusikdirektor-des-saarlaendischen-staatstheaters-vertrag-um-vier-spielzeiten-verlaengert-52095#breadcrumb\",\"itemListElement\":[{\"@type\":\"ListItem\",\"position\":1,\"name\":\"Home\",\"item\":\"https:\/\/www.szenik.eu\/de\"},{\"@type\":\"ListItem\",\"position\":2,\"name\":\"S\u00e9bastien Rouland bleibt Generalmusikdirektor des Saarl\u00e4ndischen Staatstheaters: Vertrag um vier Spielzeiten verl\u00e4ngert\"}]},{\"@type\":\"WebSite\",\"@id\":\"https:\/\/www.szenik.eu\/de\/#website\",\"url\":\"https:\/\/www.szenik.eu\/de\/\",\"name\":\"szenik\",\"description\":\"Le Meilleur des sc\u00e8nes au coeur de l&#039;Europe\",\"publisher\":{\"@id\":\"https:\/\/www.szenik.eu\/de\/#organization\"},\"potentialAction\":[{\"@type\":\"SearchAction\",\"target\":{\"@type\":\"EntryPoint\",\"urlTemplate\":\"https:\/\/www.szenik.eu\/de\/?s={search_term_string}\"},\"query-input\":\"required name=search_term_string\"}],\"inLanguage\":\"de\"},{\"@type\":\"Organization\",\"@id\":\"https:\/\/www.szenik.eu\/de\/#organization\",\"name\":\"Szenik\",\"url\":\"https:\/\/www.szenik.eu\/de\/\",\"logo\":{\"@type\":\"ImageObject\",\"inLanguage\":\"de\",\"@id\":\"https:\/\/www.szenik.eu\/de\/#\/schema\/logo\/image\/\",\"url\":\"https:\/\/www.szenik.eu\/wp-content\/uploads\/2019\/07\/logo-square.png\",\"contentUrl\":\"https:\/\/www.szenik.eu\/wp-content\/uploads\/2019\/07\/logo-square.png\",\"width\":512,\"height\":512,\"caption\":\"Szenik\"},\"image\":{\"@id\":\"https:\/\/www.szenik.eu\/de\/#\/schema\/logo\/image\/\"},\"sameAs\":[\"https:\/\/www.facebook.com\/szenik.eu\/\",\"https:\/\/twitter.com\/Szenik\",\"https:\/\/www.instagram.com\/szenik_magazine\/\",\"https:\/\/www.youtube.com\/user\/SzenikEU\/\"]},{\"@type\":\"Person\",\"@id\":\"https:\/\/www.szenik.eu\/de\/#\/schema\/person\/15f73f175b41bad194837490339d48fb\",\"name\":\"szenik\",\"image\":{\"@type\":\"ImageObject\",\"inLanguage\":\"de\",\"@id\":\"https:\/\/www.szenik.eu\/de\/#\/schema\/person\/image\/\",\"url\":\"https:\/\/secure.gravatar.com\/avatar\/d1c4f19522a624a4eaa5e6c03e22370b?s=96&d=mm&r=g\",\"contentUrl\":\"https:\/\/secure.gravatar.com\/avatar\/d1c4f19522a624a4eaa5e6c03e22370b?s=96&d=mm&r=g\",\"caption\":\"szenik\"}}]}<\/script>\n<!-- \/ Yoast SEO plugin. -->","yoast_head_json":{"title":"S\u00e9bastien Rouland bleibt am Saarl\u00e4ndischen Staatstheater I szenik","description":"Roulands gro\u00dfes Ziel f\u00fcr die n\u00e4chsten Jahre: das Niveau des Orchesters weiter steigern und \u00fcber die Grenzen der Region hinaus bekannt machen.","robots":{"index":"index","follow":"follow","max-snippet":"max-snippet:-1","max-image-preview":"max-image-preview:large","max-video-preview":"max-video-preview:-1"},"canonical":"https:\/\/www.szenik.eu\/de\/sebastien-rouland-bleibt-generalmusikdirektor-des-saarlaendischen-staatstheaters-vertrag-um-vier-spielzeiten-verlaengert-52095","og_locale":"de_DE","og_type":"article","og_title":"S\u00e9bastien Rouland bleibt am Saarl\u00e4ndischen Staatstheater I szenik","og_description":"Roulands gro\u00dfes Ziel f\u00fcr die n\u00e4chsten Jahre: das Niveau des Orchesters weiter steigern und \u00fcber die Grenzen der Region hinaus bekannt machen.","og_url":"https:\/\/www.szenik.eu\/de\/sebastien-rouland-bleibt-generalmusikdirektor-des-saarlaendischen-staatstheaters-vertrag-um-vier-spielzeiten-verlaengert-52095","og_site_name":"szenik","article_publisher":"https:\/\/www.facebook.com\/szenik.eu\/","article_published_time":"2022-07-01T18:04:07+00:00","article_modified_time":"2022-07-01T18:04:08+00:00","og_image":[{"width":1161,"height":727,"url":"https:\/\/www.szenik.eu\/wp-content\/uploads\/2022\/07\/Capture-decran-2022-07-01-a-20.01.05.png","type":"image\/png"}],"author":"szenik","twitter_card":"summary_large_image","twitter_creator":"@Szenik","twitter_site":"@Szenik","twitter_misc":{"Verfasst von":"szenik","Gesch\u00e4tzte Lesezeit":"3\u00a0Minuten"},"schema":{"@context":"https:\/\/schema.org","@graph":[{"@type":"Article","@id":"https:\/\/www.szenik.eu\/de\/sebastien-rouland-bleibt-generalmusikdirektor-des-saarlaendischen-staatstheaters-vertrag-um-vier-spielzeiten-verlaengert-52095#article","isPartOf":{"@id":"https:\/\/www.szenik.eu\/de\/sebastien-rouland-bleibt-generalmusikdirektor-des-saarlaendischen-staatstheaters-vertrag-um-vier-spielzeiten-verlaengert-52095"},"author":{"name":"szenik","@id":"https:\/\/www.szenik.eu\/de\/#\/schema\/person\/15f73f175b41bad194837490339d48fb"},"headline":"S\u00e9bastien Rouland bleibt Generalmusikdirektor des Saarl\u00e4ndischen Staatstheaters: Vertrag um vier Spielzeiten verl\u00e4ngert","datePublished":"2022-07-01T18:04:07+00:00","dateModified":"2022-07-01T18:04:08+00:00","mainEntityOfPage":{"@id":"https:\/\/www.szenik.eu\/de\/sebastien-rouland-bleibt-generalmusikdirektor-des-saarlaendischen-staatstheaters-vertrag-um-vier-spielzeiten-verlaengert-52095"},"wordCount":494,"commentCount":0,"publisher":{"@id":"https:\/\/www.szenik.eu\/de\/#organization"},"keywords":["Saarl\u00e4ndisches Staatstheater","S\u00e9bastien Rouland"],"articleSection":["Kurz &amp; knackig","Magazin"],"inLanguage":"de","potentialAction":[{"@type":"CommentAction","name":"Comment","target":["https:\/\/www.szenik.eu\/de\/sebastien-rouland-bleibt-generalmusikdirektor-des-saarlaendischen-staatstheaters-vertrag-um-vier-spielzeiten-verlaengert-52095#respond"]}]},{"@type":"WebPage","@id":"https:\/\/www.szenik.eu\/de\/sebastien-rouland-bleibt-generalmusikdirektor-des-saarlaendischen-staatstheaters-vertrag-um-vier-spielzeiten-verlaengert-52095","url":"https:\/\/www.szenik.eu\/de\/sebastien-rouland-bleibt-generalmusikdirektor-des-saarlaendischen-staatstheaters-vertrag-um-vier-spielzeiten-verlaengert-52095","name":"S\u00e9bastien Rouland bleibt am Saarl\u00e4ndischen Staatstheater I szenik","isPartOf":{"@id":"https:\/\/www.szenik.eu\/de\/#website"},"datePublished":"2022-07-01T18:04:07+00:00","dateModified":"2022-07-01T18:04:08+00:00","description":"Roulands gro\u00dfes Ziel f\u00fcr die n\u00e4chsten Jahre: das Niveau des Orchesters weiter steigern und \u00fcber die Grenzen der Region hinaus bekannt machen.","breadcrumb":{"@id":"https:\/\/www.szenik.eu\/de\/sebastien-rouland-bleibt-generalmusikdirektor-des-saarlaendischen-staatstheaters-vertrag-um-vier-spielzeiten-verlaengert-52095#breadcrumb"},"inLanguage":"de","potentialAction":[{"@type":"ReadAction","target":["https:\/\/www.szenik.eu\/de\/sebastien-rouland-bleibt-generalmusikdirektor-des-saarlaendischen-staatstheaters-vertrag-um-vier-spielzeiten-verlaengert-52095"]}]},{"@type":"BreadcrumbList","@id":"https:\/\/www.szenik.eu\/de\/sebastien-rouland-bleibt-generalmusikdirektor-des-saarlaendischen-staatstheaters-vertrag-um-vier-spielzeiten-verlaengert-52095#breadcrumb","itemListElement":[{"@type":"ListItem","position":1,"name":"Home","item":"https:\/\/www.szenik.eu\/de"},{"@type":"ListItem","position":2,"name":"S\u00e9bastien Rouland bleibt Generalmusikdirektor des Saarl\u00e4ndischen Staatstheaters: Vertrag um vier Spielzeiten verl\u00e4ngert"}]},{"@type":"WebSite","@id":"https:\/\/www.szenik.eu\/de\/#website","url":"https:\/\/www.szenik.eu\/de\/","name":"szenik","description":"Le Meilleur des sc\u00e8nes au coeur de l&#039;Europe","publisher":{"@id":"https:\/\/www.szenik.eu\/de\/#organization"},"potentialAction":[{"@type":"SearchAction","target":{"@type":"EntryPoint","urlTemplate":"https:\/\/www.szenik.eu\/de\/?s={search_term_string}"},"query-input":"required name=search_term_string"}],"inLanguage":"de"},{"@type":"Organization","@id":"https:\/\/www.szenik.eu\/de\/#organization","name":"Szenik","url":"https:\/\/www.szenik.eu\/de\/","logo":{"@type":"ImageObject","inLanguage":"de","@id":"https:\/\/www.szenik.eu\/de\/#\/schema\/logo\/image\/","url":"https:\/\/www.szenik.eu\/wp-content\/uploads\/2019\/07\/logo-square.png","contentUrl":"https:\/\/www.szenik.eu\/wp-content\/uploads\/2019\/07\/logo-square.png","width":512,"height":512,"caption":"Szenik"},"image":{"@id":"https:\/\/www.szenik.eu\/de\/#\/schema\/logo\/image\/"},"sameAs":["https:\/\/www.facebook.com\/szenik.eu\/","https:\/\/twitter.com\/Szenik","https:\/\/www.instagram.com\/szenik_magazine\/","https:\/\/www.youtube.com\/user\/SzenikEU\/"]},{"@type":"Person","@id":"https:\/\/www.szenik.eu\/de\/#\/schema\/person\/15f73f175b41bad194837490339d48fb","name":"szenik","image":{"@type":"ImageObject","inLanguage":"de","@id":"https:\/\/www.szenik.eu\/de\/#\/schema\/person\/image\/","url":"https:\/\/secure.gravatar.com\/avatar\/d1c4f19522a624a4eaa5e6c03e22370b?s=96&d=mm&r=g","contentUrl":"https:\/\/secure.gravatar.com\/avatar\/d1c4f19522a624a4eaa5e6c03e22370b?s=96&d=mm&r=g","caption":"szenik"}}]}},"jetpack_featured_media_url":"https:\/\/www.szenik.eu\/wp-content\/uploads\/2022\/07\/Capture-decran-2022-07-01-a-20.01.05.png","amp_enabled":true,"_links":{"self":[{"href":"https:\/\/www.szenik.eu\/de\/wp-json\/\/wp\/v2\/posts\/52095"}],"collection":[{"href":"https:\/\/www.szenik.eu\/de\/wp-json\/\/wp\/v2\/posts"}],"about":[{"href":"https:\/\/www.szenik.eu\/de\/wp-json\/\/wp\/v2\/types\/post"}],"author":[{"embeddable":true,"href":"https:\/\/www.szenik.eu\/de\/wp-json\/\/wp\/v2\/users\/1"}],"replies":[{"embeddable":true,"href":"https:\/\/www.szenik.eu\/de\/wp-json\/\/wp\/v2\/comments?post=52095"}],"version-history":[{"count":1,"href":"https:\/\/www.szenik.eu\/de\/wp-json\/\/wp\/v2\/posts\/52095\/revisions"}],"predecessor-version":[{"id":52098,"href":"https:\/\/www.szenik.eu\/de\/wp-json\/\/wp\/v2\/posts\/52095\/revisions\/52098"}],"wp:featuredmedia":[{"embeddable":true,"href":"https:\/\/www.szenik.eu\/de\/wp-json\/\/wp\/v2\/media\/52096"}],"wp:attachment":[{"href":"https:\/\/www.szenik.eu\/de\/wp-json\/\/wp\/v2\/media?parent=52095"}],"wp:term":[{"taxonomy":"category","embeddable":true,"href":"https:\/\/www.szenik.eu\/de\/wp-json\/\/wp\/v2\/categories?post=52095"},{"taxonomy":"post_tag","embeddable":true,"href":"https:\/\/www.szenik.eu\/de\/wp-json\/\/wp\/v2\/tags?post=52095"}],"curies":[{"name":"wp","href":"https:\/\/api.w.org\/{rel}","templated":true}]}}