{"id":52061,"date":"2022-07-01T10:08:49","date_gmt":"2022-07-01T08:08:49","guid":{"rendered":"https:\/\/www.szenik.eu\/?p=52061\/"},"modified":"2022-07-01T10:08:51","modified_gmt":"2022-07-01T08:08:51","slug":"metropolregion-rhein-neckar-waldakteurinnen-fuer-kunstfilm-im-september-gesucht","status":"publish","type":"post","link":"https:\/\/www.szenik.eu\/de\/metropolregion-rhein-neckar-waldakteurinnen-fuer-kunstfilm-im-september-gesucht-52061","title":{"rendered":"Metropolregion Rhein-Neckar: Waldakteur*innen f\u00fcr Kunstfilm im September gesucht"},"content":{"rendered":"\n<h2>Im Rahmen von 3 WOODS kommt das kanadische K\u00fcnstler*innenduo&nbsp;Mia &amp; Eric dieses Jahr ein zweites Mal in die Metropolregion Rhein-Neckar. Nach der Residenz in Dilsberg stehen im Herbst Akteur*innen der Forst- und Waldwirtschaft im Mittelpunkt des partizipativen Projekts: im September werden Videoaufnahmen f\u00fcr einen&nbsp;Kunstfilm zum Thema &#8222;Zukunft des Waldes&#8220; gedreht, und ihr k\u00f6nnt dabei sein!<\/h2>\n\n\n\n<div style=\"height:100px\" aria-hidden=\"true\" class=\"wp-block-spacer\"><\/div>\n\n\n\n<p><em>Pressemitteilung<\/em><\/p>\n\n\n\n<div style=\"height:100px\" aria-hidden=\"true\" class=\"wp-block-spacer\"><\/div>\n\n\n\n<p>F\u00fcr einen Kunstfilm zum Thema Zukunft des Waldes sucht das kanadische K\u00fcnstler*innen Mia &amp; Eric Waldakteur*innen aus der Metropolregion Rhein-Neckar, d.h. Menschen, die in ihrer Arbeit mit der Pflege, Bewirtschaftung und Erforschung der W\u00e4lder zu tun haben oder sich in sonstiger Form f\u00fcr den Wald engagieren, z. B. <\/p>\n\n\n\n<p><strong>F\u00f6rster*innen, Forstwirt*innen, Waldarbeiter*innen, Waldsch\u00fctzer*innen, Baumpfleger*innen, Holzwissenschaftler*innen, Verwaltungsangestellte, Manager*innen, Marketingteams, Ehrenamtliche<\/strong><\/p>\n\n\n\n<div style=\"height:30px\" aria-hidden=\"true\" class=\"wp-block-spacer\"><\/div>\n\n\n\n<h4>Zum Ablauf<\/h4>\n\n\n\n<ul><li>Wir vereinbaren einen Termin in einem Waldgebiet in der N\u00e4he Ihres Arbeitsplatzes oder Wohnortes. Dort lernen Sie die K\u00fcnstler*innen kennen und erhalten eine kurze Einf\u00fchrung.<\/li><li>Bei den Dreharbeiten entwickeln Sie gemeinsam mit den K\u00fcnstler*innen kleine Szenen und Bewegungsfolgen. Es m\u00fcssen keine Bewegungen, Abl\u00e4ufe oder Texte auswendig gelernt werden. Auch sind keine Vorerfahrungen sonstiger Art erforderlich. <\/li><li>Es wird mit Masken gearbeitet. <\/li><\/ul>\n\n\n\n<div style=\"height:30px\" aria-hidden=\"true\" class=\"wp-block-spacer\"><\/div>\n\n\n\n<p><strong>Weitere Informationen<\/strong><\/p>\n\n\n\n<ul><li>Die Dreharbeiten finden im September 2022 in der Metropolregion Rhein-Neckar statt. <\/li><li>Dauer gesamt: ca. 1 Stunde; Drehzeit: ca. 20 Minuten in kurzen Intervallen<\/li><li>Ca. 3 Minuten des Filmmaterials werden f\u00fcr die abschlie\u00dfende Pr\u00e4sentation der Arbeit verwendet (Ort und Zeitpunkt der Pr\u00e4sentation werden noch bekannt gegeben). <\/li><li>Fahrkostenzuschuss bei Bedarf m\u00f6glich. <\/li><\/ul>\n\n\n\n<div style=\"height:100px\" aria-hidden=\"true\" class=\"wp-block-spacer\"><\/div>\n\n\n\n<p>Anmeldungen bis zum 31. Juli 2022 an <a href=\"mailto:matchbox@m-r-n.com\" target=\"_blank\" rel=\"noreferrer noopener\">matchbox@m-r-n.com<\/a> oder unter 0621 10 70 84 19. <\/p>\n\n\n\n<div style=\"height:28px\" aria-hidden=\"true\" class=\"wp-block-spacer\"><\/div>\n\n\n\n<h4>Mehr zum Projekt <\/h4>\n\n\n\n<p>Das internationale, interdisziplin\u00e4re Projekt 3 WOODS &#8211; eine mehrj\u00e4hrige Auftragsarbeit von Matchbox in Kooperation mit GIFT Festival (UK) und Arctic Arts Festival (NO) &#8211; befasst sich mit lokalen und globalen Diskursen zum Thema Wald. Im 2022 stehen Akteur*innen der Forst-und Waldwirtschaft im Mittelpunkt des partizipativen Projekts. <\/p>\n\n\n\n<p>Die komplexen T\u00e4tigkeiten von Forst-und Waldarbeiter*innen sind gepr\u00e4gt durch wissenschaftliche Erkenntnisse und Fakten einerseits, andererseits durch ihre emotionale Verbindung zu den W\u00e4ldern und ihren nicht-menschlichen Arten. Ausgehend von einem Verst\u00e4ndnis der Forst-und Waldarbeiter*innen als &#8222;caretaker&#8220;, \u00fcbersetzt das Projekt ihre Pflegearbeit, ihre f\u00fcrsorgliche Beziehung zum Wald sowie ihre Rolle f\u00fcr dessen Zukunft in Bilder. <\/p>\n\n\n\n<p>Ziel dieser Darstellungsform ist dabei sowohl die Sichtbarmachung eines Perspektivwechsels der Forst-und Waldarbeiter*innen selbst in ihrer Beziehung zum Wald, als auch eine Anregung zur sinnlichen Reflexion \u00fcber Themen des Waldes f\u00fcr ein \u00f6ffentliches Publikum. <\/p>\n\n\n\n<h4>Mia &amp; Eric<\/h4>\n\n\n\n<p><a href=\"https:\/\/miaanderic.ca\" target=\"_blank\" rel=\"noreferrer noopener\">Mia &amp; Eric <\/a>sind ein interdisziplin\u00e4res K\u00fcnstler*innenduo aus dem kanadischen Calgary. Im Zentrum ihrer k\u00fcnstlerischen Praxis stehen ortsspezifische und partizipative Arbeiten, in denen sie Elemente von Handwerk, Performance und Kulturgeografie miteinander verbinden. Urbane und l\u00e4ndliche \u00d6kologien, soziale Beziehungen sowie ortsbezogene Wissensproduktion sind dabei wesentliche Themen. Die Partizipation von nicht-professionellen K\u00fcnstler*innen und Expert*innen anderer Disziplinen ist ein Grundpfeiler ihrer Arbeit. <\/p>\n\n\n\n<h4>Matchbox<\/h4>\n\n\n\n<p>Matchbox ist ein vom Kulturb\u00fcro der Metropolregion Rhein-Neckar GmbH initiiertes Kunst-und Kulturprojekt, das seit 2015 durch Kommunen im l\u00e4ndlichen Raum von Baden-W\u00fcrttemberg, Hessen und Rheinland-Pfalz wandert. International renommierte K\u00fcnstler*innenduo entwickeln vor Ort in Zusammenarbeit mit den Einwohner*innen Kunstprojekte aller Sparten mit lokalem Bezug. Der k\u00fcnstlerische Prozess, die unmittelbare Teilhabe und das Erleben von Kunst direkt vor der eigenen Haust\u00fcr stehen im Mittelpunkt des interdisziplin\u00e4ren Programms. <\/p>\n\n\n\n<div style=\"height:100px\" aria-hidden=\"true\" class=\"wp-block-spacer\"><\/div>\n\n\n\n<div class=\"is-layout-flex wp-block-buttons\">\n<div class=\"wp-block-button aligncenter\"><a class=\"wp-block-button__link has-black-color has-luminous-vivid-amber-background-color has-text-color has-background\" href=\"https:\/\/www.matchbox-rhein-neckar.de\" target=\"_blank\" rel=\"noreferrer noopener\">Weitere Informationen<\/a><\/div>\n<\/div>\n\n\n\n<div style=\"height:100px\" aria-hidden=\"true\" class=\"wp-block-spacer\"><\/div>\n\n\n\n<p class=\"has-small-font-size\"> <\/p>\n\n\n\n<p class=\"has-small-font-size\">Foto: Bryce Krynski<\/p>\n\n\n\n<div style=\"height:100px\" aria-hidden=\"true\" class=\"wp-block-spacer\"><\/div>\n","protected":false},"excerpt":{"rendered":"<p>Im Rahmen von 3 WOODS kommt das kanadische K\u00fcnstler*innenduo&nbsp;Mia &amp; Eric dieses Jahr ein zweites Mal in die Metropolregion Rhein-Neckar. Nach der Residenz in Dilsberg stehen im Herbst Akteur*innen der Forst- und Waldwirtschaft im Mittelpunkt des partizipativen Projekts: im September werden Videoaufnahmen f\u00fcr einen&nbsp;Kunstfilm zum Thema &#8222;Zukunft des Waldes&#8220; gedreht, und ihr k\u00f6nnt dabei sein! [&hellip;]<\/p>\n","protected":false},"author":1,"featured_media":52073,"comment_status":"open","ping_status":"open","sticky":false,"template":"","format":"standard","meta":{"_monsterinsights_skip_tracking":false,"_monsterinsights_sitenote_active":false,"_monsterinsights_sitenote_note":"","_monsterinsights_sitenote_category":0},"categories":[2815,53],"tags":[19401,19400],"yoast_head":"<!-- This site is optimized with the Yoast SEO plugin v20.5 - https:\/\/yoast.com\/wordpress\/plugins\/seo\/ -->\n<title>Metropolregion Rhein-Neckar: Waldakteur*innen gesucht I szenik<\/title>\n<meta name=\"description\" content=\"F\u00fcr einen Kunstfilm sucht das kanadische K\u00fcnstler*innen Mia &amp; Eric Waldakteur*innen aus der Metropolregion Rhein-Neckar.\" \/>\n<meta name=\"robots\" content=\"index, follow, max-snippet:-1, max-image-preview:large, max-video-preview:-1\" \/>\n<link rel=\"canonical\" href=\"https:\/\/www.szenik.eu\/de\/metropolregion-rhein-neckar-waldakteurinnen-fuer-kunstfilm-im-september-gesucht-52061\" \/>\n<meta property=\"og:locale\" content=\"de_DE\" \/>\n<meta property=\"og:type\" content=\"article\" \/>\n<meta property=\"og:title\" content=\"Metropolregion Rhein-Neckar: Waldakteur*innen gesucht I szenik\" \/>\n<meta property=\"og:description\" content=\"F\u00fcr einen Kunstfilm sucht das kanadische K\u00fcnstler*innen Mia &amp; Eric Waldakteur*innen aus der Metropolregion Rhein-Neckar.\" \/>\n<meta property=\"og:url\" content=\"https:\/\/www.szenik.eu\/de\/metropolregion-rhein-neckar-waldakteurinnen-fuer-kunstfilm-im-september-gesucht-52061\" \/>\n<meta property=\"og:site_name\" content=\"szenik\" \/>\n<meta property=\"article:publisher\" content=\"https:\/\/www.facebook.com\/szenik.eu\/\" \/>\n<meta property=\"article:published_time\" content=\"2022-07-01T08:08:49+00:00\" \/>\n<meta property=\"article:modified_time\" content=\"2022-07-01T08:08:51+00:00\" \/>\n<meta property=\"og:image\" content=\"https:\/\/www.szenik.eu\/wp-content\/uploads\/2022\/07\/Mia-Eric_Invisible-Territories_cBryce-Krynski2017-scaled.jpg\" \/>\n\t<meta property=\"og:image:width\" content=\"2560\" \/>\n\t<meta property=\"og:image:height\" content=\"1707\" \/>\n\t<meta property=\"og:image:type\" content=\"image\/jpeg\" \/>\n<meta name=\"author\" content=\"szenik\" \/>\n<meta name=\"twitter:card\" content=\"summary_large_image\" \/>\n<meta name=\"twitter:creator\" content=\"@Szenik\" \/>\n<meta name=\"twitter:site\" content=\"@Szenik\" \/>\n<meta name=\"twitter:label1\" content=\"Verfasst von\" \/>\n\t<meta name=\"twitter:data1\" content=\"szenik\" \/>\n\t<meta name=\"twitter:label2\" content=\"Gesch\u00e4tzte Lesezeit\" \/>\n\t<meta name=\"twitter:data2\" content=\"3\u00a0Minuten\" \/>\n<script type=\"application\/ld+json\" class=\"yoast-schema-graph\">{\"@context\":\"https:\/\/schema.org\",\"@graph\":[{\"@type\":\"Article\",\"@id\":\"https:\/\/www.szenik.eu\/de\/metropolregion-rhein-neckar-waldakteurinnen-fuer-kunstfilm-im-september-gesucht-52061#article\",\"isPartOf\":{\"@id\":\"https:\/\/www.szenik.eu\/de\/metropolregion-rhein-neckar-waldakteurinnen-fuer-kunstfilm-im-september-gesucht-52061\"},\"author\":{\"name\":\"szenik\",\"@id\":\"https:\/\/www.szenik.eu\/de\/#\/schema\/person\/15f73f175b41bad194837490339d48fb\"},\"headline\":\"Metropolregion Rhein-Neckar: Waldakteur*innen f\u00fcr Kunstfilm im September gesucht\",\"datePublished\":\"2022-07-01T08:08:49+00:00\",\"dateModified\":\"2022-07-01T08:08:51+00:00\",\"mainEntityOfPage\":{\"@id\":\"https:\/\/www.szenik.eu\/de\/metropolregion-rhein-neckar-waldakteurinnen-fuer-kunstfilm-im-september-gesucht-52061\"},\"wordCount\":576,\"commentCount\":0,\"publisher\":{\"@id\":\"https:\/\/www.szenik.eu\/de\/#organization\"},\"keywords\":[\"Matchbox\",\"Mia &amp; Eric\"],\"articleSection\":[\"Kurz &amp; knackig\",\"Magazin\"],\"inLanguage\":\"de\",\"potentialAction\":[{\"@type\":\"CommentAction\",\"name\":\"Comment\",\"target\":[\"https:\/\/www.szenik.eu\/de\/metropolregion-rhein-neckar-waldakteurinnen-fuer-kunstfilm-im-september-gesucht-52061#respond\"]}]},{\"@type\":\"WebPage\",\"@id\":\"https:\/\/www.szenik.eu\/de\/metropolregion-rhein-neckar-waldakteurinnen-fuer-kunstfilm-im-september-gesucht-52061\",\"url\":\"https:\/\/www.szenik.eu\/de\/metropolregion-rhein-neckar-waldakteurinnen-fuer-kunstfilm-im-september-gesucht-52061\",\"name\":\"Metropolregion Rhein-Neckar: Waldakteur*innen gesucht I szenik\",\"isPartOf\":{\"@id\":\"https:\/\/www.szenik.eu\/de\/#website\"},\"datePublished\":\"2022-07-01T08:08:49+00:00\",\"dateModified\":\"2022-07-01T08:08:51+00:00\",\"description\":\"F\u00fcr einen Kunstfilm sucht das kanadische K\u00fcnstler*innen Mia & Eric Waldakteur*innen aus der Metropolregion Rhein-Neckar.\",\"breadcrumb\":{\"@id\":\"https:\/\/www.szenik.eu\/de\/metropolregion-rhein-neckar-waldakteurinnen-fuer-kunstfilm-im-september-gesucht-52061#breadcrumb\"},\"inLanguage\":\"de\",\"potentialAction\":[{\"@type\":\"ReadAction\",\"target\":[\"https:\/\/www.szenik.eu\/de\/metropolregion-rhein-neckar-waldakteurinnen-fuer-kunstfilm-im-september-gesucht-52061\"]}]},{\"@type\":\"BreadcrumbList\",\"@id\":\"https:\/\/www.szenik.eu\/de\/metropolregion-rhein-neckar-waldakteurinnen-fuer-kunstfilm-im-september-gesucht-52061#breadcrumb\",\"itemListElement\":[{\"@type\":\"ListItem\",\"position\":1,\"name\":\"Home\",\"item\":\"https:\/\/www.szenik.eu\/de\"},{\"@type\":\"ListItem\",\"position\":2,\"name\":\"Metropolregion Rhein-Neckar: Waldakteur*innen f\u00fcr Kunstfilm im September gesucht\"}]},{\"@type\":\"WebSite\",\"@id\":\"https:\/\/www.szenik.eu\/de\/#website\",\"url\":\"https:\/\/www.szenik.eu\/de\/\",\"name\":\"szenik\",\"description\":\"Le Meilleur des sc\u00e8nes au coeur de l&#039;Europe\",\"publisher\":{\"@id\":\"https:\/\/www.szenik.eu\/de\/#organization\"},\"potentialAction\":[{\"@type\":\"SearchAction\",\"target\":{\"@type\":\"EntryPoint\",\"urlTemplate\":\"https:\/\/www.szenik.eu\/de\/?s={search_term_string}\"},\"query-input\":\"required name=search_term_string\"}],\"inLanguage\":\"de\"},{\"@type\":\"Organization\",\"@id\":\"https:\/\/www.szenik.eu\/de\/#organization\",\"name\":\"Szenik\",\"url\":\"https:\/\/www.szenik.eu\/de\/\",\"logo\":{\"@type\":\"ImageObject\",\"inLanguage\":\"de\",\"@id\":\"https:\/\/www.szenik.eu\/de\/#\/schema\/logo\/image\/\",\"url\":\"https:\/\/www.szenik.eu\/wp-content\/uploads\/2019\/07\/logo-square.png\",\"contentUrl\":\"https:\/\/www.szenik.eu\/wp-content\/uploads\/2019\/07\/logo-square.png\",\"width\":512,\"height\":512,\"caption\":\"Szenik\"},\"image\":{\"@id\":\"https:\/\/www.szenik.eu\/de\/#\/schema\/logo\/image\/\"},\"sameAs\":[\"https:\/\/www.facebook.com\/szenik.eu\/\",\"https:\/\/twitter.com\/Szenik\",\"https:\/\/www.instagram.com\/szenik_magazine\/\",\"https:\/\/www.youtube.com\/user\/SzenikEU\/\"]},{\"@type\":\"Person\",\"@id\":\"https:\/\/www.szenik.eu\/de\/#\/schema\/person\/15f73f175b41bad194837490339d48fb\",\"name\":\"szenik\",\"image\":{\"@type\":\"ImageObject\",\"inLanguage\":\"de\",\"@id\":\"https:\/\/www.szenik.eu\/de\/#\/schema\/person\/image\/\",\"url\":\"https:\/\/secure.gravatar.com\/avatar\/d1c4f19522a624a4eaa5e6c03e22370b?s=96&d=mm&r=g\",\"contentUrl\":\"https:\/\/secure.gravatar.com\/avatar\/d1c4f19522a624a4eaa5e6c03e22370b?s=96&d=mm&r=g\",\"caption\":\"szenik\"}}]}<\/script>\n<!-- \/ Yoast SEO plugin. -->","yoast_head_json":{"title":"Metropolregion Rhein-Neckar: Waldakteur*innen gesucht I szenik","description":"F\u00fcr einen Kunstfilm sucht das kanadische K\u00fcnstler*innen Mia & Eric Waldakteur*innen aus der Metropolregion Rhein-Neckar.","robots":{"index":"index","follow":"follow","max-snippet":"max-snippet:-1","max-image-preview":"max-image-preview:large","max-video-preview":"max-video-preview:-1"},"canonical":"https:\/\/www.szenik.eu\/de\/metropolregion-rhein-neckar-waldakteurinnen-fuer-kunstfilm-im-september-gesucht-52061","og_locale":"de_DE","og_type":"article","og_title":"Metropolregion Rhein-Neckar: Waldakteur*innen gesucht I szenik","og_description":"F\u00fcr einen Kunstfilm sucht das kanadische K\u00fcnstler*innen Mia & Eric Waldakteur*innen aus der Metropolregion Rhein-Neckar.","og_url":"https:\/\/www.szenik.eu\/de\/metropolregion-rhein-neckar-waldakteurinnen-fuer-kunstfilm-im-september-gesucht-52061","og_site_name":"szenik","article_publisher":"https:\/\/www.facebook.com\/szenik.eu\/","article_published_time":"2022-07-01T08:08:49+00:00","article_modified_time":"2022-07-01T08:08:51+00:00","og_image":[{"width":2560,"height":1707,"url":"https:\/\/www.szenik.eu\/wp-content\/uploads\/2022\/07\/Mia-Eric_Invisible-Territories_cBryce-Krynski2017-scaled.jpg","type":"image\/jpeg"}],"author":"szenik","twitter_card":"summary_large_image","twitter_creator":"@Szenik","twitter_site":"@Szenik","twitter_misc":{"Verfasst von":"szenik","Gesch\u00e4tzte Lesezeit":"3\u00a0Minuten"},"schema":{"@context":"https:\/\/schema.org","@graph":[{"@type":"Article","@id":"https:\/\/www.szenik.eu\/de\/metropolregion-rhein-neckar-waldakteurinnen-fuer-kunstfilm-im-september-gesucht-52061#article","isPartOf":{"@id":"https:\/\/www.szenik.eu\/de\/metropolregion-rhein-neckar-waldakteurinnen-fuer-kunstfilm-im-september-gesucht-52061"},"author":{"name":"szenik","@id":"https:\/\/www.szenik.eu\/de\/#\/schema\/person\/15f73f175b41bad194837490339d48fb"},"headline":"Metropolregion Rhein-Neckar: Waldakteur*innen f\u00fcr Kunstfilm im September gesucht","datePublished":"2022-07-01T08:08:49+00:00","dateModified":"2022-07-01T08:08:51+00:00","mainEntityOfPage":{"@id":"https:\/\/www.szenik.eu\/de\/metropolregion-rhein-neckar-waldakteurinnen-fuer-kunstfilm-im-september-gesucht-52061"},"wordCount":576,"commentCount":0,"publisher":{"@id":"https:\/\/www.szenik.eu\/de\/#organization"},"keywords":["Matchbox","Mia &amp; Eric"],"articleSection":["Kurz &amp; knackig","Magazin"],"inLanguage":"de","potentialAction":[{"@type":"CommentAction","name":"Comment","target":["https:\/\/www.szenik.eu\/de\/metropolregion-rhein-neckar-waldakteurinnen-fuer-kunstfilm-im-september-gesucht-52061#respond"]}]},{"@type":"WebPage","@id":"https:\/\/www.szenik.eu\/de\/metropolregion-rhein-neckar-waldakteurinnen-fuer-kunstfilm-im-september-gesucht-52061","url":"https:\/\/www.szenik.eu\/de\/metropolregion-rhein-neckar-waldakteurinnen-fuer-kunstfilm-im-september-gesucht-52061","name":"Metropolregion Rhein-Neckar: Waldakteur*innen gesucht I szenik","isPartOf":{"@id":"https:\/\/www.szenik.eu\/de\/#website"},"datePublished":"2022-07-01T08:08:49+00:00","dateModified":"2022-07-01T08:08:51+00:00","description":"F\u00fcr einen Kunstfilm sucht das kanadische K\u00fcnstler*innen Mia & Eric Waldakteur*innen aus der Metropolregion Rhein-Neckar.","breadcrumb":{"@id":"https:\/\/www.szenik.eu\/de\/metropolregion-rhein-neckar-waldakteurinnen-fuer-kunstfilm-im-september-gesucht-52061#breadcrumb"},"inLanguage":"de","potentialAction":[{"@type":"ReadAction","target":["https:\/\/www.szenik.eu\/de\/metropolregion-rhein-neckar-waldakteurinnen-fuer-kunstfilm-im-september-gesucht-52061"]}]},{"@type":"BreadcrumbList","@id":"https:\/\/www.szenik.eu\/de\/metropolregion-rhein-neckar-waldakteurinnen-fuer-kunstfilm-im-september-gesucht-52061#breadcrumb","itemListElement":[{"@type":"ListItem","position":1,"name":"Home","item":"https:\/\/www.szenik.eu\/de"},{"@type":"ListItem","position":2,"name":"Metropolregion Rhein-Neckar: Waldakteur*innen f\u00fcr Kunstfilm im September gesucht"}]},{"@type":"WebSite","@id":"https:\/\/www.szenik.eu\/de\/#website","url":"https:\/\/www.szenik.eu\/de\/","name":"szenik","description":"Le Meilleur des sc\u00e8nes au coeur de l&#039;Europe","publisher":{"@id":"https:\/\/www.szenik.eu\/de\/#organization"},"potentialAction":[{"@type":"SearchAction","target":{"@type":"EntryPoint","urlTemplate":"https:\/\/www.szenik.eu\/de\/?s={search_term_string}"},"query-input":"required name=search_term_string"}],"inLanguage":"de"},{"@type":"Organization","@id":"https:\/\/www.szenik.eu\/de\/#organization","name":"Szenik","url":"https:\/\/www.szenik.eu\/de\/","logo":{"@type":"ImageObject","inLanguage":"de","@id":"https:\/\/www.szenik.eu\/de\/#\/schema\/logo\/image\/","url":"https:\/\/www.szenik.eu\/wp-content\/uploads\/2019\/07\/logo-square.png","contentUrl":"https:\/\/www.szenik.eu\/wp-content\/uploads\/2019\/07\/logo-square.png","width":512,"height":512,"caption":"Szenik"},"image":{"@id":"https:\/\/www.szenik.eu\/de\/#\/schema\/logo\/image\/"},"sameAs":["https:\/\/www.facebook.com\/szenik.eu\/","https:\/\/twitter.com\/Szenik","https:\/\/www.instagram.com\/szenik_magazine\/","https:\/\/www.youtube.com\/user\/SzenikEU\/"]},{"@type":"Person","@id":"https:\/\/www.szenik.eu\/de\/#\/schema\/person\/15f73f175b41bad194837490339d48fb","name":"szenik","image":{"@type":"ImageObject","inLanguage":"de","@id":"https:\/\/www.szenik.eu\/de\/#\/schema\/person\/image\/","url":"https:\/\/secure.gravatar.com\/avatar\/d1c4f19522a624a4eaa5e6c03e22370b?s=96&d=mm&r=g","contentUrl":"https:\/\/secure.gravatar.com\/avatar\/d1c4f19522a624a4eaa5e6c03e22370b?s=96&d=mm&r=g","caption":"szenik"}}]}},"jetpack_featured_media_url":"https:\/\/www.szenik.eu\/wp-content\/uploads\/2022\/07\/Mia-Eric_Invisible-Territories_cBryce-Krynski2017-scaled.jpg","amp_enabled":true,"_links":{"self":[{"href":"https:\/\/www.szenik.eu\/de\/wp-json\/\/wp\/v2\/posts\/52061"}],"collection":[{"href":"https:\/\/www.szenik.eu\/de\/wp-json\/\/wp\/v2\/posts"}],"about":[{"href":"https:\/\/www.szenik.eu\/de\/wp-json\/\/wp\/v2\/types\/post"}],"author":[{"embeddable":true,"href":"https:\/\/www.szenik.eu\/de\/wp-json\/\/wp\/v2\/users\/1"}],"replies":[{"embeddable":true,"href":"https:\/\/www.szenik.eu\/de\/wp-json\/\/wp\/v2\/comments?post=52061"}],"version-history":[{"count":2,"href":"https:\/\/www.szenik.eu\/de\/wp-json\/\/wp\/v2\/posts\/52061\/revisions"}],"predecessor-version":[{"id":52075,"href":"https:\/\/www.szenik.eu\/de\/wp-json\/\/wp\/v2\/posts\/52061\/revisions\/52075"}],"wp:featuredmedia":[{"embeddable":true,"href":"https:\/\/www.szenik.eu\/de\/wp-json\/\/wp\/v2\/media\/52073"}],"wp:attachment":[{"href":"https:\/\/www.szenik.eu\/de\/wp-json\/\/wp\/v2\/media?parent=52061"}],"wp:term":[{"taxonomy":"category","embeddable":true,"href":"https:\/\/www.szenik.eu\/de\/wp-json\/\/wp\/v2\/categories?post=52061"},{"taxonomy":"post_tag","embeddable":true,"href":"https:\/\/www.szenik.eu\/de\/wp-json\/\/wp\/v2\/tags?post=52061"}],"curies":[{"name":"wp","href":"https:\/\/api.w.org\/{rel}","templated":true}]}}