{"id":51993,"date":"2022-06-28T14:22:48","date_gmt":"2022-06-28T12:22:48","guid":{"rendered":"https:\/\/www.szenik.eu\/?p=51993\/"},"modified":"2022-08-18T10:00:53","modified_gmt":"2022-08-18T08:00:53","slug":"urban-nature-von-rimini-protokoll-in-der-kunsthalle-mannheim","status":"publish","type":"post","link":"https:\/\/www.szenik.eu\/de\/urban-nature-von-rimini-protokoll-in-der-kunsthalle-mannheim-51993","title":{"rendered":"URBAN NATURE von Rimini Protokoll in der Kunsthalle Mannheim"},"content":{"rendered":"\n<h2>Ausstellung oder Inszenierung? URBAN NATURE ist beides \u2013 Erfahrungsraum und Rollenspiel. Das neue und bisher komplexeste Ausstellungsprojekt des&nbsp;Autoren-Regie-Teams Rimini Protokoll kreist um das Thema der Stadtgesellschaft.&nbsp;Wie denken wir uns die Zukunft in der Stadt? Wie kann ein solidarisches Zusammenleben in der urbanen Zukunft aussehen?<\/h2>\n\n\n\n<div style=\"height:100px\" aria-hidden=\"true\" class=\"wp-block-spacer\"><\/div>\n\n\n\n<p><em>Pressemitteilung<\/em><\/p>\n\n\n\n<div style=\"height:100px\" aria-hidden=\"true\" class=\"wp-block-spacer\"><\/div>\n\n\n\n<p>In die Ausstellungsr\u00e4ume der Kunsthalle f\u00fcgt sich eine Welt aus verschiedensten Stadtr\u00e4umen ein, wie ein begehbares Labyrinth. Es entsteht eine interaktive Installation, die neue Blickwinkel er\u00f6ffnet, dazu anregt die eigene Realit\u00e4t aufzubrechen und so unerwartete Erfahrungen erm\u00f6glicht. Ein Rundgang durch die Ausstellung, der in kleinen Gruppen stattfindet, dauert etwa eine&nbsp;Stunde. In Video Walks werden die Besucher*innen aktiv einbezogen und tauchen&nbsp;alle acht Minuten in eine andere Szene ein, von der Obdachlosenunterkunft bis zum Hochhaus. Mit einem Tablet und Kopfh\u00f6rern ausgestattet, begegnen ihnen an den einzelnen Stationen Expert*innen des Alltags. So treffen sie unter anderem auf eine Anlageberaterin, einen Umwelt- und Wirtschaftshistoriker, eine junge Frau auf der Suche nach Arbeit, einen Gef\u00e4ngnisw\u00e4rter und eine Grafikdesignerin.<\/p>\n\n\n\n<p>Im Zentrum der Stadt, dem Ausgangspunkt des Rundgangs, treffen die Besucher*innen als Erstes auf Enric, einen Umwelt- und Wirtschaftshistoriker und Bef\u00fcrworter des Lebens in der Stadt. F\u00fcr ihn birgt das Teilen von kritischen Ressourcen wie Wasser, Lebensraum, aber auch von Infrastruktur eine Chance f\u00fcr das gesellschaftliche Miteinander im urbanen Raum. Die Protagonist*innen, die alle aus Barcelona stammen, wo das Projekt erstmals aufgef\u00fchrt wurde, berichten aus ihrer ganz pers\u00f6nlichen Perspektive: Eine Investitionsberaterin l\u00e4dt in das B\u00fcro ihrer Bank ein. Ein Gef\u00e4ngnisw\u00e4rter zeigt seine Werkstatt, in der H\u00e4ftlinge Klimaanlagen f\u00fcr einen Gro\u00dfkonzern produzieren. Die Grafikdesignerin Camila erz\u00e4hlt, wie sie sich als alleinerziehende Mutter entschied aus dem Werbegesch\u00e4ft auszusteigen, um Cannabis in ihrer Wohnung anzupflanzen. Und die junge Leyla beschreibt die \u00c4ngste ihrer Mutter im Stadtraum und hinterfragt die Gefahren und Hindernisse im Alltag: \u201eIch frage mich, warum die Erwachsenen eine Stadt erschaffen haben, die f\u00fcr ihre eigenen Kinder zu gef\u00e4hrlich ist?\u201c <\/p>\n\n\n\n<p>Das K\u00fcnstlerkollektiv nimmt die Besucher*innen mit in eine Installation, die die realen Probleme der Stadtgesellschaft thematisiert. Dabei verschwimmen die Ebenen zwischen Ausstellung und Auff\u00fchrung, zwischen Realit\u00e4t und Fiktion. Die Kunsthalle Mannheim wird zu einem Erfahrungsraum, in dem die unterschiedlichsten Lebenswirklichkeiten aufeinandertreffen und in welchem die Berichte der sieben Protagonist*innen gesellschaftliche und politische Fragen zum Thema Stadtgesellschaft freilegen.<\/p>\n\n\n\n<div style=\"height:100px\" aria-hidden=\"true\" class=\"wp-block-spacer\"><\/div>\n\n\n\n<p class=\"has-text-align-center has-background has-medium-font-size\" style=\"background-color:#b4ffe4\"><strong>URBAN NATURE<\/strong><br>von Rimini Protokoll<br><strong>15. Juli \u2013 16. Oktober 2022 I Kunstalle Mannheim<\/strong><br>Kooperation mit dem Nationaltheater Mannheim<br><strong>Weitere Informationen: <a href=\"https:\/\/www.kuma.art\/de\/urban-nature-0\" target=\"_blank\" rel=\"noreferrer noopener\">www.kuma.art.de<\/a><\/strong><\/p>\n\n\n\n<div style=\"height:100px\" aria-hidden=\"true\" class=\"wp-block-spacer\"><\/div>\n\n\n\n<p class=\"has-small-font-size\">Foto: URBAN NATURE von Rimini-Protokoll, CCCB, Exhibition Images, Photo: Mart\u00ed E. Berenguer<\/p>\n\n\n\n<div style=\"height:100px\" aria-hidden=\"true\" class=\"wp-block-spacer\"><\/div>\n","protected":false},"excerpt":{"rendered":"<p>Ausstellung oder Inszenierung? URBAN NATURE ist beides \u2013 Erfahrungsraum und Rollenspiel. Das neue und bisher komplexeste Ausstellungsprojekt des&nbsp;Autoren-Regie-Teams Rimini Protokoll kreist um das Thema der Stadtgesellschaft.&nbsp;Wie denken wir uns die Zukunft in der Stadt? Wie kann ein solidarisches Zusammenleben in der urbanen Zukunft aussehen? Pressemitteilung In die Ausstellungsr\u00e4ume der Kunsthalle f\u00fcgt sich eine Welt aus [&hellip;]<\/p>\n","protected":false},"author":1,"featured_media":51994,"comment_status":"open","ping_status":"open","sticky":false,"template":"","format":"standard","meta":{"_monsterinsights_skip_tracking":false,"_monsterinsights_sitenote_active":false,"_monsterinsights_sitenote_note":"","_monsterinsights_sitenote_category":0},"categories":[2815,53],"tags":[10593,3304,19335],"yoast_head":"<!-- This site is optimized with the Yoast SEO plugin v20.5 - https:\/\/yoast.com\/wordpress\/plugins\/seo\/ -->\n<title>URBAN NATURE von Rimini Protokoll in der Kunsthalle Mannheim I szenik<\/title>\n<meta name=\"description\" content=\"Das neue und bisher komplexeste Ausstellungsprojekt des\u00a0Autoren-Regie-Teams Rimini Protokoll kreist um das Thema der Stadtgesellschaft.\" \/>\n<meta name=\"robots\" content=\"index, follow, max-snippet:-1, max-image-preview:large, max-video-preview:-1\" \/>\n<link rel=\"canonical\" href=\"https:\/\/www.szenik.eu\/de\/urban-nature-von-rimini-protokoll-in-der-kunsthalle-mannheim-51993\" \/>\n<meta property=\"og:locale\" content=\"de_DE\" \/>\n<meta property=\"og:type\" content=\"article\" \/>\n<meta property=\"og:title\" content=\"URBAN NATURE von Rimini Protokoll in der Kunsthalle Mannheim I szenik\" \/>\n<meta property=\"og:description\" content=\"Das neue und bisher komplexeste Ausstellungsprojekt des\u00a0Autoren-Regie-Teams Rimini Protokoll kreist um das Thema der Stadtgesellschaft.\" \/>\n<meta property=\"og:url\" content=\"https:\/\/www.szenik.eu\/de\/urban-nature-von-rimini-protokoll-in-der-kunsthalle-mannheim-51993\" \/>\n<meta property=\"og:site_name\" content=\"szenik\" \/>\n<meta property=\"article:publisher\" content=\"https:\/\/www.facebook.com\/szenik.eu\/\" \/>\n<meta property=\"article:published_time\" content=\"2022-06-28T12:22:48+00:00\" \/>\n<meta property=\"article:modified_time\" content=\"2022-08-18T08:00:53+00:00\" \/>\n<meta property=\"og:image\" content=\"https:\/\/www.szenik.eu\/wp-content\/uploads\/2022\/06\/Capture-decran-2022-06-23-a-08.59.52.png\" \/>\n\t<meta property=\"og:image:width\" content=\"993\" \/>\n\t<meta property=\"og:image:height\" content=\"730\" \/>\n\t<meta property=\"og:image:type\" content=\"image\/png\" \/>\n<meta name=\"author\" content=\"szenik\" \/>\n<meta name=\"twitter:card\" content=\"summary_large_image\" \/>\n<meta name=\"twitter:creator\" content=\"@Szenik\" \/>\n<meta name=\"twitter:site\" content=\"@Szenik\" \/>\n<meta name=\"twitter:label1\" content=\"Verfasst von\" \/>\n\t<meta name=\"twitter:data1\" content=\"szenik\" \/>\n\t<meta name=\"twitter:label2\" content=\"Gesch\u00e4tzte Lesezeit\" \/>\n\t<meta name=\"twitter:data2\" content=\"3\u00a0Minuten\" \/>\n<script type=\"application\/ld+json\" class=\"yoast-schema-graph\">{\"@context\":\"https:\/\/schema.org\",\"@graph\":[{\"@type\":\"Article\",\"@id\":\"https:\/\/www.szenik.eu\/de\/urban-nature-von-rimini-protokoll-in-der-kunsthalle-mannheim-51993#article\",\"isPartOf\":{\"@id\":\"https:\/\/www.szenik.eu\/de\/urban-nature-von-rimini-protokoll-in-der-kunsthalle-mannheim-51993\"},\"author\":{\"name\":\"szenik\",\"@id\":\"https:\/\/www.szenik.eu\/de\/#\/schema\/person\/15f73f175b41bad194837490339d48fb\"},\"headline\":\"URBAN NATURE von Rimini Protokoll in der Kunsthalle Mannheim\",\"datePublished\":\"2022-06-28T12:22:48+00:00\",\"dateModified\":\"2022-08-18T08:00:53+00:00\",\"mainEntityOfPage\":{\"@id\":\"https:\/\/www.szenik.eu\/de\/urban-nature-von-rimini-protokoll-in-der-kunsthalle-mannheim-51993\"},\"wordCount\":447,\"commentCount\":0,\"publisher\":{\"@id\":\"https:\/\/www.szenik.eu\/de\/#organization\"},\"keywords\":[\"Kunsthalle Mannheim\",\"Nationaltheater Mannheim\",\"Rimini Protokoll\"],\"articleSection\":[\"Kurz &amp; knackig\",\"Magazin\"],\"inLanguage\":\"de\",\"potentialAction\":[{\"@type\":\"CommentAction\",\"name\":\"Comment\",\"target\":[\"https:\/\/www.szenik.eu\/de\/urban-nature-von-rimini-protokoll-in-der-kunsthalle-mannheim-51993#respond\"]}]},{\"@type\":\"WebPage\",\"@id\":\"https:\/\/www.szenik.eu\/de\/urban-nature-von-rimini-protokoll-in-der-kunsthalle-mannheim-51993\",\"url\":\"https:\/\/www.szenik.eu\/de\/urban-nature-von-rimini-protokoll-in-der-kunsthalle-mannheim-51993\",\"name\":\"URBAN NATURE von Rimini Protokoll in der Kunsthalle Mannheim I szenik\",\"isPartOf\":{\"@id\":\"https:\/\/www.szenik.eu\/de\/#website\"},\"datePublished\":\"2022-06-28T12:22:48+00:00\",\"dateModified\":\"2022-08-18T08:00:53+00:00\",\"description\":\"Das neue und bisher komplexeste Ausstellungsprojekt des\u00a0Autoren-Regie-Teams Rimini Protokoll kreist um das Thema der Stadtgesellschaft.\",\"breadcrumb\":{\"@id\":\"https:\/\/www.szenik.eu\/de\/urban-nature-von-rimini-protokoll-in-der-kunsthalle-mannheim-51993#breadcrumb\"},\"inLanguage\":\"de\",\"potentialAction\":[{\"@type\":\"ReadAction\",\"target\":[\"https:\/\/www.szenik.eu\/de\/urban-nature-von-rimini-protokoll-in-der-kunsthalle-mannheim-51993\"]}]},{\"@type\":\"BreadcrumbList\",\"@id\":\"https:\/\/www.szenik.eu\/de\/urban-nature-von-rimini-protokoll-in-der-kunsthalle-mannheim-51993#breadcrumb\",\"itemListElement\":[{\"@type\":\"ListItem\",\"position\":1,\"name\":\"Home\",\"item\":\"https:\/\/www.szenik.eu\/de\"},{\"@type\":\"ListItem\",\"position\":2,\"name\":\"URBAN NATURE von Rimini Protokoll in der Kunsthalle Mannheim\"}]},{\"@type\":\"WebSite\",\"@id\":\"https:\/\/www.szenik.eu\/de\/#website\",\"url\":\"https:\/\/www.szenik.eu\/de\/\",\"name\":\"szenik\",\"description\":\"Le Meilleur des sc\u00e8nes au coeur de l&#039;Europe\",\"publisher\":{\"@id\":\"https:\/\/www.szenik.eu\/de\/#organization\"},\"potentialAction\":[{\"@type\":\"SearchAction\",\"target\":{\"@type\":\"EntryPoint\",\"urlTemplate\":\"https:\/\/www.szenik.eu\/de\/?s={search_term_string}\"},\"query-input\":\"required name=search_term_string\"}],\"inLanguage\":\"de\"},{\"@type\":\"Organization\",\"@id\":\"https:\/\/www.szenik.eu\/de\/#organization\",\"name\":\"Szenik\",\"url\":\"https:\/\/www.szenik.eu\/de\/\",\"logo\":{\"@type\":\"ImageObject\",\"inLanguage\":\"de\",\"@id\":\"https:\/\/www.szenik.eu\/de\/#\/schema\/logo\/image\/\",\"url\":\"https:\/\/www.szenik.eu\/wp-content\/uploads\/2019\/07\/logo-square.png\",\"contentUrl\":\"https:\/\/www.szenik.eu\/wp-content\/uploads\/2019\/07\/logo-square.png\",\"width\":512,\"height\":512,\"caption\":\"Szenik\"},\"image\":{\"@id\":\"https:\/\/www.szenik.eu\/de\/#\/schema\/logo\/image\/\"},\"sameAs\":[\"https:\/\/www.facebook.com\/szenik.eu\/\",\"https:\/\/twitter.com\/Szenik\",\"https:\/\/www.instagram.com\/szenik_magazine\/\",\"https:\/\/www.youtube.com\/user\/SzenikEU\/\"]},{\"@type\":\"Person\",\"@id\":\"https:\/\/www.szenik.eu\/de\/#\/schema\/person\/15f73f175b41bad194837490339d48fb\",\"name\":\"szenik\",\"image\":{\"@type\":\"ImageObject\",\"inLanguage\":\"de\",\"@id\":\"https:\/\/www.szenik.eu\/de\/#\/schema\/person\/image\/\",\"url\":\"https:\/\/secure.gravatar.com\/avatar\/d1c4f19522a624a4eaa5e6c03e22370b?s=96&d=mm&r=g\",\"contentUrl\":\"https:\/\/secure.gravatar.com\/avatar\/d1c4f19522a624a4eaa5e6c03e22370b?s=96&d=mm&r=g\",\"caption\":\"szenik\"}}]}<\/script>\n<!-- \/ Yoast SEO plugin. -->","yoast_head_json":{"title":"URBAN NATURE von Rimini Protokoll in der Kunsthalle Mannheim I szenik","description":"Das neue und bisher komplexeste Ausstellungsprojekt des\u00a0Autoren-Regie-Teams Rimini Protokoll kreist um das Thema der Stadtgesellschaft.","robots":{"index":"index","follow":"follow","max-snippet":"max-snippet:-1","max-image-preview":"max-image-preview:large","max-video-preview":"max-video-preview:-1"},"canonical":"https:\/\/www.szenik.eu\/de\/urban-nature-von-rimini-protokoll-in-der-kunsthalle-mannheim-51993","og_locale":"de_DE","og_type":"article","og_title":"URBAN NATURE von Rimini Protokoll in der Kunsthalle Mannheim I szenik","og_description":"Das neue und bisher komplexeste Ausstellungsprojekt des\u00a0Autoren-Regie-Teams Rimini Protokoll kreist um das Thema der Stadtgesellschaft.","og_url":"https:\/\/www.szenik.eu\/de\/urban-nature-von-rimini-protokoll-in-der-kunsthalle-mannheim-51993","og_site_name":"szenik","article_publisher":"https:\/\/www.facebook.com\/szenik.eu\/","article_published_time":"2022-06-28T12:22:48+00:00","article_modified_time":"2022-08-18T08:00:53+00:00","og_image":[{"width":993,"height":730,"url":"https:\/\/www.szenik.eu\/wp-content\/uploads\/2022\/06\/Capture-decran-2022-06-23-a-08.59.52.png","type":"image\/png"}],"author":"szenik","twitter_card":"summary_large_image","twitter_creator":"@Szenik","twitter_site":"@Szenik","twitter_misc":{"Verfasst von":"szenik","Gesch\u00e4tzte Lesezeit":"3\u00a0Minuten"},"schema":{"@context":"https:\/\/schema.org","@graph":[{"@type":"Article","@id":"https:\/\/www.szenik.eu\/de\/urban-nature-von-rimini-protokoll-in-der-kunsthalle-mannheim-51993#article","isPartOf":{"@id":"https:\/\/www.szenik.eu\/de\/urban-nature-von-rimini-protokoll-in-der-kunsthalle-mannheim-51993"},"author":{"name":"szenik","@id":"https:\/\/www.szenik.eu\/de\/#\/schema\/person\/15f73f175b41bad194837490339d48fb"},"headline":"URBAN NATURE von Rimini Protokoll in der Kunsthalle Mannheim","datePublished":"2022-06-28T12:22:48+00:00","dateModified":"2022-08-18T08:00:53+00:00","mainEntityOfPage":{"@id":"https:\/\/www.szenik.eu\/de\/urban-nature-von-rimini-protokoll-in-der-kunsthalle-mannheim-51993"},"wordCount":447,"commentCount":0,"publisher":{"@id":"https:\/\/www.szenik.eu\/de\/#organization"},"keywords":["Kunsthalle Mannheim","Nationaltheater Mannheim","Rimini Protokoll"],"articleSection":["Kurz &amp; knackig","Magazin"],"inLanguage":"de","potentialAction":[{"@type":"CommentAction","name":"Comment","target":["https:\/\/www.szenik.eu\/de\/urban-nature-von-rimini-protokoll-in-der-kunsthalle-mannheim-51993#respond"]}]},{"@type":"WebPage","@id":"https:\/\/www.szenik.eu\/de\/urban-nature-von-rimini-protokoll-in-der-kunsthalle-mannheim-51993","url":"https:\/\/www.szenik.eu\/de\/urban-nature-von-rimini-protokoll-in-der-kunsthalle-mannheim-51993","name":"URBAN NATURE von Rimini Protokoll in der Kunsthalle Mannheim I szenik","isPartOf":{"@id":"https:\/\/www.szenik.eu\/de\/#website"},"datePublished":"2022-06-28T12:22:48+00:00","dateModified":"2022-08-18T08:00:53+00:00","description":"Das neue und bisher komplexeste Ausstellungsprojekt des\u00a0Autoren-Regie-Teams Rimini Protokoll kreist um das Thema der Stadtgesellschaft.","breadcrumb":{"@id":"https:\/\/www.szenik.eu\/de\/urban-nature-von-rimini-protokoll-in-der-kunsthalle-mannheim-51993#breadcrumb"},"inLanguage":"de","potentialAction":[{"@type":"ReadAction","target":["https:\/\/www.szenik.eu\/de\/urban-nature-von-rimini-protokoll-in-der-kunsthalle-mannheim-51993"]}]},{"@type":"BreadcrumbList","@id":"https:\/\/www.szenik.eu\/de\/urban-nature-von-rimini-protokoll-in-der-kunsthalle-mannheim-51993#breadcrumb","itemListElement":[{"@type":"ListItem","position":1,"name":"Home","item":"https:\/\/www.szenik.eu\/de"},{"@type":"ListItem","position":2,"name":"URBAN NATURE von Rimini Protokoll in der Kunsthalle Mannheim"}]},{"@type":"WebSite","@id":"https:\/\/www.szenik.eu\/de\/#website","url":"https:\/\/www.szenik.eu\/de\/","name":"szenik","description":"Le Meilleur des sc\u00e8nes au coeur de l&#039;Europe","publisher":{"@id":"https:\/\/www.szenik.eu\/de\/#organization"},"potentialAction":[{"@type":"SearchAction","target":{"@type":"EntryPoint","urlTemplate":"https:\/\/www.szenik.eu\/de\/?s={search_term_string}"},"query-input":"required name=search_term_string"}],"inLanguage":"de"},{"@type":"Organization","@id":"https:\/\/www.szenik.eu\/de\/#organization","name":"Szenik","url":"https:\/\/www.szenik.eu\/de\/","logo":{"@type":"ImageObject","inLanguage":"de","@id":"https:\/\/www.szenik.eu\/de\/#\/schema\/logo\/image\/","url":"https:\/\/www.szenik.eu\/wp-content\/uploads\/2019\/07\/logo-square.png","contentUrl":"https:\/\/www.szenik.eu\/wp-content\/uploads\/2019\/07\/logo-square.png","width":512,"height":512,"caption":"Szenik"},"image":{"@id":"https:\/\/www.szenik.eu\/de\/#\/schema\/logo\/image\/"},"sameAs":["https:\/\/www.facebook.com\/szenik.eu\/","https:\/\/twitter.com\/Szenik","https:\/\/www.instagram.com\/szenik_magazine\/","https:\/\/www.youtube.com\/user\/SzenikEU\/"]},{"@type":"Person","@id":"https:\/\/www.szenik.eu\/de\/#\/schema\/person\/15f73f175b41bad194837490339d48fb","name":"szenik","image":{"@type":"ImageObject","inLanguage":"de","@id":"https:\/\/www.szenik.eu\/de\/#\/schema\/person\/image\/","url":"https:\/\/secure.gravatar.com\/avatar\/d1c4f19522a624a4eaa5e6c03e22370b?s=96&d=mm&r=g","contentUrl":"https:\/\/secure.gravatar.com\/avatar\/d1c4f19522a624a4eaa5e6c03e22370b?s=96&d=mm&r=g","caption":"szenik"}}]}},"jetpack_featured_media_url":"https:\/\/www.szenik.eu\/wp-content\/uploads\/2022\/06\/Capture-decran-2022-06-23-a-08.59.52.png","amp_enabled":true,"_links":{"self":[{"href":"https:\/\/www.szenik.eu\/de\/wp-json\/\/wp\/v2\/posts\/51993"}],"collection":[{"href":"https:\/\/www.szenik.eu\/de\/wp-json\/\/wp\/v2\/posts"}],"about":[{"href":"https:\/\/www.szenik.eu\/de\/wp-json\/\/wp\/v2\/types\/post"}],"author":[{"embeddable":true,"href":"https:\/\/www.szenik.eu\/de\/wp-json\/\/wp\/v2\/users\/1"}],"replies":[{"embeddable":true,"href":"https:\/\/www.szenik.eu\/de\/wp-json\/\/wp\/v2\/comments?post=51993"}],"version-history":[{"count":3,"href":"https:\/\/www.szenik.eu\/de\/wp-json\/\/wp\/v2\/posts\/51993\/revisions"}],"predecessor-version":[{"id":54039,"href":"https:\/\/www.szenik.eu\/de\/wp-json\/\/wp\/v2\/posts\/51993\/revisions\/54039"}],"wp:featuredmedia":[{"embeddable":true,"href":"https:\/\/www.szenik.eu\/de\/wp-json\/\/wp\/v2\/media\/51994"}],"wp:attachment":[{"href":"https:\/\/www.szenik.eu\/de\/wp-json\/\/wp\/v2\/media?parent=51993"}],"wp:term":[{"taxonomy":"category","embeddable":true,"href":"https:\/\/www.szenik.eu\/de\/wp-json\/\/wp\/v2\/categories?post=51993"},{"taxonomy":"post_tag","embeddable":true,"href":"https:\/\/www.szenik.eu\/de\/wp-json\/\/wp\/v2\/tags?post=51993"}],"curies":[{"name":"wp","href":"https:\/\/api.w.org\/{rel}","templated":true}]}}