{"id":50686,"date":"2022-05-10T08:47:28","date_gmt":"2022-05-10T06:47:28","guid":{"rendered":"https:\/\/www.szenik.eu\/?p=50686\/"},"modified":"2022-05-10T08:47:30","modified_gmt":"2022-05-10T06:47:30","slug":"theater-trier-sommerspielzeit-open-air-ab-3-juni-2022","status":"publish","type":"post","link":"https:\/\/www.szenik.eu\/de\/theater-trier-sommerspielzeit-open-air-ab-3-juni-2022-50686","title":{"rendered":"Theater Trier: Sommerspielzeit Open-Air ab 3. Juni 2022"},"content":{"rendered":"\n<h2>Ein gro\u00dfes Open-Air-Programm aller Sparten des Theaters Trier erwartet Sie in den letzten Wochen bis zur Spielzeitpause!<\/h2>\n\n\n\n<div style=\"height:100px\" aria-hidden=\"true\" class=\"wp-block-spacer\"><\/div>\n\n\n\n<p><em>Pressemitteilung<\/em><\/p>\n\n\n\n<div style=\"height:100px\" aria-hidden=\"true\" class=\"wp-block-spacer\"><\/div>\n\n\n\n<p>So \u00f6ffnen sich die Pforten zum sommerlichen Theatergarten f\u00fcr zwei Wiederaufnahmen des Schauspiels: Am 03. Juni f\u00fcr das ebenso aktuelle wie urkomische Schauspiel\u00a0\u201e<strong><em>Extrawurst<\/em><\/strong>\u201c\u00a0und ab dem 10. Juni f\u00fcr das englischsprachige Solo-St\u00fcck\u00a0\u201e<strong><em>Orlando<\/em><\/strong>\u201c\u00a0mit Luiza Braz Batista, die die poetisch-unwirkliche Wandlung des jungen Lords zur Erfolgsschriftstellerin verk\u00f6rpert.<\/p>\n\n\n\n<p>Doch es zieht das Theater Trier auch dieses Jahr wieder von seinem Stammhaus in Richtung Porta Nigra: Schon zu einer liebgewonnenen Tradition geworden, pr\u00e4sentiert sich das Theater Trier bereits zum dritten Mal mit freundlicher Unterst\u00fctzung der Trier Tourismus und Marketing GmbH (ttm) in der lauschigen Atmosph\u00e4re des Brunnenhofs mit Freilicht-Veranstaltungen.<\/p>\n\n\n\n<p>Eine Musiktheater-Premiere, ein Schauspiel, eine Tanz-Urauff\u00fchrung und Konzerte des Vor- und Kinderchors des Theaters Trier sowie des Philharmonischen Orchesters Trier erwarten Sie.<br>Los geht es im Brunnenhof am 21. Juni mit einer Premiere des Musiktheaters.\u00a0\u201e<strong><em>Je\u00a0ne\u00a0t\u2019aime pas<\/em><\/strong>\u201c\u00a0lautet der vielsagende Titel dieses konzertanten Abends mit Arien, Liedern und Chansons, den Operndirektor Jean- Claude Berutti konzipiert hat. Das Ende von Liebe und das Nicht-geliebt-Werden sind die Themen dieser trotzdem sommerlich-leichten Darbietung. Wie das zusammengeht? Lassen Sie sich von unseren S\u00e4ngerinnen und S\u00e4ngern \u00fcberraschen!<\/p>\n\n\n\n<p>Das Schauspiel\u00a0\u201e<strong><em>Extrawurst<\/em><\/strong>\u201c\u00a0zieht ab dem 06. Juli aus dem Theatergarten in den Brunnenhof, um auch in dem dortigen Ambiente zu begeistern.<br>Zuvor, am 29. Juni, gibt es eine Urauff\u00fchrung unseres Tanz-Ensembles: Beim Tanz-Abend\u00a0\u201e<strong><em>Junge\u00a0Choreografen<\/em><\/strong>\u201c\u00a0k\u00f6nnen Sie drei unserer Solot\u00e4nzerinnen und Solot\u00e4nzer als Choreografen entdecken. Ein spannendes Projekt f\u00fcr die jungen Ensemblemitglieder, aber auch eine spannende Erfahrung f\u00fcr das Publikum, das die Solistinnen und Solisten des Balletts schon in zahlreichen Produktionen erleben konnte und jetzt eine andere Seite der Ensemblearbeit und neue Facetten entdecken kann.<\/p>\n\n\n\n<p>Mit dem Programm\u00a0\u201e<em><strong>Sing es!<\/strong><\/em>\u201c\u00a0steht ab dem 09. Juli ein Konzert des Vorchores und des Kinderchores des Theaters Trier auf dem Plan. Chordirektor Martin Folz hat ein sommerlich-frisches buntes Programm einstudiert\u00a0\u2013\u00a0die Kinder freuen sich schon darauf die B\u00fchne zu entern und Ihnen die Vormittage zu bereichern.<\/p>\n\n\n\n<p>Last but not least darf selbstverst\u00e4ndlich auch das Philharmonische Orchester der Stadt Trier in dem illustren Reigen nicht fehlen: Am 28. Juni steht eine weitere der beschwingten\u00a0\u201e<strong><em>Sommerserenaden<\/em><\/strong>\u201c\u00a0auf unserem Programm\u00a0\u2013\u00a0ein Orchesterkonzert der unterhaltsamsten Art.<\/p>\n\n\n\n<div style=\"height:30px\" aria-hidden=\"true\" class=\"wp-block-spacer\"><\/div>\n\n\n\n<h4><strong>Praktische Informationen<\/strong><\/h4>\n\n\n\n<p>F\u00fcr alle Vorstellungen der Open-Air-Reihe gelten folgende Preise: Normal: 22&nbsp;\u20ac,&nbsp;erm\u00e4\u00dfigt: 13&nbsp;\u20ac<\/p>\n\n\n\n<p>Tickets sind ab sofort an unserer Theaterkasse Montag-Freitag von 10:00-18:00 Uhr und Samstag von 10:00- 13:00 Uhr sowie auf der Theater-Webseite erh\u00e4ltlich.<\/p>\n\n\n\n<div style=\"height:100px\" aria-hidden=\"true\" class=\"wp-block-spacer\"><\/div>\n\n\n\n<div class=\"is-content-justification-center is-layout-flex wp-container-1 wp-block-buttons\">\n<div class=\"wp-block-button\"><a class=\"wp-block-button__link has-black-color has-luminous-vivid-amber-background-color has-text-color has-background\" href=\"https:\/\/theater-trier.de\" target=\"_blank\" rel=\"noreferrer noopener\">Die Webseite des Theater Trier<\/a><\/div>\n<\/div>\n\n\n\n<div style=\"height:100px\" aria-hidden=\"true\" class=\"wp-block-spacer\"><\/div>\n\n\n\n<p class=\"has-small-font-size\">Foto: Theater Trier<\/p>\n\n\n\n<div style=\"height:100px\" aria-hidden=\"true\" class=\"wp-block-spacer\"><\/div>\n","protected":false},"excerpt":{"rendered":"<p>Ein gro\u00dfes Open-Air-Programm aller Sparten des Theaters Trier erwartet Sie in den letzten Wochen bis zur Spielzeitpause! Pressemitteilung So \u00f6ffnen sich die Pforten zum sommerlichen Theatergarten f\u00fcr zwei Wiederaufnahmen des Schauspiels: Am 03. Juni f\u00fcr das ebenso aktuelle wie urkomische Schauspiel\u00a0\u201eExtrawurst\u201c\u00a0und ab dem 10. Juni f\u00fcr das englischsprachige Solo-St\u00fcck\u00a0\u201eOrlando\u201c\u00a0mit Luiza Braz Batista, die die poetisch-unwirkliche [&hellip;]<\/p>\n","protected":false},"author":1,"featured_media":50687,"comment_status":"open","ping_status":"open","sticky":false,"template":"","format":"standard","meta":{"_monsterinsights_skip_tracking":false,"_monsterinsights_sitenote_active":false,"_monsterinsights_sitenote_note":"","_monsterinsights_sitenote_category":0},"categories":[2815,53],"tags":[6503],"yoast_head":"<!-- This site is optimized with the Yoast SEO plugin v20.5 - https:\/\/yoast.com\/wordpress\/plugins\/seo\/ -->\n<title>Theater Trier: Sommerspielzeit Open-Air ab 3. Juni 2022 I szenik<\/title>\n<meta name=\"description\" content=\"Ein gro\u00dfes Open-Air-Programm aller Sparten des Theaters Trier erwartet Sie in den letzten Wochen bis zur Spielzeitpause!\" \/>\n<meta name=\"robots\" content=\"index, follow, max-snippet:-1, max-image-preview:large, max-video-preview:-1\" \/>\n<link rel=\"canonical\" href=\"https:\/\/www.szenik.eu\/de\/theater-trier-sommerspielzeit-open-air-ab-3-juni-2022-50686\" \/>\n<meta property=\"og:locale\" content=\"de_DE\" \/>\n<meta property=\"og:type\" content=\"article\" \/>\n<meta property=\"og:title\" content=\"Theater Trier: Sommerspielzeit Open-Air ab 3. Juni 2022 I szenik\" \/>\n<meta property=\"og:description\" content=\"Ein gro\u00dfes Open-Air-Programm aller Sparten des Theaters Trier erwartet Sie in den letzten Wochen bis zur Spielzeitpause!\" \/>\n<meta property=\"og:url\" content=\"https:\/\/www.szenik.eu\/de\/theater-trier-sommerspielzeit-open-air-ab-3-juni-2022-50686\" \/>\n<meta property=\"og:site_name\" content=\"szenik\" \/>\n<meta property=\"article:publisher\" content=\"https:\/\/www.facebook.com\/szenik.eu\/\" \/>\n<meta property=\"article:published_time\" content=\"2022-05-10T06:47:28+00:00\" \/>\n<meta property=\"article:modified_time\" content=\"2022-05-10T06:47:30+00:00\" \/>\n<meta property=\"og:image\" content=\"https:\/\/www.szenik.eu\/wp-content\/uploads\/2022\/05\/Theater-Trier_Open-Air.jpg\" \/>\n\t<meta property=\"og:image:width\" content=\"2507\" \/>\n\t<meta property=\"og:image:height\" content=\"1629\" \/>\n\t<meta property=\"og:image:type\" content=\"image\/jpeg\" \/>\n<meta name=\"author\" content=\"szenik\" \/>\n<meta name=\"twitter:card\" content=\"summary_large_image\" \/>\n<meta name=\"twitter:creator\" content=\"@Szenik\" \/>\n<meta name=\"twitter:site\" content=\"@Szenik\" \/>\n<meta name=\"twitter:label1\" content=\"Verfasst von\" \/>\n\t<meta name=\"twitter:data1\" content=\"szenik\" \/>\n\t<meta name=\"twitter:label2\" content=\"Gesch\u00e4tzte Lesezeit\" \/>\n\t<meta name=\"twitter:data2\" content=\"3\u00a0Minuten\" \/>\n<script type=\"application\/ld+json\" class=\"yoast-schema-graph\">{\"@context\":\"https:\/\/schema.org\",\"@graph\":[{\"@type\":\"Article\",\"@id\":\"https:\/\/www.szenik.eu\/de\/theater-trier-sommerspielzeit-open-air-ab-3-juni-2022-50686#article\",\"isPartOf\":{\"@id\":\"https:\/\/www.szenik.eu\/de\/theater-trier-sommerspielzeit-open-air-ab-3-juni-2022-50686\"},\"author\":{\"name\":\"szenik\",\"@id\":\"https:\/\/www.szenik.eu\/de\/#\/schema\/person\/15f73f175b41bad194837490339d48fb\"},\"headline\":\"Theater Trier: Sommerspielzeit Open-Air ab 3. Juni 2022\",\"datePublished\":\"2022-05-10T06:47:28+00:00\",\"dateModified\":\"2022-05-10T06:47:30+00:00\",\"mainEntityOfPage\":{\"@id\":\"https:\/\/www.szenik.eu\/de\/theater-trier-sommerspielzeit-open-air-ab-3-juni-2022-50686\"},\"wordCount\":437,\"commentCount\":0,\"publisher\":{\"@id\":\"https:\/\/www.szenik.eu\/de\/#organization\"},\"keywords\":[\"Theater Trier\"],\"articleSection\":[\"Kurz &amp; knackig\",\"Magazin\"],\"inLanguage\":\"de\",\"potentialAction\":[{\"@type\":\"CommentAction\",\"name\":\"Comment\",\"target\":[\"https:\/\/www.szenik.eu\/de\/theater-trier-sommerspielzeit-open-air-ab-3-juni-2022-50686#respond\"]}]},{\"@type\":\"WebPage\",\"@id\":\"https:\/\/www.szenik.eu\/de\/theater-trier-sommerspielzeit-open-air-ab-3-juni-2022-50686\",\"url\":\"https:\/\/www.szenik.eu\/de\/theater-trier-sommerspielzeit-open-air-ab-3-juni-2022-50686\",\"name\":\"Theater Trier: Sommerspielzeit Open-Air ab 3. Juni 2022 I szenik\",\"isPartOf\":{\"@id\":\"https:\/\/www.szenik.eu\/de\/#website\"},\"datePublished\":\"2022-05-10T06:47:28+00:00\",\"dateModified\":\"2022-05-10T06:47:30+00:00\",\"description\":\"Ein gro\u00dfes Open-Air-Programm aller Sparten des Theaters Trier erwartet Sie in den letzten Wochen bis zur Spielzeitpause!\",\"breadcrumb\":{\"@id\":\"https:\/\/www.szenik.eu\/de\/theater-trier-sommerspielzeit-open-air-ab-3-juni-2022-50686#breadcrumb\"},\"inLanguage\":\"de\",\"potentialAction\":[{\"@type\":\"ReadAction\",\"target\":[\"https:\/\/www.szenik.eu\/de\/theater-trier-sommerspielzeit-open-air-ab-3-juni-2022-50686\"]}]},{\"@type\":\"BreadcrumbList\",\"@id\":\"https:\/\/www.szenik.eu\/de\/theater-trier-sommerspielzeit-open-air-ab-3-juni-2022-50686#breadcrumb\",\"itemListElement\":[{\"@type\":\"ListItem\",\"position\":1,\"name\":\"Home\",\"item\":\"https:\/\/www.szenik.eu\/de\"},{\"@type\":\"ListItem\",\"position\":2,\"name\":\"Theater Trier: Sommerspielzeit Open-Air ab 3. Juni 2022\"}]},{\"@type\":\"WebSite\",\"@id\":\"https:\/\/www.szenik.eu\/de\/#website\",\"url\":\"https:\/\/www.szenik.eu\/de\/\",\"name\":\"szenik\",\"description\":\"Le Meilleur des sc\u00e8nes au coeur de l&#039;Europe\",\"publisher\":{\"@id\":\"https:\/\/www.szenik.eu\/de\/#organization\"},\"potentialAction\":[{\"@type\":\"SearchAction\",\"target\":{\"@type\":\"EntryPoint\",\"urlTemplate\":\"https:\/\/www.szenik.eu\/de\/?s={search_term_string}\"},\"query-input\":\"required name=search_term_string\"}],\"inLanguage\":\"de\"},{\"@type\":\"Organization\",\"@id\":\"https:\/\/www.szenik.eu\/de\/#organization\",\"name\":\"Szenik\",\"url\":\"https:\/\/www.szenik.eu\/de\/\",\"logo\":{\"@type\":\"ImageObject\",\"inLanguage\":\"de\",\"@id\":\"https:\/\/www.szenik.eu\/de\/#\/schema\/logo\/image\/\",\"url\":\"https:\/\/www.szenik.eu\/wp-content\/uploads\/2019\/07\/logo-square.png\",\"contentUrl\":\"https:\/\/www.szenik.eu\/wp-content\/uploads\/2019\/07\/logo-square.png\",\"width\":512,\"height\":512,\"caption\":\"Szenik\"},\"image\":{\"@id\":\"https:\/\/www.szenik.eu\/de\/#\/schema\/logo\/image\/\"},\"sameAs\":[\"https:\/\/www.facebook.com\/szenik.eu\/\",\"https:\/\/twitter.com\/Szenik\",\"https:\/\/www.instagram.com\/szenik_magazine\/\",\"https:\/\/www.youtube.com\/user\/SzenikEU\/\"]},{\"@type\":\"Person\",\"@id\":\"https:\/\/www.szenik.eu\/de\/#\/schema\/person\/15f73f175b41bad194837490339d48fb\",\"name\":\"szenik\",\"image\":{\"@type\":\"ImageObject\",\"inLanguage\":\"de\",\"@id\":\"https:\/\/www.szenik.eu\/de\/#\/schema\/person\/image\/\",\"url\":\"https:\/\/secure.gravatar.com\/avatar\/d1c4f19522a624a4eaa5e6c03e22370b?s=96&d=mm&r=g\",\"contentUrl\":\"https:\/\/secure.gravatar.com\/avatar\/d1c4f19522a624a4eaa5e6c03e22370b?s=96&d=mm&r=g\",\"caption\":\"szenik\"}}]}<\/script>\n<!-- \/ Yoast SEO plugin. -->","yoast_head_json":{"title":"Theater Trier: Sommerspielzeit Open-Air ab 3. Juni 2022 I szenik","description":"Ein gro\u00dfes Open-Air-Programm aller Sparten des Theaters Trier erwartet Sie in den letzten Wochen bis zur Spielzeitpause!","robots":{"index":"index","follow":"follow","max-snippet":"max-snippet:-1","max-image-preview":"max-image-preview:large","max-video-preview":"max-video-preview:-1"},"canonical":"https:\/\/www.szenik.eu\/de\/theater-trier-sommerspielzeit-open-air-ab-3-juni-2022-50686","og_locale":"de_DE","og_type":"article","og_title":"Theater Trier: Sommerspielzeit Open-Air ab 3. Juni 2022 I szenik","og_description":"Ein gro\u00dfes Open-Air-Programm aller Sparten des Theaters Trier erwartet Sie in den letzten Wochen bis zur Spielzeitpause!","og_url":"https:\/\/www.szenik.eu\/de\/theater-trier-sommerspielzeit-open-air-ab-3-juni-2022-50686","og_site_name":"szenik","article_publisher":"https:\/\/www.facebook.com\/szenik.eu\/","article_published_time":"2022-05-10T06:47:28+00:00","article_modified_time":"2022-05-10T06:47:30+00:00","og_image":[{"width":2507,"height":1629,"url":"https:\/\/www.szenik.eu\/wp-content\/uploads\/2022\/05\/Theater-Trier_Open-Air.jpg","type":"image\/jpeg"}],"author":"szenik","twitter_card":"summary_large_image","twitter_creator":"@Szenik","twitter_site":"@Szenik","twitter_misc":{"Verfasst von":"szenik","Gesch\u00e4tzte Lesezeit":"3\u00a0Minuten"},"schema":{"@context":"https:\/\/schema.org","@graph":[{"@type":"Article","@id":"https:\/\/www.szenik.eu\/de\/theater-trier-sommerspielzeit-open-air-ab-3-juni-2022-50686#article","isPartOf":{"@id":"https:\/\/www.szenik.eu\/de\/theater-trier-sommerspielzeit-open-air-ab-3-juni-2022-50686"},"author":{"name":"szenik","@id":"https:\/\/www.szenik.eu\/de\/#\/schema\/person\/15f73f175b41bad194837490339d48fb"},"headline":"Theater Trier: Sommerspielzeit Open-Air ab 3. Juni 2022","datePublished":"2022-05-10T06:47:28+00:00","dateModified":"2022-05-10T06:47:30+00:00","mainEntityOfPage":{"@id":"https:\/\/www.szenik.eu\/de\/theater-trier-sommerspielzeit-open-air-ab-3-juni-2022-50686"},"wordCount":437,"commentCount":0,"publisher":{"@id":"https:\/\/www.szenik.eu\/de\/#organization"},"keywords":["Theater Trier"],"articleSection":["Kurz &amp; knackig","Magazin"],"inLanguage":"de","potentialAction":[{"@type":"CommentAction","name":"Comment","target":["https:\/\/www.szenik.eu\/de\/theater-trier-sommerspielzeit-open-air-ab-3-juni-2022-50686#respond"]}]},{"@type":"WebPage","@id":"https:\/\/www.szenik.eu\/de\/theater-trier-sommerspielzeit-open-air-ab-3-juni-2022-50686","url":"https:\/\/www.szenik.eu\/de\/theater-trier-sommerspielzeit-open-air-ab-3-juni-2022-50686","name":"Theater Trier: Sommerspielzeit Open-Air ab 3. Juni 2022 I szenik","isPartOf":{"@id":"https:\/\/www.szenik.eu\/de\/#website"},"datePublished":"2022-05-10T06:47:28+00:00","dateModified":"2022-05-10T06:47:30+00:00","description":"Ein gro\u00dfes Open-Air-Programm aller Sparten des Theaters Trier erwartet Sie in den letzten Wochen bis zur Spielzeitpause!","breadcrumb":{"@id":"https:\/\/www.szenik.eu\/de\/theater-trier-sommerspielzeit-open-air-ab-3-juni-2022-50686#breadcrumb"},"inLanguage":"de","potentialAction":[{"@type":"ReadAction","target":["https:\/\/www.szenik.eu\/de\/theater-trier-sommerspielzeit-open-air-ab-3-juni-2022-50686"]}]},{"@type":"BreadcrumbList","@id":"https:\/\/www.szenik.eu\/de\/theater-trier-sommerspielzeit-open-air-ab-3-juni-2022-50686#breadcrumb","itemListElement":[{"@type":"ListItem","position":1,"name":"Home","item":"https:\/\/www.szenik.eu\/de"},{"@type":"ListItem","position":2,"name":"Theater Trier: Sommerspielzeit Open-Air ab 3. Juni 2022"}]},{"@type":"WebSite","@id":"https:\/\/www.szenik.eu\/de\/#website","url":"https:\/\/www.szenik.eu\/de\/","name":"szenik","description":"Le Meilleur des sc\u00e8nes au coeur de l&#039;Europe","publisher":{"@id":"https:\/\/www.szenik.eu\/de\/#organization"},"potentialAction":[{"@type":"SearchAction","target":{"@type":"EntryPoint","urlTemplate":"https:\/\/www.szenik.eu\/de\/?s={search_term_string}"},"query-input":"required name=search_term_string"}],"inLanguage":"de"},{"@type":"Organization","@id":"https:\/\/www.szenik.eu\/de\/#organization","name":"Szenik","url":"https:\/\/www.szenik.eu\/de\/","logo":{"@type":"ImageObject","inLanguage":"de","@id":"https:\/\/www.szenik.eu\/de\/#\/schema\/logo\/image\/","url":"https:\/\/www.szenik.eu\/wp-content\/uploads\/2019\/07\/logo-square.png","contentUrl":"https:\/\/www.szenik.eu\/wp-content\/uploads\/2019\/07\/logo-square.png","width":512,"height":512,"caption":"Szenik"},"image":{"@id":"https:\/\/www.szenik.eu\/de\/#\/schema\/logo\/image\/"},"sameAs":["https:\/\/www.facebook.com\/szenik.eu\/","https:\/\/twitter.com\/Szenik","https:\/\/www.instagram.com\/szenik_magazine\/","https:\/\/www.youtube.com\/user\/SzenikEU\/"]},{"@type":"Person","@id":"https:\/\/www.szenik.eu\/de\/#\/schema\/person\/15f73f175b41bad194837490339d48fb","name":"szenik","image":{"@type":"ImageObject","inLanguage":"de","@id":"https:\/\/www.szenik.eu\/de\/#\/schema\/person\/image\/","url":"https:\/\/secure.gravatar.com\/avatar\/d1c4f19522a624a4eaa5e6c03e22370b?s=96&d=mm&r=g","contentUrl":"https:\/\/secure.gravatar.com\/avatar\/d1c4f19522a624a4eaa5e6c03e22370b?s=96&d=mm&r=g","caption":"szenik"}}]}},"jetpack_featured_media_url":"https:\/\/www.szenik.eu\/wp-content\/uploads\/2022\/05\/Theater-Trier_Open-Air.jpg","amp_enabled":true,"_links":{"self":[{"href":"https:\/\/www.szenik.eu\/de\/wp-json\/\/wp\/v2\/posts\/50686"}],"collection":[{"href":"https:\/\/www.szenik.eu\/de\/wp-json\/\/wp\/v2\/posts"}],"about":[{"href":"https:\/\/www.szenik.eu\/de\/wp-json\/\/wp\/v2\/types\/post"}],"author":[{"embeddable":true,"href":"https:\/\/www.szenik.eu\/de\/wp-json\/\/wp\/v2\/users\/1"}],"replies":[{"embeddable":true,"href":"https:\/\/www.szenik.eu\/de\/wp-json\/\/wp\/v2\/comments?post=50686"}],"version-history":[{"count":1,"href":"https:\/\/www.szenik.eu\/de\/wp-json\/\/wp\/v2\/posts\/50686\/revisions"}],"predecessor-version":[{"id":50689,"href":"https:\/\/www.szenik.eu\/de\/wp-json\/\/wp\/v2\/posts\/50686\/revisions\/50689"}],"wp:featuredmedia":[{"embeddable":true,"href":"https:\/\/www.szenik.eu\/de\/wp-json\/\/wp\/v2\/media\/50687"}],"wp:attachment":[{"href":"https:\/\/www.szenik.eu\/de\/wp-json\/\/wp\/v2\/media?parent=50686"}],"wp:term":[{"taxonomy":"category","embeddable":true,"href":"https:\/\/www.szenik.eu\/de\/wp-json\/\/wp\/v2\/categories?post=50686"},{"taxonomy":"post_tag","embeddable":true,"href":"https:\/\/www.szenik.eu\/de\/wp-json\/\/wp\/v2\/tags?post=50686"}],"curies":[{"name":"wp","href":"https:\/\/api.w.org\/{rel}","templated":true}]}}