{"id":50317,"date":"2022-04-28T10:32:12","date_gmt":"2022-04-28T08:32:12","guid":{"rendered":"https:\/\/www.szenik.eu\/?p=50317\/"},"modified":"2022-04-28T10:32:20","modified_gmt":"2022-04-28T08:32:20","slug":"der-menopause-bus-ein-projekt-von-wildwuchs-unterwegs","status":"publish","type":"post","link":"https:\/\/www.szenik.eu\/de\/der-menopause-bus-ein-projekt-von-wildwuchs-unterwegs-50317","title":{"rendered":"Der Menopause Bus: Ein Projekt von Wildwuchs Unterwegs"},"content":{"rendered":"\n<h2>In Zusammenarbeit mit dem SICK! Festival in Manchester pr\u00e4sentiert Wildwuchs Unterwegs am 7. Mai und 8. Mai an verschiedenen Standorten in Basel und Z\u00fcrich frisch komponierte Songs zu einem Thema, \u00fcber das auch heute noch gerne geschwiegen wird: Die Menopause.<\/h2>\n\n\n\n<div style=\"height:100px\" aria-hidden=\"true\" class=\"wp-block-spacer\"><\/div>\n\n\n\n<p><em>Pressemitteilung<\/em><\/p>\n\n\n\n<div style=\"height:100px\" aria-hidden=\"true\" class=\"wp-block-spacer\"><\/div>\n\n\n\n<p>Die Menopause ist eines der \u201eweiblichen\u201c Themen, \u00fcber das weder im Privaten noch in der \u00d6ffentlichkeit viel geredet wird. Auch gibt es wenig inspirierende Literatur dazu. Meist klingen die vorhandenen Informationen wenig spassig, es geht um Verlust, Abschied und Altern. Viel zu selten werden die positiven Seiten der Menopause, die M\u00f6glichkeiten und kleinen Freiheiten, die durch das Ausbleiben der Mens pl\u00f6tzlich auftauchen.<\/p>\n\n\n\n<p>Hitzewallungen, Schlaflosigkeit, Stimmungsschwankungen, Muskel- und Gelenkschmerzen, Antriebslosigkeit, Nachlassen der Lust auf Sex, Haarausfall, trockene Haut \u2013 es gibt eine Menge an k\u00f6rperlichen und psychischen Beschwerden, die mit den Wechseljahren in Verbindung gebracht werden. Allerdings oft f\u00e4lschlicherweise, da viele dieser angeblichen Menopausen-Symptome oft Alterserscheinungen sind, die M\u00e4nner jenseits der 50 genauso treffen k\u00f6nnen.<\/p>\n\n\n\n<p>Mit diesen und anderen Mythen will das Projekt Menopause Bus auf spielerische Weise aufr\u00e4umen. Bereits 2019 begannen das Wildwuchs Festival in Basel und das SICK! Festival in Manchester \u00fcber ein gemeinsames Projekt zum Thema Frauen &amp; Alter nachzudenken. Dank einer F\u00f6rderung von Pro Helvetia zur St\u00e4rkung Europ\u00e4ischer k\u00fcnstlerischer Kooperationen konnten verschiedene Workshops mit K\u00fcnstlerinnen aus England und der Schweiz veranstaltet werden, in denen erste Ideen entwickelt und Kollaborationen gestartet wurden.<\/p>\n\n\n\n<p>Eines dieser Projekte ist die Zusammenarbeit der zwei Komponistinnen, Sibylle Aeberli aus Z\u00fcrich und Tosin Akindele aus Manchester. Basierend auf Chatverl\u00e4ufen zwischen den Mitgliedern der beiden Ch\u00f6ren haben sie freche und nachdenklich stimmende Lieder zum Thema Menopause geschrieben. Mit einem original doppelst\u00f6ckigen London Bus tourt ein 40-k\u00f6pfiger Chor nun durch Basel &amp; Z\u00fcrich und singt mit lauter Stimme und aus vollem Halse gegen die Mythen und Missverst\u00e4ndnisse \u00fcber die Wechseljahre an.<\/p>\n\n\n\n<p><strong>Komposition \/ Text Schweiz:<\/strong><br>Sibylle Aeberli ist seit 35 Jahren freischaffende S\u00e4ngerin, Gitarristin, Schauspielerin, Kom\u00f6diantin, Komponistin und Texterin. Sie spielte in zig Bands, war Frontfrau der Kinderkultband Scht\u00e4rnef\u00f6ifi. Seit 20 Jahren im freien Theater t\u00e4tig tourt sie aktuell mit ihren Songs und Texten mit der spoken word K\u00fcnstlerin Stefanie Grob.\u00a0<a href=\"http:\/\/sibylleaeberli.ch\/\" target=\"_blank\" rel=\"noreferrer noopener\">http:\/\/sibylleaeberli.ch\/<\/a><\/p>\n\n\n\n<p>Der Menopause Bus ist ein Gemeinschaftsprojekt von Wildwuchs im Rahmen von Wildwuchs Unterwegs &amp; dem SICK! Festival Manchester.<br>Gef\u00f6rdert durch: Pro Helvetia Schweizer Kulturstiftung im Rahmen des Projekts Europ\u00e4ische Kooperationen<\/p>\n\n\n\n<div style=\"height:45px\" aria-hidden=\"true\" class=\"wp-block-spacer\"><\/div>\n\n\n\n<h4>Termine in Basel<\/h4>\n\n\n\n<p><strong>Samstag 07.05.2022 <\/strong><br>14:00 Barf\u00fcsserplatz <br>16:00 Elisabethenanlage <br>17:30 Matth\u00e4us-Kirchplatz<\/p>\n\n\n\n<h4>Termine in Z\u00fcrich<\/h4>\n\n\n\n<p><strong>Sonntag, 08.05.2022<\/strong><br>16:00 Seeuferpromenade am Bellevue<br>17:00 Seeuferpromenade vor der Badi Utoquai<\/p>\n\n\n\n<div style=\"height:100px\" aria-hidden=\"true\" class=\"wp-block-spacer\"><\/div>\n\n\n\n<div class=\"is-layout-flex wp-block-buttons\">\n<div class=\"wp-block-button aligncenter is-style-fill\"><a class=\"wp-block-button__link has-black-color has-luminous-vivid-amber-background-color has-text-color has-background\" href=\"https:\/\/www.wildwuchs.ch\" target=\"_blank\" rel=\"noreferrer noopener\">Weitere Informationen<\/a><\/div>\n<\/div>\n\n\n\n<div style=\"height:100px\" aria-hidden=\"true\" class=\"wp-block-spacer\"><\/div>\n\n\n\n<p class=\"has-small-font-size\">Foto: Wildwuchs<\/p>\n\n\n\n<div style=\"height:100px\" aria-hidden=\"true\" class=\"wp-block-spacer\"><\/div>\n","protected":false},"excerpt":{"rendered":"<p>In Zusammenarbeit mit dem SICK! Festival in Manchester pr\u00e4sentiert Wildwuchs Unterwegs am 7. Mai und 8. Mai an verschiedenen Standorten in Basel und Z\u00fcrich frisch komponierte Songs zu einem Thema, \u00fcber das auch heute noch gerne geschwiegen wird: Die Menopause. Pressemitteilung Die Menopause ist eines der \u201eweiblichen\u201c Themen, \u00fcber das weder im Privaten noch in [&hellip;]<\/p>\n","protected":false},"author":1,"featured_media":50318,"comment_status":"open","ping_status":"open","sticky":false,"template":"","format":"standard","meta":{"_monsterinsights_skip_tracking":false,"_monsterinsights_sitenote_active":false,"_monsterinsights_sitenote_note":"","_monsterinsights_sitenote_category":0},"categories":[2815,53],"tags":[18117,18116],"yoast_head":"<!-- This site is optimized with the Yoast SEO plugin v20.5 - https:\/\/yoast.com\/wordpress\/plugins\/seo\/ -->\n<title>Der Menopause Bus: Ein Projekt von Wildwuchs Unterwegs I szenik<\/title>\n<meta name=\"description\" content=\"Wildwuchs Unterwegs pr\u00e4sentiert am 7. Mai und 8. Mai in Basel und Z\u00fcrich frisch komponierte Songs zum Thema Menopause.\" \/>\n<meta name=\"robots\" content=\"index, follow, max-snippet:-1, max-image-preview:large, max-video-preview:-1\" \/>\n<link rel=\"canonical\" href=\"https:\/\/www.szenik.eu\/de\/der-menopause-bus-ein-projekt-von-wildwuchs-unterwegs-50317\" \/>\n<meta property=\"og:locale\" content=\"de_DE\" \/>\n<meta property=\"og:type\" content=\"article\" \/>\n<meta property=\"og:title\" content=\"Der Menopause Bus: Ein Projekt von Wildwuchs Unterwegs I szenik\" \/>\n<meta property=\"og:description\" content=\"Wildwuchs Unterwegs pr\u00e4sentiert am 7. Mai und 8. Mai in Basel und Z\u00fcrich frisch komponierte Songs zum Thema Menopause.\" \/>\n<meta property=\"og:url\" content=\"https:\/\/www.szenik.eu\/de\/der-menopause-bus-ein-projekt-von-wildwuchs-unterwegs-50317\" \/>\n<meta property=\"og:site_name\" content=\"szenik\" \/>\n<meta property=\"article:publisher\" content=\"https:\/\/www.facebook.com\/szenik.eu\/\" \/>\n<meta property=\"article:published_time\" content=\"2022-04-28T08:32:12+00:00\" \/>\n<meta property=\"article:modified_time\" content=\"2022-04-28T08:32:20+00:00\" \/>\n<meta property=\"og:image\" content=\"https:\/\/www.szenik.eu\/wp-content\/uploads\/2022\/04\/MENOPAUSE-BUS-COMP_plain.jpeg\" \/>\n\t<meta property=\"og:image:width\" content=\"480\" \/>\n\t<meta property=\"og:image:height\" content=\"480\" \/>\n\t<meta property=\"og:image:type\" content=\"image\/jpeg\" \/>\n<meta name=\"author\" content=\"szenik\" \/>\n<meta name=\"twitter:card\" content=\"summary_large_image\" \/>\n<meta name=\"twitter:creator\" content=\"@Szenik\" \/>\n<meta name=\"twitter:site\" content=\"@Szenik\" \/>\n<meta name=\"twitter:label1\" content=\"Verfasst von\" \/>\n\t<meta name=\"twitter:data1\" content=\"szenik\" \/>\n\t<meta name=\"twitter:label2\" content=\"Gesch\u00e4tzte Lesezeit\" \/>\n\t<meta name=\"twitter:data2\" content=\"3\u00a0Minuten\" \/>\n<script type=\"application\/ld+json\" class=\"yoast-schema-graph\">{\"@context\":\"https:\/\/schema.org\",\"@graph\":[{\"@type\":\"Article\",\"@id\":\"https:\/\/www.szenik.eu\/de\/der-menopause-bus-ein-projekt-von-wildwuchs-unterwegs-50317#article\",\"isPartOf\":{\"@id\":\"https:\/\/www.szenik.eu\/de\/der-menopause-bus-ein-projekt-von-wildwuchs-unterwegs-50317\"},\"author\":{\"name\":\"szenik\",\"@id\":\"https:\/\/www.szenik.eu\/de\/#\/schema\/person\/15f73f175b41bad194837490339d48fb\"},\"headline\":\"Der Menopause Bus: Ein Projekt von Wildwuchs Unterwegs\",\"datePublished\":\"2022-04-28T08:32:12+00:00\",\"dateModified\":\"2022-04-28T08:32:20+00:00\",\"mainEntityOfPage\":{\"@id\":\"https:\/\/www.szenik.eu\/de\/der-menopause-bus-ein-projekt-von-wildwuchs-unterwegs-50317\"},\"wordCount\":434,\"commentCount\":0,\"publisher\":{\"@id\":\"https:\/\/www.szenik.eu\/de\/#organization\"},\"keywords\":[\"Sibylle Aeberli\",\"Wildwuchs Unterwegs\"],\"articleSection\":[\"Kurz &amp; knackig\",\"Magazin\"],\"inLanguage\":\"de\",\"potentialAction\":[{\"@type\":\"CommentAction\",\"name\":\"Comment\",\"target\":[\"https:\/\/www.szenik.eu\/de\/der-menopause-bus-ein-projekt-von-wildwuchs-unterwegs-50317#respond\"]}]},{\"@type\":\"WebPage\",\"@id\":\"https:\/\/www.szenik.eu\/de\/der-menopause-bus-ein-projekt-von-wildwuchs-unterwegs-50317\",\"url\":\"https:\/\/www.szenik.eu\/de\/der-menopause-bus-ein-projekt-von-wildwuchs-unterwegs-50317\",\"name\":\"Der Menopause Bus: Ein Projekt von Wildwuchs Unterwegs I szenik\",\"isPartOf\":{\"@id\":\"https:\/\/www.szenik.eu\/de\/#website\"},\"datePublished\":\"2022-04-28T08:32:12+00:00\",\"dateModified\":\"2022-04-28T08:32:20+00:00\",\"description\":\"Wildwuchs Unterwegs pr\u00e4sentiert am 7. Mai und 8. Mai in Basel und Z\u00fcrich frisch komponierte Songs zum Thema Menopause.\",\"breadcrumb\":{\"@id\":\"https:\/\/www.szenik.eu\/de\/der-menopause-bus-ein-projekt-von-wildwuchs-unterwegs-50317#breadcrumb\"},\"inLanguage\":\"de\",\"potentialAction\":[{\"@type\":\"ReadAction\",\"target\":[\"https:\/\/www.szenik.eu\/de\/der-menopause-bus-ein-projekt-von-wildwuchs-unterwegs-50317\"]}]},{\"@type\":\"BreadcrumbList\",\"@id\":\"https:\/\/www.szenik.eu\/de\/der-menopause-bus-ein-projekt-von-wildwuchs-unterwegs-50317#breadcrumb\",\"itemListElement\":[{\"@type\":\"ListItem\",\"position\":1,\"name\":\"Home\",\"item\":\"https:\/\/www.szenik.eu\/de\"},{\"@type\":\"ListItem\",\"position\":2,\"name\":\"Der Menopause Bus: Ein Projekt von Wildwuchs Unterwegs\"}]},{\"@type\":\"WebSite\",\"@id\":\"https:\/\/www.szenik.eu\/de\/#website\",\"url\":\"https:\/\/www.szenik.eu\/de\/\",\"name\":\"szenik\",\"description\":\"Le Meilleur des sc\u00e8nes au coeur de l&#039;Europe\",\"publisher\":{\"@id\":\"https:\/\/www.szenik.eu\/de\/#organization\"},\"potentialAction\":[{\"@type\":\"SearchAction\",\"target\":{\"@type\":\"EntryPoint\",\"urlTemplate\":\"https:\/\/www.szenik.eu\/de\/?s={search_term_string}\"},\"query-input\":\"required name=search_term_string\"}],\"inLanguage\":\"de\"},{\"@type\":\"Organization\",\"@id\":\"https:\/\/www.szenik.eu\/de\/#organization\",\"name\":\"Szenik\",\"url\":\"https:\/\/www.szenik.eu\/de\/\",\"logo\":{\"@type\":\"ImageObject\",\"inLanguage\":\"de\",\"@id\":\"https:\/\/www.szenik.eu\/de\/#\/schema\/logo\/image\/\",\"url\":\"https:\/\/www.szenik.eu\/wp-content\/uploads\/2019\/07\/logo-square.png\",\"contentUrl\":\"https:\/\/www.szenik.eu\/wp-content\/uploads\/2019\/07\/logo-square.png\",\"width\":512,\"height\":512,\"caption\":\"Szenik\"},\"image\":{\"@id\":\"https:\/\/www.szenik.eu\/de\/#\/schema\/logo\/image\/\"},\"sameAs\":[\"https:\/\/www.facebook.com\/szenik.eu\/\",\"https:\/\/twitter.com\/Szenik\",\"https:\/\/www.instagram.com\/szenik_magazine\/\",\"https:\/\/www.youtube.com\/user\/SzenikEU\/\"]},{\"@type\":\"Person\",\"@id\":\"https:\/\/www.szenik.eu\/de\/#\/schema\/person\/15f73f175b41bad194837490339d48fb\",\"name\":\"szenik\",\"image\":{\"@type\":\"ImageObject\",\"inLanguage\":\"de\",\"@id\":\"https:\/\/www.szenik.eu\/de\/#\/schema\/person\/image\/\",\"url\":\"https:\/\/secure.gravatar.com\/avatar\/d1c4f19522a624a4eaa5e6c03e22370b?s=96&d=mm&r=g\",\"contentUrl\":\"https:\/\/secure.gravatar.com\/avatar\/d1c4f19522a624a4eaa5e6c03e22370b?s=96&d=mm&r=g\",\"caption\":\"szenik\"}}]}<\/script>\n<!-- \/ Yoast SEO plugin. -->","yoast_head_json":{"title":"Der Menopause Bus: Ein Projekt von Wildwuchs Unterwegs I szenik","description":"Wildwuchs Unterwegs pr\u00e4sentiert am 7. Mai und 8. Mai in Basel und Z\u00fcrich frisch komponierte Songs zum Thema Menopause.","robots":{"index":"index","follow":"follow","max-snippet":"max-snippet:-1","max-image-preview":"max-image-preview:large","max-video-preview":"max-video-preview:-1"},"canonical":"https:\/\/www.szenik.eu\/de\/der-menopause-bus-ein-projekt-von-wildwuchs-unterwegs-50317","og_locale":"de_DE","og_type":"article","og_title":"Der Menopause Bus: Ein Projekt von Wildwuchs Unterwegs I szenik","og_description":"Wildwuchs Unterwegs pr\u00e4sentiert am 7. Mai und 8. Mai in Basel und Z\u00fcrich frisch komponierte Songs zum Thema Menopause.","og_url":"https:\/\/www.szenik.eu\/de\/der-menopause-bus-ein-projekt-von-wildwuchs-unterwegs-50317","og_site_name":"szenik","article_publisher":"https:\/\/www.facebook.com\/szenik.eu\/","article_published_time":"2022-04-28T08:32:12+00:00","article_modified_time":"2022-04-28T08:32:20+00:00","og_image":[{"width":480,"height":480,"url":"https:\/\/www.szenik.eu\/wp-content\/uploads\/2022\/04\/MENOPAUSE-BUS-COMP_plain.jpeg","type":"image\/jpeg"}],"author":"szenik","twitter_card":"summary_large_image","twitter_creator":"@Szenik","twitter_site":"@Szenik","twitter_misc":{"Verfasst von":"szenik","Gesch\u00e4tzte Lesezeit":"3\u00a0Minuten"},"schema":{"@context":"https:\/\/schema.org","@graph":[{"@type":"Article","@id":"https:\/\/www.szenik.eu\/de\/der-menopause-bus-ein-projekt-von-wildwuchs-unterwegs-50317#article","isPartOf":{"@id":"https:\/\/www.szenik.eu\/de\/der-menopause-bus-ein-projekt-von-wildwuchs-unterwegs-50317"},"author":{"name":"szenik","@id":"https:\/\/www.szenik.eu\/de\/#\/schema\/person\/15f73f175b41bad194837490339d48fb"},"headline":"Der Menopause Bus: Ein Projekt von Wildwuchs Unterwegs","datePublished":"2022-04-28T08:32:12+00:00","dateModified":"2022-04-28T08:32:20+00:00","mainEntityOfPage":{"@id":"https:\/\/www.szenik.eu\/de\/der-menopause-bus-ein-projekt-von-wildwuchs-unterwegs-50317"},"wordCount":434,"commentCount":0,"publisher":{"@id":"https:\/\/www.szenik.eu\/de\/#organization"},"keywords":["Sibylle Aeberli","Wildwuchs Unterwegs"],"articleSection":["Kurz &amp; knackig","Magazin"],"inLanguage":"de","potentialAction":[{"@type":"CommentAction","name":"Comment","target":["https:\/\/www.szenik.eu\/de\/der-menopause-bus-ein-projekt-von-wildwuchs-unterwegs-50317#respond"]}]},{"@type":"WebPage","@id":"https:\/\/www.szenik.eu\/de\/der-menopause-bus-ein-projekt-von-wildwuchs-unterwegs-50317","url":"https:\/\/www.szenik.eu\/de\/der-menopause-bus-ein-projekt-von-wildwuchs-unterwegs-50317","name":"Der Menopause Bus: Ein Projekt von Wildwuchs Unterwegs I szenik","isPartOf":{"@id":"https:\/\/www.szenik.eu\/de\/#website"},"datePublished":"2022-04-28T08:32:12+00:00","dateModified":"2022-04-28T08:32:20+00:00","description":"Wildwuchs Unterwegs pr\u00e4sentiert am 7. Mai und 8. Mai in Basel und Z\u00fcrich frisch komponierte Songs zum Thema Menopause.","breadcrumb":{"@id":"https:\/\/www.szenik.eu\/de\/der-menopause-bus-ein-projekt-von-wildwuchs-unterwegs-50317#breadcrumb"},"inLanguage":"de","potentialAction":[{"@type":"ReadAction","target":["https:\/\/www.szenik.eu\/de\/der-menopause-bus-ein-projekt-von-wildwuchs-unterwegs-50317"]}]},{"@type":"BreadcrumbList","@id":"https:\/\/www.szenik.eu\/de\/der-menopause-bus-ein-projekt-von-wildwuchs-unterwegs-50317#breadcrumb","itemListElement":[{"@type":"ListItem","position":1,"name":"Home","item":"https:\/\/www.szenik.eu\/de"},{"@type":"ListItem","position":2,"name":"Der Menopause Bus: Ein Projekt von Wildwuchs Unterwegs"}]},{"@type":"WebSite","@id":"https:\/\/www.szenik.eu\/de\/#website","url":"https:\/\/www.szenik.eu\/de\/","name":"szenik","description":"Le Meilleur des sc\u00e8nes au coeur de l&#039;Europe","publisher":{"@id":"https:\/\/www.szenik.eu\/de\/#organization"},"potentialAction":[{"@type":"SearchAction","target":{"@type":"EntryPoint","urlTemplate":"https:\/\/www.szenik.eu\/de\/?s={search_term_string}"},"query-input":"required name=search_term_string"}],"inLanguage":"de"},{"@type":"Organization","@id":"https:\/\/www.szenik.eu\/de\/#organization","name":"Szenik","url":"https:\/\/www.szenik.eu\/de\/","logo":{"@type":"ImageObject","inLanguage":"de","@id":"https:\/\/www.szenik.eu\/de\/#\/schema\/logo\/image\/","url":"https:\/\/www.szenik.eu\/wp-content\/uploads\/2019\/07\/logo-square.png","contentUrl":"https:\/\/www.szenik.eu\/wp-content\/uploads\/2019\/07\/logo-square.png","width":512,"height":512,"caption":"Szenik"},"image":{"@id":"https:\/\/www.szenik.eu\/de\/#\/schema\/logo\/image\/"},"sameAs":["https:\/\/www.facebook.com\/szenik.eu\/","https:\/\/twitter.com\/Szenik","https:\/\/www.instagram.com\/szenik_magazine\/","https:\/\/www.youtube.com\/user\/SzenikEU\/"]},{"@type":"Person","@id":"https:\/\/www.szenik.eu\/de\/#\/schema\/person\/15f73f175b41bad194837490339d48fb","name":"szenik","image":{"@type":"ImageObject","inLanguage":"de","@id":"https:\/\/www.szenik.eu\/de\/#\/schema\/person\/image\/","url":"https:\/\/secure.gravatar.com\/avatar\/d1c4f19522a624a4eaa5e6c03e22370b?s=96&d=mm&r=g","contentUrl":"https:\/\/secure.gravatar.com\/avatar\/d1c4f19522a624a4eaa5e6c03e22370b?s=96&d=mm&r=g","caption":"szenik"}}]}},"jetpack_featured_media_url":"https:\/\/www.szenik.eu\/wp-content\/uploads\/2022\/04\/MENOPAUSE-BUS-COMP_plain.jpeg","amp_enabled":true,"_links":{"self":[{"href":"https:\/\/www.szenik.eu\/de\/wp-json\/\/wp\/v2\/posts\/50317"}],"collection":[{"href":"https:\/\/www.szenik.eu\/de\/wp-json\/\/wp\/v2\/posts"}],"about":[{"href":"https:\/\/www.szenik.eu\/de\/wp-json\/\/wp\/v2\/types\/post"}],"author":[{"embeddable":true,"href":"https:\/\/www.szenik.eu\/de\/wp-json\/\/wp\/v2\/users\/1"}],"replies":[{"embeddable":true,"href":"https:\/\/www.szenik.eu\/de\/wp-json\/\/wp\/v2\/comments?post=50317"}],"version-history":[{"count":1,"href":"https:\/\/www.szenik.eu\/de\/wp-json\/\/wp\/v2\/posts\/50317\/revisions"}],"predecessor-version":[{"id":50320,"href":"https:\/\/www.szenik.eu\/de\/wp-json\/\/wp\/v2\/posts\/50317\/revisions\/50320"}],"wp:featuredmedia":[{"embeddable":true,"href":"https:\/\/www.szenik.eu\/de\/wp-json\/\/wp\/v2\/media\/50318"}],"wp:attachment":[{"href":"https:\/\/www.szenik.eu\/de\/wp-json\/\/wp\/v2\/media?parent=50317"}],"wp:term":[{"taxonomy":"category","embeddable":true,"href":"https:\/\/www.szenik.eu\/de\/wp-json\/\/wp\/v2\/categories?post=50317"},{"taxonomy":"post_tag","embeddable":true,"href":"https:\/\/www.szenik.eu\/de\/wp-json\/\/wp\/v2\/tags?post=50317"}],"curies":[{"name":"wp","href":"https:\/\/api.w.org\/{rel}","templated":true}]}}