{"id":49876,"date":"2022-04-13T10:24:20","date_gmt":"2022-04-13T08:24:20","guid":{"rendered":"https:\/\/www.szenik.eu\/espresso-interview-avec-emilie-capliez-matthieu-cruciani-co-directeur%c2%b7ice-de-la-comedie-de-colmar-49876"},"modified":"2022-05-02T11:28:11","modified_gmt":"2022-05-02T09:28:11","slug":"espresso-interview-avec-emilie-capliez-matthieu-cruciani-co-directeur%c2%b7ice-de-la-comedie-de-colmar","status":"publish","type":"post","link":"https:\/\/www.szenik.eu\/de\/espresso-interview-avec-emilie-capliez-matthieu-cruciani-co-directeur%c2%b7ice-de-la-comedie-de-colmar-49876","title":{"rendered":"Espresso-Interview mit \u00c9milie Capliez &#038; Matthieu Cruciani, Kodirektoren der Com\u00e9die de Colmar"},"content":{"rendered":"\n<h2>szenik pr\u00e4sentiert Ihnen ein neues Format: das Espresso-Interview! Neben den Portr\u00e4ts, die wir Ihnen auf unserer Webseite sowie auf YouTube anbieten, laden wir Sie hiermit zu einer vollmundigen und fl\u00fcchtigen Begegnung im Rahmen einer B\u00fchnenproduktion ein. <\/h2>\n\n\n\n<div style=\"height:100px\" aria-hidden=\"true\" class=\"wp-block-spacer\"><\/div>\n\n\n\n<h5>\u270f\ufe0f <strong>An welchem Projekt arbeiten Sie gerade? <\/strong><\/h5>\n\n\n\n<div style=\"height:10px\" aria-hidden=\"true\" class=\"wp-block-spacer\"><\/div>\n\n\n\n<p><strong>\u00c9milie Capliez<\/strong>: \u00ab&nbsp;<strong><em>Des femmes qui nagent<\/em><\/strong>&nbsp;\u00bb, meiner n\u00e4chsten Theaterinszenierung, die im Januar 2023 auf die B\u00fchne kommt. Es handelt sich um einen von <strong>Pauline Peyrade<\/strong> verfassten Text, der Frauen und Schauspielerinnen zu Wort kommen l\u00e4sst.<\/p>\n\n\n\n<p><strong>Matthieu Cruciani<\/strong>: An dem ehrgeizigen Ziel, weniger Projekte zu haben.<\/p>\n\n\n\n<div style=\"height:10px\" aria-hidden=\"true\" class=\"wp-block-spacer\"><\/div>\n\n\n\n<h5>\ud83c\udfad <strong>Welche Theater-oder Opernfigur \u00e4hnelt Ihnen? Und warum? <\/strong><\/h5>\n\n\n\n<div style=\"height:10px\" aria-hidden=\"true\" class=\"wp-block-spacer\"><\/div>\n\n\n\n<p><strong>\u00c9milie Capliez<\/strong>: Ich wei\u00df nicht, ob sie mir \u00e4hneln, aber ein paar Shakespeare-Heldinnen (z. Bsp. Paulina des&nbsp;<em>Winterm\u00e4rchen<\/em>s oder Beatrice aus&nbsp;<em>Viel L\u00e4rm um nichts<\/em>) haben mich schon immer fasziniert, aufgrund ihrer Schlagfertigkeit und der Modernit\u00e4t ihrer Diskurse (zum Teil auch, weil ich sie gerne gespielt h\u00e4tte&#8230;)<\/p>\n\n\n\n<p><strong>Matthieu Cruciani<\/strong>: Emma Bovary. Weil ich das nat\u00fcrlich bin.<\/p>\n\n\n\n<div style=\"height:10px\" aria-hidden=\"true\" class=\"wp-block-spacer\"><\/div>\n\n\n\n<h5>\u2764\ufe0f <strong>Eine k\u00fcnstlerische Begegnung, die Sie beeindruckt hat?&nbsp;<\/strong><\/h5>\n\n\n\n<div style=\"height:10px\" aria-hidden=\"true\" class=\"wp-block-spacer\"><\/div>\n\n\n\n<p><strong>\u00c9milie Capliez<\/strong>: Zweifellos die Begegnung mit Pierre Michon, einem Autor, den ich sehr bewundere.<\/p>\n\n\n\n<p><strong>Matthieu Cruciani<\/strong>: Das italienische Kino der 60er Jahre.<\/p>\n\n\n\n<div style=\"height:10px\" aria-hidden=\"true\" class=\"wp-block-spacer\"><\/div>\n\n\n\n<h5>\ud83c\udf40 <strong>Ihr Ritual, bevor Sie die B\u00fchne betreten?&nbsp;<\/strong><\/h5>\n\n\n\n<div style=\"height:10px\" aria-hidden=\"true\" class=\"wp-block-spacer\"><\/div>\n\n\n\n<p><strong>\u00c9milie Capliez<\/strong>: Ich lasse immer ein kleines Licht in meiner Garderobe brennen. Nicht sehr umweltfreundlich, aber Aberglaube kennt keine Logik &#8230;<\/p>\n\n\n\n<p><strong>Matthieu Cruciani<\/strong>: Lachen. Lachen. Lachen.<\/p>\n\n\n\n<div style=\"height:10px\" aria-hidden=\"true\" class=\"wp-block-spacer\"><\/div>\n\n\n\n<h5>\ud83d\udc5e <strong>Wenn Sie sich nicht f\u00fcr das Theater entschieden h\u00e4tten, welchem Beruf w\u00e4ren Sie nachgegangen? <\/strong><\/h5>\n\n\n\n<div style=\"height:10px\" aria-hidden=\"true\" class=\"wp-block-spacer\"><\/div>\n\n\n\n<p><strong>\u00c9milie Capliez<\/strong>: Keine Ahnung, ehrlich gesagt.<\/p>\n\n\n\n<p><strong>Matthieu Cruciani<\/strong>: Schuster. Ich h\u00e4tte gerne sch\u00f6ne Schuhe hergestellt.&nbsp;&nbsp;<\/p>\n\n\n\n<div style=\"height:10px\" aria-hidden=\"true\" class=\"wp-block-spacer\"><\/div>\n\n\n\n<h5>\ud83c\udf0e <strong>Wo suchen (und finden) Sie Inspiration in Ihrer Stadt \/ Ihrer Region?<\/strong><\/h5>\n\n\n\n<div style=\"height:10px\" aria-hidden=\"true\" class=\"wp-block-spacer\"><\/div>\n\n\n\n<p><strong>\u00c9milie Capliez<\/strong>: In der Natur, die uns hier in Colmar und in der Umgebung umgibt, und die sich im Fr\u00fchling von ihrer sch\u00f6nsten Seite zeigt!<\/p>\n\n\n\n<p><strong>Matthieu Cruciani<\/strong>: Im Viertel Les Mara\u00eechers. Beim Laufen im Regen oder in der Sonne.<\/p>\n\n\n\n<div style=\"height:10px\" aria-hidden=\"true\" class=\"wp-block-spacer\"><\/div>\n\n\n\n<h5>\ud83c\udfd5 <strong>Was ist Ihre kleine Angewohnheit am Wochenende?&nbsp;<\/strong><\/h5>\n\n\n\n<div style=\"height:10px\" aria-hidden=\"true\" class=\"wp-block-spacer\"><\/div>\n\n\n\n<p><strong>\u00c9milie Capliez<\/strong>: In die Markthalle gehen, durch das Viertel Les Mara\u00eechers laufen, lesen&#8230;<\/p>\n\n\n\n<p><strong>Matthieu Cruciani<\/strong>: Mit meinen T\u00f6chtern durch die els\u00e4ssische Region reisen. Eine uns liebgewordene Gewohnheit.<\/p>\n\n\n\n<div style=\"height:10px\" aria-hidden=\"true\" class=\"wp-block-spacer\"><\/div>\n\n\n\n<h5>\ud83c\udfa7 <strong>Ihr aktuelles Lieblingsbuch oder aktueller Ohrwurm?<\/strong><\/h5>\n\n\n\n<div style=\"height:10px\" aria-hidden=\"true\" class=\"wp-block-spacer\"><\/div>\n\n\n\n<p><strong>\u00c9milie Capliez<\/strong>: Andrea Lazlo de la Simone, ein fantastischer, italienischer K\u00fcnstler und das tolle Buch&nbsp;<em>Ein eigenes Haus<\/em>&nbsp;von Deborah Levy.<\/p>\n\n\n\n<p><strong>Matthieu Cruciani<\/strong>: <em>Die&nbsp;<em>Ungarische Melodie<\/em>&nbsp;von Schubert.&nbsp;<em>Les Hauts-Quartiers<\/em>&nbsp;von Paul Gadenne.<\/em><\/p>\n\n\n\n<div style=\"height:10px\" aria-hidden=\"true\" class=\"wp-block-spacer\"><\/div>\n\n\n\n<h5><strong>\ud83d\ude02 Wann haben Sie das letzte Mal laut und aus ganzem Herzen gelacht?\u00a0<\/strong><\/h5>\n\n\n\n<div style=\"height:10px\" aria-hidden=\"true\" class=\"wp-block-spacer\"><\/div>\n\n\n\n<p><strong>\u00c9milie Capliez<\/strong>: Gestern Abend mit meinen T\u00f6chtern, die einen sehr ansteckenden Humor haben.<\/p>\n\n\n\n<p><strong>Matthieu Cruciani<\/strong>: Letzte Woche bei der Arbeitsmedizin. Als ich mich gewogen habe. Vor lauter Nervosit\u00e4t.&nbsp;&nbsp;<\/p>\n\n\n\n<div style=\"height:10px\" aria-hidden=\"true\" class=\"wp-block-spacer\"><\/div>\n\n\n\n<h5>\u2615\ufe0f <strong>Mit welcher (historischen) Person w\u00fcrden Sie gerne einmal einen Espresso trinken?<\/strong> <strong>Und warum? <\/strong><\/h5>\n\n\n\n<div style=\"height:10px\" aria-hidden=\"true\" class=\"wp-block-spacer\"><\/div>\n\n\n\n<p><strong>\u00c9milie Capliez<\/strong>: Ich mag keinen Kaffee, aber wenn ich ihn versuchen w\u00fcrde&#8230; Marguerite Duras? Wegen ihrer Intelligenz und ihrer sanften Stimme.<\/p>\n\n\n\n<p><strong>Matthieu Cruciani<\/strong>: Ganz allein. Ein Espresso ist ein Augenblick und allein zu genie\u00dfen. Er ist wie eine Art Monolog. Mein Favorit ist und bleibt der erste, den ich trinke, wenn ich in Italien an einer Tankstelle, kurz hinter der Grenze, ankomme. &#8222;Salve. Un espresso. Gracie. Ciao.&#8220; Das ist ein perfekter Monolog.<\/p>\n\n\n\n<div style=\"height:100px\" aria-hidden=\"true\" class=\"wp-block-spacer\"><\/div>\n\n\n\n<div class=\"is-layout-flex wp-block-buttons\">\n<div class=\"wp-block-button aligncenter is-style-fill\"><a class=\"wp-block-button__link has-black-color has-luminous-vivid-amber-background-color has-text-color has-background\" href=\"https:\/\/comedie-colmar.com\" target=\"_blank\" rel=\"noreferrer noopener\">Die Webseite der Com\u00e9die de Colmar<\/a><\/div>\n<\/div>\n\n\n\n<div style=\"height:100px\" aria-hidden=\"true\" class=\"wp-block-spacer\"><\/div>\n\n\n\n<p class=\"has-small-font-size\">Foto: Jean-Louis Fernandez<\/p>\n\n\n\n<div style=\"height:100px\" aria-hidden=\"true\" class=\"wp-block-spacer\"><\/div>\n","protected":false},"excerpt":{"rendered":"<p>szenik pr\u00e4sentiert Ihnen ein neues Format: das Espresso-Interview! Neben den Portr\u00e4ts, die wir Ihnen auf unserer Webseite sowie auf YouTube anbieten, laden wir Sie hiermit zu einer vollmundigen und fl\u00fcchtigen Begegnung im Rahmen einer B\u00fchnenproduktion ein. \u270f\ufe0f An welchem Projekt arbeiten Sie gerade? \u00c9milie Capliez: \u00ab&nbsp;Des femmes qui nagent&nbsp;\u00bb, meiner n\u00e4chsten Theaterinszenierung, die im Januar [&hellip;]<\/p>\n","protected":false},"author":1,"featured_media":49894,"comment_status":"open","ping_status":"open","sticky":false,"template":"","format":"standard","meta":{"_monsterinsights_skip_tracking":false,"_monsterinsights_sitenote_active":false,"_monsterinsights_sitenote_note":"","_monsterinsights_sitenote_category":0},"categories":[53,73],"tags":[6487,17933,17934],"yoast_head":"<!-- This site is optimized with the Yoast SEO plugin v20.5 - https:\/\/yoast.com\/wordpress\/plugins\/seo\/ -->\n<title>Espresso-Interview mit \u00c9milie Capliez &amp; Matthieu Cruciani I szenik<\/title>\n<meta name=\"description\" content=\"\u00c9milie Capliez &amp; Matthieu Cruciani, Kodirektor-in der Com\u00e9die de Colmar, antworten auf unseren fruchtigen Fragebogen.\" \/>\n<meta name=\"robots\" content=\"index, follow, max-snippet:-1, max-image-preview:large, max-video-preview:-1\" \/>\n<link rel=\"canonical\" href=\"https:\/\/www.szenik.eu\/de\/espresso-interview-avec-emilie-capliez-matthieu-cruciani-co-directeur\u00b7ice-de-la-comedie-de-colmar-49876\" \/>\n<meta property=\"og:locale\" content=\"de_DE\" \/>\n<meta property=\"og:type\" content=\"article\" \/>\n<meta property=\"og:title\" content=\"Espresso-Interview mit \u00c9milie Capliez &amp; Matthieu Cruciani I szenik\" \/>\n<meta property=\"og:description\" content=\"\u00c9milie Capliez &amp; Matthieu Cruciani, Kodirektor-in der Com\u00e9die de Colmar, antworten auf unseren fruchtigen Fragebogen.\" \/>\n<meta property=\"og:url\" content=\"https:\/\/www.szenik.eu\/de\/espresso-interview-avec-emilie-capliez-matthieu-cruciani-co-directeur\u00b7ice-de-la-comedie-de-colmar-49876\" \/>\n<meta property=\"og:site_name\" content=\"szenik\" \/>\n<meta property=\"article:publisher\" content=\"https:\/\/www.facebook.com\/szenik.eu\/\" \/>\n<meta property=\"article:published_time\" content=\"2022-04-13T08:24:20+00:00\" \/>\n<meta property=\"article:modified_time\" content=\"2022-05-02T09:28:11+00:00\" \/>\n<meta property=\"og:image\" content=\"https:\/\/www.szenik.eu\/wp-content\/uploads\/2022\/04\/espresso-itw.jpg\" \/>\n\t<meta property=\"og:image:width\" content=\"1280\" \/>\n\t<meta property=\"og:image:height\" content=\"720\" \/>\n\t<meta property=\"og:image:type\" content=\"image\/jpeg\" \/>\n<meta name=\"author\" content=\"szenik\" \/>\n<meta name=\"twitter:card\" content=\"summary_large_image\" \/>\n<meta name=\"twitter:creator\" content=\"@Szenik\" \/>\n<meta name=\"twitter:site\" content=\"@Szenik\" \/>\n<meta name=\"twitter:label1\" content=\"Verfasst von\" \/>\n\t<meta name=\"twitter:data1\" content=\"szenik\" \/>\n\t<meta name=\"twitter:label2\" content=\"Gesch\u00e4tzte Lesezeit\" \/>\n\t<meta name=\"twitter:data2\" content=\"3\u00a0Minuten\" \/>\n<script type=\"application\/ld+json\" class=\"yoast-schema-graph\">{\"@context\":\"https:\/\/schema.org\",\"@graph\":[{\"@type\":\"Article\",\"@id\":\"https:\/\/www.szenik.eu\/de\/espresso-interview-avec-emilie-capliez-matthieu-cruciani-co-directeur%c2%b7ice-de-la-comedie-de-colmar-49876#article\",\"isPartOf\":{\"@id\":\"https:\/\/www.szenik.eu\/de\/espresso-interview-avec-emilie-capliez-matthieu-cruciani-co-directeur%c2%b7ice-de-la-comedie-de-colmar-49876\"},\"author\":{\"name\":\"szenik\",\"@id\":\"https:\/\/www.szenik.eu\/de\/#\/schema\/person\/15f73f175b41bad194837490339d48fb\"},\"headline\":\"Espresso-Interview mit \u00c9milie Capliez &#038; Matthieu Cruciani, Kodirektoren der Com\u00e9die de Colmar\",\"datePublished\":\"2022-04-13T08:24:20+00:00\",\"dateModified\":\"2022-05-02T09:28:11+00:00\",\"mainEntityOfPage\":{\"@id\":\"https:\/\/www.szenik.eu\/de\/espresso-interview-avec-emilie-capliez-matthieu-cruciani-co-directeur%c2%b7ice-de-la-comedie-de-colmar-49876\"},\"wordCount\":557,\"commentCount\":0,\"publisher\":{\"@id\":\"https:\/\/www.szenik.eu\/de\/#organization\"},\"keywords\":[\"Com\u00e9die de Colmar\",\"Emilie Capliez\",\"Matthieu Cruciani\"],\"articleSection\":[\"Magazin\",\"Portr\u00e4ts und Gespr\u00e4che\"],\"inLanguage\":\"de\",\"potentialAction\":[{\"@type\":\"CommentAction\",\"name\":\"Comment\",\"target\":[\"https:\/\/www.szenik.eu\/de\/espresso-interview-avec-emilie-capliez-matthieu-cruciani-co-directeur%c2%b7ice-de-la-comedie-de-colmar-49876#respond\"]}]},{\"@type\":\"WebPage\",\"@id\":\"https:\/\/www.szenik.eu\/de\/espresso-interview-avec-emilie-capliez-matthieu-cruciani-co-directeur%c2%b7ice-de-la-comedie-de-colmar-49876\",\"url\":\"https:\/\/www.szenik.eu\/de\/espresso-interview-avec-emilie-capliez-matthieu-cruciani-co-directeur%c2%b7ice-de-la-comedie-de-colmar-49876\",\"name\":\"Espresso-Interview mit \u00c9milie Capliez & Matthieu Cruciani I szenik\",\"isPartOf\":{\"@id\":\"https:\/\/www.szenik.eu\/de\/#website\"},\"datePublished\":\"2022-04-13T08:24:20+00:00\",\"dateModified\":\"2022-05-02T09:28:11+00:00\",\"description\":\"\u00c9milie Capliez & Matthieu Cruciani, Kodirektor-in der Com\u00e9die de Colmar, antworten auf unseren fruchtigen Fragebogen.\",\"breadcrumb\":{\"@id\":\"https:\/\/www.szenik.eu\/de\/espresso-interview-avec-emilie-capliez-matthieu-cruciani-co-directeur%c2%b7ice-de-la-comedie-de-colmar-49876#breadcrumb\"},\"inLanguage\":\"de\",\"potentialAction\":[{\"@type\":\"ReadAction\",\"target\":[\"https:\/\/www.szenik.eu\/de\/espresso-interview-avec-emilie-capliez-matthieu-cruciani-co-directeur%c2%b7ice-de-la-comedie-de-colmar-49876\"]}]},{\"@type\":\"BreadcrumbList\",\"@id\":\"https:\/\/www.szenik.eu\/de\/espresso-interview-avec-emilie-capliez-matthieu-cruciani-co-directeur%c2%b7ice-de-la-comedie-de-colmar-49876#breadcrumb\",\"itemListElement\":[{\"@type\":\"ListItem\",\"position\":1,\"name\":\"Home\",\"item\":\"https:\/\/www.szenik.eu\/de\"},{\"@type\":\"ListItem\",\"position\":2,\"name\":\"Espresso-Interview mit \u00c9milie Capliez &#038; Matthieu Cruciani, Kodirektoren der Com\u00e9die de Colmar\"}]},{\"@type\":\"WebSite\",\"@id\":\"https:\/\/www.szenik.eu\/de\/#website\",\"url\":\"https:\/\/www.szenik.eu\/de\/\",\"name\":\"szenik\",\"description\":\"Le Meilleur des sc\u00e8nes au coeur de l&#039;Europe\",\"publisher\":{\"@id\":\"https:\/\/www.szenik.eu\/de\/#organization\"},\"potentialAction\":[{\"@type\":\"SearchAction\",\"target\":{\"@type\":\"EntryPoint\",\"urlTemplate\":\"https:\/\/www.szenik.eu\/de\/?s={search_term_string}\"},\"query-input\":\"required name=search_term_string\"}],\"inLanguage\":\"de\"},{\"@type\":\"Organization\",\"@id\":\"https:\/\/www.szenik.eu\/de\/#organization\",\"name\":\"Szenik\",\"url\":\"https:\/\/www.szenik.eu\/de\/\",\"logo\":{\"@type\":\"ImageObject\",\"inLanguage\":\"de\",\"@id\":\"https:\/\/www.szenik.eu\/de\/#\/schema\/logo\/image\/\",\"url\":\"https:\/\/www.szenik.eu\/wp-content\/uploads\/2019\/07\/logo-square.png\",\"contentUrl\":\"https:\/\/www.szenik.eu\/wp-content\/uploads\/2019\/07\/logo-square.png\",\"width\":512,\"height\":512,\"caption\":\"Szenik\"},\"image\":{\"@id\":\"https:\/\/www.szenik.eu\/de\/#\/schema\/logo\/image\/\"},\"sameAs\":[\"https:\/\/www.facebook.com\/szenik.eu\/\",\"https:\/\/twitter.com\/Szenik\",\"https:\/\/www.instagram.com\/szenik_magazine\/\",\"https:\/\/www.youtube.com\/user\/SzenikEU\/\"]},{\"@type\":\"Person\",\"@id\":\"https:\/\/www.szenik.eu\/de\/#\/schema\/person\/15f73f175b41bad194837490339d48fb\",\"name\":\"szenik\",\"image\":{\"@type\":\"ImageObject\",\"inLanguage\":\"de\",\"@id\":\"https:\/\/www.szenik.eu\/de\/#\/schema\/person\/image\/\",\"url\":\"https:\/\/secure.gravatar.com\/avatar\/d1c4f19522a624a4eaa5e6c03e22370b?s=96&d=mm&r=g\",\"contentUrl\":\"https:\/\/secure.gravatar.com\/avatar\/d1c4f19522a624a4eaa5e6c03e22370b?s=96&d=mm&r=g\",\"caption\":\"szenik\"}}]}<\/script>\n<!-- \/ Yoast SEO plugin. -->","yoast_head_json":{"title":"Espresso-Interview mit \u00c9milie Capliez & Matthieu Cruciani I szenik","description":"\u00c9milie Capliez & Matthieu Cruciani, Kodirektor-in der Com\u00e9die de Colmar, antworten auf unseren fruchtigen Fragebogen.","robots":{"index":"index","follow":"follow","max-snippet":"max-snippet:-1","max-image-preview":"max-image-preview:large","max-video-preview":"max-video-preview:-1"},"canonical":"https:\/\/www.szenik.eu\/de\/espresso-interview-avec-emilie-capliez-matthieu-cruciani-co-directeur\u00b7ice-de-la-comedie-de-colmar-49876","og_locale":"de_DE","og_type":"article","og_title":"Espresso-Interview mit \u00c9milie Capliez & Matthieu Cruciani I szenik","og_description":"\u00c9milie Capliez & Matthieu Cruciani, Kodirektor-in der Com\u00e9die de Colmar, antworten auf unseren fruchtigen Fragebogen.","og_url":"https:\/\/www.szenik.eu\/de\/espresso-interview-avec-emilie-capliez-matthieu-cruciani-co-directeur\u00b7ice-de-la-comedie-de-colmar-49876","og_site_name":"szenik","article_publisher":"https:\/\/www.facebook.com\/szenik.eu\/","article_published_time":"2022-04-13T08:24:20+00:00","article_modified_time":"2022-05-02T09:28:11+00:00","og_image":[{"width":1280,"height":720,"url":"https:\/\/www.szenik.eu\/wp-content\/uploads\/2022\/04\/espresso-itw.jpg","type":"image\/jpeg"}],"author":"szenik","twitter_card":"summary_large_image","twitter_creator":"@Szenik","twitter_site":"@Szenik","twitter_misc":{"Verfasst von":"szenik","Gesch\u00e4tzte Lesezeit":"3\u00a0Minuten"},"schema":{"@context":"https:\/\/schema.org","@graph":[{"@type":"Article","@id":"https:\/\/www.szenik.eu\/de\/espresso-interview-avec-emilie-capliez-matthieu-cruciani-co-directeur%c2%b7ice-de-la-comedie-de-colmar-49876#article","isPartOf":{"@id":"https:\/\/www.szenik.eu\/de\/espresso-interview-avec-emilie-capliez-matthieu-cruciani-co-directeur%c2%b7ice-de-la-comedie-de-colmar-49876"},"author":{"name":"szenik","@id":"https:\/\/www.szenik.eu\/de\/#\/schema\/person\/15f73f175b41bad194837490339d48fb"},"headline":"Espresso-Interview mit \u00c9milie Capliez &#038; Matthieu Cruciani, Kodirektoren der Com\u00e9die de Colmar","datePublished":"2022-04-13T08:24:20+00:00","dateModified":"2022-05-02T09:28:11+00:00","mainEntityOfPage":{"@id":"https:\/\/www.szenik.eu\/de\/espresso-interview-avec-emilie-capliez-matthieu-cruciani-co-directeur%c2%b7ice-de-la-comedie-de-colmar-49876"},"wordCount":557,"commentCount":0,"publisher":{"@id":"https:\/\/www.szenik.eu\/de\/#organization"},"keywords":["Com\u00e9die de Colmar","Emilie Capliez","Matthieu Cruciani"],"articleSection":["Magazin","Portr\u00e4ts und Gespr\u00e4che"],"inLanguage":"de","potentialAction":[{"@type":"CommentAction","name":"Comment","target":["https:\/\/www.szenik.eu\/de\/espresso-interview-avec-emilie-capliez-matthieu-cruciani-co-directeur%c2%b7ice-de-la-comedie-de-colmar-49876#respond"]}]},{"@type":"WebPage","@id":"https:\/\/www.szenik.eu\/de\/espresso-interview-avec-emilie-capliez-matthieu-cruciani-co-directeur%c2%b7ice-de-la-comedie-de-colmar-49876","url":"https:\/\/www.szenik.eu\/de\/espresso-interview-avec-emilie-capliez-matthieu-cruciani-co-directeur%c2%b7ice-de-la-comedie-de-colmar-49876","name":"Espresso-Interview mit \u00c9milie Capliez & Matthieu Cruciani I szenik","isPartOf":{"@id":"https:\/\/www.szenik.eu\/de\/#website"},"datePublished":"2022-04-13T08:24:20+00:00","dateModified":"2022-05-02T09:28:11+00:00","description":"\u00c9milie Capliez & Matthieu Cruciani, Kodirektor-in der Com\u00e9die de Colmar, antworten auf unseren fruchtigen Fragebogen.","breadcrumb":{"@id":"https:\/\/www.szenik.eu\/de\/espresso-interview-avec-emilie-capliez-matthieu-cruciani-co-directeur%c2%b7ice-de-la-comedie-de-colmar-49876#breadcrumb"},"inLanguage":"de","potentialAction":[{"@type":"ReadAction","target":["https:\/\/www.szenik.eu\/de\/espresso-interview-avec-emilie-capliez-matthieu-cruciani-co-directeur%c2%b7ice-de-la-comedie-de-colmar-49876"]}]},{"@type":"BreadcrumbList","@id":"https:\/\/www.szenik.eu\/de\/espresso-interview-avec-emilie-capliez-matthieu-cruciani-co-directeur%c2%b7ice-de-la-comedie-de-colmar-49876#breadcrumb","itemListElement":[{"@type":"ListItem","position":1,"name":"Home","item":"https:\/\/www.szenik.eu\/de"},{"@type":"ListItem","position":2,"name":"Espresso-Interview mit \u00c9milie Capliez &#038; Matthieu Cruciani, Kodirektoren der Com\u00e9die de Colmar"}]},{"@type":"WebSite","@id":"https:\/\/www.szenik.eu\/de\/#website","url":"https:\/\/www.szenik.eu\/de\/","name":"szenik","description":"Le Meilleur des sc\u00e8nes au coeur de l&#039;Europe","publisher":{"@id":"https:\/\/www.szenik.eu\/de\/#organization"},"potentialAction":[{"@type":"SearchAction","target":{"@type":"EntryPoint","urlTemplate":"https:\/\/www.szenik.eu\/de\/?s={search_term_string}"},"query-input":"required name=search_term_string"}],"inLanguage":"de"},{"@type":"Organization","@id":"https:\/\/www.szenik.eu\/de\/#organization","name":"Szenik","url":"https:\/\/www.szenik.eu\/de\/","logo":{"@type":"ImageObject","inLanguage":"de","@id":"https:\/\/www.szenik.eu\/de\/#\/schema\/logo\/image\/","url":"https:\/\/www.szenik.eu\/wp-content\/uploads\/2019\/07\/logo-square.png","contentUrl":"https:\/\/www.szenik.eu\/wp-content\/uploads\/2019\/07\/logo-square.png","width":512,"height":512,"caption":"Szenik"},"image":{"@id":"https:\/\/www.szenik.eu\/de\/#\/schema\/logo\/image\/"},"sameAs":["https:\/\/www.facebook.com\/szenik.eu\/","https:\/\/twitter.com\/Szenik","https:\/\/www.instagram.com\/szenik_magazine\/","https:\/\/www.youtube.com\/user\/SzenikEU\/"]},{"@type":"Person","@id":"https:\/\/www.szenik.eu\/de\/#\/schema\/person\/15f73f175b41bad194837490339d48fb","name":"szenik","image":{"@type":"ImageObject","inLanguage":"de","@id":"https:\/\/www.szenik.eu\/de\/#\/schema\/person\/image\/","url":"https:\/\/secure.gravatar.com\/avatar\/d1c4f19522a624a4eaa5e6c03e22370b?s=96&d=mm&r=g","contentUrl":"https:\/\/secure.gravatar.com\/avatar\/d1c4f19522a624a4eaa5e6c03e22370b?s=96&d=mm&r=g","caption":"szenik"}}]}},"jetpack_featured_media_url":"https:\/\/www.szenik.eu\/wp-content\/uploads\/2022\/04\/espresso-itw.jpg","amp_enabled":true,"_links":{"self":[{"href":"https:\/\/www.szenik.eu\/de\/wp-json\/\/wp\/v2\/posts\/49876"}],"collection":[{"href":"https:\/\/www.szenik.eu\/de\/wp-json\/\/wp\/v2\/posts"}],"about":[{"href":"https:\/\/www.szenik.eu\/de\/wp-json\/\/wp\/v2\/types\/post"}],"author":[{"embeddable":true,"href":"https:\/\/www.szenik.eu\/de\/wp-json\/\/wp\/v2\/users\/1"}],"replies":[{"embeddable":true,"href":"https:\/\/www.szenik.eu\/de\/wp-json\/\/wp\/v2\/comments?post=49876"}],"version-history":[{"count":4,"href":"https:\/\/www.szenik.eu\/de\/wp-json\/\/wp\/v2\/posts\/49876\/revisions"}],"predecessor-version":[{"id":50441,"href":"https:\/\/www.szenik.eu\/de\/wp-json\/\/wp\/v2\/posts\/49876\/revisions\/50441"}],"wp:featuredmedia":[{"embeddable":true,"href":"https:\/\/www.szenik.eu\/de\/wp-json\/\/wp\/v2\/media\/49894"}],"wp:attachment":[{"href":"https:\/\/www.szenik.eu\/de\/wp-json\/\/wp\/v2\/media?parent=49876"}],"wp:term":[{"taxonomy":"category","embeddable":true,"href":"https:\/\/www.szenik.eu\/de\/wp-json\/\/wp\/v2\/categories?post=49876"},{"taxonomy":"post_tag","embeddable":true,"href":"https:\/\/www.szenik.eu\/de\/wp-json\/\/wp\/v2\/tags?post=49876"}],"curies":[{"name":"wp","href":"https:\/\/api.w.org\/{rel}","templated":true}]}}