{"id":49849,"date":"2022-04-12T14:25:40","date_gmt":"2022-04-12T12:25:40","guid":{"rendered":"https:\/\/www.szenik.eu\/?p=49849\/"},"modified":"2022-04-12T14:25:44","modified_gmt":"2022-04-12T12:25:44","slug":"ausschreibung-karl-sczuka-preis-des-swr-fuer-radiokunst","status":"publish","type":"post","link":"https:\/\/www.szenik.eu\/de\/ausschreibung-karl-sczuka-preis-des-swr-fuer-radiokunst-49849","title":{"rendered":"Ausschreibung: Karl-Sczuka-Preis des SWR f\u00fcr Radiokunst"},"content":{"rendered":"\n<h2>Der Karl-Sczuka-Preis gilt als international wichtigste Auszeichnung f\u00fcr avancierte Werke der Radiokunst. Bis zum 23. Mai 2022 k\u00f6nnen Werke aus den Bereichen H\u00f6rspiel, Medienkunst und Musik beim SWR eingereicht werden, die in akustischen Spielformen\u00a0musikalische Strukturen und Materialien\u00a0benutzen.\u00a0Der Preis ist mit 12.500 Euro dotiert, der F\u00f6rderpreis mit 2.500 Euro sowie ein Recherchestipendium mit 5.000 Euro. Die Verleihung findet als \u00f6ffentliche Veranstaltung\u00a0im Rahmen der Donaueschinger Musiktage im Oktober 2022 statt.<\/h2>\n\n\n\n<div style=\"height:100px\" aria-hidden=\"true\" class=\"wp-block-spacer\"><\/div>\n\n\n\n<p><em>Pressemitteilung<\/em><\/p>\n\n\n\n<div style=\"height:100px\" aria-hidden=\"true\" class=\"wp-block-spacer\"><\/div>\n\n\n\n<h4><strong>Sogar Einreichungen unver\u00f6ffentlichter Werke m\u00f6glich<\/strong><\/h4>\n\n\n\n<p>Bewerbungen m\u00fcssen in Form sendef\u00e4higer Audio-Dateien zusammen mit dem Anmeldeformular und den erforderlichen Unterlagen beim SWR eingehen. F\u00fcr die Urheber:innen k\u00f6nnen auch die Produzent:innen einreichen. Falls die Erstsendung oder eine Ver\u00f6ffentlichung auf Tontr\u00e4gern oder online bereits erfolgt sind, darf deren Datum nicht vor dem 1. Juni 2021 liegen. Auch ungesendete Arbeiten sind willkommen.<\/p>\n\n\n\n<h4><strong>Unabh\u00e4ngige Jury unter Vorsitz von Olaf Nicolai<\/strong><\/h4>\n\n\n\n<p>Der Karl-Sczuka-Preis wird seit 1955 verliehen, seit 1967 j\u00e4hrlich. Namensgeber ist der Hauskomponist der SWF-Gr\u00fcnderjahre Karl Sczuka (1900-1954). \u00dcber die Vergabe des Preises entscheidet im Juni 2022 eine unabh\u00e4ngige Jury, der Olaf Nicolai (Vorsitz), Inke Arns, Julia Cloot, Michael Grote und Thomas Meinecke angeh\u00f6ren.<\/p>\n\n\n\n<h4><strong>Einreichungsbedingungen<\/strong><\/h4>\n\n\n\n<p>In deutscher und englischer Sprache unter\u00a0<a href=\"http:\/\/www.swr2.de\/sczuka\" target=\"_blank\" rel=\"noreferrer noopener\">www.SWR2.de\/sczuka<\/a>.<\/p>\n\n\n\n<p>Das Anmeldeformular muss per E-Mail an\u00a0<a href=\"mailto:sczuka-entry@swr.de\" target=\"_blank\" rel=\"noreferrer noopener\">sczuka-entry@swr.de<\/a>\u00a0geschickt werden. Nach der Anmeldung erfolgt per E-Mail die Freigabe eines Netzwerkordners. Die erforderlichen Unterlagen m\u00fcssen<strong>\u00a0bis zum 23. Mai 2022\u00a0<\/strong>dort hochgeladen werden. Einreichungen sind ausschlie\u00dflich auf elektronischem Weg m\u00f6glich.<\/p>\n\n\n\n<div style=\"height:100px\" aria-hidden=\"true\" class=\"wp-block-spacer\"><\/div>\n\n\n\n<div class=\"is-layout-flex wp-block-buttons\">\n<div class=\"wp-block-button aligncenter is-style-fill\"><a class=\"wp-block-button__link has-black-color has-luminous-vivid-amber-background-color has-text-color has-background\" href=\"https:\/\/www.swr.de\/swr2\/hoerspiel\/karl-sczuka-preis\/index.html\" target=\"_blank\" rel=\"noreferrer noopener\">Weitere Informationen<\/a><\/div>\n<\/div>\n\n\n\n<div style=\"height:100px\" aria-hidden=\"true\" class=\"wp-block-spacer\"><\/div>\n\n\n\n<p class=\"has-small-font-size\">Foto: Karl Sczuka \u00a9 SWR<\/p>\n\n\n\n<div style=\"height:100px\" aria-hidden=\"true\" class=\"wp-block-spacer\"><\/div>\n\n\n\n<p><\/p>\n","protected":false},"excerpt":{"rendered":"<p>Der Karl-Sczuka-Preis gilt als international wichtigste Auszeichnung f\u00fcr avancierte Werke der Radiokunst. Bis zum 23. Mai 2022 k\u00f6nnen Werke aus den Bereichen H\u00f6rspiel, Medienkunst und Musik beim SWR eingereicht werden, die in akustischen Spielformen\u00a0musikalische Strukturen und Materialien\u00a0benutzen.\u00a0Der Preis ist mit 12.500 Euro dotiert, der F\u00f6rderpreis mit 2.500 Euro sowie ein Recherchestipendium mit 5.000 Euro. Die [&hellip;]<\/p>\n","protected":false},"author":1,"featured_media":49850,"comment_status":"open","ping_status":"open","sticky":false,"template":"","format":"standard","meta":{"_monsterinsights_skip_tracking":false,"_monsterinsights_sitenote_active":false,"_monsterinsights_sitenote_note":"","_monsterinsights_sitenote_category":0},"categories":[2815,53],"tags":[10846],"yoast_head":"<!-- This site is optimized with the Yoast SEO plugin v20.5 - https:\/\/yoast.com\/wordpress\/plugins\/seo\/ -->\n<title>Ausschreibung: Karl-Sczuka-Preis des SWR f\u00fcr Radiokunst I szenik<\/title>\n<meta name=\"description\" content=\"Karl-Sczuka-Preis: Bis zum 23. Mai 2022 k\u00f6nnen Werke aus den Bereichen H\u00f6rspiel, Medienkunst und Musik beim SWR eingereicht werden\" \/>\n<meta name=\"robots\" content=\"index, follow, max-snippet:-1, max-image-preview:large, max-video-preview:-1\" \/>\n<link rel=\"canonical\" href=\"https:\/\/www.szenik.eu\/de\/ausschreibung-karl-sczuka-preis-des-swr-fuer-radiokunst-49849\" \/>\n<meta property=\"og:locale\" content=\"de_DE\" \/>\n<meta property=\"og:type\" content=\"article\" \/>\n<meta property=\"og:title\" content=\"Ausschreibung: Karl-Sczuka-Preis des SWR f\u00fcr Radiokunst I szenik\" \/>\n<meta property=\"og:description\" content=\"Karl-Sczuka-Preis: Bis zum 23. Mai 2022 k\u00f6nnen Werke aus den Bereichen H\u00f6rspiel, Medienkunst und Musik beim SWR eingereicht werden\" \/>\n<meta property=\"og:url\" content=\"https:\/\/www.szenik.eu\/de\/ausschreibung-karl-sczuka-preis-des-swr-fuer-radiokunst-49849\" \/>\n<meta property=\"og:site_name\" content=\"szenik\" \/>\n<meta property=\"article:publisher\" content=\"https:\/\/www.facebook.com\/szenik.eu\/\" \/>\n<meta property=\"article:published_time\" content=\"2022-04-12T12:25:40+00:00\" \/>\n<meta property=\"article:modified_time\" content=\"2022-04-12T12:25:44+00:00\" \/>\n<meta property=\"og:image\" content=\"https:\/\/www.szenik.eu\/wp-content\/uploads\/2022\/04\/SWR2_Karl_Sczuka_Preis_2022_c_SWR.jpg\" \/>\n\t<meta property=\"og:image:width\" content=\"1408\" \/>\n\t<meta property=\"og:image:height\" content=\"792\" \/>\n\t<meta property=\"og:image:type\" content=\"image\/jpeg\" \/>\n<meta name=\"author\" content=\"szenik\" \/>\n<meta name=\"twitter:card\" content=\"summary_large_image\" \/>\n<meta name=\"twitter:creator\" content=\"@Szenik\" \/>\n<meta name=\"twitter:site\" content=\"@Szenik\" \/>\n<meta name=\"twitter:label1\" content=\"Verfasst von\" \/>\n\t<meta name=\"twitter:data1\" content=\"szenik\" \/>\n\t<meta name=\"twitter:label2\" content=\"Gesch\u00e4tzte Lesezeit\" \/>\n\t<meta name=\"twitter:data2\" content=\"2\u00a0Minuten\" \/>\n<script type=\"application\/ld+json\" class=\"yoast-schema-graph\">{\"@context\":\"https:\/\/schema.org\",\"@graph\":[{\"@type\":\"Article\",\"@id\":\"https:\/\/www.szenik.eu\/de\/ausschreibung-karl-sczuka-preis-des-swr-fuer-radiokunst-49849#article\",\"isPartOf\":{\"@id\":\"https:\/\/www.szenik.eu\/de\/ausschreibung-karl-sczuka-preis-des-swr-fuer-radiokunst-49849\"},\"author\":{\"name\":\"szenik\",\"@id\":\"https:\/\/www.szenik.eu\/de\/#\/schema\/person\/15f73f175b41bad194837490339d48fb\"},\"headline\":\"Ausschreibung: Karl-Sczuka-Preis des SWR f\u00fcr Radiokunst\",\"datePublished\":\"2022-04-12T12:25:40+00:00\",\"dateModified\":\"2022-04-12T12:25:44+00:00\",\"mainEntityOfPage\":{\"@id\":\"https:\/\/www.szenik.eu\/de\/ausschreibung-karl-sczuka-preis-des-swr-fuer-radiokunst-49849\"},\"wordCount\":255,\"commentCount\":0,\"publisher\":{\"@id\":\"https:\/\/www.szenik.eu\/de\/#organization\"},\"keywords\":[\"SWR\"],\"articleSection\":[\"Kurz &amp; knackig\",\"Magazin\"],\"inLanguage\":\"de\",\"potentialAction\":[{\"@type\":\"CommentAction\",\"name\":\"Comment\",\"target\":[\"https:\/\/www.szenik.eu\/de\/ausschreibung-karl-sczuka-preis-des-swr-fuer-radiokunst-49849#respond\"]}]},{\"@type\":\"WebPage\",\"@id\":\"https:\/\/www.szenik.eu\/de\/ausschreibung-karl-sczuka-preis-des-swr-fuer-radiokunst-49849\",\"url\":\"https:\/\/www.szenik.eu\/de\/ausschreibung-karl-sczuka-preis-des-swr-fuer-radiokunst-49849\",\"name\":\"Ausschreibung: Karl-Sczuka-Preis des SWR f\u00fcr Radiokunst I szenik\",\"isPartOf\":{\"@id\":\"https:\/\/www.szenik.eu\/de\/#website\"},\"datePublished\":\"2022-04-12T12:25:40+00:00\",\"dateModified\":\"2022-04-12T12:25:44+00:00\",\"description\":\"Karl-Sczuka-Preis: Bis zum 23. Mai 2022 k\u00f6nnen Werke aus den Bereichen H\u00f6rspiel, Medienkunst und Musik beim SWR eingereicht werden\",\"breadcrumb\":{\"@id\":\"https:\/\/www.szenik.eu\/de\/ausschreibung-karl-sczuka-preis-des-swr-fuer-radiokunst-49849#breadcrumb\"},\"inLanguage\":\"de\",\"potentialAction\":[{\"@type\":\"ReadAction\",\"target\":[\"https:\/\/www.szenik.eu\/de\/ausschreibung-karl-sczuka-preis-des-swr-fuer-radiokunst-49849\"]}]},{\"@type\":\"BreadcrumbList\",\"@id\":\"https:\/\/www.szenik.eu\/de\/ausschreibung-karl-sczuka-preis-des-swr-fuer-radiokunst-49849#breadcrumb\",\"itemListElement\":[{\"@type\":\"ListItem\",\"position\":1,\"name\":\"Home\",\"item\":\"https:\/\/www.szenik.eu\/de\"},{\"@type\":\"ListItem\",\"position\":2,\"name\":\"Ausschreibung: Karl-Sczuka-Preis des SWR f\u00fcr Radiokunst\"}]},{\"@type\":\"WebSite\",\"@id\":\"https:\/\/www.szenik.eu\/de\/#website\",\"url\":\"https:\/\/www.szenik.eu\/de\/\",\"name\":\"szenik\",\"description\":\"Le Meilleur des sc\u00e8nes au coeur de l&#039;Europe\",\"publisher\":{\"@id\":\"https:\/\/www.szenik.eu\/de\/#organization\"},\"potentialAction\":[{\"@type\":\"SearchAction\",\"target\":{\"@type\":\"EntryPoint\",\"urlTemplate\":\"https:\/\/www.szenik.eu\/de\/?s={search_term_string}\"},\"query-input\":\"required name=search_term_string\"}],\"inLanguage\":\"de\"},{\"@type\":\"Organization\",\"@id\":\"https:\/\/www.szenik.eu\/de\/#organization\",\"name\":\"Szenik\",\"url\":\"https:\/\/www.szenik.eu\/de\/\",\"logo\":{\"@type\":\"ImageObject\",\"inLanguage\":\"de\",\"@id\":\"https:\/\/www.szenik.eu\/de\/#\/schema\/logo\/image\/\",\"url\":\"https:\/\/www.szenik.eu\/wp-content\/uploads\/2019\/07\/logo-square.png\",\"contentUrl\":\"https:\/\/www.szenik.eu\/wp-content\/uploads\/2019\/07\/logo-square.png\",\"width\":512,\"height\":512,\"caption\":\"Szenik\"},\"image\":{\"@id\":\"https:\/\/www.szenik.eu\/de\/#\/schema\/logo\/image\/\"},\"sameAs\":[\"https:\/\/www.facebook.com\/szenik.eu\/\",\"https:\/\/twitter.com\/Szenik\",\"https:\/\/www.instagram.com\/szenik_magazine\/\",\"https:\/\/www.youtube.com\/user\/SzenikEU\/\"]},{\"@type\":\"Person\",\"@id\":\"https:\/\/www.szenik.eu\/de\/#\/schema\/person\/15f73f175b41bad194837490339d48fb\",\"name\":\"szenik\",\"image\":{\"@type\":\"ImageObject\",\"inLanguage\":\"de\",\"@id\":\"https:\/\/www.szenik.eu\/de\/#\/schema\/person\/image\/\",\"url\":\"https:\/\/secure.gravatar.com\/avatar\/d1c4f19522a624a4eaa5e6c03e22370b?s=96&d=mm&r=g\",\"contentUrl\":\"https:\/\/secure.gravatar.com\/avatar\/d1c4f19522a624a4eaa5e6c03e22370b?s=96&d=mm&r=g\",\"caption\":\"szenik\"}}]}<\/script>\n<!-- \/ Yoast SEO plugin. -->","yoast_head_json":{"title":"Ausschreibung: Karl-Sczuka-Preis des SWR f\u00fcr Radiokunst I szenik","description":"Karl-Sczuka-Preis: Bis zum 23. Mai 2022 k\u00f6nnen Werke aus den Bereichen H\u00f6rspiel, Medienkunst und Musik beim SWR eingereicht werden","robots":{"index":"index","follow":"follow","max-snippet":"max-snippet:-1","max-image-preview":"max-image-preview:large","max-video-preview":"max-video-preview:-1"},"canonical":"https:\/\/www.szenik.eu\/de\/ausschreibung-karl-sczuka-preis-des-swr-fuer-radiokunst-49849","og_locale":"de_DE","og_type":"article","og_title":"Ausschreibung: Karl-Sczuka-Preis des SWR f\u00fcr Radiokunst I szenik","og_description":"Karl-Sczuka-Preis: Bis zum 23. Mai 2022 k\u00f6nnen Werke aus den Bereichen H\u00f6rspiel, Medienkunst und Musik beim SWR eingereicht werden","og_url":"https:\/\/www.szenik.eu\/de\/ausschreibung-karl-sczuka-preis-des-swr-fuer-radiokunst-49849","og_site_name":"szenik","article_publisher":"https:\/\/www.facebook.com\/szenik.eu\/","article_published_time":"2022-04-12T12:25:40+00:00","article_modified_time":"2022-04-12T12:25:44+00:00","og_image":[{"width":1408,"height":792,"url":"https:\/\/www.szenik.eu\/wp-content\/uploads\/2022\/04\/SWR2_Karl_Sczuka_Preis_2022_c_SWR.jpg","type":"image\/jpeg"}],"author":"szenik","twitter_card":"summary_large_image","twitter_creator":"@Szenik","twitter_site":"@Szenik","twitter_misc":{"Verfasst von":"szenik","Gesch\u00e4tzte Lesezeit":"2\u00a0Minuten"},"schema":{"@context":"https:\/\/schema.org","@graph":[{"@type":"Article","@id":"https:\/\/www.szenik.eu\/de\/ausschreibung-karl-sczuka-preis-des-swr-fuer-radiokunst-49849#article","isPartOf":{"@id":"https:\/\/www.szenik.eu\/de\/ausschreibung-karl-sczuka-preis-des-swr-fuer-radiokunst-49849"},"author":{"name":"szenik","@id":"https:\/\/www.szenik.eu\/de\/#\/schema\/person\/15f73f175b41bad194837490339d48fb"},"headline":"Ausschreibung: Karl-Sczuka-Preis des SWR f\u00fcr Radiokunst","datePublished":"2022-04-12T12:25:40+00:00","dateModified":"2022-04-12T12:25:44+00:00","mainEntityOfPage":{"@id":"https:\/\/www.szenik.eu\/de\/ausschreibung-karl-sczuka-preis-des-swr-fuer-radiokunst-49849"},"wordCount":255,"commentCount":0,"publisher":{"@id":"https:\/\/www.szenik.eu\/de\/#organization"},"keywords":["SWR"],"articleSection":["Kurz &amp; knackig","Magazin"],"inLanguage":"de","potentialAction":[{"@type":"CommentAction","name":"Comment","target":["https:\/\/www.szenik.eu\/de\/ausschreibung-karl-sczuka-preis-des-swr-fuer-radiokunst-49849#respond"]}]},{"@type":"WebPage","@id":"https:\/\/www.szenik.eu\/de\/ausschreibung-karl-sczuka-preis-des-swr-fuer-radiokunst-49849","url":"https:\/\/www.szenik.eu\/de\/ausschreibung-karl-sczuka-preis-des-swr-fuer-radiokunst-49849","name":"Ausschreibung: Karl-Sczuka-Preis des SWR f\u00fcr Radiokunst I szenik","isPartOf":{"@id":"https:\/\/www.szenik.eu\/de\/#website"},"datePublished":"2022-04-12T12:25:40+00:00","dateModified":"2022-04-12T12:25:44+00:00","description":"Karl-Sczuka-Preis: Bis zum 23. Mai 2022 k\u00f6nnen Werke aus den Bereichen H\u00f6rspiel, Medienkunst und Musik beim SWR eingereicht werden","breadcrumb":{"@id":"https:\/\/www.szenik.eu\/de\/ausschreibung-karl-sczuka-preis-des-swr-fuer-radiokunst-49849#breadcrumb"},"inLanguage":"de","potentialAction":[{"@type":"ReadAction","target":["https:\/\/www.szenik.eu\/de\/ausschreibung-karl-sczuka-preis-des-swr-fuer-radiokunst-49849"]}]},{"@type":"BreadcrumbList","@id":"https:\/\/www.szenik.eu\/de\/ausschreibung-karl-sczuka-preis-des-swr-fuer-radiokunst-49849#breadcrumb","itemListElement":[{"@type":"ListItem","position":1,"name":"Home","item":"https:\/\/www.szenik.eu\/de"},{"@type":"ListItem","position":2,"name":"Ausschreibung: Karl-Sczuka-Preis des SWR f\u00fcr Radiokunst"}]},{"@type":"WebSite","@id":"https:\/\/www.szenik.eu\/de\/#website","url":"https:\/\/www.szenik.eu\/de\/","name":"szenik","description":"Le Meilleur des sc\u00e8nes au coeur de l&#039;Europe","publisher":{"@id":"https:\/\/www.szenik.eu\/de\/#organization"},"potentialAction":[{"@type":"SearchAction","target":{"@type":"EntryPoint","urlTemplate":"https:\/\/www.szenik.eu\/de\/?s={search_term_string}"},"query-input":"required name=search_term_string"}],"inLanguage":"de"},{"@type":"Organization","@id":"https:\/\/www.szenik.eu\/de\/#organization","name":"Szenik","url":"https:\/\/www.szenik.eu\/de\/","logo":{"@type":"ImageObject","inLanguage":"de","@id":"https:\/\/www.szenik.eu\/de\/#\/schema\/logo\/image\/","url":"https:\/\/www.szenik.eu\/wp-content\/uploads\/2019\/07\/logo-square.png","contentUrl":"https:\/\/www.szenik.eu\/wp-content\/uploads\/2019\/07\/logo-square.png","width":512,"height":512,"caption":"Szenik"},"image":{"@id":"https:\/\/www.szenik.eu\/de\/#\/schema\/logo\/image\/"},"sameAs":["https:\/\/www.facebook.com\/szenik.eu\/","https:\/\/twitter.com\/Szenik","https:\/\/www.instagram.com\/szenik_magazine\/","https:\/\/www.youtube.com\/user\/SzenikEU\/"]},{"@type":"Person","@id":"https:\/\/www.szenik.eu\/de\/#\/schema\/person\/15f73f175b41bad194837490339d48fb","name":"szenik","image":{"@type":"ImageObject","inLanguage":"de","@id":"https:\/\/www.szenik.eu\/de\/#\/schema\/person\/image\/","url":"https:\/\/secure.gravatar.com\/avatar\/d1c4f19522a624a4eaa5e6c03e22370b?s=96&d=mm&r=g","contentUrl":"https:\/\/secure.gravatar.com\/avatar\/d1c4f19522a624a4eaa5e6c03e22370b?s=96&d=mm&r=g","caption":"szenik"}}]}},"jetpack_featured_media_url":"https:\/\/www.szenik.eu\/wp-content\/uploads\/2022\/04\/SWR2_Karl_Sczuka_Preis_2022_c_SWR.jpg","amp_enabled":true,"_links":{"self":[{"href":"https:\/\/www.szenik.eu\/de\/wp-json\/\/wp\/v2\/posts\/49849"}],"collection":[{"href":"https:\/\/www.szenik.eu\/de\/wp-json\/\/wp\/v2\/posts"}],"about":[{"href":"https:\/\/www.szenik.eu\/de\/wp-json\/\/wp\/v2\/types\/post"}],"author":[{"embeddable":true,"href":"https:\/\/www.szenik.eu\/de\/wp-json\/\/wp\/v2\/users\/1"}],"replies":[{"embeddable":true,"href":"https:\/\/www.szenik.eu\/de\/wp-json\/\/wp\/v2\/comments?post=49849"}],"version-history":[{"count":1,"href":"https:\/\/www.szenik.eu\/de\/wp-json\/\/wp\/v2\/posts\/49849\/revisions"}],"predecessor-version":[{"id":49852,"href":"https:\/\/www.szenik.eu\/de\/wp-json\/\/wp\/v2\/posts\/49849\/revisions\/49852"}],"wp:featuredmedia":[{"embeddable":true,"href":"https:\/\/www.szenik.eu\/de\/wp-json\/\/wp\/v2\/media\/49850"}],"wp:attachment":[{"href":"https:\/\/www.szenik.eu\/de\/wp-json\/\/wp\/v2\/media?parent=49849"}],"wp:term":[{"taxonomy":"category","embeddable":true,"href":"https:\/\/www.szenik.eu\/de\/wp-json\/\/wp\/v2\/categories?post=49849"},{"taxonomy":"post_tag","embeddable":true,"href":"https:\/\/www.szenik.eu\/de\/wp-json\/\/wp\/v2\/tags?post=49849"}],"curies":[{"name":"wp","href":"https:\/\/api.w.org\/{rel}","templated":true}]}}