{"id":49007,"date":"2022-03-24T15:54:20","date_gmt":"2022-03-24T14:54:20","guid":{"rendered":"https:\/\/www.szenik.eu\/?p=49007\/"},"modified":"2022-03-24T15:58:15","modified_gmt":"2022-03-24T14:58:15","slug":"schloss-fest-spiele-2022-ein-fest-der-kuenste-demokratie-und-nachhaltigkeit","status":"publish","type":"post","link":"https:\/\/www.szenik.eu\/de\/schloss-fest-spiele-2022-ein-fest-der-kuenste-demokratie-und-nachhaltigkeit-49007","title":{"rendered":"Schloss Fest Spiele 2022-Ein Fest der K\u00fcnste, Demokratie und Nachhaltigkeit"},"content":{"rendered":"\n<h2>Die&nbsp;<strong>Ludwigsburger Schlossfestspiele \u2013 Internationale Festspiele Baden-W\u00fcrttemberg<\/strong>&nbsp;umfassen 2022 den Zeitraum&nbsp;<strong>vom 5. Mai bis 16. Juli&nbsp;<\/strong>und gehen mit 80 Veranstaltungen und \u00fcber 50 verschiedenen Produktionen in die dritte Spielzeit der&nbsp;<strong>Intendanz von Jochen Sandig<\/strong>&nbsp;\u2013 und damit in ihre voraussichtlich erste vollst\u00e4ndige Saison seit der Corona-Pandemie.&nbsp;<\/h2>\n\n\n\n<div style=\"height:100px\" aria-hidden=\"true\" class=\"wp-block-spacer\"><\/div>\n\n\n\n<p class=\"has-small-font-size\">Pressemitteilung<\/p>\n\n\n\n<div style=\"height:100px\" aria-hidden=\"true\" class=\"wp-block-spacer\"><\/div>\n\n\n\n<p>Seit 2020 befinden sie sich im Wandel zu einem \u00bbFest der K\u00fcnste, Demokratie und Nachhaltigkeit\u00ab, und so beginnt die&nbsp;<strong>Saison 2022<\/strong>&nbsp;am 5. Mai auch mit einem politischen Appell: Die Ukrainerin&nbsp;<strong>Oksana Lyniv<\/strong>&nbsp;wird das Er\u00f6ffnungskonzert mit dem Untertitel \u00bbNo More War\u00ab mit dem&nbsp;<strong>Orchester der Ludwigsburger Schlossfestspiele<\/strong>&nbsp;als explizites Konzert f\u00fcr den Frieden mit Werken von Mozart und Tschaikowsky dirigieren. Zur Urauff\u00fchrung kommt au\u00dferdem ein neues Werk mit dem zukunftsweisenden Titel \u00bbNova\u00ab, das die ukrainische Komponistin&nbsp;<strong>Victoria Poleva<\/strong>&nbsp;erst k\u00fcrzlich in Kyiv vollendet hat. Programmatisch setzt sich der&nbsp;<strong>Themenschwerpunkt Demokratie und Frieden<\/strong>&nbsp;auch in einem weiteren Konzert mit dem Festspielorchester und dem belarussischen Dirigenten&nbsp;<strong><a href=\"https:\/\/alekseenok.com\/en\/bio\" target=\"_blank\" rel=\"noreferrer noopener\">Vitali Alekseenok<\/a><\/strong>&nbsp;fort: Der Abend \u00bbDie Unvollendete Revolution\u00ab (11. Juni) vereint Schuberts 7. Sinfonie und Gedichtvertonungen belarussischer Komponist*innen. Mit dem Prozess der Heilung nach gewaltsamen Konflikten besch\u00e4ftigt sich auch das multinationale, dokumentarische Musiktheater \u00bbThe Common Stories\u00ab (28.\/29. Mai) \u00fcber die ethnopolitischen Konflikte der 1990er-Jahre auf dem Balkan und in Ruanda.<\/p>\n\n\n\n<p>Auch dem&nbsp;<strong>Themenkreis Nachhaltigkeit und \u00d6kologie&nbsp;<\/strong>sind mehrere Abende gewidmet: unter anderem&nbsp;<strong><a href=\"https:\/\/www.patriciakopatchinskaja.com\" target=\"_blank\" rel=\"noreferrer noopener\">Patricia Kopatchinskaja<\/a>s<\/strong> szenisch-musikalische Wehklage auf die Artenvielfalt, \u00bbLes Adieux\u00ab (11. Mai), zusammen mit dem&nbsp;<strong><a href=\"https:\/\/mahlerchamber.com\" target=\"_blank\" rel=\"noreferrer noopener\">Mahler Chamber Orchestra<\/a><\/strong>, eine Koproduktion mit den Schlossfestspielen; au\u00dferdem die Auff\u00fchrung des wiederentdeckten Barockwerks \u00bbIl diluvio universale\u00ab (26. Mai) \u00fcber die biblische Sintflut und auch das Partizipationsprojekt der&nbsp;<strong><a href=\"https:\/\/www.bachakademie.de\/en\/ensemble\/gaechinger-cantorey.html\" target=\"_blank\" rel=\"noreferrer noopener\">Gaechinger Cantorey<\/a><\/strong>&nbsp;\u00bbErde an Zukunft\u00ab&nbsp; (9. Mai) mit Sch\u00fcler*innen der Region Stuttgart, basierend auf Haydns \u00bbSch\u00f6pfung\u00ab, oder das von jungen Musiker*innen selbst gestaltete Konzert \u00bbGeneration Zukunft Musik\u00ab zu den 17 Nachhaltigkeitszielen der UN.<\/p>\n\n\n\n<p><strong>Tanz und Ritual<\/strong>&nbsp;bilden einen Schwerpunkt, der Purcells Oper \u00bbDido and Aeneas\u00ab (20.\/21.\/22. Mai) in der genre-sprengenden Choreografie von&nbsp;<a href=\"https:\/\/www.sashawaltz.de\" target=\"_blank\" rel=\"noreferrer noopener\"><strong>Sasha Waltz<\/strong>&nbsp;<\/a>ebenso umfasst wie&nbsp;<strong>Pina Bauschs<\/strong>&nbsp;legend\u00e4re Choreografie zu Strawinskys \u00bbFr\u00fchlingsopfer\u00ab (17.\/18.\/19. Juni), hier als&nbsp;<strong>deutsche Erstauff\u00fchrung<\/strong>&nbsp;der Version der afrikanischen Kompanie&nbsp;<strong><a href=\"https:\/\/www.au-senegal.com\/ecole-des-sables,3591.html\" target=\"_blank\" rel=\"noreferrer noopener\">\u00c9cole des Sables<\/a><\/strong>&nbsp;und kombiniert mit dem neuen Werk \u00bbcommon ground[s]\u00ab<strong>&nbsp;von Germaine Acogny&nbsp;<\/strong>und&nbsp;<strong>Malou Airaudo<\/strong>&nbsp;\u2013 koproduziert mit den Ludwigsburger Schlossfestspielen. Dem Ritual der Trauer und der Lebensfreude widmet sich&nbsp;<strong>Jochen Sandigs<\/strong>&nbsp;\u00bbHuman Requiem\u00ab (9.\/10. Juni), eine szenisch-bewegte Inszenierung von Brahms\u2018 einzigartigem Werk der Menschlichkeit, das das Publikum als Gemeinschaft in der Liederhalle, umgeben von den Stimmen und K\u00f6rpern des Chors, erleben wird.&nbsp;<\/p>\n\n\n\n<p>Mit Bachs \u00bbh-Moll-Messe\u00ab (15. Mai) und Beethovens \u00bbMissa Solemnis\u00ab (13. Juli), beide unter der musikalischen Leitung von&nbsp;<strong>Ren\u00e9 Jacobs<\/strong>, kommen gro\u00dfe Werke der Trauer und des Trostes zur Auff\u00fchrung.<\/p>\n\n\n\n<p><strong>Kammermusikkonzerte<\/strong>&nbsp;vom Klassischen Liederabend \u00fcber Streich- und Bl\u00e4serensembles bis hin zum gemeinsamen Abend der Publizistin&nbsp;<strong>Carolin Emcke<\/strong>, der Sopranistin&nbsp;<strong><a href=\"http:\/\/www.annaprohaska.com\" target=\"_blank\" rel=\"noreferrer noopener\">Anna Prohaska<\/a><\/strong>&nbsp;und des Barockorchesters&nbsp;<strong>La Folia<\/strong>&nbsp;\u00fcber Pandemie und Krieg f\u00fcllen die Festspielwochen ebenso wie&nbsp;<strong>Partizipationsprojekte<\/strong>,&nbsp;<strong>K\u00fcnstler*innenresidenzen<\/strong>&nbsp;und&nbsp;<strong>Experimentelles<\/strong>, darunter ein Virtual-Reality-Projekt des&nbsp;<strong>Mahler Chamber Orchestra<\/strong>&nbsp;oder das Projekt \u00bbGlobal Breath Composers\u00ab des Trompeters&nbsp;<strong><a href=\"https:\/\/marcoblaauw.com\" target=\"_blank\" rel=\"noreferrer noopener\">Marco Blaauw<\/a><\/strong>.<\/p>\n\n\n\n<p>Den fulminanten Abschluss bildet nach zwei Jahren Corona-bedingter Pause das lang erwartete \u00bbMonrepos Open Air\u00ab mit Feuerwerk und der Dirigentin&nbsp;<a href=\"https:\/\/alondradelaparra.com\/en\/\" target=\"_blank\" rel=\"noreferrer noopener\"><strong>Alondra de la Parra<\/strong>&nbsp;<\/a>(16. Juli).<\/p>\n\n\n\n<p>Weitere wichtige&nbsp;<strong>K\u00fcnstler*innen der Saison 2022<\/strong>&nbsp;sind unter anderen&nbsp;<strong>Isabelle Faust, <a href=\"https:\/\/solgabetta.com\/about\/fr-biography\/\" target=\"_blank\" rel=\"noreferrer noopener\">Sol Gabetta<\/a>, <a href=\"http:\/\/kristianbezuidenhout.com\" target=\"_blank\" rel=\"noreferrer noopener\">Kristian Bezuidenhout<\/a>, <a href=\"https:\/\/www.hillenet.net\" target=\"_blank\" rel=\"noreferrer noopener\">Hille Perl<\/a>,&nbsp;<\/strong>die Pianisten-Entdeckungen&nbsp;<strong>Alexandre Kantorow<\/strong>&nbsp;und&nbsp;<strong><a href=\"https:\/\/www.filippogorini.it\" target=\"_blank\" rel=\"noreferrer noopener\">Filippo Gorini<\/a>,&nbsp;<\/strong>au\u00dferdem<strong>&nbsp;Iddo Bar-Sha\u00ef, <a href=\"https:\/\/www.janlisiecki.com\" target=\"_blank\" rel=\"noreferrer noopener\">Jan Lisiecki<\/a>, <a href=\"https:\/\/www.elinaalbach.de\" target=\"_blank\" rel=\"noreferrer noopener\">Elina Albach<\/a>, Georg Nigl, <a href=\"https:\/\/olgapashchenko.com\" target=\"_blank\" rel=\"noreferrer noopener\">Olga Pashchenko<\/a>, <a href=\"https:\/\/www.dorotheeoberlinger.de\" target=\"_blank\" rel=\"noreferrer noopener\">Dorothee Oberlinger<\/a>, <a href=\"https:\/\/www.julianpregardien.de\" target=\"_blank\" rel=\"noreferrer noopener\">Julian Pr\u00e9gardien<\/a>, Hans-Christoph Rademann<\/strong>&nbsp;und die&nbsp;<strong>Gaechinger Cantorey<\/strong>, das&nbsp;<strong><a href=\"https:\/\/www.kammerorchesterbasel.ch\/en\/\" target=\"_blank\" rel=\"noreferrer noopener\">Kammerorchester Basel<\/a><\/strong>, der&nbsp;<strong><a href=\"https:\/\/www.rias-kammerchor.de\" target=\"_blank\" rel=\"noreferrer noopener\">RIAS Kammerchor<\/a><\/strong>, die&nbsp;<strong><a href=\"https:\/\/akamus.de\/de\" target=\"_blank\" rel=\"noreferrer noopener\">Akademie f\u00fcr Alte Musik Berlin<\/a><\/strong>, das&nbsp;<strong><a href=\"https:\/\/www.barockorchester.de\" target=\"_blank\" rel=\"noreferrer noopener\">Freiburger Barockorchester<\/a><\/strong>, das&nbsp;<strong><a href=\"https:\/\/kronosquartet.org\" target=\"_blank\" rel=\"noreferrer noopener\">Kronos Quartet<\/a><\/strong>, das&nbsp;<strong><a href=\"https:\/\/mandelring.com\/?lang=en\" target=\"_blank\" rel=\"noreferrer noopener\">Mandelring Quartett<\/a><\/strong>, der&nbsp;<strong><a href=\"https:\/\/www.rundfunkchor-berlin.de\" target=\"_blank\" rel=\"noreferrer noopener\">Rundfunkchor Berlin<\/a><\/strong>, die Bands&nbsp;<strong><a href=\"https:\/\/neubauten.org\" target=\"_blank\" rel=\"noreferrer noopener\">Einst\u00fcrzende Neubauten<\/a><\/strong> und&nbsp;<strong>Die Nerven<\/strong>&nbsp;sowie die Ensembles&nbsp;<strong><a href=\"http:\/\/thewoostergroup.org\/blog\/\" target=\"_blank\" rel=\"noreferrer noopener\">The Wooster Group<\/a><\/strong>&nbsp;und das&nbsp;<a href=\"https:\/\/theater.freiburg.de\/de_DE\/junges-theater\" target=\"_blank\" rel=\"noreferrer noopener\"><strong>Junge Theater Freiburg<\/strong>.<\/a><\/p>\n\n\n\n<p>Der Vorverkauf f\u00fcr das&nbsp;<strong>Gesamtprogramm der Saison 2022<\/strong>&nbsp;beginnt&nbsp;<strong>am Montag, 28. M\u00e4rz&nbsp;2022<\/strong>.<\/p>\n\n\n\n<div style=\"height:40px\" aria-hidden=\"true\" class=\"wp-block-spacer\"><\/div>\n\n\n\n<h4><strong>Abonnements<\/strong><\/h4>\n\n\n\n<div style=\"height:10px\" aria-hidden=\"true\" class=\"wp-block-spacer\"><\/div>\n\n\n\n<p>F\u00fcr die folgenden drei&nbsp;<strong>neuen Abo-Pakete<\/strong>&nbsp;gilt ein&nbsp;<strong>Preisnachlass von 20 Prozent<\/strong>. Jedes Abo enth\u00e4lt drei Vorstellungen.<\/p>\n\n\n\n<ul><li><strong>Abo Beethoven hoch drei:&nbsp;&nbsp;<\/strong>\u00bbKopatchinskaja Les Adieux\u00ab (11. Mai) \/ \u00bbJan Lisiecki Beethoven\u00ab (24. Juni) \/ \u00bbMissa Solemnis Beethoven\u00ab (13. Juli)<\/li><li><strong>Abo Tanz und Ritual:&nbsp;<\/strong>\u00bbDido and Aeneas\u00ab (22. Mai) \/ \u00bbHuman Requiem Brahms\u00ab (9. Juni) \/ \u00bbPina Bausch Sacre\u00ab (19. Juni)<\/li><li><strong>Abo Welt im Wandel:&nbsp;<\/strong>\u00bbStegreif Orchester #Bechange\u00ab (14. Mai) \/ \u00bbDie unvollendete Revolution\u00ab (11. Juni) \/ \u00bbPurcell Mendelssohn Mayer\u00ab (1. Juli)<\/li><li>Auch das<strong>&nbsp;Wahl-Abo&nbsp;<\/strong>ist weiterhin erh\u00e4ltlich: Mit dem Kauf von Tickets f\u00fcr&nbsp;<strong>mindestens drei verschiedene Veranstaltungen<\/strong>&nbsp;ist ein<strong>Preisnachlass von<\/strong>&nbsp;<strong>10 Prozent&nbsp;<\/strong>verbunden.<\/li><\/ul>\n\n\n\n<div style=\"height:100px\" aria-hidden=\"true\" class=\"wp-block-spacer\"><\/div>\n\n\n\n<div class=\"is-content-justification-center is-layout-flex wp-container-1 wp-block-buttons\">\n<div class=\"wp-block-button is-style-fill\"><a class=\"wp-block-button__link has-black-color has-luminous-vivid-amber-background-color has-text-color has-background\" href=\"https:\/\/schlossfestspiele.de\/kalender#\" target=\"_blank\" rel=\"noreferrer noopener\">Weitere Informationen<\/a><\/div>\n<\/div>\n\n\n\n<div style=\"height:100px\" aria-hidden=\"true\" class=\"wp-block-spacer\"><\/div>\n\n\n\n<p class=\"has-small-font-size\">Foto: Rafael Kroetz I Grafik: Daniel Wiesmann<\/p>\n\n\n\n<div style=\"height:100px\" aria-hidden=\"true\" class=\"wp-block-spacer\"><\/div>\n","protected":false},"excerpt":{"rendered":"<p>Die&nbsp;Ludwigsburger Schlossfestspiele \u2013 Internationale Festspiele Baden-W\u00fcrttemberg&nbsp;umfassen 2022 den Zeitraum&nbsp;vom 5. Mai bis 16. Juli&nbsp;und gehen mit 80 Veranstaltungen und \u00fcber 50 verschiedenen Produktionen in die dritte Spielzeit der&nbsp;Intendanz von Jochen Sandig&nbsp;\u2013 und damit in ihre voraussichtlich erste vollst\u00e4ndige Saison seit der Corona-Pandemie.&nbsp; Pressemitteilung Seit 2020 befinden sie sich im Wandel zu einem \u00bbFest der K\u00fcnste, [&hellip;]<\/p>\n","protected":false},"author":1,"featured_media":49038,"comment_status":"open","ping_status":"open","sticky":false,"template":"","format":"standard","meta":{"_monsterinsights_skip_tracking":false,"_monsterinsights_sitenote_active":false,"_monsterinsights_sitenote_note":"","_monsterinsights_sitenote_category":0},"categories":[2815,53],"tags":[],"yoast_head":"<!-- This site is optimized with the Yoast SEO plugin v20.5 - https:\/\/yoast.com\/wordpress\/plugins\/seo\/ -->\n<title>Schloss Fest Spiele 2022: Ein Fest der K\u00fcnste und Nachhaltigkeit I szenik<\/title>\n<meta name=\"description\" content=\"Die\u00a0Ludwigsburger Schlossfestspiele\u00a0umfassen den Zeitraum\u00a0vom 5. Mai bis 16. Juli\u00a0und pr\u00e4sentieren \u00fcber 50 verschiedenen Produktionen.\" \/>\n<meta name=\"robots\" content=\"index, follow, max-snippet:-1, max-image-preview:large, max-video-preview:-1\" \/>\n<link rel=\"canonical\" href=\"https:\/\/www.szenik.eu\/de\/schloss-fest-spiele-2022-ein-fest-der-kuenste-demokratie-und-nachhaltigkeit-49007\" \/>\n<meta property=\"og:locale\" content=\"de_DE\" \/>\n<meta property=\"og:type\" content=\"article\" \/>\n<meta property=\"og:title\" content=\"Schloss Fest Spiele 2022: Ein Fest der K\u00fcnste und Nachhaltigkeit I szenik\" \/>\n<meta property=\"og:description\" content=\"Die\u00a0Ludwigsburger Schlossfestspiele\u00a0umfassen den Zeitraum\u00a0vom 5. Mai bis 16. Juli\u00a0und pr\u00e4sentieren \u00fcber 50 verschiedenen Produktionen.\" \/>\n<meta property=\"og:url\" content=\"https:\/\/www.szenik.eu\/de\/schloss-fest-spiele-2022-ein-fest-der-kuenste-demokratie-und-nachhaltigkeit-49007\" \/>\n<meta property=\"og:site_name\" content=\"szenik\" \/>\n<meta property=\"article:publisher\" content=\"https:\/\/www.facebook.com\/szenik.eu\/\" \/>\n<meta property=\"article:published_time\" content=\"2022-03-24T14:54:20+00:00\" \/>\n<meta property=\"article:modified_time\" content=\"2022-03-24T14:58:15+00:00\" \/>\n<meta property=\"og:image\" content=\"https:\/\/www.szenik.eu\/wp-content\/uploads\/2022\/03\/spielzeitmotiv_querformat_copyright_by_fotos_tourismus_und_events_ludwigsburg_rafael_kroetz__grafik_daniel_wiesmann-scaled.jpg\" \/>\n\t<meta property=\"og:image:width\" content=\"2560\" \/>\n\t<meta property=\"og:image:height\" content=\"1813\" \/>\n\t<meta property=\"og:image:type\" content=\"image\/jpeg\" \/>\n<meta name=\"author\" content=\"szenik\" \/>\n<meta name=\"twitter:card\" content=\"summary_large_image\" \/>\n<meta name=\"twitter:creator\" content=\"@Szenik\" \/>\n<meta name=\"twitter:site\" content=\"@Szenik\" \/>\n<meta name=\"twitter:label1\" content=\"Verfasst von\" \/>\n\t<meta name=\"twitter:data1\" content=\"szenik\" \/>\n\t<meta name=\"twitter:label2\" content=\"Gesch\u00e4tzte Lesezeit\" \/>\n\t<meta name=\"twitter:data2\" content=\"4\u00a0Minuten\" \/>\n<script type=\"application\/ld+json\" class=\"yoast-schema-graph\">{\"@context\":\"https:\/\/schema.org\",\"@graph\":[{\"@type\":\"Article\",\"@id\":\"https:\/\/www.szenik.eu\/de\/schloss-fest-spiele-2022-ein-fest-der-kuenste-demokratie-und-nachhaltigkeit-49007#article\",\"isPartOf\":{\"@id\":\"https:\/\/www.szenik.eu\/de\/schloss-fest-spiele-2022-ein-fest-der-kuenste-demokratie-und-nachhaltigkeit-49007\"},\"author\":{\"name\":\"szenik\",\"@id\":\"https:\/\/www.szenik.eu\/de\/#\/schema\/person\/15f73f175b41bad194837490339d48fb\"},\"headline\":\"Schloss Fest Spiele 2022-Ein Fest der K\u00fcnste, Demokratie und Nachhaltigkeit\",\"datePublished\":\"2022-03-24T14:54:20+00:00\",\"dateModified\":\"2022-03-24T14:58:15+00:00\",\"mainEntityOfPage\":{\"@id\":\"https:\/\/www.szenik.eu\/de\/schloss-fest-spiele-2022-ein-fest-der-kuenste-demokratie-und-nachhaltigkeit-49007\"},\"wordCount\":826,\"commentCount\":0,\"publisher\":{\"@id\":\"https:\/\/www.szenik.eu\/de\/#organization\"},\"articleSection\":[\"Kurz &amp; knackig\",\"Magazin\"],\"inLanguage\":\"de\",\"potentialAction\":[{\"@type\":\"CommentAction\",\"name\":\"Comment\",\"target\":[\"https:\/\/www.szenik.eu\/de\/schloss-fest-spiele-2022-ein-fest-der-kuenste-demokratie-und-nachhaltigkeit-49007#respond\"]}]},{\"@type\":\"WebPage\",\"@id\":\"https:\/\/www.szenik.eu\/de\/schloss-fest-spiele-2022-ein-fest-der-kuenste-demokratie-und-nachhaltigkeit-49007\",\"url\":\"https:\/\/www.szenik.eu\/de\/schloss-fest-spiele-2022-ein-fest-der-kuenste-demokratie-und-nachhaltigkeit-49007\",\"name\":\"Schloss Fest Spiele 2022: Ein Fest der K\u00fcnste und Nachhaltigkeit I szenik\",\"isPartOf\":{\"@id\":\"https:\/\/www.szenik.eu\/de\/#website\"},\"datePublished\":\"2022-03-24T14:54:20+00:00\",\"dateModified\":\"2022-03-24T14:58:15+00:00\",\"description\":\"Die\u00a0Ludwigsburger Schlossfestspiele\u00a0umfassen den Zeitraum\u00a0vom 5. Mai bis 16. Juli\u00a0und pr\u00e4sentieren \u00fcber 50 verschiedenen Produktionen.\",\"breadcrumb\":{\"@id\":\"https:\/\/www.szenik.eu\/de\/schloss-fest-spiele-2022-ein-fest-der-kuenste-demokratie-und-nachhaltigkeit-49007#breadcrumb\"},\"inLanguage\":\"de\",\"potentialAction\":[{\"@type\":\"ReadAction\",\"target\":[\"https:\/\/www.szenik.eu\/de\/schloss-fest-spiele-2022-ein-fest-der-kuenste-demokratie-und-nachhaltigkeit-49007\"]}]},{\"@type\":\"BreadcrumbList\",\"@id\":\"https:\/\/www.szenik.eu\/de\/schloss-fest-spiele-2022-ein-fest-der-kuenste-demokratie-und-nachhaltigkeit-49007#breadcrumb\",\"itemListElement\":[{\"@type\":\"ListItem\",\"position\":1,\"name\":\"Home\",\"item\":\"https:\/\/www.szenik.eu\/de\"},{\"@type\":\"ListItem\",\"position\":2,\"name\":\"Schloss Fest Spiele 2022-Ein Fest der K\u00fcnste, Demokratie und Nachhaltigkeit\"}]},{\"@type\":\"WebSite\",\"@id\":\"https:\/\/www.szenik.eu\/de\/#website\",\"url\":\"https:\/\/www.szenik.eu\/de\/\",\"name\":\"szenik\",\"description\":\"Le Meilleur des sc\u00e8nes au coeur de l&#039;Europe\",\"publisher\":{\"@id\":\"https:\/\/www.szenik.eu\/de\/#organization\"},\"potentialAction\":[{\"@type\":\"SearchAction\",\"target\":{\"@type\":\"EntryPoint\",\"urlTemplate\":\"https:\/\/www.szenik.eu\/de\/?s={search_term_string}\"},\"query-input\":\"required name=search_term_string\"}],\"inLanguage\":\"de\"},{\"@type\":\"Organization\",\"@id\":\"https:\/\/www.szenik.eu\/de\/#organization\",\"name\":\"Szenik\",\"url\":\"https:\/\/www.szenik.eu\/de\/\",\"logo\":{\"@type\":\"ImageObject\",\"inLanguage\":\"de\",\"@id\":\"https:\/\/www.szenik.eu\/de\/#\/schema\/logo\/image\/\",\"url\":\"https:\/\/www.szenik.eu\/wp-content\/uploads\/2019\/07\/logo-square.png\",\"contentUrl\":\"https:\/\/www.szenik.eu\/wp-content\/uploads\/2019\/07\/logo-square.png\",\"width\":512,\"height\":512,\"caption\":\"Szenik\"},\"image\":{\"@id\":\"https:\/\/www.szenik.eu\/de\/#\/schema\/logo\/image\/\"},\"sameAs\":[\"https:\/\/www.facebook.com\/szenik.eu\/\",\"https:\/\/twitter.com\/Szenik\",\"https:\/\/www.instagram.com\/szenik_magazine\/\",\"https:\/\/www.youtube.com\/user\/SzenikEU\/\"]},{\"@type\":\"Person\",\"@id\":\"https:\/\/www.szenik.eu\/de\/#\/schema\/person\/15f73f175b41bad194837490339d48fb\",\"name\":\"szenik\",\"image\":{\"@type\":\"ImageObject\",\"inLanguage\":\"de\",\"@id\":\"https:\/\/www.szenik.eu\/de\/#\/schema\/person\/image\/\",\"url\":\"https:\/\/secure.gravatar.com\/avatar\/d1c4f19522a624a4eaa5e6c03e22370b?s=96&d=mm&r=g\",\"contentUrl\":\"https:\/\/secure.gravatar.com\/avatar\/d1c4f19522a624a4eaa5e6c03e22370b?s=96&d=mm&r=g\",\"caption\":\"szenik\"}}]}<\/script>\n<!-- \/ Yoast SEO plugin. -->","yoast_head_json":{"title":"Schloss Fest Spiele 2022: Ein Fest der K\u00fcnste und Nachhaltigkeit I szenik","description":"Die\u00a0Ludwigsburger Schlossfestspiele\u00a0umfassen den Zeitraum\u00a0vom 5. Mai bis 16. Juli\u00a0und pr\u00e4sentieren \u00fcber 50 verschiedenen Produktionen.","robots":{"index":"index","follow":"follow","max-snippet":"max-snippet:-1","max-image-preview":"max-image-preview:large","max-video-preview":"max-video-preview:-1"},"canonical":"https:\/\/www.szenik.eu\/de\/schloss-fest-spiele-2022-ein-fest-der-kuenste-demokratie-und-nachhaltigkeit-49007","og_locale":"de_DE","og_type":"article","og_title":"Schloss Fest Spiele 2022: Ein Fest der K\u00fcnste und Nachhaltigkeit I szenik","og_description":"Die\u00a0Ludwigsburger Schlossfestspiele\u00a0umfassen den Zeitraum\u00a0vom 5. Mai bis 16. Juli\u00a0und pr\u00e4sentieren \u00fcber 50 verschiedenen Produktionen.","og_url":"https:\/\/www.szenik.eu\/de\/schloss-fest-spiele-2022-ein-fest-der-kuenste-demokratie-und-nachhaltigkeit-49007","og_site_name":"szenik","article_publisher":"https:\/\/www.facebook.com\/szenik.eu\/","article_published_time":"2022-03-24T14:54:20+00:00","article_modified_time":"2022-03-24T14:58:15+00:00","og_image":[{"width":2560,"height":1813,"url":"https:\/\/www.szenik.eu\/wp-content\/uploads\/2022\/03\/spielzeitmotiv_querformat_copyright_by_fotos_tourismus_und_events_ludwigsburg_rafael_kroetz__grafik_daniel_wiesmann-scaled.jpg","type":"image\/jpeg"}],"author":"szenik","twitter_card":"summary_large_image","twitter_creator":"@Szenik","twitter_site":"@Szenik","twitter_misc":{"Verfasst von":"szenik","Gesch\u00e4tzte Lesezeit":"4\u00a0Minuten"},"schema":{"@context":"https:\/\/schema.org","@graph":[{"@type":"Article","@id":"https:\/\/www.szenik.eu\/de\/schloss-fest-spiele-2022-ein-fest-der-kuenste-demokratie-und-nachhaltigkeit-49007#article","isPartOf":{"@id":"https:\/\/www.szenik.eu\/de\/schloss-fest-spiele-2022-ein-fest-der-kuenste-demokratie-und-nachhaltigkeit-49007"},"author":{"name":"szenik","@id":"https:\/\/www.szenik.eu\/de\/#\/schema\/person\/15f73f175b41bad194837490339d48fb"},"headline":"Schloss Fest Spiele 2022-Ein Fest der K\u00fcnste, Demokratie und Nachhaltigkeit","datePublished":"2022-03-24T14:54:20+00:00","dateModified":"2022-03-24T14:58:15+00:00","mainEntityOfPage":{"@id":"https:\/\/www.szenik.eu\/de\/schloss-fest-spiele-2022-ein-fest-der-kuenste-demokratie-und-nachhaltigkeit-49007"},"wordCount":826,"commentCount":0,"publisher":{"@id":"https:\/\/www.szenik.eu\/de\/#organization"},"articleSection":["Kurz &amp; knackig","Magazin"],"inLanguage":"de","potentialAction":[{"@type":"CommentAction","name":"Comment","target":["https:\/\/www.szenik.eu\/de\/schloss-fest-spiele-2022-ein-fest-der-kuenste-demokratie-und-nachhaltigkeit-49007#respond"]}]},{"@type":"WebPage","@id":"https:\/\/www.szenik.eu\/de\/schloss-fest-spiele-2022-ein-fest-der-kuenste-demokratie-und-nachhaltigkeit-49007","url":"https:\/\/www.szenik.eu\/de\/schloss-fest-spiele-2022-ein-fest-der-kuenste-demokratie-und-nachhaltigkeit-49007","name":"Schloss Fest Spiele 2022: Ein Fest der K\u00fcnste und Nachhaltigkeit I szenik","isPartOf":{"@id":"https:\/\/www.szenik.eu\/de\/#website"},"datePublished":"2022-03-24T14:54:20+00:00","dateModified":"2022-03-24T14:58:15+00:00","description":"Die\u00a0Ludwigsburger Schlossfestspiele\u00a0umfassen den Zeitraum\u00a0vom 5. Mai bis 16. Juli\u00a0und pr\u00e4sentieren \u00fcber 50 verschiedenen Produktionen.","breadcrumb":{"@id":"https:\/\/www.szenik.eu\/de\/schloss-fest-spiele-2022-ein-fest-der-kuenste-demokratie-und-nachhaltigkeit-49007#breadcrumb"},"inLanguage":"de","potentialAction":[{"@type":"ReadAction","target":["https:\/\/www.szenik.eu\/de\/schloss-fest-spiele-2022-ein-fest-der-kuenste-demokratie-und-nachhaltigkeit-49007"]}]},{"@type":"BreadcrumbList","@id":"https:\/\/www.szenik.eu\/de\/schloss-fest-spiele-2022-ein-fest-der-kuenste-demokratie-und-nachhaltigkeit-49007#breadcrumb","itemListElement":[{"@type":"ListItem","position":1,"name":"Home","item":"https:\/\/www.szenik.eu\/de"},{"@type":"ListItem","position":2,"name":"Schloss Fest Spiele 2022-Ein Fest der K\u00fcnste, Demokratie und Nachhaltigkeit"}]},{"@type":"WebSite","@id":"https:\/\/www.szenik.eu\/de\/#website","url":"https:\/\/www.szenik.eu\/de\/","name":"szenik","description":"Le Meilleur des sc\u00e8nes au coeur de l&#039;Europe","publisher":{"@id":"https:\/\/www.szenik.eu\/de\/#organization"},"potentialAction":[{"@type":"SearchAction","target":{"@type":"EntryPoint","urlTemplate":"https:\/\/www.szenik.eu\/de\/?s={search_term_string}"},"query-input":"required name=search_term_string"}],"inLanguage":"de"},{"@type":"Organization","@id":"https:\/\/www.szenik.eu\/de\/#organization","name":"Szenik","url":"https:\/\/www.szenik.eu\/de\/","logo":{"@type":"ImageObject","inLanguage":"de","@id":"https:\/\/www.szenik.eu\/de\/#\/schema\/logo\/image\/","url":"https:\/\/www.szenik.eu\/wp-content\/uploads\/2019\/07\/logo-square.png","contentUrl":"https:\/\/www.szenik.eu\/wp-content\/uploads\/2019\/07\/logo-square.png","width":512,"height":512,"caption":"Szenik"},"image":{"@id":"https:\/\/www.szenik.eu\/de\/#\/schema\/logo\/image\/"},"sameAs":["https:\/\/www.facebook.com\/szenik.eu\/","https:\/\/twitter.com\/Szenik","https:\/\/www.instagram.com\/szenik_magazine\/","https:\/\/www.youtube.com\/user\/SzenikEU\/"]},{"@type":"Person","@id":"https:\/\/www.szenik.eu\/de\/#\/schema\/person\/15f73f175b41bad194837490339d48fb","name":"szenik","image":{"@type":"ImageObject","inLanguage":"de","@id":"https:\/\/www.szenik.eu\/de\/#\/schema\/person\/image\/","url":"https:\/\/secure.gravatar.com\/avatar\/d1c4f19522a624a4eaa5e6c03e22370b?s=96&d=mm&r=g","contentUrl":"https:\/\/secure.gravatar.com\/avatar\/d1c4f19522a624a4eaa5e6c03e22370b?s=96&d=mm&r=g","caption":"szenik"}}]}},"jetpack_featured_media_url":"https:\/\/www.szenik.eu\/wp-content\/uploads\/2022\/03\/spielzeitmotiv_querformat_copyright_by_fotos_tourismus_und_events_ludwigsburg_rafael_kroetz__grafik_daniel_wiesmann-scaled.jpg","amp_enabled":true,"_links":{"self":[{"href":"https:\/\/www.szenik.eu\/de\/wp-json\/\/wp\/v2\/posts\/49007"}],"collection":[{"href":"https:\/\/www.szenik.eu\/de\/wp-json\/\/wp\/v2\/posts"}],"about":[{"href":"https:\/\/www.szenik.eu\/de\/wp-json\/\/wp\/v2\/types\/post"}],"author":[{"embeddable":true,"href":"https:\/\/www.szenik.eu\/de\/wp-json\/\/wp\/v2\/users\/1"}],"replies":[{"embeddable":true,"href":"https:\/\/www.szenik.eu\/de\/wp-json\/\/wp\/v2\/comments?post=49007"}],"version-history":[{"count":3,"href":"https:\/\/www.szenik.eu\/de\/wp-json\/\/wp\/v2\/posts\/49007\/revisions"}],"predecessor-version":[{"id":49040,"href":"https:\/\/www.szenik.eu\/de\/wp-json\/\/wp\/v2\/posts\/49007\/revisions\/49040"}],"wp:featuredmedia":[{"embeddable":true,"href":"https:\/\/www.szenik.eu\/de\/wp-json\/\/wp\/v2\/media\/49038"}],"wp:attachment":[{"href":"https:\/\/www.szenik.eu\/de\/wp-json\/\/wp\/v2\/media?parent=49007"}],"wp:term":[{"taxonomy":"category","embeddable":true,"href":"https:\/\/www.szenik.eu\/de\/wp-json\/\/wp\/v2\/categories?post=49007"},{"taxonomy":"post_tag","embeddable":true,"href":"https:\/\/www.szenik.eu\/de\/wp-json\/\/wp\/v2\/tags?post=49007"}],"curies":[{"name":"wp","href":"https:\/\/api.w.org\/{rel}","templated":true}]}}