{"id":48869,"date":"2022-03-21T10:36:32","date_gmt":"2022-03-21T09:36:32","guid":{"rendered":"https:\/\/www.szenik.eu\/?p=48869\/"},"modified":"2022-03-21T10:36:36","modified_gmt":"2022-03-21T09:36:36","slug":"theater-trier-ein-abend-fuer-die-ukraine-am-montag-den-28-maerz-2022","status":"publish","type":"post","link":"https:\/\/www.szenik.eu\/de\/theater-trier-ein-abend-fuer-die-ukraine-am-montag-den-28-maerz-2022-48869","title":{"rendered":"Theater Trier &#8211; &#8222;Ein Abend f\u00fcr die Ukraine&#8220; am Montag, den 28. M\u00e4rz 2022"},"content":{"rendered":"\n<h2>An diesem Abend setzt das Theater Trier, angesichts des brutalen Angriffskrieges Russlands auf die Ukraine, ein Zeichen der Solidarit\u00e4t und f\u00fcr den Frieden f\u00fcr die Menschen in der Ukraine. Gemeinsam mit dem Trierischen Volksfreund veranstaltet das Stadttheater einen Benefizabend zugunsten des Aktionsb\u00fcndnisses \u201eDeutschland hilft\u201c im Gro\u00dfen Haus am Augustinerhof. Der Eintritt ist dabei frei, Spenden werden jedoch erbeten.<\/h2>\n\n\n\n<div style=\"height:100px\" aria-hidden=\"true\" class=\"wp-block-spacer\"><\/div>\n\n\n\n<p><em>Pressemitteilung<\/em><\/p>\n\n\n\n<div style=\"height:100px\" aria-hidden=\"true\" class=\"wp-block-spacer\"><\/div>\n\n\n\n<p>Das k\u00fcnstlerische Programm erstreckt sich von musikalischen Beitr\u00e4gen des Philharmonischen Orchesters der Stadt Trier, \u00fcber den Opernchor und die Kinder- und Jugendch\u00f6re des Theaters bis hin zu Ausschnitten aus aktuellen Produktionen unter Mitwirkung der Musiktheatersolistinnen und -solisten sowie des Schauspielensembles. Geplant sind des Weiteren Gespr\u00e4chsrunden mit Menschen, die von diesem Krieg besonders betroffen sind.<\/p>\n\n\n\n<div style=\"height:100px\" aria-hidden=\"true\" class=\"wp-block-spacer\"><\/div>\n\n\n\n<div class=\"is-layout-flex wp-block-buttons\">\n<div class=\"wp-block-button aligncenter is-style-fill\"><a class=\"wp-block-button__link has-black-color has-luminous-vivid-amber-background-color has-text-color has-background\" href=\"https:\/\/theater-trier.de\/auffuhrung\/ein-abend-fuer-die-ukraine\/\" target=\"_blank\" rel=\"noreferrer noopener\">Weitere Informationen<\/a><\/div>\n<\/div>\n\n\n\n<div style=\"height:100px\" aria-hidden=\"true\" class=\"wp-block-spacer\"><\/div>\n\n\n\n<p class=\"has-small-font-size\">Foto: Theater Trier<\/p>\n\n\n\n<div style=\"height:100px\" aria-hidden=\"true\" class=\"wp-block-spacer\"><\/div>\n","protected":false},"excerpt":{"rendered":"<p>An diesem Abend setzt das Theater Trier, angesichts des brutalen Angriffskrieges Russlands auf die Ukraine, ein Zeichen der Solidarit\u00e4t und f\u00fcr den Frieden f\u00fcr die Menschen in der Ukraine. Gemeinsam mit dem Trierischen Volksfreund veranstaltet das Stadttheater einen Benefizabend zugunsten des Aktionsb\u00fcndnisses \u201eDeutschland hilft\u201c im Gro\u00dfen Haus am Augustinerhof. Der Eintritt ist dabei frei, Spenden [&hellip;]<\/p>\n","protected":false},"author":1,"featured_media":48870,"comment_status":"open","ping_status":"open","sticky":false,"template":"","format":"standard","meta":{"_monsterinsights_skip_tracking":false,"_monsterinsights_sitenote_active":false,"_monsterinsights_sitenote_note":"","_monsterinsights_sitenote_category":0},"categories":[2815,53],"tags":[6503],"yoast_head":"<!-- This site is optimized with the Yoast SEO plugin v20.5 - https:\/\/yoast.com\/wordpress\/plugins\/seo\/ -->\n<title>Theater Trier: Ein Abend f\u00fcr die Ukraine am 28. M\u00e4rz I szenik<\/title>\n<meta name=\"description\" content=\"An diesem Abend setzt das Theater Trier ein Zeichen der Solidarit\u00e4t und f\u00fcr den Frieden f\u00fcr die Menschen in der Ukraine.\" \/>\n<meta name=\"robots\" content=\"index, follow, max-snippet:-1, max-image-preview:large, max-video-preview:-1\" \/>\n<link rel=\"canonical\" href=\"https:\/\/www.szenik.eu\/de\/theater-trier-ein-abend-fuer-die-ukraine-am-montag-den-28-maerz-2022-48869\" \/>\n<meta property=\"og:locale\" content=\"de_DE\" \/>\n<meta property=\"og:type\" content=\"article\" \/>\n<meta property=\"og:title\" content=\"Theater Trier: Ein Abend f\u00fcr die Ukraine am 28. M\u00e4rz I szenik\" \/>\n<meta property=\"og:description\" content=\"An diesem Abend setzt das Theater Trier ein Zeichen der Solidarit\u00e4t und f\u00fcr den Frieden f\u00fcr die Menschen in der Ukraine.\" \/>\n<meta property=\"og:url\" content=\"https:\/\/www.szenik.eu\/de\/theater-trier-ein-abend-fuer-die-ukraine-am-montag-den-28-maerz-2022-48869\" \/>\n<meta property=\"og:site_name\" content=\"szenik\" \/>\n<meta property=\"article:publisher\" content=\"https:\/\/www.facebook.com\/szenik.eu\/\" \/>\n<meta property=\"article:published_time\" content=\"2022-03-21T09:36:32+00:00\" \/>\n<meta property=\"article:modified_time\" content=\"2022-03-21T09:36:36+00:00\" \/>\n<meta property=\"og:image\" content=\"https:\/\/www.szenik.eu\/wp-content\/uploads\/2022\/03\/Capture-decran-2022-03-21-a-10.35.35.png\" \/>\n\t<meta property=\"og:image:width\" content=\"1084\" \/>\n\t<meta property=\"og:image:height\" content=\"697\" \/>\n\t<meta property=\"og:image:type\" content=\"image\/png\" \/>\n<meta name=\"author\" content=\"szenik\" \/>\n<meta name=\"twitter:card\" content=\"summary_large_image\" \/>\n<meta name=\"twitter:creator\" content=\"@Szenik\" \/>\n<meta name=\"twitter:site\" content=\"@Szenik\" \/>\n<meta name=\"twitter:label1\" content=\"Verfasst von\" \/>\n\t<meta name=\"twitter:data1\" content=\"szenik\" \/>\n\t<meta name=\"twitter:label2\" content=\"Gesch\u00e4tzte Lesezeit\" \/>\n\t<meta name=\"twitter:data2\" content=\"1\u00a0Minute\" \/>\n<script type=\"application\/ld+json\" class=\"yoast-schema-graph\">{\"@context\":\"https:\/\/schema.org\",\"@graph\":[{\"@type\":\"Article\",\"@id\":\"https:\/\/www.szenik.eu\/de\/theater-trier-ein-abend-fuer-die-ukraine-am-montag-den-28-maerz-2022-48869#article\",\"isPartOf\":{\"@id\":\"https:\/\/www.szenik.eu\/de\/theater-trier-ein-abend-fuer-die-ukraine-am-montag-den-28-maerz-2022-48869\"},\"author\":{\"name\":\"szenik\",\"@id\":\"https:\/\/www.szenik.eu\/de\/#\/schema\/person\/15f73f175b41bad194837490339d48fb\"},\"headline\":\"Theater Trier &#8211; &#8222;Ein Abend f\u00fcr die Ukraine&#8220; am Montag, den 28. M\u00e4rz 2022\",\"datePublished\":\"2022-03-21T09:36:32+00:00\",\"dateModified\":\"2022-03-21T09:36:36+00:00\",\"mainEntityOfPage\":{\"@id\":\"https:\/\/www.szenik.eu\/de\/theater-trier-ein-abend-fuer-die-ukraine-am-montag-den-28-maerz-2022-48869\"},\"wordCount\":141,\"commentCount\":0,\"publisher\":{\"@id\":\"https:\/\/www.szenik.eu\/de\/#organization\"},\"keywords\":[\"Theater Trier\"],\"articleSection\":[\"Kurz &amp; knackig\",\"Magazin\"],\"inLanguage\":\"de\",\"potentialAction\":[{\"@type\":\"CommentAction\",\"name\":\"Comment\",\"target\":[\"https:\/\/www.szenik.eu\/de\/theater-trier-ein-abend-fuer-die-ukraine-am-montag-den-28-maerz-2022-48869#respond\"]}]},{\"@type\":\"WebPage\",\"@id\":\"https:\/\/www.szenik.eu\/de\/theater-trier-ein-abend-fuer-die-ukraine-am-montag-den-28-maerz-2022-48869\",\"url\":\"https:\/\/www.szenik.eu\/de\/theater-trier-ein-abend-fuer-die-ukraine-am-montag-den-28-maerz-2022-48869\",\"name\":\"Theater Trier: Ein Abend f\u00fcr die Ukraine am 28. M\u00e4rz I szenik\",\"isPartOf\":{\"@id\":\"https:\/\/www.szenik.eu\/de\/#website\"},\"datePublished\":\"2022-03-21T09:36:32+00:00\",\"dateModified\":\"2022-03-21T09:36:36+00:00\",\"description\":\"An diesem Abend setzt das Theater Trier ein Zeichen der Solidarit\u00e4t und f\u00fcr den Frieden f\u00fcr die Menschen in der Ukraine.\",\"breadcrumb\":{\"@id\":\"https:\/\/www.szenik.eu\/de\/theater-trier-ein-abend-fuer-die-ukraine-am-montag-den-28-maerz-2022-48869#breadcrumb\"},\"inLanguage\":\"de\",\"potentialAction\":[{\"@type\":\"ReadAction\",\"target\":[\"https:\/\/www.szenik.eu\/de\/theater-trier-ein-abend-fuer-die-ukraine-am-montag-den-28-maerz-2022-48869\"]}]},{\"@type\":\"BreadcrumbList\",\"@id\":\"https:\/\/www.szenik.eu\/de\/theater-trier-ein-abend-fuer-die-ukraine-am-montag-den-28-maerz-2022-48869#breadcrumb\",\"itemListElement\":[{\"@type\":\"ListItem\",\"position\":1,\"name\":\"Home\",\"item\":\"https:\/\/www.szenik.eu\/de\"},{\"@type\":\"ListItem\",\"position\":2,\"name\":\"Theater Trier &#8211; &#8222;Ein Abend f\u00fcr die Ukraine&#8220; am Montag, den 28. M\u00e4rz 2022\"}]},{\"@type\":\"WebSite\",\"@id\":\"https:\/\/www.szenik.eu\/de\/#website\",\"url\":\"https:\/\/www.szenik.eu\/de\/\",\"name\":\"szenik\",\"description\":\"Le Meilleur des sc\u00e8nes au coeur de l&#039;Europe\",\"publisher\":{\"@id\":\"https:\/\/www.szenik.eu\/de\/#organization\"},\"potentialAction\":[{\"@type\":\"SearchAction\",\"target\":{\"@type\":\"EntryPoint\",\"urlTemplate\":\"https:\/\/www.szenik.eu\/de\/?s={search_term_string}\"},\"query-input\":\"required name=search_term_string\"}],\"inLanguage\":\"de\"},{\"@type\":\"Organization\",\"@id\":\"https:\/\/www.szenik.eu\/de\/#organization\",\"name\":\"Szenik\",\"url\":\"https:\/\/www.szenik.eu\/de\/\",\"logo\":{\"@type\":\"ImageObject\",\"inLanguage\":\"de\",\"@id\":\"https:\/\/www.szenik.eu\/de\/#\/schema\/logo\/image\/\",\"url\":\"https:\/\/www.szenik.eu\/wp-content\/uploads\/2019\/07\/logo-square.png\",\"contentUrl\":\"https:\/\/www.szenik.eu\/wp-content\/uploads\/2019\/07\/logo-square.png\",\"width\":512,\"height\":512,\"caption\":\"Szenik\"},\"image\":{\"@id\":\"https:\/\/www.szenik.eu\/de\/#\/schema\/logo\/image\/\"},\"sameAs\":[\"https:\/\/www.facebook.com\/szenik.eu\/\",\"https:\/\/twitter.com\/Szenik\",\"https:\/\/www.instagram.com\/szenik_magazine\/\",\"https:\/\/www.youtube.com\/user\/SzenikEU\/\"]},{\"@type\":\"Person\",\"@id\":\"https:\/\/www.szenik.eu\/de\/#\/schema\/person\/15f73f175b41bad194837490339d48fb\",\"name\":\"szenik\",\"image\":{\"@type\":\"ImageObject\",\"inLanguage\":\"de\",\"@id\":\"https:\/\/www.szenik.eu\/de\/#\/schema\/person\/image\/\",\"url\":\"https:\/\/secure.gravatar.com\/avatar\/d1c4f19522a624a4eaa5e6c03e22370b?s=96&d=mm&r=g\",\"contentUrl\":\"https:\/\/secure.gravatar.com\/avatar\/d1c4f19522a624a4eaa5e6c03e22370b?s=96&d=mm&r=g\",\"caption\":\"szenik\"}}]}<\/script>\n<!-- \/ Yoast SEO plugin. -->","yoast_head_json":{"title":"Theater Trier: Ein Abend f\u00fcr die Ukraine am 28. M\u00e4rz I szenik","description":"An diesem Abend setzt das Theater Trier ein Zeichen der Solidarit\u00e4t und f\u00fcr den Frieden f\u00fcr die Menschen in der Ukraine.","robots":{"index":"index","follow":"follow","max-snippet":"max-snippet:-1","max-image-preview":"max-image-preview:large","max-video-preview":"max-video-preview:-1"},"canonical":"https:\/\/www.szenik.eu\/de\/theater-trier-ein-abend-fuer-die-ukraine-am-montag-den-28-maerz-2022-48869","og_locale":"de_DE","og_type":"article","og_title":"Theater Trier: Ein Abend f\u00fcr die Ukraine am 28. M\u00e4rz I szenik","og_description":"An diesem Abend setzt das Theater Trier ein Zeichen der Solidarit\u00e4t und f\u00fcr den Frieden f\u00fcr die Menschen in der Ukraine.","og_url":"https:\/\/www.szenik.eu\/de\/theater-trier-ein-abend-fuer-die-ukraine-am-montag-den-28-maerz-2022-48869","og_site_name":"szenik","article_publisher":"https:\/\/www.facebook.com\/szenik.eu\/","article_published_time":"2022-03-21T09:36:32+00:00","article_modified_time":"2022-03-21T09:36:36+00:00","og_image":[{"width":1084,"height":697,"url":"https:\/\/www.szenik.eu\/wp-content\/uploads\/2022\/03\/Capture-decran-2022-03-21-a-10.35.35.png","type":"image\/png"}],"author":"szenik","twitter_card":"summary_large_image","twitter_creator":"@Szenik","twitter_site":"@Szenik","twitter_misc":{"Verfasst von":"szenik","Gesch\u00e4tzte Lesezeit":"1\u00a0Minute"},"schema":{"@context":"https:\/\/schema.org","@graph":[{"@type":"Article","@id":"https:\/\/www.szenik.eu\/de\/theater-trier-ein-abend-fuer-die-ukraine-am-montag-den-28-maerz-2022-48869#article","isPartOf":{"@id":"https:\/\/www.szenik.eu\/de\/theater-trier-ein-abend-fuer-die-ukraine-am-montag-den-28-maerz-2022-48869"},"author":{"name":"szenik","@id":"https:\/\/www.szenik.eu\/de\/#\/schema\/person\/15f73f175b41bad194837490339d48fb"},"headline":"Theater Trier &#8211; &#8222;Ein Abend f\u00fcr die Ukraine&#8220; am Montag, den 28. M\u00e4rz 2022","datePublished":"2022-03-21T09:36:32+00:00","dateModified":"2022-03-21T09:36:36+00:00","mainEntityOfPage":{"@id":"https:\/\/www.szenik.eu\/de\/theater-trier-ein-abend-fuer-die-ukraine-am-montag-den-28-maerz-2022-48869"},"wordCount":141,"commentCount":0,"publisher":{"@id":"https:\/\/www.szenik.eu\/de\/#organization"},"keywords":["Theater Trier"],"articleSection":["Kurz &amp; knackig","Magazin"],"inLanguage":"de","potentialAction":[{"@type":"CommentAction","name":"Comment","target":["https:\/\/www.szenik.eu\/de\/theater-trier-ein-abend-fuer-die-ukraine-am-montag-den-28-maerz-2022-48869#respond"]}]},{"@type":"WebPage","@id":"https:\/\/www.szenik.eu\/de\/theater-trier-ein-abend-fuer-die-ukraine-am-montag-den-28-maerz-2022-48869","url":"https:\/\/www.szenik.eu\/de\/theater-trier-ein-abend-fuer-die-ukraine-am-montag-den-28-maerz-2022-48869","name":"Theater Trier: Ein Abend f\u00fcr die Ukraine am 28. M\u00e4rz I szenik","isPartOf":{"@id":"https:\/\/www.szenik.eu\/de\/#website"},"datePublished":"2022-03-21T09:36:32+00:00","dateModified":"2022-03-21T09:36:36+00:00","description":"An diesem Abend setzt das Theater Trier ein Zeichen der Solidarit\u00e4t und f\u00fcr den Frieden f\u00fcr die Menschen in der Ukraine.","breadcrumb":{"@id":"https:\/\/www.szenik.eu\/de\/theater-trier-ein-abend-fuer-die-ukraine-am-montag-den-28-maerz-2022-48869#breadcrumb"},"inLanguage":"de","potentialAction":[{"@type":"ReadAction","target":["https:\/\/www.szenik.eu\/de\/theater-trier-ein-abend-fuer-die-ukraine-am-montag-den-28-maerz-2022-48869"]}]},{"@type":"BreadcrumbList","@id":"https:\/\/www.szenik.eu\/de\/theater-trier-ein-abend-fuer-die-ukraine-am-montag-den-28-maerz-2022-48869#breadcrumb","itemListElement":[{"@type":"ListItem","position":1,"name":"Home","item":"https:\/\/www.szenik.eu\/de"},{"@type":"ListItem","position":2,"name":"Theater Trier &#8211; &#8222;Ein Abend f\u00fcr die Ukraine&#8220; am Montag, den 28. M\u00e4rz 2022"}]},{"@type":"WebSite","@id":"https:\/\/www.szenik.eu\/de\/#website","url":"https:\/\/www.szenik.eu\/de\/","name":"szenik","description":"Le Meilleur des sc\u00e8nes au coeur de l&#039;Europe","publisher":{"@id":"https:\/\/www.szenik.eu\/de\/#organization"},"potentialAction":[{"@type":"SearchAction","target":{"@type":"EntryPoint","urlTemplate":"https:\/\/www.szenik.eu\/de\/?s={search_term_string}"},"query-input":"required name=search_term_string"}],"inLanguage":"de"},{"@type":"Organization","@id":"https:\/\/www.szenik.eu\/de\/#organization","name":"Szenik","url":"https:\/\/www.szenik.eu\/de\/","logo":{"@type":"ImageObject","inLanguage":"de","@id":"https:\/\/www.szenik.eu\/de\/#\/schema\/logo\/image\/","url":"https:\/\/www.szenik.eu\/wp-content\/uploads\/2019\/07\/logo-square.png","contentUrl":"https:\/\/www.szenik.eu\/wp-content\/uploads\/2019\/07\/logo-square.png","width":512,"height":512,"caption":"Szenik"},"image":{"@id":"https:\/\/www.szenik.eu\/de\/#\/schema\/logo\/image\/"},"sameAs":["https:\/\/www.facebook.com\/szenik.eu\/","https:\/\/twitter.com\/Szenik","https:\/\/www.instagram.com\/szenik_magazine\/","https:\/\/www.youtube.com\/user\/SzenikEU\/"]},{"@type":"Person","@id":"https:\/\/www.szenik.eu\/de\/#\/schema\/person\/15f73f175b41bad194837490339d48fb","name":"szenik","image":{"@type":"ImageObject","inLanguage":"de","@id":"https:\/\/www.szenik.eu\/de\/#\/schema\/person\/image\/","url":"https:\/\/secure.gravatar.com\/avatar\/d1c4f19522a624a4eaa5e6c03e22370b?s=96&d=mm&r=g","contentUrl":"https:\/\/secure.gravatar.com\/avatar\/d1c4f19522a624a4eaa5e6c03e22370b?s=96&d=mm&r=g","caption":"szenik"}}]}},"jetpack_featured_media_url":"https:\/\/www.szenik.eu\/wp-content\/uploads\/2022\/03\/Capture-decran-2022-03-21-a-10.35.35.png","amp_enabled":true,"_links":{"self":[{"href":"https:\/\/www.szenik.eu\/de\/wp-json\/\/wp\/v2\/posts\/48869"}],"collection":[{"href":"https:\/\/www.szenik.eu\/de\/wp-json\/\/wp\/v2\/posts"}],"about":[{"href":"https:\/\/www.szenik.eu\/de\/wp-json\/\/wp\/v2\/types\/post"}],"author":[{"embeddable":true,"href":"https:\/\/www.szenik.eu\/de\/wp-json\/\/wp\/v2\/users\/1"}],"replies":[{"embeddable":true,"href":"https:\/\/www.szenik.eu\/de\/wp-json\/\/wp\/v2\/comments?post=48869"}],"version-history":[{"count":1,"href":"https:\/\/www.szenik.eu\/de\/wp-json\/\/wp\/v2\/posts\/48869\/revisions"}],"predecessor-version":[{"id":48872,"href":"https:\/\/www.szenik.eu\/de\/wp-json\/\/wp\/v2\/posts\/48869\/revisions\/48872"}],"wp:featuredmedia":[{"embeddable":true,"href":"https:\/\/www.szenik.eu\/de\/wp-json\/\/wp\/v2\/media\/48870"}],"wp:attachment":[{"href":"https:\/\/www.szenik.eu\/de\/wp-json\/\/wp\/v2\/media?parent=48869"}],"wp:term":[{"taxonomy":"category","embeddable":true,"href":"https:\/\/www.szenik.eu\/de\/wp-json\/\/wp\/v2\/categories?post=48869"},{"taxonomy":"post_tag","embeddable":true,"href":"https:\/\/www.szenik.eu\/de\/wp-json\/\/wp\/v2\/tags?post=48869"}],"curies":[{"name":"wp","href":"https:\/\/api.w.org\/{rel}","templated":true}]}}