{"id":48512,"date":"2022-03-14T09:01:08","date_gmt":"2022-03-14T08:01:08","guid":{"rendered":"https:\/\/www.szenik.eu\/?p=48512\/"},"modified":"2022-03-14T09:01:12","modified_gmt":"2022-03-14T08:01:12","slug":"hotel-europa-eine-internationale-koproduktion-des-jes-stuttgart-und-dem-nie-theatre","status":"publish","type":"post","link":"https:\/\/www.szenik.eu\/de\/hotel-europa-eine-internationale-koproduktion-des-jes-stuttgart-und-dem-nie-theatre-48512","title":{"rendered":"&#8222;hotel europa&#8220;: Eine internationale Koproduktion des JES Stuttgart und dem NIE-Theatre"},"content":{"rendered":"\n<h2>Die letzte JES-Premiere unter der Intendanz von Brigitte Dethier ist eine gro\u00dfe internationale Koproduktion des Jungen Ensembles Stuttgart mit dem NIE-Theatre: Am 01. Mai um 19:00 Uhr feiert das \u201ehotel europa\u201c seine Urauff\u00fchrung im ehemaligen Gemeindesaal der St. Christophorus-Kirche in Wangen, coronabedingt im dritten Anlauf, mit zehn Spieler*innen aus sieben europ\u00e4ischen L\u00e4ndern.<\/h2>\n\n\n\n<div style=\"height:100px\" aria-hidden=\"true\" class=\"wp-block-spacer\"><\/div>\n\n\n\n<p>Europa? Was ist das? Ein Mythos? Nur ein Kontinent? Eine friedenstiftende Wertegemeinschaft? Voraussetzung f\u00fcr eine bl\u00fchende Wirtschaft? Ein b\u00fcrokratisches Monster? Oder schlicht eine Ansammlung von Nationalstaaten und Eigeninteressen? Was bedeutet Europa f\u00fcr junge Menschen, die mit offenen Grenzen und liberalem Gedankengut aufgewachsen sind? Was denken sie \u00fcber Europa?<\/p>\n\n\n\n<p>Mit diesen Fragen besch\u00e4ftigt sich das im Ensemble entwickelte St\u00fcck \u201e<strong><em>hotel europa<\/em><\/strong>\u201c. Urspr\u00fcnglich f\u00fcr die Spielzeit 19\/20 als internationales Gro\u00dfprojekt geplant, musste die Premiere zweimal aufgrund von Corona und den damit einhergehenden Reisebeschr\u00e4nkungen verschoben werden. Mit zehn Spieler*innen aus insgesamt sieben unterschiedlichen Nationen ist \u201ehotel europa\u201c die Produktion mit dem bisher gr\u00f6\u00dften Cast in der Geschichte des JES. In der nach \u201eBerlin, 1961\u201c und \u201eThe Emigrants\u201c dritten Koproduktion der beiden Theater unter der gemeinsamen Regie von JES- Intendantin <strong>Brigitte Dethier<\/strong> und <a href=\"https:\/\/nie-theatre.com\" target=\"_blank\" rel=\"noreferrer noopener\" aria-label=\"NIE-Director Kjell Moberg (opens in a new tab)\">NIE-Director <strong>Kjell Moberg<\/strong><\/a> geht es um die Nachfolge des in die Jahre gekommenen Stuttgarter Hotels \u201eeuropa\u201c, welches mitten in der Wirtschaftswunderzeit gegr\u00fcndet wurde. Der Erbe des Hotels und die Mitarbeiter*innen aus verschiedenen L\u00e4ndern und sozialen Schichten kommen zu einem Leichenschmaus zusammen und stellen sich die Frage, wie es weitergehen soll, wenn das Alte nicht mehr ist \u2013 mit dem Betrieb, mit der Gesellschaft, den Hierarchien, der Bedeutung alter und neuer Werte, kurzum mit (dem) europa. Einige schauen mit Skepsis in die Zukunft, andere mit einem L\u00e4cheln und Zuversicht.<\/p>\n\n\n\n<p>\u201e<strong><em>hotel europa<\/em><\/strong>\u201c ist kein Repertoire-St\u00fcck und wird ausschlie\u00dflich im Mai 2022 gespielt. Die Premiere <strong>am 01. Mai<\/strong> wird au\u00dferdem die letzte Premiere in der Intendanz von Brigitte Dethier sein. Im Rahmen des Theaterfestivals \u201eSch\u00f6ne Aussicht\u201c, welches vom 08. Bis 15. Mai stattfindet, wird das St\u00fcck als Gastgeberbeitrag an mehreren Tagen aufgef\u00fchrt. Derni\u00e8re feiert \u201ehotel europa\u201c am 21. Mai. <\/p>\n\n\n\n<p>Die Produktion wird unterst\u00fctzt durch Mittel aus der \u201eProjektf\u00f6rderung Kinder- undJugendtheater\u201c des Ministeriums f\u00fcr Wissenschaft, Forschung und Kunst Baden-W\u00fcrttemberg. Das St\u00fcck ist f\u00fcr Menschen <strong>ab 14 Jahren<\/strong> empfohlen.<\/p>\n\n\n\n<div style=\"height:100px\" aria-hidden=\"true\" class=\"wp-block-spacer\"><\/div>\n\n\n\n<div class=\"wp-block-button aligncenter\"><a class=\"wp-block-button__link has-text-color has-very-dark-gray-color has-background has-luminous-vivid-amber-background-color\" href=\"https:\/\/www.jes-stuttgart.de\" target=\"_blank\" rel=\"noreferrer noopener\">Weitere Informationen<\/a><\/div>\n\n\n\n<div style=\"height:100px\" aria-hidden=\"true\" class=\"wp-block-spacer\"><\/div>\n\n\n\n<p class=\"has-small-font-size\">Foto: Brigitte Dethier I Jan Merkle<\/p>\n\n\n\n<div style=\"height:100px\" aria-hidden=\"true\" class=\"wp-block-spacer\"><\/div>\n","protected":false},"excerpt":{"rendered":"<p>Die letzte JES-Premiere unter der Intendanz von Brigitte Dethier ist eine gro\u00dfe internationale Koproduktion des Jungen Ensembles Stuttgart mit dem NIE-Theatre: Am 01. Mai um 19:00 Uhr feiert das \u201ehotel europa\u201c seine Urauff\u00fchrung im ehemaligen Gemeindesaal der St. Christophorus-Kirche in Wangen, coronabedingt im dritten Anlauf, mit zehn Spieler*innen aus sieben europ\u00e4ischen L\u00e4ndern. Europa? Was ist [&hellip;]<\/p>\n","protected":false},"author":1,"featured_media":48515,"comment_status":"open","ping_status":"open","sticky":false,"template":"","format":"standard","meta":{"_monsterinsights_skip_tracking":false,"_monsterinsights_sitenote_active":false,"_monsterinsights_sitenote_note":"","_monsterinsights_sitenote_category":0},"categories":[2815,53],"tags":[6532,16754],"yoast_head":"<!-- This site is optimized with the Yoast SEO plugin v20.5 - https:\/\/yoast.com\/wordpress\/plugins\/seo\/ -->\n<title>&quot;hotel europa&quot;: Ein Projekt des JES Stuttgart und dem NIE-Theatre I szenik<\/title>\n<meta name=\"description\" content=\"Die letzte JES-Premiere unter der Intendanz von Brigitte Dethier ist eine internationale Koproduktion des Jungen Ensembles Stuttgart mit dem NIE-Theatre.\" \/>\n<meta name=\"robots\" content=\"index, follow, max-snippet:-1, max-image-preview:large, max-video-preview:-1\" \/>\n<link rel=\"canonical\" href=\"https:\/\/www.szenik.eu\/de\/hotel-europa-eine-internationale-koproduktion-des-jes-stuttgart-und-dem-nie-theatre-48512\" \/>\n<meta property=\"og:locale\" content=\"de_DE\" \/>\n<meta property=\"og:type\" content=\"article\" \/>\n<meta property=\"og:title\" content=\"&quot;hotel europa&quot;: Ein Projekt des JES Stuttgart und dem NIE-Theatre I szenik\" \/>\n<meta property=\"og:description\" content=\"Die letzte JES-Premiere unter der Intendanz von Brigitte Dethier ist eine internationale Koproduktion des Jungen Ensembles Stuttgart mit dem NIE-Theatre.\" \/>\n<meta property=\"og:url\" content=\"https:\/\/www.szenik.eu\/de\/hotel-europa-eine-internationale-koproduktion-des-jes-stuttgart-und-dem-nie-theatre-48512\" \/>\n<meta property=\"og:site_name\" content=\"szenik\" \/>\n<meta property=\"article:publisher\" content=\"https:\/\/www.facebook.com\/szenik.eu\/\" \/>\n<meta property=\"article:published_time\" content=\"2022-03-14T08:01:08+00:00\" \/>\n<meta property=\"article:modified_time\" content=\"2022-03-14T08:01:12+00:00\" \/>\n<meta property=\"og:image\" content=\"https:\/\/www.szenik.eu\/wp-content\/uploads\/2022\/03\/BrigitteDethier_Foto-Jan-Merkle.jpg\" \/>\n\t<meta property=\"og:image:width\" content=\"1000\" \/>\n\t<meta property=\"og:image:height\" content=\"563\" \/>\n\t<meta property=\"og:image:type\" content=\"image\/jpeg\" \/>\n<meta name=\"author\" content=\"szenik\" \/>\n<meta name=\"twitter:card\" content=\"summary_large_image\" \/>\n<meta name=\"twitter:creator\" content=\"@Szenik\" \/>\n<meta name=\"twitter:site\" content=\"@Szenik\" \/>\n<meta name=\"twitter:label1\" content=\"Verfasst von\" \/>\n\t<meta name=\"twitter:data1\" content=\"szenik\" \/>\n\t<meta name=\"twitter:label2\" content=\"Gesch\u00e4tzte Lesezeit\" \/>\n\t<meta name=\"twitter:data2\" content=\"2\u00a0Minuten\" \/>\n<script type=\"application\/ld+json\" class=\"yoast-schema-graph\">{\"@context\":\"https:\/\/schema.org\",\"@graph\":[{\"@type\":\"Article\",\"@id\":\"https:\/\/www.szenik.eu\/de\/hotel-europa-eine-internationale-koproduktion-des-jes-stuttgart-und-dem-nie-theatre-48512#article\",\"isPartOf\":{\"@id\":\"https:\/\/www.szenik.eu\/de\/hotel-europa-eine-internationale-koproduktion-des-jes-stuttgart-und-dem-nie-theatre-48512\"},\"author\":{\"name\":\"szenik\",\"@id\":\"https:\/\/www.szenik.eu\/de\/#\/schema\/person\/15f73f175b41bad194837490339d48fb\"},\"headline\":\"&#8222;hotel europa&#8220;: Eine internationale Koproduktion des JES Stuttgart und dem NIE-Theatre\",\"datePublished\":\"2022-03-14T08:01:08+00:00\",\"dateModified\":\"2022-03-14T08:01:12+00:00\",\"mainEntityOfPage\":{\"@id\":\"https:\/\/www.szenik.eu\/de\/hotel-europa-eine-internationale-koproduktion-des-jes-stuttgart-und-dem-nie-theatre-48512\"},\"wordCount\":397,\"commentCount\":1,\"publisher\":{\"@id\":\"https:\/\/www.szenik.eu\/de\/#organization\"},\"keywords\":[\"JES\",\"NIE Theatre\"],\"articleSection\":[\"Kurz &amp; knackig\",\"Magazin\"],\"inLanguage\":\"de\",\"potentialAction\":[{\"@type\":\"CommentAction\",\"name\":\"Comment\",\"target\":[\"https:\/\/www.szenik.eu\/de\/hotel-europa-eine-internationale-koproduktion-des-jes-stuttgart-und-dem-nie-theatre-48512#respond\"]}]},{\"@type\":\"WebPage\",\"@id\":\"https:\/\/www.szenik.eu\/de\/hotel-europa-eine-internationale-koproduktion-des-jes-stuttgart-und-dem-nie-theatre-48512\",\"url\":\"https:\/\/www.szenik.eu\/de\/hotel-europa-eine-internationale-koproduktion-des-jes-stuttgart-und-dem-nie-theatre-48512\",\"name\":\"\\\"hotel europa\\\": Ein Projekt des JES Stuttgart und dem NIE-Theatre I szenik\",\"isPartOf\":{\"@id\":\"https:\/\/www.szenik.eu\/de\/#website\"},\"datePublished\":\"2022-03-14T08:01:08+00:00\",\"dateModified\":\"2022-03-14T08:01:12+00:00\",\"description\":\"Die letzte JES-Premiere unter der Intendanz von Brigitte Dethier ist eine internationale Koproduktion des Jungen Ensembles Stuttgart mit dem NIE-Theatre.\",\"breadcrumb\":{\"@id\":\"https:\/\/www.szenik.eu\/de\/hotel-europa-eine-internationale-koproduktion-des-jes-stuttgart-und-dem-nie-theatre-48512#breadcrumb\"},\"inLanguage\":\"de\",\"potentialAction\":[{\"@type\":\"ReadAction\",\"target\":[\"https:\/\/www.szenik.eu\/de\/hotel-europa-eine-internationale-koproduktion-des-jes-stuttgart-und-dem-nie-theatre-48512\"]}]},{\"@type\":\"BreadcrumbList\",\"@id\":\"https:\/\/www.szenik.eu\/de\/hotel-europa-eine-internationale-koproduktion-des-jes-stuttgart-und-dem-nie-theatre-48512#breadcrumb\",\"itemListElement\":[{\"@type\":\"ListItem\",\"position\":1,\"name\":\"Home\",\"item\":\"https:\/\/www.szenik.eu\/de\"},{\"@type\":\"ListItem\",\"position\":2,\"name\":\"&#8222;hotel europa&#8220;: Eine internationale Koproduktion des JES Stuttgart und dem NIE-Theatre\"}]},{\"@type\":\"WebSite\",\"@id\":\"https:\/\/www.szenik.eu\/de\/#website\",\"url\":\"https:\/\/www.szenik.eu\/de\/\",\"name\":\"szenik\",\"description\":\"Le Meilleur des sc\u00e8nes au coeur de l&#039;Europe\",\"publisher\":{\"@id\":\"https:\/\/www.szenik.eu\/de\/#organization\"},\"potentialAction\":[{\"@type\":\"SearchAction\",\"target\":{\"@type\":\"EntryPoint\",\"urlTemplate\":\"https:\/\/www.szenik.eu\/de\/?s={search_term_string}\"},\"query-input\":\"required name=search_term_string\"}],\"inLanguage\":\"de\"},{\"@type\":\"Organization\",\"@id\":\"https:\/\/www.szenik.eu\/de\/#organization\",\"name\":\"Szenik\",\"url\":\"https:\/\/www.szenik.eu\/de\/\",\"logo\":{\"@type\":\"ImageObject\",\"inLanguage\":\"de\",\"@id\":\"https:\/\/www.szenik.eu\/de\/#\/schema\/logo\/image\/\",\"url\":\"https:\/\/www.szenik.eu\/wp-content\/uploads\/2019\/07\/logo-square.png\",\"contentUrl\":\"https:\/\/www.szenik.eu\/wp-content\/uploads\/2019\/07\/logo-square.png\",\"width\":512,\"height\":512,\"caption\":\"Szenik\"},\"image\":{\"@id\":\"https:\/\/www.szenik.eu\/de\/#\/schema\/logo\/image\/\"},\"sameAs\":[\"https:\/\/www.facebook.com\/szenik.eu\/\",\"https:\/\/twitter.com\/Szenik\",\"https:\/\/www.instagram.com\/szenik_magazine\/\",\"https:\/\/www.youtube.com\/user\/SzenikEU\/\"]},{\"@type\":\"Person\",\"@id\":\"https:\/\/www.szenik.eu\/de\/#\/schema\/person\/15f73f175b41bad194837490339d48fb\",\"name\":\"szenik\",\"image\":{\"@type\":\"ImageObject\",\"inLanguage\":\"de\",\"@id\":\"https:\/\/www.szenik.eu\/de\/#\/schema\/person\/image\/\",\"url\":\"https:\/\/secure.gravatar.com\/avatar\/d1c4f19522a624a4eaa5e6c03e22370b?s=96&d=mm&r=g\",\"contentUrl\":\"https:\/\/secure.gravatar.com\/avatar\/d1c4f19522a624a4eaa5e6c03e22370b?s=96&d=mm&r=g\",\"caption\":\"szenik\"}}]}<\/script>\n<!-- \/ Yoast SEO plugin. -->","yoast_head_json":{"title":"\"hotel europa\": Ein Projekt des JES Stuttgart und dem NIE-Theatre I szenik","description":"Die letzte JES-Premiere unter der Intendanz von Brigitte Dethier ist eine internationale Koproduktion des Jungen Ensembles Stuttgart mit dem NIE-Theatre.","robots":{"index":"index","follow":"follow","max-snippet":"max-snippet:-1","max-image-preview":"max-image-preview:large","max-video-preview":"max-video-preview:-1"},"canonical":"https:\/\/www.szenik.eu\/de\/hotel-europa-eine-internationale-koproduktion-des-jes-stuttgart-und-dem-nie-theatre-48512","og_locale":"de_DE","og_type":"article","og_title":"\"hotel europa\": Ein Projekt des JES Stuttgart und dem NIE-Theatre I szenik","og_description":"Die letzte JES-Premiere unter der Intendanz von Brigitte Dethier ist eine internationale Koproduktion des Jungen Ensembles Stuttgart mit dem NIE-Theatre.","og_url":"https:\/\/www.szenik.eu\/de\/hotel-europa-eine-internationale-koproduktion-des-jes-stuttgart-und-dem-nie-theatre-48512","og_site_name":"szenik","article_publisher":"https:\/\/www.facebook.com\/szenik.eu\/","article_published_time":"2022-03-14T08:01:08+00:00","article_modified_time":"2022-03-14T08:01:12+00:00","og_image":[{"width":1000,"height":563,"url":"https:\/\/www.szenik.eu\/wp-content\/uploads\/2022\/03\/BrigitteDethier_Foto-Jan-Merkle.jpg","type":"image\/jpeg"}],"author":"szenik","twitter_card":"summary_large_image","twitter_creator":"@Szenik","twitter_site":"@Szenik","twitter_misc":{"Verfasst von":"szenik","Gesch\u00e4tzte Lesezeit":"2\u00a0Minuten"},"schema":{"@context":"https:\/\/schema.org","@graph":[{"@type":"Article","@id":"https:\/\/www.szenik.eu\/de\/hotel-europa-eine-internationale-koproduktion-des-jes-stuttgart-und-dem-nie-theatre-48512#article","isPartOf":{"@id":"https:\/\/www.szenik.eu\/de\/hotel-europa-eine-internationale-koproduktion-des-jes-stuttgart-und-dem-nie-theatre-48512"},"author":{"name":"szenik","@id":"https:\/\/www.szenik.eu\/de\/#\/schema\/person\/15f73f175b41bad194837490339d48fb"},"headline":"&#8222;hotel europa&#8220;: Eine internationale Koproduktion des JES Stuttgart und dem NIE-Theatre","datePublished":"2022-03-14T08:01:08+00:00","dateModified":"2022-03-14T08:01:12+00:00","mainEntityOfPage":{"@id":"https:\/\/www.szenik.eu\/de\/hotel-europa-eine-internationale-koproduktion-des-jes-stuttgart-und-dem-nie-theatre-48512"},"wordCount":397,"commentCount":1,"publisher":{"@id":"https:\/\/www.szenik.eu\/de\/#organization"},"keywords":["JES","NIE Theatre"],"articleSection":["Kurz &amp; knackig","Magazin"],"inLanguage":"de","potentialAction":[{"@type":"CommentAction","name":"Comment","target":["https:\/\/www.szenik.eu\/de\/hotel-europa-eine-internationale-koproduktion-des-jes-stuttgart-und-dem-nie-theatre-48512#respond"]}]},{"@type":"WebPage","@id":"https:\/\/www.szenik.eu\/de\/hotel-europa-eine-internationale-koproduktion-des-jes-stuttgart-und-dem-nie-theatre-48512","url":"https:\/\/www.szenik.eu\/de\/hotel-europa-eine-internationale-koproduktion-des-jes-stuttgart-und-dem-nie-theatre-48512","name":"\"hotel europa\": Ein Projekt des JES Stuttgart und dem NIE-Theatre I szenik","isPartOf":{"@id":"https:\/\/www.szenik.eu\/de\/#website"},"datePublished":"2022-03-14T08:01:08+00:00","dateModified":"2022-03-14T08:01:12+00:00","description":"Die letzte JES-Premiere unter der Intendanz von Brigitte Dethier ist eine internationale Koproduktion des Jungen Ensembles Stuttgart mit dem NIE-Theatre.","breadcrumb":{"@id":"https:\/\/www.szenik.eu\/de\/hotel-europa-eine-internationale-koproduktion-des-jes-stuttgart-und-dem-nie-theatre-48512#breadcrumb"},"inLanguage":"de","potentialAction":[{"@type":"ReadAction","target":["https:\/\/www.szenik.eu\/de\/hotel-europa-eine-internationale-koproduktion-des-jes-stuttgart-und-dem-nie-theatre-48512"]}]},{"@type":"BreadcrumbList","@id":"https:\/\/www.szenik.eu\/de\/hotel-europa-eine-internationale-koproduktion-des-jes-stuttgart-und-dem-nie-theatre-48512#breadcrumb","itemListElement":[{"@type":"ListItem","position":1,"name":"Home","item":"https:\/\/www.szenik.eu\/de"},{"@type":"ListItem","position":2,"name":"&#8222;hotel europa&#8220;: Eine internationale Koproduktion des JES Stuttgart und dem NIE-Theatre"}]},{"@type":"WebSite","@id":"https:\/\/www.szenik.eu\/de\/#website","url":"https:\/\/www.szenik.eu\/de\/","name":"szenik","description":"Le Meilleur des sc\u00e8nes au coeur de l&#039;Europe","publisher":{"@id":"https:\/\/www.szenik.eu\/de\/#organization"},"potentialAction":[{"@type":"SearchAction","target":{"@type":"EntryPoint","urlTemplate":"https:\/\/www.szenik.eu\/de\/?s={search_term_string}"},"query-input":"required name=search_term_string"}],"inLanguage":"de"},{"@type":"Organization","@id":"https:\/\/www.szenik.eu\/de\/#organization","name":"Szenik","url":"https:\/\/www.szenik.eu\/de\/","logo":{"@type":"ImageObject","inLanguage":"de","@id":"https:\/\/www.szenik.eu\/de\/#\/schema\/logo\/image\/","url":"https:\/\/www.szenik.eu\/wp-content\/uploads\/2019\/07\/logo-square.png","contentUrl":"https:\/\/www.szenik.eu\/wp-content\/uploads\/2019\/07\/logo-square.png","width":512,"height":512,"caption":"Szenik"},"image":{"@id":"https:\/\/www.szenik.eu\/de\/#\/schema\/logo\/image\/"},"sameAs":["https:\/\/www.facebook.com\/szenik.eu\/","https:\/\/twitter.com\/Szenik","https:\/\/www.instagram.com\/szenik_magazine\/","https:\/\/www.youtube.com\/user\/SzenikEU\/"]},{"@type":"Person","@id":"https:\/\/www.szenik.eu\/de\/#\/schema\/person\/15f73f175b41bad194837490339d48fb","name":"szenik","image":{"@type":"ImageObject","inLanguage":"de","@id":"https:\/\/www.szenik.eu\/de\/#\/schema\/person\/image\/","url":"https:\/\/secure.gravatar.com\/avatar\/d1c4f19522a624a4eaa5e6c03e22370b?s=96&d=mm&r=g","contentUrl":"https:\/\/secure.gravatar.com\/avatar\/d1c4f19522a624a4eaa5e6c03e22370b?s=96&d=mm&r=g","caption":"szenik"}}]}},"jetpack_featured_media_url":"https:\/\/www.szenik.eu\/wp-content\/uploads\/2022\/03\/BrigitteDethier_Foto-Jan-Merkle.jpg","amp_enabled":true,"_links":{"self":[{"href":"https:\/\/www.szenik.eu\/de\/wp-json\/\/wp\/v2\/posts\/48512"}],"collection":[{"href":"https:\/\/www.szenik.eu\/de\/wp-json\/\/wp\/v2\/posts"}],"about":[{"href":"https:\/\/www.szenik.eu\/de\/wp-json\/\/wp\/v2\/types\/post"}],"author":[{"embeddable":true,"href":"https:\/\/www.szenik.eu\/de\/wp-json\/\/wp\/v2\/users\/1"}],"replies":[{"embeddable":true,"href":"https:\/\/www.szenik.eu\/de\/wp-json\/\/wp\/v2\/comments?post=48512"}],"version-history":[{"count":2,"href":"https:\/\/www.szenik.eu\/de\/wp-json\/\/wp\/v2\/posts\/48512\/revisions"}],"predecessor-version":[{"id":48522,"href":"https:\/\/www.szenik.eu\/de\/wp-json\/\/wp\/v2\/posts\/48512\/revisions\/48522"}],"wp:featuredmedia":[{"embeddable":true,"href":"https:\/\/www.szenik.eu\/de\/wp-json\/\/wp\/v2\/media\/48515"}],"wp:attachment":[{"href":"https:\/\/www.szenik.eu\/de\/wp-json\/\/wp\/v2\/media?parent=48512"}],"wp:term":[{"taxonomy":"category","embeddable":true,"href":"https:\/\/www.szenik.eu\/de\/wp-json\/\/wp\/v2\/categories?post=48512"},{"taxonomy":"post_tag","embeddable":true,"href":"https:\/\/www.szenik.eu\/de\/wp-json\/\/wp\/v2\/tags?post=48512"}],"curies":[{"name":"wp","href":"https:\/\/api.w.org\/{rel}","templated":true}]}}