{"id":48508,"date":"2022-03-14T08:52:58","date_gmt":"2022-03-14T07:52:58","guid":{"rendered":"https:\/\/www.szenik.eu\/?p=48508\/"},"modified":"2022-03-14T08:53:03","modified_gmt":"2022-03-14T07:53:03","slug":"gemeinsam-solidarisch-fuer-die-ukraine-kyiv-soloists-und-kammerorchester-basel","status":"publish","type":"post","link":"https:\/\/www.szenik.eu\/de\/gemeinsam-solidarisch-fuer-die-ukraine-kyiv-soloists-und-kammerorchester-basel-48508","title":{"rendered":"Gemeinsam solidarisch f\u00fcr die Ukraine: Kyiv Soloists und Kammerorchester Basel"},"content":{"rendered":"\n<h2>Zusammen mit dem Orchester Kyiv Soloists will das Kammerorchester Basel ein Zeichen setzen und die Solidarit\u00e4t mit den Menschen in der Ukraine, die um ihr Leben und ihr Land f\u00fcrchten, ausdr\u00fccken. Aus diesem Grunde l\u00e4dt das Basler Orchester am Donnerstag, 17.3.2022 zu einem gemeinsamen Benefizkonzert f\u00fcr die Ukraine in Don Bosco Basel ein.<\/h2>\n\n\n\n<div style=\"height:100px\" aria-hidden=\"true\" class=\"wp-block-spacer\"><\/div>\n\n\n\n<p><em>Pressemitteilung<\/em><\/p>\n\n\n\n<div style=\"height:100px\" aria-hidden=\"true\" class=\"wp-block-spacer\"><\/div>\n\n\n\n<p>Das Kammerorchester Kyiv Soloists ist einige Tage vor Ausbruch des Krieges zu einer Konzerttournee nach Italien aufgebrochen. Fassungslos m\u00fcssen die sechzehn ukrainischen MusikerInnen aus der Ferne<br>die Berichte \u00fcber den menschenverachtenden Angriffskrieg Russlands gegen ihre engsten Vertrauten und Mitb\u00fcrgerInnen verfolgen. Der ukrainisch-schweizerische Solo-Hornist des Kammerorchester Basel, Konstantin Timokhine, ist in diesen schwierigen Tagen in st\u00e4ndigem Kontakt mit seinen KollegInnen und hat das Ensemble im Namen des Kammerorchester Basel zu einem gemeinsamen Solidarit\u00e4tskonzert eingeladen. Das Basler Orchester ist mit den Gedanken bei den Menschen in der Ukraine und bringt mit diesem Konzert seinen fundamentalen Protest gegen das L\u00e4rmen dieses Kriegs und als Pl\u00e4doyer f\u00fcr eine friedliche Welt zum Ausdruck.<\/p>\n\n\n\n<p>Auf dem Programm stehen Werke des ukrainischen Komponisten <strong>Maxim Berezovsky<\/strong> (1745-1777) sowie des Zeitgenossen <strong>Valentin Silvestrov<\/strong>, der mit \u00fcber 80 Jahren in Kyiv wohnt. Dar\u00fcber hinaus Werke von <strong>Franz Schubert<\/strong> und <strong>Ludwig van Beethoven<\/strong>. Die St\u00fccke werden zum Teil alleine von den Kyiv Soloists, zum Teil gemeinsam mit dem Kammerorchester Basel gespielt.<\/p>\n\n\n\n<p>Alle mitwirkenden Musikerinnen und Musiker des Kammerorchester Basel spielen das Konzert ohne Honorar, der Basler Komponist, Oboist und Dirigent Heinz Holliger hat sich spontan bereit erkl\u00e4rt, die Leitung des Konzertes zu \u00fcbernehmen.<br>S\u00e4mtliche Ticketertr\u00e4ge werden vollumf\u00e4nglich in die humanit\u00e4re Hilfe (Gl\u00fcckskette) fliessen. Neben den regul\u00e4ren Tickets (CHF 30,- \/ 80,- \/150,-) besteht die M\u00f6glichkeit Solidarit\u00e4tstickets zu einem individuell bestimmten Preis zu erwerben.<\/p>\n\n\n\n<div style=\"height:100px\" aria-hidden=\"true\" class=\"wp-block-spacer\"><\/div>\n\n\n\n<div class=\"wp-block-button aligncenter\"><a class=\"wp-block-button__link has-text-color has-very-dark-gray-color has-background has-luminous-vivid-amber-background-color\" href=\"https:\/\/www.kammerorchesterbasel.ch\/de\/\" target=\"_blank\" rel=\"noreferrer noopener\">Tickets und Reservierungen auf der Webseite des Kammerorchester Basels<\/a><\/div>\n\n\n\n<div style=\"height:100px\" aria-hidden=\"true\" class=\"wp-block-spacer\"><\/div>\n\n\n\n<p class=\"has-small-font-size\">Foto: Lukasz-Rajchert<\/p>\n\n\n\n<div style=\"height:100px\" aria-hidden=\"true\" class=\"wp-block-spacer\"><\/div>\n","protected":false},"excerpt":{"rendered":"<p>Zusammen mit dem Orchester Kyiv Soloists will das Kammerorchester Basel ein Zeichen setzen und die Solidarit\u00e4t mit den Menschen in der Ukraine, die um ihr Leben und ihr Land f\u00fcrchten, ausdr\u00fccken. Aus diesem Grunde l\u00e4dt das Basler Orchester am Donnerstag, 17.3.2022 zu einem gemeinsamen Benefizkonzert f\u00fcr die Ukraine in Don Bosco Basel ein. Pressemitteilung Das [&hellip;]<\/p>\n","protected":false},"author":1,"featured_media":48509,"comment_status":"open","ping_status":"open","sticky":false,"template":"","format":"standard","meta":{"_monsterinsights_skip_tracking":false,"_monsterinsights_sitenote_active":false,"_monsterinsights_sitenote_note":"","_monsterinsights_sitenote_category":0},"categories":[2815,53],"tags":[16753,6435,16752],"yoast_head":"<!-- This site is optimized with the Yoast SEO plugin v20.5 - https:\/\/yoast.com\/wordpress\/plugins\/seo\/ -->\n<title>Solidarit\u00e4tskonzert f\u00fcr Ukraine des Kammerorchester Basels I szenik<\/title>\n<meta name=\"description\" content=\"Zusammen mit dem Orchester Kyiv Soloists will das Kammerorchester Basel ein Zeichen setzen und die Solidarit\u00e4t mit den Menschen in der Ukraine ausdr\u00fccken.\" \/>\n<meta name=\"robots\" content=\"index, follow, max-snippet:-1, max-image-preview:large, max-video-preview:-1\" \/>\n<link rel=\"canonical\" href=\"https:\/\/www.szenik.eu\/de\/gemeinsam-solidarisch-fuer-die-ukraine-kyiv-soloists-und-kammerorchester-basel-48508\" \/>\n<meta property=\"og:locale\" content=\"de_DE\" \/>\n<meta property=\"og:type\" content=\"article\" \/>\n<meta property=\"og:title\" content=\"Solidarit\u00e4tskonzert f\u00fcr Ukraine des Kammerorchester Basels I szenik\" \/>\n<meta property=\"og:description\" content=\"Zusammen mit dem Orchester Kyiv Soloists will das Kammerorchester Basel ein Zeichen setzen und die Solidarit\u00e4t mit den Menschen in der Ukraine ausdr\u00fccken.\" \/>\n<meta property=\"og:url\" content=\"https:\/\/www.szenik.eu\/de\/gemeinsam-solidarisch-fuer-die-ukraine-kyiv-soloists-und-kammerorchester-basel-48508\" \/>\n<meta property=\"og:site_name\" content=\"szenik\" \/>\n<meta property=\"article:publisher\" content=\"https:\/\/www.facebook.com\/szenik.eu\/\" \/>\n<meta property=\"article:published_time\" content=\"2022-03-14T07:52:58+00:00\" \/>\n<meta property=\"article:modified_time\" content=\"2022-03-14T07:53:03+00:00\" \/>\n<meta property=\"og:image\" content=\"https:\/\/www.szenik.eu\/wp-content\/uploads\/2022\/03\/Capture-d\u2019\u00e9cran-2021-03-02-\u00e0-11.13.45-1081x570-1.png\" \/>\n\t<meta property=\"og:image:width\" content=\"1081\" \/>\n\t<meta property=\"og:image:height\" content=\"570\" \/>\n\t<meta property=\"og:image:type\" content=\"image\/png\" \/>\n<meta name=\"author\" content=\"szenik\" \/>\n<meta name=\"twitter:card\" content=\"summary_large_image\" \/>\n<meta name=\"twitter:creator\" content=\"@Szenik\" \/>\n<meta name=\"twitter:site\" content=\"@Szenik\" \/>\n<meta name=\"twitter:label1\" content=\"Verfasst von\" \/>\n\t<meta name=\"twitter:data1\" content=\"szenik\" \/>\n\t<meta name=\"twitter:label2\" content=\"Gesch\u00e4tzte Lesezeit\" \/>\n\t<meta name=\"twitter:data2\" content=\"2\u00a0Minuten\" \/>\n<script type=\"application\/ld+json\" class=\"yoast-schema-graph\">{\"@context\":\"https:\/\/schema.org\",\"@graph\":[{\"@type\":\"Article\",\"@id\":\"https:\/\/www.szenik.eu\/de\/gemeinsam-solidarisch-fuer-die-ukraine-kyiv-soloists-und-kammerorchester-basel-48508#article\",\"isPartOf\":{\"@id\":\"https:\/\/www.szenik.eu\/de\/gemeinsam-solidarisch-fuer-die-ukraine-kyiv-soloists-und-kammerorchester-basel-48508\"},\"author\":{\"name\":\"szenik\",\"@id\":\"https:\/\/www.szenik.eu\/de\/#\/schema\/person\/15f73f175b41bad194837490339d48fb\"},\"headline\":\"Gemeinsam solidarisch f\u00fcr die Ukraine: Kyiv Soloists und Kammerorchester Basel\",\"datePublished\":\"2022-03-14T07:52:58+00:00\",\"dateModified\":\"2022-03-14T07:53:03+00:00\",\"mainEntityOfPage\":{\"@id\":\"https:\/\/www.szenik.eu\/de\/gemeinsam-solidarisch-fuer-die-ukraine-kyiv-soloists-und-kammerorchester-basel-48508\"},\"wordCount\":317,\"commentCount\":0,\"publisher\":{\"@id\":\"https:\/\/www.szenik.eu\/de\/#organization\"},\"keywords\":[\"Don Bosco\",\"Kammerorchester Basel\",\"Kyiv Soloists\"],\"articleSection\":[\"Kurz &amp; knackig\",\"Magazin\"],\"inLanguage\":\"de\",\"potentialAction\":[{\"@type\":\"CommentAction\",\"name\":\"Comment\",\"target\":[\"https:\/\/www.szenik.eu\/de\/gemeinsam-solidarisch-fuer-die-ukraine-kyiv-soloists-und-kammerorchester-basel-48508#respond\"]}]},{\"@type\":\"WebPage\",\"@id\":\"https:\/\/www.szenik.eu\/de\/gemeinsam-solidarisch-fuer-die-ukraine-kyiv-soloists-und-kammerorchester-basel-48508\",\"url\":\"https:\/\/www.szenik.eu\/de\/gemeinsam-solidarisch-fuer-die-ukraine-kyiv-soloists-und-kammerorchester-basel-48508\",\"name\":\"Solidarit\u00e4tskonzert f\u00fcr Ukraine des Kammerorchester Basels I szenik\",\"isPartOf\":{\"@id\":\"https:\/\/www.szenik.eu\/de\/#website\"},\"datePublished\":\"2022-03-14T07:52:58+00:00\",\"dateModified\":\"2022-03-14T07:53:03+00:00\",\"description\":\"Zusammen mit dem Orchester Kyiv Soloists will das Kammerorchester Basel ein Zeichen setzen und die Solidarit\u00e4t mit den Menschen in der Ukraine ausdr\u00fccken.\",\"breadcrumb\":{\"@id\":\"https:\/\/www.szenik.eu\/de\/gemeinsam-solidarisch-fuer-die-ukraine-kyiv-soloists-und-kammerorchester-basel-48508#breadcrumb\"},\"inLanguage\":\"de\",\"potentialAction\":[{\"@type\":\"ReadAction\",\"target\":[\"https:\/\/www.szenik.eu\/de\/gemeinsam-solidarisch-fuer-die-ukraine-kyiv-soloists-und-kammerorchester-basel-48508\"]}]},{\"@type\":\"BreadcrumbList\",\"@id\":\"https:\/\/www.szenik.eu\/de\/gemeinsam-solidarisch-fuer-die-ukraine-kyiv-soloists-und-kammerorchester-basel-48508#breadcrumb\",\"itemListElement\":[{\"@type\":\"ListItem\",\"position\":1,\"name\":\"Home\",\"item\":\"https:\/\/www.szenik.eu\/de\"},{\"@type\":\"ListItem\",\"position\":2,\"name\":\"Gemeinsam solidarisch f\u00fcr die Ukraine: Kyiv Soloists und Kammerorchester Basel\"}]},{\"@type\":\"WebSite\",\"@id\":\"https:\/\/www.szenik.eu\/de\/#website\",\"url\":\"https:\/\/www.szenik.eu\/de\/\",\"name\":\"szenik\",\"description\":\"Le Meilleur des sc\u00e8nes au coeur de l&#039;Europe\",\"publisher\":{\"@id\":\"https:\/\/www.szenik.eu\/de\/#organization\"},\"potentialAction\":[{\"@type\":\"SearchAction\",\"target\":{\"@type\":\"EntryPoint\",\"urlTemplate\":\"https:\/\/www.szenik.eu\/de\/?s={search_term_string}\"},\"query-input\":\"required name=search_term_string\"}],\"inLanguage\":\"de\"},{\"@type\":\"Organization\",\"@id\":\"https:\/\/www.szenik.eu\/de\/#organization\",\"name\":\"Szenik\",\"url\":\"https:\/\/www.szenik.eu\/de\/\",\"logo\":{\"@type\":\"ImageObject\",\"inLanguage\":\"de\",\"@id\":\"https:\/\/www.szenik.eu\/de\/#\/schema\/logo\/image\/\",\"url\":\"https:\/\/www.szenik.eu\/wp-content\/uploads\/2019\/07\/logo-square.png\",\"contentUrl\":\"https:\/\/www.szenik.eu\/wp-content\/uploads\/2019\/07\/logo-square.png\",\"width\":512,\"height\":512,\"caption\":\"Szenik\"},\"image\":{\"@id\":\"https:\/\/www.szenik.eu\/de\/#\/schema\/logo\/image\/\"},\"sameAs\":[\"https:\/\/www.facebook.com\/szenik.eu\/\",\"https:\/\/twitter.com\/Szenik\",\"https:\/\/www.instagram.com\/szenik_magazine\/\",\"https:\/\/www.youtube.com\/user\/SzenikEU\/\"]},{\"@type\":\"Person\",\"@id\":\"https:\/\/www.szenik.eu\/de\/#\/schema\/person\/15f73f175b41bad194837490339d48fb\",\"name\":\"szenik\",\"image\":{\"@type\":\"ImageObject\",\"inLanguage\":\"de\",\"@id\":\"https:\/\/www.szenik.eu\/de\/#\/schema\/person\/image\/\",\"url\":\"https:\/\/secure.gravatar.com\/avatar\/d1c4f19522a624a4eaa5e6c03e22370b?s=96&d=mm&r=g\",\"contentUrl\":\"https:\/\/secure.gravatar.com\/avatar\/d1c4f19522a624a4eaa5e6c03e22370b?s=96&d=mm&r=g\",\"caption\":\"szenik\"}}]}<\/script>\n<!-- \/ Yoast SEO plugin. -->","yoast_head_json":{"title":"Solidarit\u00e4tskonzert f\u00fcr Ukraine des Kammerorchester Basels I szenik","description":"Zusammen mit dem Orchester Kyiv Soloists will das Kammerorchester Basel ein Zeichen setzen und die Solidarit\u00e4t mit den Menschen in der Ukraine ausdr\u00fccken.","robots":{"index":"index","follow":"follow","max-snippet":"max-snippet:-1","max-image-preview":"max-image-preview:large","max-video-preview":"max-video-preview:-1"},"canonical":"https:\/\/www.szenik.eu\/de\/gemeinsam-solidarisch-fuer-die-ukraine-kyiv-soloists-und-kammerorchester-basel-48508","og_locale":"de_DE","og_type":"article","og_title":"Solidarit\u00e4tskonzert f\u00fcr Ukraine des Kammerorchester Basels I szenik","og_description":"Zusammen mit dem Orchester Kyiv Soloists will das Kammerorchester Basel ein Zeichen setzen und die Solidarit\u00e4t mit den Menschen in der Ukraine ausdr\u00fccken.","og_url":"https:\/\/www.szenik.eu\/de\/gemeinsam-solidarisch-fuer-die-ukraine-kyiv-soloists-und-kammerorchester-basel-48508","og_site_name":"szenik","article_publisher":"https:\/\/www.facebook.com\/szenik.eu\/","article_published_time":"2022-03-14T07:52:58+00:00","article_modified_time":"2022-03-14T07:53:03+00:00","og_image":[{"width":1081,"height":570,"url":"https:\/\/www.szenik.eu\/wp-content\/uploads\/2022\/03\/Capture-d\u2019\u00e9cran-2021-03-02-\u00e0-11.13.45-1081x570-1.png","type":"image\/png"}],"author":"szenik","twitter_card":"summary_large_image","twitter_creator":"@Szenik","twitter_site":"@Szenik","twitter_misc":{"Verfasst von":"szenik","Gesch\u00e4tzte Lesezeit":"2\u00a0Minuten"},"schema":{"@context":"https:\/\/schema.org","@graph":[{"@type":"Article","@id":"https:\/\/www.szenik.eu\/de\/gemeinsam-solidarisch-fuer-die-ukraine-kyiv-soloists-und-kammerorchester-basel-48508#article","isPartOf":{"@id":"https:\/\/www.szenik.eu\/de\/gemeinsam-solidarisch-fuer-die-ukraine-kyiv-soloists-und-kammerorchester-basel-48508"},"author":{"name":"szenik","@id":"https:\/\/www.szenik.eu\/de\/#\/schema\/person\/15f73f175b41bad194837490339d48fb"},"headline":"Gemeinsam solidarisch f\u00fcr die Ukraine: Kyiv Soloists und Kammerorchester Basel","datePublished":"2022-03-14T07:52:58+00:00","dateModified":"2022-03-14T07:53:03+00:00","mainEntityOfPage":{"@id":"https:\/\/www.szenik.eu\/de\/gemeinsam-solidarisch-fuer-die-ukraine-kyiv-soloists-und-kammerorchester-basel-48508"},"wordCount":317,"commentCount":0,"publisher":{"@id":"https:\/\/www.szenik.eu\/de\/#organization"},"keywords":["Don Bosco","Kammerorchester Basel","Kyiv Soloists"],"articleSection":["Kurz &amp; knackig","Magazin"],"inLanguage":"de","potentialAction":[{"@type":"CommentAction","name":"Comment","target":["https:\/\/www.szenik.eu\/de\/gemeinsam-solidarisch-fuer-die-ukraine-kyiv-soloists-und-kammerorchester-basel-48508#respond"]}]},{"@type":"WebPage","@id":"https:\/\/www.szenik.eu\/de\/gemeinsam-solidarisch-fuer-die-ukraine-kyiv-soloists-und-kammerorchester-basel-48508","url":"https:\/\/www.szenik.eu\/de\/gemeinsam-solidarisch-fuer-die-ukraine-kyiv-soloists-und-kammerorchester-basel-48508","name":"Solidarit\u00e4tskonzert f\u00fcr Ukraine des Kammerorchester Basels I szenik","isPartOf":{"@id":"https:\/\/www.szenik.eu\/de\/#website"},"datePublished":"2022-03-14T07:52:58+00:00","dateModified":"2022-03-14T07:53:03+00:00","description":"Zusammen mit dem Orchester Kyiv Soloists will das Kammerorchester Basel ein Zeichen setzen und die Solidarit\u00e4t mit den Menschen in der Ukraine ausdr\u00fccken.","breadcrumb":{"@id":"https:\/\/www.szenik.eu\/de\/gemeinsam-solidarisch-fuer-die-ukraine-kyiv-soloists-und-kammerorchester-basel-48508#breadcrumb"},"inLanguage":"de","potentialAction":[{"@type":"ReadAction","target":["https:\/\/www.szenik.eu\/de\/gemeinsam-solidarisch-fuer-die-ukraine-kyiv-soloists-und-kammerorchester-basel-48508"]}]},{"@type":"BreadcrumbList","@id":"https:\/\/www.szenik.eu\/de\/gemeinsam-solidarisch-fuer-die-ukraine-kyiv-soloists-und-kammerorchester-basel-48508#breadcrumb","itemListElement":[{"@type":"ListItem","position":1,"name":"Home","item":"https:\/\/www.szenik.eu\/de"},{"@type":"ListItem","position":2,"name":"Gemeinsam solidarisch f\u00fcr die Ukraine: Kyiv Soloists und Kammerorchester Basel"}]},{"@type":"WebSite","@id":"https:\/\/www.szenik.eu\/de\/#website","url":"https:\/\/www.szenik.eu\/de\/","name":"szenik","description":"Le Meilleur des sc\u00e8nes au coeur de l&#039;Europe","publisher":{"@id":"https:\/\/www.szenik.eu\/de\/#organization"},"potentialAction":[{"@type":"SearchAction","target":{"@type":"EntryPoint","urlTemplate":"https:\/\/www.szenik.eu\/de\/?s={search_term_string}"},"query-input":"required name=search_term_string"}],"inLanguage":"de"},{"@type":"Organization","@id":"https:\/\/www.szenik.eu\/de\/#organization","name":"Szenik","url":"https:\/\/www.szenik.eu\/de\/","logo":{"@type":"ImageObject","inLanguage":"de","@id":"https:\/\/www.szenik.eu\/de\/#\/schema\/logo\/image\/","url":"https:\/\/www.szenik.eu\/wp-content\/uploads\/2019\/07\/logo-square.png","contentUrl":"https:\/\/www.szenik.eu\/wp-content\/uploads\/2019\/07\/logo-square.png","width":512,"height":512,"caption":"Szenik"},"image":{"@id":"https:\/\/www.szenik.eu\/de\/#\/schema\/logo\/image\/"},"sameAs":["https:\/\/www.facebook.com\/szenik.eu\/","https:\/\/twitter.com\/Szenik","https:\/\/www.instagram.com\/szenik_magazine\/","https:\/\/www.youtube.com\/user\/SzenikEU\/"]},{"@type":"Person","@id":"https:\/\/www.szenik.eu\/de\/#\/schema\/person\/15f73f175b41bad194837490339d48fb","name":"szenik","image":{"@type":"ImageObject","inLanguage":"de","@id":"https:\/\/www.szenik.eu\/de\/#\/schema\/person\/image\/","url":"https:\/\/secure.gravatar.com\/avatar\/d1c4f19522a624a4eaa5e6c03e22370b?s=96&d=mm&r=g","contentUrl":"https:\/\/secure.gravatar.com\/avatar\/d1c4f19522a624a4eaa5e6c03e22370b?s=96&d=mm&r=g","caption":"szenik"}}]}},"jetpack_featured_media_url":"https:\/\/www.szenik.eu\/wp-content\/uploads\/2022\/03\/Capture-d\u2019\u00e9cran-2021-03-02-\u00e0-11.13.45-1081x570-1.png","amp_enabled":true,"_links":{"self":[{"href":"https:\/\/www.szenik.eu\/de\/wp-json\/\/wp\/v2\/posts\/48508"}],"collection":[{"href":"https:\/\/www.szenik.eu\/de\/wp-json\/\/wp\/v2\/posts"}],"about":[{"href":"https:\/\/www.szenik.eu\/de\/wp-json\/\/wp\/v2\/types\/post"}],"author":[{"embeddable":true,"href":"https:\/\/www.szenik.eu\/de\/wp-json\/\/wp\/v2\/users\/1"}],"replies":[{"embeddable":true,"href":"https:\/\/www.szenik.eu\/de\/wp-json\/\/wp\/v2\/comments?post=48508"}],"version-history":[{"count":1,"href":"https:\/\/www.szenik.eu\/de\/wp-json\/\/wp\/v2\/posts\/48508\/revisions"}],"predecessor-version":[{"id":48511,"href":"https:\/\/www.szenik.eu\/de\/wp-json\/\/wp\/v2\/posts\/48508\/revisions\/48511"}],"wp:featuredmedia":[{"embeddable":true,"href":"https:\/\/www.szenik.eu\/de\/wp-json\/\/wp\/v2\/media\/48509"}],"wp:attachment":[{"href":"https:\/\/www.szenik.eu\/de\/wp-json\/\/wp\/v2\/media?parent=48508"}],"wp:term":[{"taxonomy":"category","embeddable":true,"href":"https:\/\/www.szenik.eu\/de\/wp-json\/\/wp\/v2\/categories?post=48508"},{"taxonomy":"post_tag","embeddable":true,"href":"https:\/\/www.szenik.eu\/de\/wp-json\/\/wp\/v2\/tags?post=48508"}],"curies":[{"name":"wp","href":"https:\/\/api.w.org\/{rel}","templated":true}]}}