{"id":48445,"date":"2022-03-10T16:25:57","date_gmt":"2022-03-10T15:25:57","guid":{"rendered":"https:\/\/www.szenik.eu\/?p=48445\/"},"modified":"2022-03-14T09:04:57","modified_gmt":"2022-03-14T08:04:57","slug":"48445","status":"publish","type":"post","link":"https:\/\/www.szenik.eu\/de\/48445-48445","title":{"rendered":"Interview mit Jana Vetten zu ihrer Inszenierung von &#8222;Krabat&#8220; im Theater im Marienbad: &#8222;Theater ist eine soziale Kunst.&#8220;"},"content":{"rendered":"\n<h2>Ab dem 12. M\u00e4rz&nbsp;pr\u00e4sentiert&nbsp;Jana Vetten Otfried Preu\u00dflers ber\u00fchmten Roman&nbsp;\u201c<em>Krabat<\/em>\u201d&nbsp;im Theater im Marienbad in Freiburg-im-Breisgau. Zwischen Theater, Musik und Oper&nbsp;inszeniert&nbsp;die Regisseurin eine neue Adaption dieses Werkes f\u00fcr ein junges Publikum.&nbsp;<\/h2>\n\n\n\n<div style=\"height:100px\" aria-hidden=\"true\" class=\"wp-block-spacer\"><\/div>\n\n\n\n<p>Im Interview mit szenik spricht <a href=\"http:\/\/janavetten.de\/category\/jana-vetten-regie-theater-aktuelles\/\" target=\"_blank\" rel=\"noreferrer noopener\" aria-label=\"Jana Vetten (opens in a new tab)\"><strong>Jana Vetten<\/strong><\/a> \u00fcber die k\u00fcnstlerische Freiheit, die sie aufgrund der Arbeit mit Kindern und Jugendlichen gewonnen hat sowie die Aktualit\u00e4t dieser bekannten Geschichte.&nbsp;<\/p>\n\n\n\n<p>\u27a1\ufe0f &#8222;<em>Krabat<\/em>&#8220; ist<strong> ab dem 12. M\u00e4rz 2022<\/strong> im Theater im Marienbad in Freiburg-im-Breisgau zu erleben. Viel Spa\u00df! <\/p>\n\n\n\n<div style=\"height:100px\" aria-hidden=\"true\" class=\"wp-block-spacer\"><\/div>\n\n\n\n<figure class=\"wp-block-image size-large\"><img decoding=\"async\" loading=\"lazy\" width=\"1024\" height=\"679\" src=\"https:\/\/www.szenik.eu\/wp-content\/uploads\/2022\/03\/Capture-d\u2019e\u0301cran-2022-03-14-a\u0300-09.04.24-1024x679.png\" alt=\"\" class=\"wp-image-48528\" srcset=\"https:\/\/www.szenik.eu\/wp-content\/uploads\/2022\/03\/Capture-d\u2019e\u0301cran-2022-03-14-a\u0300-09.04.24-1024x679.png 1024w, https:\/\/www.szenik.eu\/wp-content\/uploads\/2022\/03\/Capture-d\u2019e\u0301cran-2022-03-14-a\u0300-09.04.24-300x199.png 300w, https:\/\/www.szenik.eu\/wp-content\/uploads\/2022\/03\/Capture-d\u2019e\u0301cran-2022-03-14-a\u0300-09.04.24-768x509.png 768w, https:\/\/www.szenik.eu\/wp-content\/uploads\/2022\/03\/Capture-d\u2019e\u0301cran-2022-03-14-a\u0300-09.04.24-750x497.png 750w, https:\/\/www.szenik.eu\/wp-content\/uploads\/2022\/03\/Capture-d\u2019e\u0301cran-2022-03-14-a\u0300-09.04.24.png 1030w\" sizes=\"(max-width: 1024px) 100vw, 1024px\" \/><figcaption>Foto: MiNZ&amp;KUNST Photography<\/figcaption><\/figure>\n\n\n\n<div style=\"height:20px\" aria-hidden=\"true\" class=\"wp-block-spacer\"><\/div>\n\n\n\n<h4><strong>Wie haben Sie sich f\u00fcr \u201e<em>Krabat<\/em>\u201c entschieden und was gef\u00e4llt Ihnen an diesem Roman?&nbsp;&nbsp;<\/strong><\/h4>\n\n\n\n<div style=\"height:20px\" aria-hidden=\"true\" class=\"wp-block-spacer\"><\/div>\n\n\n\n<p>Wir haben mit dem Theater im Marienbad lange nach einem Stoff gesucht und daf\u00fcr zahlreiche Romane ausgew\u00e4hlt. Ich mag die Romanform auf der B\u00fchne ganz gerne: Es ist eine sch\u00f6ne Mischung des Erz\u00e4hlens und des Szenenspiels. Zudem erm\u00f6glicht es mir, musikalisch anders zu arbeiten. Wir haben auch viele zeitgen\u00f6ssische Romane gelesen. Jedoch kreisten wir stets um \u201e<em>Krabat<\/em>\u201c herum. Bis die endg\u00fcltige Entscheidung fiel und wir uns sagten: \u201e<em>Krabat<\/em>&nbsp;ist toll; den nehmen wir!\u201c&nbsp;<\/p>\n\n\n\n<p>Mir gef\u00e4llt die Sprache des Romans. Die Welt, die in diesem Buch beschrieben wird, ist sehr anziehend. Die darin vorkommende Magie l\u00f6st bei Kindern und Erwachsenen eine gro\u00dfe Faszination aus. Diese Neugier und Freude am \u00dcbernat\u00fcrlichen habe ich auch in mir. Gleichzeitig erz\u00e4hlt der Roman viel \u00fcber ein geschlossenes, fast faschistisches, System, indem auch viele schlechte Dinge passieren. Themen, wie Freundschaft oder die Suche nach vertrauten Personen, werden ebenfalls darin behandelt. All diese Fragen sind ineinander verstrickt.&nbsp;<\/p>\n\n\n\n<p>Otfried Preu\u00dfler hat zw\u00f6lf Jahre lang an diesem Werk gearbeitet. Ich finde, dass man diese Verbundenheit zu seiner Geschichte beim Lesen sp\u00fcrt. Es ist ein dichtes System an Themen, Symbolen und Figuren, zu denen man hindurchdringen muss. Die Figuren sind unglaublich stark: Zum Beispiel Juro, der sich am Anfang immer dumm stellt und am Ende als kl\u00fcgste Person der Gruppe heraustritt. Mit ihm wird die Frage nach der Taktik, die man in einer Diktatur entwickeln muss um zu \u00fcberleben, gestellt. F\u00fcr SchauspielerInnen macht es sehr viel Spa\u00df, solche Figuren auf der B\u00fchne darzustellen.&nbsp;<\/p>\n\n\n\n<div style=\"height:20px\" aria-hidden=\"true\" class=\"wp-block-spacer\"><\/div>\n\n\n\n<figure class=\"wp-block-image size-large\"><img decoding=\"async\" loading=\"lazy\" width=\"1024\" height=\"666\" src=\"https:\/\/www.szenik.eu\/wp-content\/uploads\/2022\/03\/Capture-d\u2019e\u0301cran-2022-03-14-a\u0300-08.59.31-1024x666.png\" alt=\"\" class=\"wp-image-48517\" srcset=\"https:\/\/www.szenik.eu\/wp-content\/uploads\/2022\/03\/Capture-d\u2019e\u0301cran-2022-03-14-a\u0300-08.59.31-1024x666.png 1024w, https:\/\/www.szenik.eu\/wp-content\/uploads\/2022\/03\/Capture-d\u2019e\u0301cran-2022-03-14-a\u0300-08.59.31-300x195.png 300w, https:\/\/www.szenik.eu\/wp-content\/uploads\/2022\/03\/Capture-d\u2019e\u0301cran-2022-03-14-a\u0300-08.59.31-768x500.png 768w, https:\/\/www.szenik.eu\/wp-content\/uploads\/2022\/03\/Capture-d\u2019e\u0301cran-2022-03-14-a\u0300-08.59.31-750x488.png 750w, https:\/\/www.szenik.eu\/wp-content\/uploads\/2022\/03\/Capture-d\u2019e\u0301cran-2022-03-14-a\u0300-08.59.31.png 1042w\" sizes=\"(max-width: 1024px) 100vw, 1024px\" \/><figcaption>Foto: MiNZ&amp;KUNST Photography<\/figcaption><\/figure>\n\n\n\n<div style=\"height:20px\" aria-hidden=\"true\" class=\"wp-block-spacer\"><\/div>\n\n\n\n<h4><strong>Sie inszenieren ein Werk, welches oft auf deutschsprachigen Theaterb\u00fchnen pr\u00e4sentiert wird. Welche Vor-und Nachteile entstehen bei der Adaption solch bekannter Stoffe?&nbsp;<\/strong><\/h4>\n\n\n\n<div style=\"height:20px\" aria-hidden=\"true\" class=\"wp-block-spacer\"><\/div>\n\n\n\n<p>Alle diese gro\u00dfen Werke haben einen Kern an sich, der bleibt und der immer noch \u00fcber die Zeiten hinweg funktioniert. Das System aus Symbolen und diese tolle Sprache, die teilweise heutig klingt, haben etwas sehr eigenes an sich.&nbsp;<\/p>\n\n\n\n<p>Zum einen ist der Nachteil etwas ganz Neues aus diesem Stoff schaffen zu wollen; zum anderen etwas nachzumachen, was es schon gegeben hat. Es ist nicht einfach den eigenen k\u00fcnstlerischen Weg in diesen Text hineinzufinden, weil es schon zahlreiche andere Beispiele gibt. Nat\u00fcrlich muss ich das f\u00fcr die eigene Vorbereitung und Konzeption ausblenden und f\u00fcr mich \u00fcberlegen, was ich mit dieser Inszenierung und mit dem k\u00fcnstlerischen Team aussagen m\u00f6chte.&nbsp;<\/p>\n\n\n\n<div style=\"height:20px\" aria-hidden=\"true\" class=\"wp-block-spacer\"><\/div>\n\n\n\n<h4><strong>In \u201e<em>Krabat<\/em>\u201c geht es um Freundschaft, Verrat, Machtmissbrauch. Welche Themen m\u00f6chten Sie ganz besonders in Ihrer Inszenierung unterstreichen?&nbsp;&nbsp;<\/strong><\/h4>\n\n\n\n<div style=\"height:20px\" aria-hidden=\"true\" class=\"wp-block-spacer\"><\/div>\n\n\n\n<p>In einem Wort gesagt: Es geht um das Erwachsenwerden, im Sinne des Erfahrens und des Handelns nach einem eigenen moralischen Kompass.&nbsp;<br>Das St\u00fcck spielt zur Zeit des Drei\u00dfigj\u00e4hrigen Krieges. Krabat ist ein Betteljunge und lebt in einer M\u00fchle, in welcher er in schwarzer Magie unterrichtet wird. Die Welt, die sich vor seiner T\u00fcr abspielt, ist gef\u00e4hrlich. Aufgrund der Magie glaubt er ein leichtes Leben f\u00fchren zu k\u00f6nnen. Er erf\u00e4hrt eine gute Integration in die Gruppe der anderen Sch\u00fcler des Magiers, der ihm zugleich als Vaterfigur dient und einen \u201emoralischen Kompass\u201c vorgibt. Krabat l\u00e4sst sich von diesem System verf\u00fchren und braucht ein Jahr bis er beginnt zu begreifen, dass etwas nicht stimmt (beim Tode seines besten Freundes). Wenn man nicht von Faschismus sprechen m\u00f6chte, k\u00f6nnte man auch das Beispiel einer Sekte nehmen.&nbsp;<\/p>\n\n\n\n<p>Es ist ein gutes Beispiel daf\u00fcr, wie Populisten oder Sekten auch noch in unserer heutigen Zeit funktionieren. In solch angespannten und turbulenten Zeiten, wie wir sie aktuell erleben, gibt es Menschen, die mit ihren \u201eeinfachen L\u00f6sungen\u201c unsichere Personen an sich binden. All diese Fragen zu \u201eWas ist falsch und was ist richtig?\u201c, \u201eWem kann ich glauben?\u201c oder \u201eWas m\u00f6chte ich in dieser Welt sein?\u201c spielen f\u00fcr Kinder und Jugendliche an einem bestimmten Punkt ihres Heranwachsens eine gro\u00dfe Rolle.&nbsp;<\/p>\n\n\n\n<div style=\"height:20px\" aria-hidden=\"true\" class=\"wp-block-spacer\"><\/div>\n\n\n\n<figure class=\"wp-block-image size-large\"><img decoding=\"async\" loading=\"lazy\" width=\"1024\" height=\"676\" src=\"https:\/\/www.szenik.eu\/wp-content\/uploads\/2022\/03\/Capture-d\u2019e\u0301cran-2022-03-14-a\u0300-09.00.59-1024x676.png\" alt=\"\" class=\"wp-image-48523\" srcset=\"https:\/\/www.szenik.eu\/wp-content\/uploads\/2022\/03\/Capture-d\u2019e\u0301cran-2022-03-14-a\u0300-09.00.59-1024x676.png 1024w, https:\/\/www.szenik.eu\/wp-content\/uploads\/2022\/03\/Capture-d\u2019e\u0301cran-2022-03-14-a\u0300-09.00.59-300x198.png 300w, https:\/\/www.szenik.eu\/wp-content\/uploads\/2022\/03\/Capture-d\u2019e\u0301cran-2022-03-14-a\u0300-09.00.59-768x507.png 768w, https:\/\/www.szenik.eu\/wp-content\/uploads\/2022\/03\/Capture-d\u2019e\u0301cran-2022-03-14-a\u0300-09.00.59-750x495.png 750w, https:\/\/www.szenik.eu\/wp-content\/uploads\/2022\/03\/Capture-d\u2019e\u0301cran-2022-03-14-a\u0300-09.00.59.png 1040w\" sizes=\"(max-width: 1024px) 100vw, 1024px\" \/><figcaption>Foto: MiNZ&amp;KUNST Photography<\/figcaption><\/figure>\n\n\n\n<div style=\"height:29px\" aria-hidden=\"true\" class=\"wp-block-spacer\"><\/div>\n\n\n\n<h4><strong>&#8222;<em>Krabat<\/em>&nbsp;ist ein M\u00e4rchen \u00fcber das Erwachsenwerden&#8220;: Was ist Ihrer Meinung nach das Besondere daran, Theater f\u00fcr Kinder-und Jugendliche zu machen?&nbsp;<\/strong><\/h4>\n\n\n\n<div style=\"height:20px\" aria-hidden=\"true\" class=\"wp-block-spacer\"><\/div>\n\n\n\n<p>Ich bin Mitte drei\u00dfig und erinnere mich gut daran, wie ich mich als Zehnj\u00e4hrige gef\u00fchlt habe. Allerdings kann ich mich nicht in die Zehnj\u00e4hrigen von Heute hineinversetzen. Im Allgemeinen versuche ich erst einmal etwas zu schaffen, dass das k\u00fcnstlerische Team und mich anspricht. Im zweiten Schritt lassen wir uns von Schulklassen und Jugendlichen begleiten und beraten.&nbsp;<\/p>\n\n\n\n<p>Ich habe viele Erfahrungen im Bereich des Kinder-und Jugendtheaters gesammelt. Grunds\u00e4tzlich wei\u00df ich also, was funktioniert und was nicht (und dies deckt sich zum Gl\u00fcck oft mit meinem pers\u00f6nlichen Empfinden). Es ist wichtig spielerisch, k\u00f6rperlich, mit Musik sowie unterschiedlichen Sinneserfahrungen zu arbeiten. Ich m\u00f6chte St\u00fccke schaffen, in die sich Kinder und Jugendliche hineinfallen lassen k\u00f6nnen.&nbsp;<\/p>\n\n\n\n<div style=\"height:20px\" aria-hidden=\"true\" class=\"wp-block-spacer\"><\/div>\n\n\n\n<h4><strong>K\u00f6nnen Sie uns etwas \u00fcber Ihr B\u00fchnenbild erz\u00e4hlen? Was k\u00f6nnen die ZuschauerInnen auf der B\u00fchne sehen\/entdecken?<\/strong><\/h4>\n\n\n\n<div style=\"height:20px\" aria-hidden=\"true\" class=\"wp-block-spacer\"><\/div>\n\n\n\n<p>Das Theater im Marienbad ist ein altes Schwimmbad und in dem Becken wird gespielt. Die B\u00fchne ist sehr breit, aber nicht sehr tief. F\u00fcr diese Breite hat unsere B\u00fchnenbildnerin Eugenia Leis unterschiedliche kleine Maschinen gebaut. Es ist eine gro\u00dfe Konstruktion, in der man sich verstecken kann. Das B\u00fchnenbild ist eine gro\u00dfe M\u00fchle: Wir benutzen gro\u00dfe Maschinen und haben Instrumente eingebaut. Das hei\u00dft, dass wir selbst die Musik erzeugen. Zu sehen, wo die Musik herkommt, ist f\u00fcr Kinder stets interessant. Das St\u00fcck funktioniert beinahe wie eine Oper, n\u00e4mlich \u00fcber verschiedene Rhythmen und Sounds.&nbsp;&nbsp;<\/p>\n\n\n\n<p>Wir haben auch kleine Vorh\u00e4nge eingebaut, um Schattenspiele integrieren zu k\u00f6nnen. Diese sollen die Magie und die Tr\u00e4ume wiedergeben. So k\u00f6nnen wir richtig zaubern!&nbsp;&nbsp;<\/p>\n\n\n\n<div style=\"height:20px\" aria-hidden=\"true\" class=\"wp-block-spacer\"><\/div>\n\n\n\n<figure class=\"wp-block-image size-large\"><img decoding=\"async\" loading=\"lazy\" width=\"1024\" height=\"684\" src=\"https:\/\/www.szenik.eu\/wp-content\/uploads\/2022\/03\/Capture-d\u2019e\u0301cran-2022-03-14-a\u0300-09.01.08-1024x684.png\" alt=\"\" class=\"wp-image-48526\" srcset=\"https:\/\/www.szenik.eu\/wp-content\/uploads\/2022\/03\/Capture-d\u2019e\u0301cran-2022-03-14-a\u0300-09.01.08-1024x684.png 1024w, https:\/\/www.szenik.eu\/wp-content\/uploads\/2022\/03\/Capture-d\u2019e\u0301cran-2022-03-14-a\u0300-09.01.08-300x200.png 300w, https:\/\/www.szenik.eu\/wp-content\/uploads\/2022\/03\/Capture-d\u2019e\u0301cran-2022-03-14-a\u0300-09.01.08-768x513.png 768w, https:\/\/www.szenik.eu\/wp-content\/uploads\/2022\/03\/Capture-d\u2019e\u0301cran-2022-03-14-a\u0300-09.01.08-750x501.png 750w, https:\/\/www.szenik.eu\/wp-content\/uploads\/2022\/03\/Capture-d\u2019e\u0301cran-2022-03-14-a\u0300-09.01.08.png 1040w\" sizes=\"(max-width: 1024px) 100vw, 1024px\" \/><figcaption>Foto: MiNZ&amp;KUNST Photography<\/figcaption><\/figure>\n\n\n\n<div style=\"height:20px\" aria-hidden=\"true\" class=\"wp-block-spacer\"><\/div>\n\n\n\n<h4><strong>Eine letzte und pers\u00f6nliche Frage: Warum haben Sie sich f\u00fcr das Theater bzw. Kinder-und Jugendtheater&nbsp;&nbsp;entschieden?<\/strong><\/h4>\n\n\n\n<div style=\"height:20px\" aria-hidden=\"true\" class=\"wp-block-spacer\"><\/div>\n\n\n\n<p>Als Kind habe ich bereits viel getanzt. Als Jugendliche habe ich begonnen Theater zu spielen. Theater und Literatur haben mir die Welt erkl\u00e4rt. Sei es als Jugendliche oder Erwachsene: Theater hilft mir Zusammenh\u00e4nge zu verstehen und mir \u00fcber philosophische Fragen Gedanken zu machen. Es gibt nichts Sch\u00f6neres als diversen Fragen auf den Grund zu gehen und diese in meinen Arbeiten zu erforschen. Gleichzeitig bin ich ein soziales Wesen und gerne mit Menschen zusammen. Theater ist auch eine soziale Kunst und entsteht in einem Moment. Das finde ich sch\u00f6n.&nbsp;<\/p>\n\n\n\n<p>Die Arbeit mit Kindern und Jugendlichen erlaubt es mir verspielt zu sein. Diese Verbindungen von Tanz, Musik und Schauspiel habe ich vor allem im Kinder- und Jugendbereich begonnen. Da Kinder und Jugendliche noch nicht genau wissen was ein Genre ist, haben sie keine Schranken oder Etiketten. Sie sagen offen, was sie gut finden (oder nicht). Diese Freiheit habe ich durch meine Arbeit mit einem jungen Publikum gewonnen und behalte sie mir f\u00fcr meine Inszenierungen f\u00fcr Erwachsene stets bei.<\/p>\n\n\n\n<div style=\"height:100px\" aria-hidden=\"true\" class=\"wp-block-spacer\"><\/div>\n\n\n\n<div class=\"wp-block-button aligncenter\"><a class=\"wp-block-button__link has-text-color has-very-dark-gray-color has-background has-luminous-vivid-amber-background-color\" href=\"https:\/\/www.marienbad.org\/repertoire\/krabat\" target=\"_blank\" rel=\"noreferrer noopener\">Informationen zu den Vorstellungen im Theater im Marienbad<\/a><\/div>\n\n\n\n<div style=\"height:100px\" aria-hidden=\"true\" class=\"wp-block-spacer\"><\/div>\n\n\n\n<p class=\"has-small-font-size\">Interview: Chlo\u00e9 Lef\u00e8vre<br>Foto: Lydia Naomi<\/p>\n\n\n\n<div style=\"height:100px\" aria-hidden=\"true\" class=\"wp-block-spacer\"><\/div>\n","protected":false},"excerpt":{"rendered":"<p>Ab dem 12. M\u00e4rz&nbsp;pr\u00e4sentiert&nbsp;Jana Vetten Otfried Preu\u00dflers ber\u00fchmten Roman&nbsp;\u201cKrabat\u201d&nbsp;im Theater im Marienbad in Freiburg-im-Breisgau. Zwischen Theater, Musik und Oper&nbsp;inszeniert&nbsp;die Regisseurin eine neue Adaption dieses Werkes f\u00fcr ein junges Publikum.&nbsp; Im Interview mit szenik spricht Jana Vetten \u00fcber die k\u00fcnstlerische Freiheit, die sie aufgrund der Arbeit mit Kindern und Jugendlichen gewonnen hat sowie die Aktualit\u00e4t dieser [&hellip;]<\/p>\n","protected":false},"author":1,"featured_media":48466,"comment_status":"open","ping_status":"open","sticky":false,"template":"","format":"standard","meta":{"_monsterinsights_skip_tracking":false,"_monsterinsights_sitenote_active":false,"_monsterinsights_sitenote_note":"","_monsterinsights_sitenote_category":0},"categories":[53,73],"tags":[16727,3438],"yoast_head":"<!-- This site is optimized with the Yoast SEO plugin v20.5 - https:\/\/yoast.com\/wordpress\/plugins\/seo\/ -->\n<title>Interview mit Jana Vetten zu ihrer Inszenierung von &quot;Krabat&quot; I szenik<\/title>\n<meta name=\"description\" content=\"Jana Vetten spricht \u00fcber die k\u00fcnstlerische Freiheit, die sie dank der Arbeit mit Kindern gewonnen hat sowie die Aktualit\u00e4t dieser bekannten Geschichte.\" \/>\n<meta name=\"robots\" content=\"index, follow, max-snippet:-1, max-image-preview:large, max-video-preview:-1\" \/>\n<link rel=\"canonical\" href=\"https:\/\/www.szenik.eu\/de\/48445-48445\" \/>\n<meta property=\"og:locale\" content=\"de_DE\" \/>\n<meta property=\"og:type\" content=\"article\" \/>\n<meta property=\"og:title\" content=\"Interview mit Jana Vetten zu ihrer Inszenierung von &quot;Krabat&quot; I szenik\" \/>\n<meta property=\"og:description\" content=\"Jana Vetten spricht \u00fcber die k\u00fcnstlerische Freiheit, die sie dank der Arbeit mit Kindern gewonnen hat sowie die Aktualit\u00e4t dieser bekannten Geschichte.\" \/>\n<meta property=\"og:url\" content=\"https:\/\/www.szenik.eu\/de\/48445-48445\" \/>\n<meta property=\"og:site_name\" content=\"szenik\" \/>\n<meta property=\"article:publisher\" content=\"https:\/\/www.facebook.com\/szenik.eu\/\" \/>\n<meta property=\"article:published_time\" content=\"2022-03-10T15:25:57+00:00\" \/>\n<meta property=\"article:modified_time\" content=\"2022-03-14T08:04:57+00:00\" \/>\n<meta property=\"og:image\" content=\"https:\/\/www.szenik.eu\/wp-content\/uploads\/2022\/03\/Capture-d\u2019e\u0301cran-2022-03-11-a\u0300-10.16.46.png\" \/>\n\t<meta property=\"og:image:width\" content=\"1029\" \/>\n\t<meta property=\"og:image:height\" content=\"660\" \/>\n\t<meta property=\"og:image:type\" content=\"image\/png\" \/>\n<meta name=\"author\" content=\"szenik\" \/>\n<meta name=\"twitter:card\" content=\"summary_large_image\" \/>\n<meta name=\"twitter:creator\" content=\"@Szenik\" \/>\n<meta name=\"twitter:site\" content=\"@Szenik\" \/>\n<meta name=\"twitter:label1\" content=\"Verfasst von\" \/>\n\t<meta name=\"twitter:data1\" content=\"szenik\" \/>\n\t<meta name=\"twitter:label2\" content=\"Gesch\u00e4tzte Lesezeit\" \/>\n\t<meta name=\"twitter:data2\" content=\"7\u00a0Minuten\" \/>\n<script type=\"application\/ld+json\" class=\"yoast-schema-graph\">{\"@context\":\"https:\/\/schema.org\",\"@graph\":[{\"@type\":\"Article\",\"@id\":\"https:\/\/www.szenik.eu\/de\/48445-48445#article\",\"isPartOf\":{\"@id\":\"https:\/\/www.szenik.eu\/de\/48445-48445\"},\"author\":{\"name\":\"szenik\",\"@id\":\"https:\/\/www.szenik.eu\/de\/#\/schema\/person\/15f73f175b41bad194837490339d48fb\"},\"headline\":\"Interview mit Jana Vetten zu ihrer Inszenierung von &#8222;Krabat&#8220; im Theater im Marienbad: &#8222;Theater ist eine soziale Kunst.&#8220;\",\"datePublished\":\"2022-03-10T15:25:57+00:00\",\"dateModified\":\"2022-03-14T08:04:57+00:00\",\"mainEntityOfPage\":{\"@id\":\"https:\/\/www.szenik.eu\/de\/48445-48445\"},\"wordCount\":1322,\"commentCount\":0,\"publisher\":{\"@id\":\"https:\/\/www.szenik.eu\/de\/#organization\"},\"keywords\":[\"Jana vetten\",\"Theater im Marienbad\"],\"articleSection\":[\"Magazin\",\"Portr\u00e4ts und Gespr\u00e4che\"],\"inLanguage\":\"de\",\"potentialAction\":[{\"@type\":\"CommentAction\",\"name\":\"Comment\",\"target\":[\"https:\/\/www.szenik.eu\/de\/48445-48445#respond\"]}]},{\"@type\":\"WebPage\",\"@id\":\"https:\/\/www.szenik.eu\/de\/48445-48445\",\"url\":\"https:\/\/www.szenik.eu\/de\/48445-48445\",\"name\":\"Interview mit Jana Vetten zu ihrer Inszenierung von \\\"Krabat\\\" I szenik\",\"isPartOf\":{\"@id\":\"https:\/\/www.szenik.eu\/de\/#website\"},\"datePublished\":\"2022-03-10T15:25:57+00:00\",\"dateModified\":\"2022-03-14T08:04:57+00:00\",\"description\":\"Jana Vetten spricht \u00fcber die k\u00fcnstlerische Freiheit, die sie dank der Arbeit mit Kindern gewonnen hat sowie die Aktualit\u00e4t dieser bekannten Geschichte.\",\"breadcrumb\":{\"@id\":\"https:\/\/www.szenik.eu\/de\/48445-48445#breadcrumb\"},\"inLanguage\":\"de\",\"potentialAction\":[{\"@type\":\"ReadAction\",\"target\":[\"https:\/\/www.szenik.eu\/de\/48445-48445\"]}]},{\"@type\":\"BreadcrumbList\",\"@id\":\"https:\/\/www.szenik.eu\/de\/48445-48445#breadcrumb\",\"itemListElement\":[{\"@type\":\"ListItem\",\"position\":1,\"name\":\"Home\",\"item\":\"https:\/\/www.szenik.eu\/de\"},{\"@type\":\"ListItem\",\"position\":2,\"name\":\"Interview mit Jana Vetten zu ihrer Inszenierung von &#8222;Krabat&#8220; im Theater im Marienbad: &#8222;Theater ist eine soziale Kunst.&#8220;\"}]},{\"@type\":\"WebSite\",\"@id\":\"https:\/\/www.szenik.eu\/de\/#website\",\"url\":\"https:\/\/www.szenik.eu\/de\/\",\"name\":\"szenik\",\"description\":\"Le Meilleur des sc\u00e8nes au coeur de l&#039;Europe\",\"publisher\":{\"@id\":\"https:\/\/www.szenik.eu\/de\/#organization\"},\"potentialAction\":[{\"@type\":\"SearchAction\",\"target\":{\"@type\":\"EntryPoint\",\"urlTemplate\":\"https:\/\/www.szenik.eu\/de\/?s={search_term_string}\"},\"query-input\":\"required name=search_term_string\"}],\"inLanguage\":\"de\"},{\"@type\":\"Organization\",\"@id\":\"https:\/\/www.szenik.eu\/de\/#organization\",\"name\":\"Szenik\",\"url\":\"https:\/\/www.szenik.eu\/de\/\",\"logo\":{\"@type\":\"ImageObject\",\"inLanguage\":\"de\",\"@id\":\"https:\/\/www.szenik.eu\/de\/#\/schema\/logo\/image\/\",\"url\":\"https:\/\/www.szenik.eu\/wp-content\/uploads\/2019\/07\/logo-square.png\",\"contentUrl\":\"https:\/\/www.szenik.eu\/wp-content\/uploads\/2019\/07\/logo-square.png\",\"width\":512,\"height\":512,\"caption\":\"Szenik\"},\"image\":{\"@id\":\"https:\/\/www.szenik.eu\/de\/#\/schema\/logo\/image\/\"},\"sameAs\":[\"https:\/\/www.facebook.com\/szenik.eu\/\",\"https:\/\/twitter.com\/Szenik\",\"https:\/\/www.instagram.com\/szenik_magazine\/\",\"https:\/\/www.youtube.com\/user\/SzenikEU\/\"]},{\"@type\":\"Person\",\"@id\":\"https:\/\/www.szenik.eu\/de\/#\/schema\/person\/15f73f175b41bad194837490339d48fb\",\"name\":\"szenik\",\"image\":{\"@type\":\"ImageObject\",\"inLanguage\":\"de\",\"@id\":\"https:\/\/www.szenik.eu\/de\/#\/schema\/person\/image\/\",\"url\":\"https:\/\/secure.gravatar.com\/avatar\/d1c4f19522a624a4eaa5e6c03e22370b?s=96&d=mm&r=g\",\"contentUrl\":\"https:\/\/secure.gravatar.com\/avatar\/d1c4f19522a624a4eaa5e6c03e22370b?s=96&d=mm&r=g\",\"caption\":\"szenik\"}}]}<\/script>\n<!-- \/ Yoast SEO plugin. -->","yoast_head_json":{"title":"Interview mit Jana Vetten zu ihrer Inszenierung von \"Krabat\" I szenik","description":"Jana Vetten spricht \u00fcber die k\u00fcnstlerische Freiheit, die sie dank der Arbeit mit Kindern gewonnen hat sowie die Aktualit\u00e4t dieser bekannten Geschichte.","robots":{"index":"index","follow":"follow","max-snippet":"max-snippet:-1","max-image-preview":"max-image-preview:large","max-video-preview":"max-video-preview:-1"},"canonical":"https:\/\/www.szenik.eu\/de\/48445-48445","og_locale":"de_DE","og_type":"article","og_title":"Interview mit Jana Vetten zu ihrer Inszenierung von \"Krabat\" I szenik","og_description":"Jana Vetten spricht \u00fcber die k\u00fcnstlerische Freiheit, die sie dank der Arbeit mit Kindern gewonnen hat sowie die Aktualit\u00e4t dieser bekannten Geschichte.","og_url":"https:\/\/www.szenik.eu\/de\/48445-48445","og_site_name":"szenik","article_publisher":"https:\/\/www.facebook.com\/szenik.eu\/","article_published_time":"2022-03-10T15:25:57+00:00","article_modified_time":"2022-03-14T08:04:57+00:00","og_image":[{"width":1029,"height":660,"url":"https:\/\/www.szenik.eu\/wp-content\/uploads\/2022\/03\/Capture-d\u2019e\u0301cran-2022-03-11-a\u0300-10.16.46.png","type":"image\/png"}],"author":"szenik","twitter_card":"summary_large_image","twitter_creator":"@Szenik","twitter_site":"@Szenik","twitter_misc":{"Verfasst von":"szenik","Gesch\u00e4tzte Lesezeit":"7\u00a0Minuten"},"schema":{"@context":"https:\/\/schema.org","@graph":[{"@type":"Article","@id":"https:\/\/www.szenik.eu\/de\/48445-48445#article","isPartOf":{"@id":"https:\/\/www.szenik.eu\/de\/48445-48445"},"author":{"name":"szenik","@id":"https:\/\/www.szenik.eu\/de\/#\/schema\/person\/15f73f175b41bad194837490339d48fb"},"headline":"Interview mit Jana Vetten zu ihrer Inszenierung von &#8222;Krabat&#8220; im Theater im Marienbad: &#8222;Theater ist eine soziale Kunst.&#8220;","datePublished":"2022-03-10T15:25:57+00:00","dateModified":"2022-03-14T08:04:57+00:00","mainEntityOfPage":{"@id":"https:\/\/www.szenik.eu\/de\/48445-48445"},"wordCount":1322,"commentCount":0,"publisher":{"@id":"https:\/\/www.szenik.eu\/de\/#organization"},"keywords":["Jana vetten","Theater im Marienbad"],"articleSection":["Magazin","Portr\u00e4ts und Gespr\u00e4che"],"inLanguage":"de","potentialAction":[{"@type":"CommentAction","name":"Comment","target":["https:\/\/www.szenik.eu\/de\/48445-48445#respond"]}]},{"@type":"WebPage","@id":"https:\/\/www.szenik.eu\/de\/48445-48445","url":"https:\/\/www.szenik.eu\/de\/48445-48445","name":"Interview mit Jana Vetten zu ihrer Inszenierung von \"Krabat\" I szenik","isPartOf":{"@id":"https:\/\/www.szenik.eu\/de\/#website"},"datePublished":"2022-03-10T15:25:57+00:00","dateModified":"2022-03-14T08:04:57+00:00","description":"Jana Vetten spricht \u00fcber die k\u00fcnstlerische Freiheit, die sie dank der Arbeit mit Kindern gewonnen hat sowie die Aktualit\u00e4t dieser bekannten Geschichte.","breadcrumb":{"@id":"https:\/\/www.szenik.eu\/de\/48445-48445#breadcrumb"},"inLanguage":"de","potentialAction":[{"@type":"ReadAction","target":["https:\/\/www.szenik.eu\/de\/48445-48445"]}]},{"@type":"BreadcrumbList","@id":"https:\/\/www.szenik.eu\/de\/48445-48445#breadcrumb","itemListElement":[{"@type":"ListItem","position":1,"name":"Home","item":"https:\/\/www.szenik.eu\/de"},{"@type":"ListItem","position":2,"name":"Interview mit Jana Vetten zu ihrer Inszenierung von &#8222;Krabat&#8220; im Theater im Marienbad: &#8222;Theater ist eine soziale Kunst.&#8220;"}]},{"@type":"WebSite","@id":"https:\/\/www.szenik.eu\/de\/#website","url":"https:\/\/www.szenik.eu\/de\/","name":"szenik","description":"Le Meilleur des sc\u00e8nes au coeur de l&#039;Europe","publisher":{"@id":"https:\/\/www.szenik.eu\/de\/#organization"},"potentialAction":[{"@type":"SearchAction","target":{"@type":"EntryPoint","urlTemplate":"https:\/\/www.szenik.eu\/de\/?s={search_term_string}"},"query-input":"required name=search_term_string"}],"inLanguage":"de"},{"@type":"Organization","@id":"https:\/\/www.szenik.eu\/de\/#organization","name":"Szenik","url":"https:\/\/www.szenik.eu\/de\/","logo":{"@type":"ImageObject","inLanguage":"de","@id":"https:\/\/www.szenik.eu\/de\/#\/schema\/logo\/image\/","url":"https:\/\/www.szenik.eu\/wp-content\/uploads\/2019\/07\/logo-square.png","contentUrl":"https:\/\/www.szenik.eu\/wp-content\/uploads\/2019\/07\/logo-square.png","width":512,"height":512,"caption":"Szenik"},"image":{"@id":"https:\/\/www.szenik.eu\/de\/#\/schema\/logo\/image\/"},"sameAs":["https:\/\/www.facebook.com\/szenik.eu\/","https:\/\/twitter.com\/Szenik","https:\/\/www.instagram.com\/szenik_magazine\/","https:\/\/www.youtube.com\/user\/SzenikEU\/"]},{"@type":"Person","@id":"https:\/\/www.szenik.eu\/de\/#\/schema\/person\/15f73f175b41bad194837490339d48fb","name":"szenik","image":{"@type":"ImageObject","inLanguage":"de","@id":"https:\/\/www.szenik.eu\/de\/#\/schema\/person\/image\/","url":"https:\/\/secure.gravatar.com\/avatar\/d1c4f19522a624a4eaa5e6c03e22370b?s=96&d=mm&r=g","contentUrl":"https:\/\/secure.gravatar.com\/avatar\/d1c4f19522a624a4eaa5e6c03e22370b?s=96&d=mm&r=g","caption":"szenik"}}]}},"jetpack_featured_media_url":"https:\/\/www.szenik.eu\/wp-content\/uploads\/2022\/03\/Capture-d\u2019e\u0301cran-2022-03-11-a\u0300-10.16.46.png","amp_enabled":true,"_links":{"self":[{"href":"https:\/\/www.szenik.eu\/de\/wp-json\/\/wp\/v2\/posts\/48445"}],"collection":[{"href":"https:\/\/www.szenik.eu\/de\/wp-json\/\/wp\/v2\/posts"}],"about":[{"href":"https:\/\/www.szenik.eu\/de\/wp-json\/\/wp\/v2\/types\/post"}],"author":[{"embeddable":true,"href":"https:\/\/www.szenik.eu\/de\/wp-json\/\/wp\/v2\/users\/1"}],"replies":[{"embeddable":true,"href":"https:\/\/www.szenik.eu\/de\/wp-json\/\/wp\/v2\/comments?post=48445"}],"version-history":[{"count":6,"href":"https:\/\/www.szenik.eu\/de\/wp-json\/\/wp\/v2\/posts\/48445\/revisions"}],"predecessor-version":[{"id":48530,"href":"https:\/\/www.szenik.eu\/de\/wp-json\/\/wp\/v2\/posts\/48445\/revisions\/48530"}],"wp:featuredmedia":[{"embeddable":true,"href":"https:\/\/www.szenik.eu\/de\/wp-json\/\/wp\/v2\/media\/48466"}],"wp:attachment":[{"href":"https:\/\/www.szenik.eu\/de\/wp-json\/\/wp\/v2\/media?parent=48445"}],"wp:term":[{"taxonomy":"category","embeddable":true,"href":"https:\/\/www.szenik.eu\/de\/wp-json\/\/wp\/v2\/categories?post=48445"},{"taxonomy":"post_tag","embeddable":true,"href":"https:\/\/www.szenik.eu\/de\/wp-json\/\/wp\/v2\/tags?post=48445"}],"curies":[{"name":"wp","href":"https:\/\/api.w.org\/{rel}","templated":true}]}}