{"id":48326,"date":"2022-03-03T17:15:07","date_gmt":"2022-03-03T16:15:07","guid":{"rendered":"https:\/\/www.szenik.eu\/?p=48326\/"},"modified":"2022-03-03T17:15:11","modified_gmt":"2022-03-03T16:15:11","slug":"wolf-e-rahlfs-wird-neuer-intendant-der-badischen-landesbuehne-bruchsal-nachfolger-von-carsten-ramm","status":"publish","type":"post","link":"https:\/\/www.szenik.eu\/de\/wolf-e-rahlfs-wird-neuer-intendant-der-badischen-landesbuehne-bruchsal-nachfolger-von-carsten-ramm-48326","title":{"rendered":"Wolf E. Rahlfs wird neuer Intendant der Badischen Landesb\u00fchne Bruchsal &#8211; Nachfolger von Carsten Ramm"},"content":{"rendered":"\n<h2>Wolf E. Rahlfs ist zum neuen Intendanten der Badischen Landesb\u00fchne Bruchsal (BLB) gew\u00e4hlt worden. Daf\u00fcr hat sich die Mitgliederversammlung aus Vertretungen der 20 Mitgliedskommunen und -landkreisen sowie Vertretungen des Landes am Donnerstag (3. M\u00e4rz) einstimmig ausgesprochen.<\/h2>\n\n\n\n<div style=\"height:100px\" aria-hidden=\"true\" class=\"wp-block-spacer\"><\/div>\n\n\n\n<p><em>Medienmitteilung<\/em><\/p>\n\n\n\n<div style=\"height:100px\" aria-hidden=\"true\" class=\"wp-block-spacer\"><\/div>\n\n\n\n<p>Rahlfs \u00fcbernimmt die k\u00fcnstlerische Leitung der BLB zum 1. August 2023. Er folgt auf Carsten Ramm, der seit 1998 die Landesb\u00fchne in dieser Position f\u00fchrt und im kommenden Jahr in den Ruhestand geht.<\/p>\n\n\n\n<p>\u201e<em>Carsten Ramm danke ich f\u00fcr jetzt fast 25 Jahre erfolgreiches Engagement f\u00fcr die BLB. Ich bin mir sicher, dass Wolf E. Rahlfs die Qualit\u00e4t und Programmatik fortf\u00fchren und weiterentwickeln wird, auch um eine immer diverser werdende Gesellschaft f\u00fcr das Theater zu begeistern<\/em>\u201c,\u00a0sagte Petra Olschowski, Staatssekret\u00e4rin im Ministerium f\u00fcr Wissenschaft, Forschung um Kunst.\u00a0\u201e<em>Die Landesb\u00fchnen erm\u00f6glichen au\u00dferhalb der Metropolen die Begegnung mit Theater in all seinen Spielformen und st\u00e4rken so die Teilhabe an Kultur.<\/em>\u201c<\/p>\n\n\n\n<p>\u201e<em>Mit dieser fr\u00fchzeitigen Entscheidung f\u00fcr eine Person wollen wir das hohe k\u00fcnstlerische Niveau des Theaters sicherstellen, fortf\u00fchren und f\u00fcr die Zukunft ausrichten<\/em>\u201c,\u00a0so die Vorsitzende der Landesb\u00fchne, Oberb\u00fcrgermeisterin Cornelia Petzold-Schick. \u201e<em>Ich bin sicher, dass wir mit\u00a0dem neuen Intendanten die kulturelle Marke BLB in diesem Sinne festigen k\u00f6nnen. Zumal Wolf E. Rahlfs sowohl die Landesb\u00fchne mit ihrem Fl\u00e4chenauftrag, die Sitzstadt Bruchsal und die Mitgliedsgemeinden der BLB mit ihren unterschiedlichen Bed\u00fcrfnissen und Anforderungen kennt.<\/em>\u201c<\/p>\n\n\n\n<p>Der Entscheidung zu Wolf E. Rahlfs als neuen Intendanten ab der Spielzeit 2023\/2024 fiel in einem Auswahlverfahren durch den BLB-Vorstand unter fachlicher externer Begleitung aus einer Reihe von starken Bewerbungen. Letztlich hat der k\u00fcnftige Intendant mit seinen Vorstellungen zur Zukunft der BLB und seinen Erfahrungen in der Leitung eines Theaters \u00fcberzeugt. Sein grunds\u00e4tzliches Theaterverst\u00e4ndnis beschreibt Wolf E. Rahlfs selbst als \u201egegenwartsbezogen, inklusiv und der Vielfalt verpflichtet\u201c. <\/p>\n\n\n\n<div style=\"height:20px\" aria-hidden=\"true\" class=\"wp-block-spacer\"><\/div>\n\n\n\n<h4><strong>Zur Person: Wolf E. Rahlfs<\/strong><\/h4>\n\n\n\n<div style=\"height:20px\" aria-hidden=\"true\" class=\"wp-block-spacer\"><\/div>\n\n\n\n<p>Wolf E. Rahlfs ist in Bruchsal kein Unbekannter. Bereits in den Jahren 2003 und 2006 war er als Schauspieler bei der BLB engagiert und blieb dem Theater als freiberuflicher Regisseur und Darsteller bis 2018 kontinuierlich verbunden. Zahlreiche Produktionen mit seiner Beteiligung fallen in diese Zeit.<\/p>\n\n\n\n<p>Neben Engagements u.a. am Theater Koblenz, den Schauspielb\u00fchnen Stuttgart, dem Grenzlandtheater Aachen sowie dem Deutschen Staatstheater Temeswar in Rum\u00e4nien war die BLB f\u00fcr ihn, wie er selber sagt, die wichtigste Theaterstation. Zur Spielzeit 2018\/19 ging Rahlfs als Gesch\u00e4ftsf\u00fchrender Intendant an das Thea- ter der Altmark (TdA)\u00a0\u2013\u00a0Landestheater Sachsen-Anhalt Nord in Stendal, einer auch mit dem Auftrag eines Fl\u00e4chentheaters mit der BLB vergleichbaren B\u00fchne.<\/p>\n\n\n\n<div style=\"height:100px\" aria-hidden=\"true\" class=\"wp-block-spacer\"><\/div>\n\n\n\n<div class=\"wp-block-button aligncenter\"><a class=\"wp-block-button__link has-text-color has-very-dark-gray-color has-background has-luminous-vivid-amber-background-color\" href=\"http:\/\/www.dieblb.de\/spielplan\/index.php?rubric=Aktuelles\" target=\"_blank\" rel=\"noreferrer noopener\">Zur Webseite der Badischen Landesb\u00fchne <\/a><\/div>\n\n\n\n<div style=\"height:100px\" aria-hidden=\"true\" class=\"wp-block-spacer\"><\/div>\n\n\n\n<p class=\"has-small-font-size\">Foto Badische Landesb\u00fchne Bruchsal<\/p>\n\n\n\n<div style=\"height:100px\" aria-hidden=\"true\" class=\"wp-block-spacer\"><\/div>\n","protected":false},"excerpt":{"rendered":"<p>Wolf E. Rahlfs ist zum neuen Intendanten der Badischen Landesb\u00fchne Bruchsal (BLB) gew\u00e4hlt worden. Daf\u00fcr hat sich die Mitgliederversammlung aus Vertretungen der 20 Mitgliedskommunen und -landkreisen sowie Vertretungen des Landes am Donnerstag (3. M\u00e4rz) einstimmig ausgesprochen. Medienmitteilung Rahlfs \u00fcbernimmt die k\u00fcnstlerische Leitung der BLB zum 1. August 2023. Er folgt auf Carsten Ramm, der seit [&hellip;]<\/p>\n","protected":false},"author":1,"featured_media":48327,"comment_status":"open","ping_status":"open","sticky":false,"template":"","format":"standard","meta":{"_monsterinsights_skip_tracking":false,"_monsterinsights_sitenote_active":false,"_monsterinsights_sitenote_note":"","_monsterinsights_sitenote_category":0},"categories":[2815,53],"tags":[16669,16670],"yoast_head":"<!-- This site is optimized with the Yoast SEO plugin v20.5 - https:\/\/yoast.com\/wordpress\/plugins\/seo\/ -->\n<title>Wolf E. Rahlfs wird neuer Intendant der Badischen Landesb\u00fchne I szenik<\/title>\n<meta name=\"description\" content=\"Wolf E. Rahlfs ist zum neuen Intendanten der Badische Landesb\u00fchne Bruchsal gew\u00e4hlt worden. Daf\u00fcr hat sich die Mitgliederversammlung ausgesprochen.\" \/>\n<meta name=\"robots\" content=\"index, follow, max-snippet:-1, max-image-preview:large, max-video-preview:-1\" \/>\n<link rel=\"canonical\" href=\"https:\/\/www.szenik.eu\/de\/wolf-e-rahlfs-wird-neuer-intendant-der-badischen-landesbuehne-bruchsal-nachfolger-von-carsten-ramm-48326\" \/>\n<meta property=\"og:locale\" content=\"de_DE\" \/>\n<meta property=\"og:type\" content=\"article\" \/>\n<meta property=\"og:title\" content=\"Wolf E. Rahlfs wird neuer Intendant der Badischen Landesb\u00fchne I szenik\" \/>\n<meta property=\"og:description\" content=\"Wolf E. Rahlfs ist zum neuen Intendanten der Badische Landesb\u00fchne Bruchsal gew\u00e4hlt worden. Daf\u00fcr hat sich die Mitgliederversammlung ausgesprochen.\" \/>\n<meta property=\"og:url\" content=\"https:\/\/www.szenik.eu\/de\/wolf-e-rahlfs-wird-neuer-intendant-der-badischen-landesbuehne-bruchsal-nachfolger-von-carsten-ramm-48326\" \/>\n<meta property=\"og:site_name\" content=\"szenik\" \/>\n<meta property=\"article:publisher\" content=\"https:\/\/www.facebook.com\/szenik.eu\/\" \/>\n<meta property=\"article:published_time\" content=\"2022-03-03T16:15:07+00:00\" \/>\n<meta property=\"article:modified_time\" content=\"2022-03-03T16:15:11+00:00\" \/>\n<meta property=\"og:image\" content=\"https:\/\/www.szenik.eu\/wp-content\/uploads\/2022\/03\/Pressekonferenz-Intendanznachfolge-BLB_q2_Foto-BLB.jpg\" \/>\n\t<meta property=\"og:image:width\" content=\"2000\" \/>\n\t<meta property=\"og:image:height\" content=\"1204\" \/>\n\t<meta property=\"og:image:type\" content=\"image\/jpeg\" \/>\n<meta name=\"author\" content=\"szenik\" \/>\n<meta name=\"twitter:card\" content=\"summary_large_image\" \/>\n<meta name=\"twitter:creator\" content=\"@Szenik\" \/>\n<meta name=\"twitter:site\" content=\"@Szenik\" \/>\n<meta name=\"twitter:label1\" content=\"Verfasst von\" \/>\n\t<meta name=\"twitter:data1\" content=\"szenik\" \/>\n\t<meta name=\"twitter:label2\" content=\"Gesch\u00e4tzte Lesezeit\" \/>\n\t<meta name=\"twitter:data2\" content=\"2\u00a0Minuten\" \/>\n<script type=\"application\/ld+json\" class=\"yoast-schema-graph\">{\"@context\":\"https:\/\/schema.org\",\"@graph\":[{\"@type\":\"Article\",\"@id\":\"https:\/\/www.szenik.eu\/de\/wolf-e-rahlfs-wird-neuer-intendant-der-badischen-landesbuehne-bruchsal-nachfolger-von-carsten-ramm-48326#article\",\"isPartOf\":{\"@id\":\"https:\/\/www.szenik.eu\/de\/wolf-e-rahlfs-wird-neuer-intendant-der-badischen-landesbuehne-bruchsal-nachfolger-von-carsten-ramm-48326\"},\"author\":{\"name\":\"szenik\",\"@id\":\"https:\/\/www.szenik.eu\/de\/#\/schema\/person\/15f73f175b41bad194837490339d48fb\"},\"headline\":\"Wolf E. Rahlfs wird neuer Intendant der Badischen Landesb\u00fchne Bruchsal &#8211; Nachfolger von Carsten Ramm\",\"datePublished\":\"2022-03-03T16:15:07+00:00\",\"dateModified\":\"2022-03-03T16:15:11+00:00\",\"mainEntityOfPage\":{\"@id\":\"https:\/\/www.szenik.eu\/de\/wolf-e-rahlfs-wird-neuer-intendant-der-badischen-landesbuehne-bruchsal-nachfolger-von-carsten-ramm-48326\"},\"wordCount\":452,\"commentCount\":0,\"publisher\":{\"@id\":\"https:\/\/www.szenik.eu\/de\/#organization\"},\"keywords\":[\"Badische Landesb\u00fchne Bruchsal\",\"Wolf E. Rahlfs\"],\"articleSection\":[\"Kurz &amp; knackig\",\"Magazin\"],\"inLanguage\":\"de\",\"potentialAction\":[{\"@type\":\"CommentAction\",\"name\":\"Comment\",\"target\":[\"https:\/\/www.szenik.eu\/de\/wolf-e-rahlfs-wird-neuer-intendant-der-badischen-landesbuehne-bruchsal-nachfolger-von-carsten-ramm-48326#respond\"]}]},{\"@type\":\"WebPage\",\"@id\":\"https:\/\/www.szenik.eu\/de\/wolf-e-rahlfs-wird-neuer-intendant-der-badischen-landesbuehne-bruchsal-nachfolger-von-carsten-ramm-48326\",\"url\":\"https:\/\/www.szenik.eu\/de\/wolf-e-rahlfs-wird-neuer-intendant-der-badischen-landesbuehne-bruchsal-nachfolger-von-carsten-ramm-48326\",\"name\":\"Wolf E. Rahlfs wird neuer Intendant der Badischen Landesb\u00fchne I szenik\",\"isPartOf\":{\"@id\":\"https:\/\/www.szenik.eu\/de\/#website\"},\"datePublished\":\"2022-03-03T16:15:07+00:00\",\"dateModified\":\"2022-03-03T16:15:11+00:00\",\"description\":\"Wolf E. Rahlfs ist zum neuen Intendanten der Badische Landesb\u00fchne Bruchsal gew\u00e4hlt worden. Daf\u00fcr hat sich die Mitgliederversammlung ausgesprochen.\",\"breadcrumb\":{\"@id\":\"https:\/\/www.szenik.eu\/de\/wolf-e-rahlfs-wird-neuer-intendant-der-badischen-landesbuehne-bruchsal-nachfolger-von-carsten-ramm-48326#breadcrumb\"},\"inLanguage\":\"de\",\"potentialAction\":[{\"@type\":\"ReadAction\",\"target\":[\"https:\/\/www.szenik.eu\/de\/wolf-e-rahlfs-wird-neuer-intendant-der-badischen-landesbuehne-bruchsal-nachfolger-von-carsten-ramm-48326\"]}]},{\"@type\":\"BreadcrumbList\",\"@id\":\"https:\/\/www.szenik.eu\/de\/wolf-e-rahlfs-wird-neuer-intendant-der-badischen-landesbuehne-bruchsal-nachfolger-von-carsten-ramm-48326#breadcrumb\",\"itemListElement\":[{\"@type\":\"ListItem\",\"position\":1,\"name\":\"Home\",\"item\":\"https:\/\/www.szenik.eu\/de\"},{\"@type\":\"ListItem\",\"position\":2,\"name\":\"Wolf E. Rahlfs wird neuer Intendant der Badischen Landesb\u00fchne Bruchsal &#8211; Nachfolger von Carsten Ramm\"}]},{\"@type\":\"WebSite\",\"@id\":\"https:\/\/www.szenik.eu\/de\/#website\",\"url\":\"https:\/\/www.szenik.eu\/de\/\",\"name\":\"szenik\",\"description\":\"Le Meilleur des sc\u00e8nes au coeur de l&#039;Europe\",\"publisher\":{\"@id\":\"https:\/\/www.szenik.eu\/de\/#organization\"},\"potentialAction\":[{\"@type\":\"SearchAction\",\"target\":{\"@type\":\"EntryPoint\",\"urlTemplate\":\"https:\/\/www.szenik.eu\/de\/?s={search_term_string}\"},\"query-input\":\"required name=search_term_string\"}],\"inLanguage\":\"de\"},{\"@type\":\"Organization\",\"@id\":\"https:\/\/www.szenik.eu\/de\/#organization\",\"name\":\"Szenik\",\"url\":\"https:\/\/www.szenik.eu\/de\/\",\"logo\":{\"@type\":\"ImageObject\",\"inLanguage\":\"de\",\"@id\":\"https:\/\/www.szenik.eu\/de\/#\/schema\/logo\/image\/\",\"url\":\"https:\/\/www.szenik.eu\/wp-content\/uploads\/2019\/07\/logo-square.png\",\"contentUrl\":\"https:\/\/www.szenik.eu\/wp-content\/uploads\/2019\/07\/logo-square.png\",\"width\":512,\"height\":512,\"caption\":\"Szenik\"},\"image\":{\"@id\":\"https:\/\/www.szenik.eu\/de\/#\/schema\/logo\/image\/\"},\"sameAs\":[\"https:\/\/www.facebook.com\/szenik.eu\/\",\"https:\/\/twitter.com\/Szenik\",\"https:\/\/www.instagram.com\/szenik_magazine\/\",\"https:\/\/www.youtube.com\/user\/SzenikEU\/\"]},{\"@type\":\"Person\",\"@id\":\"https:\/\/www.szenik.eu\/de\/#\/schema\/person\/15f73f175b41bad194837490339d48fb\",\"name\":\"szenik\",\"image\":{\"@type\":\"ImageObject\",\"inLanguage\":\"de\",\"@id\":\"https:\/\/www.szenik.eu\/de\/#\/schema\/person\/image\/\",\"url\":\"https:\/\/secure.gravatar.com\/avatar\/d1c4f19522a624a4eaa5e6c03e22370b?s=96&d=mm&r=g\",\"contentUrl\":\"https:\/\/secure.gravatar.com\/avatar\/d1c4f19522a624a4eaa5e6c03e22370b?s=96&d=mm&r=g\",\"caption\":\"szenik\"}}]}<\/script>\n<!-- \/ Yoast SEO plugin. -->","yoast_head_json":{"title":"Wolf E. Rahlfs wird neuer Intendant der Badischen Landesb\u00fchne I szenik","description":"Wolf E. Rahlfs ist zum neuen Intendanten der Badische Landesb\u00fchne Bruchsal gew\u00e4hlt worden. Daf\u00fcr hat sich die Mitgliederversammlung ausgesprochen.","robots":{"index":"index","follow":"follow","max-snippet":"max-snippet:-1","max-image-preview":"max-image-preview:large","max-video-preview":"max-video-preview:-1"},"canonical":"https:\/\/www.szenik.eu\/de\/wolf-e-rahlfs-wird-neuer-intendant-der-badischen-landesbuehne-bruchsal-nachfolger-von-carsten-ramm-48326","og_locale":"de_DE","og_type":"article","og_title":"Wolf E. Rahlfs wird neuer Intendant der Badischen Landesb\u00fchne I szenik","og_description":"Wolf E. Rahlfs ist zum neuen Intendanten der Badische Landesb\u00fchne Bruchsal gew\u00e4hlt worden. Daf\u00fcr hat sich die Mitgliederversammlung ausgesprochen.","og_url":"https:\/\/www.szenik.eu\/de\/wolf-e-rahlfs-wird-neuer-intendant-der-badischen-landesbuehne-bruchsal-nachfolger-von-carsten-ramm-48326","og_site_name":"szenik","article_publisher":"https:\/\/www.facebook.com\/szenik.eu\/","article_published_time":"2022-03-03T16:15:07+00:00","article_modified_time":"2022-03-03T16:15:11+00:00","og_image":[{"width":2000,"height":1204,"url":"https:\/\/www.szenik.eu\/wp-content\/uploads\/2022\/03\/Pressekonferenz-Intendanznachfolge-BLB_q2_Foto-BLB.jpg","type":"image\/jpeg"}],"author":"szenik","twitter_card":"summary_large_image","twitter_creator":"@Szenik","twitter_site":"@Szenik","twitter_misc":{"Verfasst von":"szenik","Gesch\u00e4tzte Lesezeit":"2\u00a0Minuten"},"schema":{"@context":"https:\/\/schema.org","@graph":[{"@type":"Article","@id":"https:\/\/www.szenik.eu\/de\/wolf-e-rahlfs-wird-neuer-intendant-der-badischen-landesbuehne-bruchsal-nachfolger-von-carsten-ramm-48326#article","isPartOf":{"@id":"https:\/\/www.szenik.eu\/de\/wolf-e-rahlfs-wird-neuer-intendant-der-badischen-landesbuehne-bruchsal-nachfolger-von-carsten-ramm-48326"},"author":{"name":"szenik","@id":"https:\/\/www.szenik.eu\/de\/#\/schema\/person\/15f73f175b41bad194837490339d48fb"},"headline":"Wolf E. Rahlfs wird neuer Intendant der Badischen Landesb\u00fchne Bruchsal &#8211; Nachfolger von Carsten Ramm","datePublished":"2022-03-03T16:15:07+00:00","dateModified":"2022-03-03T16:15:11+00:00","mainEntityOfPage":{"@id":"https:\/\/www.szenik.eu\/de\/wolf-e-rahlfs-wird-neuer-intendant-der-badischen-landesbuehne-bruchsal-nachfolger-von-carsten-ramm-48326"},"wordCount":452,"commentCount":0,"publisher":{"@id":"https:\/\/www.szenik.eu\/de\/#organization"},"keywords":["Badische Landesb\u00fchne Bruchsal","Wolf E. Rahlfs"],"articleSection":["Kurz &amp; knackig","Magazin"],"inLanguage":"de","potentialAction":[{"@type":"CommentAction","name":"Comment","target":["https:\/\/www.szenik.eu\/de\/wolf-e-rahlfs-wird-neuer-intendant-der-badischen-landesbuehne-bruchsal-nachfolger-von-carsten-ramm-48326#respond"]}]},{"@type":"WebPage","@id":"https:\/\/www.szenik.eu\/de\/wolf-e-rahlfs-wird-neuer-intendant-der-badischen-landesbuehne-bruchsal-nachfolger-von-carsten-ramm-48326","url":"https:\/\/www.szenik.eu\/de\/wolf-e-rahlfs-wird-neuer-intendant-der-badischen-landesbuehne-bruchsal-nachfolger-von-carsten-ramm-48326","name":"Wolf E. Rahlfs wird neuer Intendant der Badischen Landesb\u00fchne I szenik","isPartOf":{"@id":"https:\/\/www.szenik.eu\/de\/#website"},"datePublished":"2022-03-03T16:15:07+00:00","dateModified":"2022-03-03T16:15:11+00:00","description":"Wolf E. Rahlfs ist zum neuen Intendanten der Badische Landesb\u00fchne Bruchsal gew\u00e4hlt worden. Daf\u00fcr hat sich die Mitgliederversammlung ausgesprochen.","breadcrumb":{"@id":"https:\/\/www.szenik.eu\/de\/wolf-e-rahlfs-wird-neuer-intendant-der-badischen-landesbuehne-bruchsal-nachfolger-von-carsten-ramm-48326#breadcrumb"},"inLanguage":"de","potentialAction":[{"@type":"ReadAction","target":["https:\/\/www.szenik.eu\/de\/wolf-e-rahlfs-wird-neuer-intendant-der-badischen-landesbuehne-bruchsal-nachfolger-von-carsten-ramm-48326"]}]},{"@type":"BreadcrumbList","@id":"https:\/\/www.szenik.eu\/de\/wolf-e-rahlfs-wird-neuer-intendant-der-badischen-landesbuehne-bruchsal-nachfolger-von-carsten-ramm-48326#breadcrumb","itemListElement":[{"@type":"ListItem","position":1,"name":"Home","item":"https:\/\/www.szenik.eu\/de"},{"@type":"ListItem","position":2,"name":"Wolf E. Rahlfs wird neuer Intendant der Badischen Landesb\u00fchne Bruchsal &#8211; Nachfolger von Carsten Ramm"}]},{"@type":"WebSite","@id":"https:\/\/www.szenik.eu\/de\/#website","url":"https:\/\/www.szenik.eu\/de\/","name":"szenik","description":"Le Meilleur des sc\u00e8nes au coeur de l&#039;Europe","publisher":{"@id":"https:\/\/www.szenik.eu\/de\/#organization"},"potentialAction":[{"@type":"SearchAction","target":{"@type":"EntryPoint","urlTemplate":"https:\/\/www.szenik.eu\/de\/?s={search_term_string}"},"query-input":"required name=search_term_string"}],"inLanguage":"de"},{"@type":"Organization","@id":"https:\/\/www.szenik.eu\/de\/#organization","name":"Szenik","url":"https:\/\/www.szenik.eu\/de\/","logo":{"@type":"ImageObject","inLanguage":"de","@id":"https:\/\/www.szenik.eu\/de\/#\/schema\/logo\/image\/","url":"https:\/\/www.szenik.eu\/wp-content\/uploads\/2019\/07\/logo-square.png","contentUrl":"https:\/\/www.szenik.eu\/wp-content\/uploads\/2019\/07\/logo-square.png","width":512,"height":512,"caption":"Szenik"},"image":{"@id":"https:\/\/www.szenik.eu\/de\/#\/schema\/logo\/image\/"},"sameAs":["https:\/\/www.facebook.com\/szenik.eu\/","https:\/\/twitter.com\/Szenik","https:\/\/www.instagram.com\/szenik_magazine\/","https:\/\/www.youtube.com\/user\/SzenikEU\/"]},{"@type":"Person","@id":"https:\/\/www.szenik.eu\/de\/#\/schema\/person\/15f73f175b41bad194837490339d48fb","name":"szenik","image":{"@type":"ImageObject","inLanguage":"de","@id":"https:\/\/www.szenik.eu\/de\/#\/schema\/person\/image\/","url":"https:\/\/secure.gravatar.com\/avatar\/d1c4f19522a624a4eaa5e6c03e22370b?s=96&d=mm&r=g","contentUrl":"https:\/\/secure.gravatar.com\/avatar\/d1c4f19522a624a4eaa5e6c03e22370b?s=96&d=mm&r=g","caption":"szenik"}}]}},"jetpack_featured_media_url":"https:\/\/www.szenik.eu\/wp-content\/uploads\/2022\/03\/Pressekonferenz-Intendanznachfolge-BLB_q2_Foto-BLB.jpg","amp_enabled":true,"_links":{"self":[{"href":"https:\/\/www.szenik.eu\/de\/wp-json\/\/wp\/v2\/posts\/48326"}],"collection":[{"href":"https:\/\/www.szenik.eu\/de\/wp-json\/\/wp\/v2\/posts"}],"about":[{"href":"https:\/\/www.szenik.eu\/de\/wp-json\/\/wp\/v2\/types\/post"}],"author":[{"embeddable":true,"href":"https:\/\/www.szenik.eu\/de\/wp-json\/\/wp\/v2\/users\/1"}],"replies":[{"embeddable":true,"href":"https:\/\/www.szenik.eu\/de\/wp-json\/\/wp\/v2\/comments?post=48326"}],"version-history":[{"count":2,"href":"https:\/\/www.szenik.eu\/de\/wp-json\/\/wp\/v2\/posts\/48326\/revisions"}],"predecessor-version":[{"id":48330,"href":"https:\/\/www.szenik.eu\/de\/wp-json\/\/wp\/v2\/posts\/48326\/revisions\/48330"}],"wp:featuredmedia":[{"embeddable":true,"href":"https:\/\/www.szenik.eu\/de\/wp-json\/\/wp\/v2\/media\/48327"}],"wp:attachment":[{"href":"https:\/\/www.szenik.eu\/de\/wp-json\/\/wp\/v2\/media?parent=48326"}],"wp:term":[{"taxonomy":"category","embeddable":true,"href":"https:\/\/www.szenik.eu\/de\/wp-json\/\/wp\/v2\/categories?post=48326"},{"taxonomy":"post_tag","embeddable":true,"href":"https:\/\/www.szenik.eu\/de\/wp-json\/\/wp\/v2\/tags?post=48326"}],"curies":[{"name":"wp","href":"https:\/\/api.w.org\/{rel}","templated":true}]}}